{"id":108407,"date":"2022-12-06T08:33:47","date_gmt":"2022-12-06T07:33:47","guid":{"rendered":"https:\/\/batijournal.com\/?p=108407"},"modified":"2022-12-06T08:33:47","modified_gmt":"2022-12-06T07:33:47","slug":"la-tour-hekla-sinsere-dans-la-skyline-de-la-defense","status":"publish","type":"post","link":"https:\/\/batijournal.com\/index.php\/la-tour-hekla-sinsere-dans-la-skyline-de-la-defense\/108407\/","title":{"rendered":"La Tour HEKLA s&rsquo;ins\u00e8re dans la skyline de La D\u00e9fense"},"content":{"rendered":"<p>La Tour HEKLA vient d&rsquo;\u00eatre inaugur\u00e9e \u00e0 La D\u00e9fense. Fruit de 10 ans de collaboration entre les Ateliers Jean Nouvel et les d\u00e9veloppeurs Hines et AG Real Estate en r\u00e9ponse \u00e0 un concours initi\u00e9 par l\u2019am\u00e9nageur Paris La D\u00e9fense en 2012, elle a \u00e9t\u00e9 construite par Bateg (filiale de VINCI Construction) et acquise par les investisseurs Amundi Immobilier et Primonial REIM France. R\u00e9\u00e9quilibrant la skyline du quartier d&rsquo;affaires, HEKLA a \u00e9t\u00e9 con\u00e7ue par Jean Nouvel. Tout en nuances d\u2019ambre, la tour de 49 \u00e9tages culmine \u00e0 220 m\u00e8tres de hauteur. Ses fa\u00e7ades compos\u00e9es de 45 000 m2 de verre \u00e0 contr\u00f4le solaire sont agr\u00e9ment\u00e9es de brise-soleil polychromes. Ceux-ci valorisent la composition prismatique facett\u00e9e de l\u2019ensemble, inspir\u00e9e par la forme triangulaire du terrain constructible.<br \/>\nHEKLA a \u00e9t\u00e9 d\u00e9velopp\u00e9e pour r\u00e9pondre aux nouvelles aspirations de flexibilit\u00e9 et de confort des actifs sur leur lieu de travail. Sa conception r\u00e9pond \u00e9galement aux exigences des entreprises qui souhaitent que leur implantation refl\u00e8te leur politique RSE. Double hall d\u2019accueil avec un lobby bas de 14 m\u00e8tres de hauteur, luminosit\u00e9 des espaces int\u00e9rieurs, g\u00e9n\u00e9rosit\u00e9 des volumes avec notamment une hauteur sous plafond de 2,90 m\u00e8tres, terrasses et loggias ext\u00e9rieures \u00e0 chaque niveau, orient\u00e9es plein Sud-Ouest et oscillant entre 15 et 40 m2, jardin suspendu au sommet, syst\u00e8me innovant d\u2019optimisation du traitement de la qualit\u00e9 de l\u2019air int\u00e9rieur (chaque \u00e9tage \u00e9tant parfaitement ind\u00e9pendant en air, permettant par ailleurs de limiter les risques sanitaires de transmission) : autant de sp\u00e9cificit\u00e9s qui participent \u00e0 procurer un quotidien privil\u00e9gi\u00e9 sur le lieu de travail. Pr\u00e9rogative de confort suppl\u00e9mentaire : d\u00e8s les premiers niveaux, les futurs usagers de la tour pourront b\u00e9n\u00e9ficier de vues d\u00e9gag\u00e9es sur la capitale, le quartier d\u2019affaires, le bois de Boulogne et l\u2019Ouest parisien. HEKLA a \u00e9t\u00e9 con\u00e7ue pour accueillir plusieurs entreprises qui pourront s\u2019y implanter sur des surfaces \u00e0 partir de deux \u00e9tages. Ses plateaux flexibles d\u2019environ 1 700 m2 autorisent de nombreuses configurations d\u2019am\u00e9nagement. En termes de confort, la tour se situe au sommet des technologies et a d\u2019ores et d\u00e9j\u00e0 obtenu la labellisation WiredScore \u00e0 un niveau Platinum.<\/p>\n<p>Photo : Thierry Lewenberg-Sturm<\/p>\n<p>&nbsp;<\/p>\n","protected":false},"excerpt":{"rendered":"<p>La Tour HEKLA vient d&rsquo;\u00eatre inaugur\u00e9e \u00e0 La D\u00e9fense. Fruit de 10 ans de collaboration entre les Ateliers Jean Nouvel et les d\u00e9veloppeurs Hines et AG Real Estate en r\u00e9ponse \u00e0 un concours initi\u00e9 par l\u2019am\u00e9nageur Paris La D\u00e9fense en 2012, elle a \u00e9t\u00e9 construite par Bateg (filiale de VINCI Construction) et acquise par les [&hellip;]<\/p>\n","protected":false},"author":17,"featured_media":108408,"comment_status":"closed","ping_status":"closed","sticky":false,"template":"","format":"standard","meta":{"_et_pb_use_builder":"","_et_pb_old_content":"","_et_gb_content_width":"","footnotes":""},"categories":[10530,6340,10771,10775],"tags":[12901],"class_list":["post-108407","post","type-post","status-publish","format-standard","has-post-thumbnail","hentry","category-actualites","category-architecture-conception","category-5facades","category-actualites-5facades","tag-architecture"],"yoast_head":"<!-- This site is optimized with the Yoast SEO plugin v27.4 - https:\/\/yoast.com\/product\/yoast-seo-wordpress\/ -->\n<title>La Tour HEKLA s&#039;ins\u00e8re dans la skyline de La D\u00e9fense<\/title>\n<meta name=\"robots\" content=\"index, follow, max-snippet:-1, max-image-preview:large, max-video-preview:-1\" \/>\n<link rel=\"canonical\" href=\"https:\/\/batijournal.com\/index.php\/la-tour-hekla-sinsere-dans-la-skyline-de-la-defense\/108407\/\" \/>\n<meta property=\"og:locale\" content=\"fr_FR\" \/>\n<meta property=\"og:type\" content=\"article\" \/>\n<meta property=\"og:title\" content=\"La Tour HEKLA s&#039;ins\u00e8re dans la skyline de La D\u00e9fense\" \/>\n<meta property=\"og:description\" content=\"La Tour HEKLA vient d&rsquo;\u00eatre inaugur\u00e9e \u00e0 La D\u00e9fense. Fruit de 10 ans de collaboration entre les Ateliers Jean Nouvel et les d\u00e9veloppeurs Hines et AG Real Estate en r\u00e9ponse \u00e0 un concours initi\u00e9 par l\u2019am\u00e9nageur Paris La D\u00e9fense en 2012, elle a \u00e9t\u00e9 construite par Bateg (filiale de VINCI Construction) et acquise par les [&hellip;]\" \/>\n<meta property=\"og:url\" content=\"https:\/\/batijournal.com\/index.php\/la-tour-hekla-sinsere-dans-la-skyline-de-la-defense\/108407\/\" \/>\n<meta property=\"og:site_name\" content=\"Batijournal\" \/>\n<meta property=\"article:published_time\" content=\"2022-12-06T07:33:47+00:00\" \/>\n<meta property=\"og:image\" content=\"https:\/\/batijournal.com\/wp-content\/uploads\/2022\/12\/Tour-HEKLA-la-defense.jpg\" \/>\n\t<meta property=\"og:image:width\" content=\"1200\" \/>\n\t<meta property=\"og:image:height\" content=\"800\" \/>\n\t<meta property=\"og:image:type\" content=\"image\/jpeg\" \/>\n<meta name=\"author\" content=\"St\u00e9phane Miget\" \/>\n<meta name=\"twitter:card\" content=\"summary_large_image\" \/>\n<meta name=\"twitter:creator\" content=\"@bati_journal\" \/>\n<meta name=\"twitter:site\" content=\"@bati_journal\" \/>\n<meta name=\"twitter:label1\" content=\"\u00c9crit par\" \/>\n\t<meta name=\"twitter:data1\" content=\"St\u00e9phane Miget\" \/>\n\t<meta name=\"twitter:label2\" content=\"Dur\u00e9e de lecture estim\u00e9e\" \/>\n\t<meta name=\"twitter:data2\" content=\"2 minutes\" \/>\n<script type=\"application\/ld+json\" class=\"yoast-schema-graph\">{\"@context\":\"https:\\\/\\\/schema.org\",\"@graph\":[{\"@type\":\"Article\",\"@id\":\"https:\\\/\\\/batijournal.com\\\/index.php\\\/la-tour-hekla-sinsere-dans-la-skyline-de-la-defense\\\/108407\\\/#article\",\"isPartOf\":{\"@id\":\"https:\\\/\\\/batijournal.com\\\/index.php\\\/la-tour-hekla-sinsere-dans-la-skyline-de-la-defense\\\/108407\\\/\"},\"author\":{\"name\":\"St\u00e9phane Miget\",\"@id\":\"https:\\\/\\\/batijournal.com\\\/#\\\/schema\\\/person\\\/1dc96ec6957aa1ccb25ebe78bb19f100\"},\"headline\":\"La Tour HEKLA s&rsquo;ins\u00e8re dans la skyline de La D\u00e9fense\",\"datePublished\":\"2022-12-06T07:33:47+00:00\",\"mainEntityOfPage\":{\"@id\":\"https:\\\/\\\/batijournal.com\\\/index.php\\\/la-tour-hekla-sinsere-dans-la-skyline-de-la-defense\\\/108407\\\/\"},\"wordCount\":397,\"image\":{\"@id\":\"https:\\\/\\\/batijournal.com\\\/index.php\\\/la-tour-hekla-sinsere-dans-la-skyline-de-la-defense\\\/108407\\\/#primaryimage\"},\"thumbnailUrl\":\"https:\\\/\\\/batijournal.com\\\/wp-content\\\/uploads\\\/2022\\\/12\\\/Tour-HEKLA-la-defense.jpg\",\"keywords\":[\"architecture\"],\"articleSection\":[\"Actualit\u00e9s\",\"Architecture &amp; Conception\",\"zz_5fa\u00e7ades\",\"zz_Actualit\u00e9s - 5fa\u00e7ades\"],\"inLanguage\":\"fr-FR\"},{\"@type\":\"WebPage\",\"@id\":\"https:\\\/\\\/batijournal.com\\\/index.php\\\/la-tour-hekla-sinsere-dans-la-skyline-de-la-defense\\\/108407\\\/\",\"url\":\"https:\\\/\\\/batijournal.com\\\/index.php\\\/la-tour-hekla-sinsere-dans-la-skyline-de-la-defense\\\/108407\\\/\",\"name\":\"La Tour HEKLA s'ins\u00e8re dans la skyline de La D\u00e9fense\",\"isPartOf\":{\"@id\":\"https:\\\/\\\/batijournal.com\\\/#website\"},\"primaryImageOfPage\":{\"@id\":\"https:\\\/\\\/batijournal.com\\\/index.php\\\/la-tour-hekla-sinsere-dans-la-skyline-de-la-defense\\\/108407\\\/#primaryimage\"},\"image\":{\"@id\":\"https:\\\/\\\/batijournal.com\\\/index.php\\\/la-tour-hekla-sinsere-dans-la-skyline-de-la-defense\\\/108407\\\/#primaryimage\"},\"thumbnailUrl\":\"https:\\\/\\\/batijournal.com\\\/wp-content\\\/uploads\\\/2022\\\/12\\\/Tour-HEKLA-la-defense.jpg\",\"datePublished\":\"2022-12-06T07:33:47+00:00\",\"author\":{\"@id\":\"https:\\\/\\\/batijournal.com\\\/#\\\/schema\\\/person\\\/1dc96ec6957aa1ccb25ebe78bb19f100\"},\"breadcrumb\":{\"@id\":\"https:\\\/\\\/batijournal.com\\\/index.php\\\/la-tour-hekla-sinsere-dans-la-skyline-de-la-defense\\\/108407\\\/#breadcrumb\"},\"inLanguage\":\"fr-FR\",\"potentialAction\":[{\"@type\":\"ReadAction\",\"target\":[\"https:\\\/\\\/batijournal.com\\\/index.php\\\/la-tour-hekla-sinsere-dans-la-skyline-de-la-defense\\\/108407\\\/\"]}]},{\"@type\":\"ImageObject\",\"inLanguage\":\"fr-FR\",\"@id\":\"https:\\\/\\\/batijournal.com\\\/index.php\\\/la-tour-hekla-sinsere-dans-la-skyline-de-la-defense\\\/108407\\\/#primaryimage\",\"url\":\"https:\\\/\\\/batijournal.com\\\/wp-content\\\/uploads\\\/2022\\\/12\\\/Tour-HEKLA-la-defense.jpg\",\"contentUrl\":\"https:\\\/\\\/batijournal.com\\\/wp-content\\\/uploads\\\/2022\\\/12\\\/Tour-HEKLA-la-defense.jpg\",\"width\":1200,\"height\":800},{\"@type\":\"BreadcrumbList\",\"@id\":\"https:\\\/\\\/batijournal.com\\\/index.php\\\/la-tour-hekla-sinsere-dans-la-skyline-de-la-defense\\\/108407\\\/#breadcrumb\",\"itemListElement\":[{\"@type\":\"ListItem\",\"position\":1,\"name\":\"Accueil\",\"item\":\"https:\\\/\\\/batijournal.com\\\/\"},{\"@type\":\"ListItem\",\"position\":2,\"name\":\"Actualit\u00e9s\",\"item\":\"https:\\\/\\\/batijournal.com\\\/index.php\\\/category\\\/actualites\\\/\"},{\"@type\":\"ListItem\",\"position\":3,\"name\":\"La Tour HEKLA s&rsquo;ins\u00e8re dans la skyline de La D\u00e9fense\"}]},{\"@type\":\"WebSite\",\"@id\":\"https:\\\/\\\/batijournal.com\\\/#website\",\"url\":\"https:\\\/\\\/batijournal.com\\\/\",\"name\":\"Batijournal\",\"description\":\"L&#039;actualit\u00e9 du b\u00e2timent\",\"potentialAction\":[{\"@type\":\"SearchAction\",\"target\":{\"@type\":\"EntryPoint\",\"urlTemplate\":\"https:\\\/\\\/batijournal.com\\\/?s={search_term_string}\"},\"query-input\":{\"@type\":\"PropertyValueSpecification\",\"valueRequired\":true,\"valueName\":\"search_term_string\"}}],\"inLanguage\":\"fr-FR\"},{\"@type\":\"Person\",\"@id\":\"https:\\\/\\\/batijournal.com\\\/#\\\/schema\\\/person\\\/1dc96ec6957aa1ccb25ebe78bb19f100\",\"name\":\"St\u00e9phane Miget\",\"image\":{\"@type\":\"ImageObject\",\"inLanguage\":\"fr-FR\",\"@id\":\"https:\\\/\\\/secure.gravatar.com\\\/avatar\\\/89915563d925342126b8ef0281b93d9d7fc337043e8df017f780908eb9644451?s=96&d=mm&r=g\",\"url\":\"https:\\\/\\\/secure.gravatar.com\\\/avatar\\\/89915563d925342126b8ef0281b93d9d7fc337043e8df017f780908eb9644451?s=96&d=mm&r=g\",\"contentUrl\":\"https:\\\/\\\/secure.gravatar.com\\\/avatar\\\/89915563d925342126b8ef0281b93d9d7fc337043e8df017f780908eb9644451?s=96&d=mm&r=g\",\"caption\":\"St\u00e9phane Miget\"},\"url\":\"https:\\\/\\\/batijournal.com\\\/index.php\\\/author\\\/stephane\\\/\"}]}<\/script>\n<!-- \/ Yoast SEO plugin. -->","yoast_head_json":{"title":"La Tour HEKLA s'ins\u00e8re dans la skyline de La D\u00e9fense","robots":{"index":"index","follow":"follow","max-snippet":"max-snippet:-1","max-image-preview":"max-image-preview:large","max-video-preview":"max-video-preview:-1"},"canonical":"https:\/\/batijournal.com\/index.php\/la-tour-hekla-sinsere-dans-la-skyline-de-la-defense\/108407\/","og_locale":"fr_FR","og_type":"article","og_title":"La Tour HEKLA s'ins\u00e8re dans la skyline de La D\u00e9fense","og_description":"La Tour HEKLA vient d&rsquo;\u00eatre inaugur\u00e9e \u00e0 La D\u00e9fense. Fruit de 10 ans de collaboration entre les Ateliers Jean Nouvel et les d\u00e9veloppeurs Hines et AG Real Estate en r\u00e9ponse \u00e0 un concours initi\u00e9 par l\u2019am\u00e9nageur Paris La D\u00e9fense en 2012, elle a \u00e9t\u00e9 construite par Bateg (filiale de VINCI Construction) et acquise par les [&hellip;]","og_url":"https:\/\/batijournal.com\/index.php\/la-tour-hekla-sinsere-dans-la-skyline-de-la-defense\/108407\/","og_site_name":"Batijournal","article_published_time":"2022-12-06T07:33:47+00:00","og_image":[{"width":1200,"height":800,"url":"https:\/\/batijournal.com\/wp-content\/uploads\/2022\/12\/Tour-HEKLA-la-defense.jpg","type":"image\/jpeg"}],"author":"St\u00e9phane Miget","twitter_card":"summary_large_image","twitter_creator":"@bati_journal","twitter_site":"@bati_journal","twitter_misc":{"\u00c9crit par":"St\u00e9phane Miget","Dur\u00e9e de lecture estim\u00e9e":"2 minutes"},"schema":{"@context":"https:\/\/schema.org","@graph":[{"@type":"Article","@id":"https:\/\/batijournal.com\/index.php\/la-tour-hekla-sinsere-dans-la-skyline-de-la-defense\/108407\/#article","isPartOf":{"@id":"https:\/\/batijournal.com\/index.php\/la-tour-hekla-sinsere-dans-la-skyline-de-la-defense\/108407\/"},"author":{"name":"St\u00e9phane Miget","@id":"https:\/\/batijournal.com\/#\/schema\/person\/1dc96ec6957aa1ccb25ebe78bb19f100"},"headline":"La Tour HEKLA s&rsquo;ins\u00e8re dans la skyline de La D\u00e9fense","datePublished":"2022-12-06T07:33:47+00:00","mainEntityOfPage":{"@id":"https:\/\/batijournal.com\/index.php\/la-tour-hekla-sinsere-dans-la-skyline-de-la-defense\/108407\/"},"wordCount":397,"image":{"@id":"https:\/\/batijournal.com\/index.php\/la-tour-hekla-sinsere-dans-la-skyline-de-la-defense\/108407\/#primaryimage"},"thumbnailUrl":"https:\/\/batijournal.com\/wp-content\/uploads\/2022\/12\/Tour-HEKLA-la-defense.jpg","keywords":["architecture"],"articleSection":["Actualit\u00e9s","Architecture &amp; Conception","zz_5fa\u00e7ades","zz_Actualit\u00e9s - 5fa\u00e7ades"],"inLanguage":"fr-FR"},{"@type":"WebPage","@id":"https:\/\/batijournal.com\/index.php\/la-tour-hekla-sinsere-dans-la-skyline-de-la-defense\/108407\/","url":"https:\/\/batijournal.com\/index.php\/la-tour-hekla-sinsere-dans-la-skyline-de-la-defense\/108407\/","name":"La Tour HEKLA s'ins\u00e8re dans la skyline de La D\u00e9fense","isPartOf":{"@id":"https:\/\/batijournal.com\/#website"},"primaryImageOfPage":{"@id":"https:\/\/batijournal.com\/index.php\/la-tour-hekla-sinsere-dans-la-skyline-de-la-defense\/108407\/#primaryimage"},"image":{"@id":"https:\/\/batijournal.com\/index.php\/la-tour-hekla-sinsere-dans-la-skyline-de-la-defense\/108407\/#primaryimage"},"thumbnailUrl":"https:\/\/batijournal.com\/wp-content\/uploads\/2022\/12\/Tour-HEKLA-la-defense.jpg","datePublished":"2022-12-06T07:33:47+00:00","author":{"@id":"https:\/\/batijournal.com\/#\/schema\/person\/1dc96ec6957aa1ccb25ebe78bb19f100"},"breadcrumb":{"@id":"https:\/\/batijournal.com\/index.php\/la-tour-hekla-sinsere-dans-la-skyline-de-la-defense\/108407\/#breadcrumb"},"inLanguage":"fr-FR","potentialAction":[{"@type":"ReadAction","target":["https:\/\/batijournal.com\/index.php\/la-tour-hekla-sinsere-dans-la-skyline-de-la-defense\/108407\/"]}]},{"@type":"ImageObject","inLanguage":"fr-FR","@id":"https:\/\/batijournal.com\/index.php\/la-tour-hekla-sinsere-dans-la-skyline-de-la-defense\/108407\/#primaryimage","url":"https:\/\/batijournal.com\/wp-content\/uploads\/2022\/12\/Tour-HEKLA-la-defense.jpg","contentUrl":"https:\/\/batijournal.com\/wp-content\/uploads\/2022\/12\/Tour-HEKLA-la-defense.jpg","width":1200,"height":800},{"@type":"BreadcrumbList","@id":"https:\/\/batijournal.com\/index.php\/la-tour-hekla-sinsere-dans-la-skyline-de-la-defense\/108407\/#breadcrumb","itemListElement":[{"@type":"ListItem","position":1,"name":"Accueil","item":"https:\/\/batijournal.com\/"},{"@type":"ListItem","position":2,"name":"Actualit\u00e9s","item":"https:\/\/batijournal.com\/index.php\/category\/actualites\/"},{"@type":"ListItem","position":3,"name":"La Tour HEKLA s&rsquo;ins\u00e8re dans la skyline de La D\u00e9fense"}]},{"@type":"WebSite","@id":"https:\/\/batijournal.com\/#website","url":"https:\/\/batijournal.com\/","name":"Batijournal","description":"L&#039;actualit\u00e9 du b\u00e2timent","potentialAction":[{"@type":"SearchAction","target":{"@type":"EntryPoint","urlTemplate":"https:\/\/batijournal.com\/?s={search_term_string}"},"query-input":{"@type":"PropertyValueSpecification","valueRequired":true,"valueName":"search_term_string"}}],"inLanguage":"fr-FR"},{"@type":"Person","@id":"https:\/\/batijournal.com\/#\/schema\/person\/1dc96ec6957aa1ccb25ebe78bb19f100","name":"St\u00e9phane Miget","image":{"@type":"ImageObject","inLanguage":"fr-FR","@id":"https:\/\/secure.gravatar.com\/avatar\/89915563d925342126b8ef0281b93d9d7fc337043e8df017f780908eb9644451?s=96&d=mm&r=g","url":"https:\/\/secure.gravatar.com\/avatar\/89915563d925342126b8ef0281b93d9d7fc337043e8df017f780908eb9644451?s=96&d=mm&r=g","contentUrl":"https:\/\/secure.gravatar.com\/avatar\/89915563d925342126b8ef0281b93d9d7fc337043e8df017f780908eb9644451?s=96&d=mm&r=g","caption":"St\u00e9phane Miget"},"url":"https:\/\/batijournal.com\/index.php\/author\/stephane\/"}]}},"_links":{"self":[{"href":"https:\/\/batijournal.com\/index.php\/wp-json\/wp\/v2\/posts\/108407","targetHints":{"allow":["GET"]}}],"collection":[{"href":"https:\/\/batijournal.com\/index.php\/wp-json\/wp\/v2\/posts"}],"about":[{"href":"https:\/\/batijournal.com\/index.php\/wp-json\/wp\/v2\/types\/post"}],"author":[{"embeddable":true,"href":"https:\/\/batijournal.com\/index.php\/wp-json\/wp\/v2\/users\/17"}],"replies":[{"embeddable":true,"href":"https:\/\/batijournal.com\/index.php\/wp-json\/wp\/v2\/comments?post=108407"}],"version-history":[{"count":0,"href":"https:\/\/batijournal.com\/index.php\/wp-json\/wp\/v2\/posts\/108407\/revisions"}],"wp:featuredmedia":[{"embeddable":true,"href":"https:\/\/batijournal.com\/index.php\/wp-json\/wp\/v2\/media\/108408"}],"wp:attachment":[{"href":"https:\/\/batijournal.com\/index.php\/wp-json\/wp\/v2\/media?parent=108407"}],"wp:term":[{"taxonomy":"category","embeddable":true,"href":"https:\/\/batijournal.com\/index.php\/wp-json\/wp\/v2\/categories?post=108407"},{"taxonomy":"post_tag","embeddable":true,"href":"https:\/\/batijournal.com\/index.php\/wp-json\/wp\/v2\/tags?post=108407"}],"curies":[{"name":"wp","href":"https:\/\/api.w.org\/{rel}","templated":true}]}}