{"id":108409,"date":"2022-12-06T08:40:14","date_gmt":"2022-12-06T07:40:14","guid":{"rendered":"https:\/\/batijournal.com\/?p=108409"},"modified":"2022-12-06T08:40:14","modified_gmt":"2022-12-06T07:40:14","slug":"la-filiere-foret-bois-bretonne-recrute","status":"publish","type":"post","link":"https:\/\/batijournal.com\/index.php\/la-filiere-foret-bois-bretonne-recrute\/108409\/","title":{"rendered":"La fili\u00e8re For\u00eat-Bois bretonne recrute"},"content":{"rendered":"<p>En Bretagne, des formations professionnelles financ\u00e9es par la R\u00e9gion, de la sylviculture aux secteurs de la construction bois et de l\u2019\u00e9nergie, en passant par l\u2019ameublement, aident \u00e0 lutter contre la p\u00e9nurie de main d\u2019oeuvre. L&rsquo;interprofession Fibois Bretagne a fait de l\u2019emploi et du recrutement une pr\u00e9occupation majeure et se mobilise pour apporter un soutien aux entreprises. Nouvelle \u00e9tape dans la strat\u00e9gie d\u00e9ploy\u00e9e pour rendre visible l\u2019ensemble des m\u00e9tiers de la fili\u00e8re et accompagner les recrutements sur toute la France : la mise en ligne d\u2019un site d\u2019emploi pour les professionnels et les postulants. Sur www.metiers-foret-bois.org, les premiers peuvent d\u00e9poser une offre d\u2019emploi et consulter une banque de CV. Les seconds ont la possibilit\u00e9 de consulter les offres et de renseigner leur profil. La plateforme, gratuite, est ouverte aux offres et recherches d\u2019emplois, de stages et d\u2019alternances en lien avec la fili\u00e8re. P\u00e9pini\u00e9ristes, propri\u00e9taires forestiers, sylviculteurs, exploitants forestiers, coop\u00e9ratives et experts forestiers, producteurs de combustibles bois, industriels de la premi\u00e8re transformation du bois (sciage, tranchage, d\u00e9roulage&#8230;), industriels et artisans de la deuxi\u00e8me transformation du bois (emballage, ameublement, agencement, construction\u2026) se r\u00e9jouissent de cette nouvelle solution adapt\u00e9e \u00e0 leurs besoins.<\/p>\n<blockquote class=\"wp-embedded-content\" data-secret=\"tJeQXv3LVv\"><p><a href=\"https:\/\/emplois-foret-bois.org\/offres-demploi\/\">Offres d&#8217;emploi<\/a><\/p><\/blockquote>\n<p><iframe loading=\"lazy\" class=\"wp-embedded-content\" sandbox=\"allow-scripts\" security=\"restricted\" style=\"position: absolute; clip: rect(1px, 1px, 1px, 1px);\" title=\"\u00ab\u00a0Offres d&#8217;emploi\u00a0\u00bb &#8212; Bourse d&#039;emplois de la For\u00eat et du Bois\" src=\"https:\/\/emplois-foret-bois.org\/offres-demploi\/embed\/#?secret=6kZvs4BKSI#?secret=tJeQXv3LVv\" data-secret=\"tJeQXv3LVv\" width=\"600\" height=\"338\" frameborder=\"0\" marginwidth=\"0\" marginheight=\"0\" scrolling=\"no\"><\/iframe><\/p>\n","protected":false},"excerpt":{"rendered":"<p>En Bretagne, des formations professionnelles financ\u00e9es par la R\u00e9gion, de la sylviculture aux secteurs de la construction bois et de l\u2019\u00e9nergie, en passant par l\u2019ameublement, aident \u00e0 lutter contre la p\u00e9nurie de main d\u2019oeuvre. L&rsquo;interprofession Fibois Bretagne a fait de l\u2019emploi et du recrutement une pr\u00e9occupation majeure et se mobilise pour apporter un soutien aux [&hellip;]<\/p>\n","protected":false},"author":17,"featured_media":108410,"comment_status":"closed","ping_status":"closed","sticky":false,"template":"","format":"standard","meta":{"_et_pb_use_builder":"","_et_pb_old_content":"","_et_gb_content_width":"","footnotes":""},"categories":[10530,6345,10769,10764],"tags":[2384,1017],"class_list":["post-108409","post","type-post","status-publish","format-standard","has-post-thumbnail","hentry","category-actualites","category-economie-marches","category-publications","category-woodsurfer","tag-bretagne","tag-filiere-bois"],"yoast_head":"<!-- This site is optimized with the Yoast SEO plugin v27.4 - https:\/\/yoast.com\/product\/yoast-seo-wordpress\/ -->\n<title>La fili\u00e8re For\u00eat-Bois bretonne recrute<\/title>\n<meta name=\"robots\" content=\"index, follow, max-snippet:-1, max-image-preview:large, max-video-preview:-1\" \/>\n<link rel=\"canonical\" href=\"https:\/\/batijournal.com\/index.php\/la-filiere-foret-bois-bretonne-recrute\/108409\/\" \/>\n<meta property=\"og:locale\" content=\"fr_FR\" \/>\n<meta property=\"og:type\" content=\"article\" \/>\n<meta property=\"og:title\" content=\"La fili\u00e8re For\u00eat-Bois bretonne recrute\" \/>\n<meta property=\"og:description\" content=\"En Bretagne, des formations professionnelles financ\u00e9es par la R\u00e9gion, de la sylviculture aux secteurs de la construction bois et de l\u2019\u00e9nergie, en passant par l\u2019ameublement, aident \u00e0 lutter contre la p\u00e9nurie de main d\u2019oeuvre. L&rsquo;interprofession Fibois Bretagne a fait de l\u2019emploi et du recrutement une pr\u00e9occupation majeure et se mobilise pour apporter un soutien aux [&hellip;]\" \/>\n<meta property=\"og:url\" content=\"https:\/\/batijournal.com\/index.php\/la-filiere-foret-bois-bretonne-recrute\/108409\/\" \/>\n<meta property=\"og:site_name\" content=\"Batijournal\" \/>\n<meta property=\"article:published_time\" content=\"2022-12-06T07:40:14+00:00\" \/>\n<meta property=\"og:image\" content=\"https:\/\/batijournal.com\/wp-content\/uploads\/2022\/12\/fibois-bretagne.jpg\" \/>\n\t<meta property=\"og:image:width\" content=\"972\" \/>\n\t<meta property=\"og:image:height\" content=\"500\" \/>\n\t<meta property=\"og:image:type\" content=\"image\/jpeg\" \/>\n<meta name=\"author\" content=\"St\u00e9phane Miget\" \/>\n<meta name=\"twitter:card\" content=\"summary_large_image\" \/>\n<meta name=\"twitter:creator\" content=\"@bati_journal\" \/>\n<meta name=\"twitter:site\" content=\"@bati_journal\" \/>\n<meta name=\"twitter:label1\" content=\"\u00c9crit par\" \/>\n\t<meta name=\"twitter:data1\" content=\"St\u00e9phane Miget\" \/>\n\t<meta name=\"twitter:label2\" content=\"Dur\u00e9e de lecture estim\u00e9e\" \/>\n\t<meta name=\"twitter:data2\" content=\"1 minute\" \/>\n<script type=\"application\/ld+json\" class=\"yoast-schema-graph\">{\"@context\":\"https:\\\/\\\/schema.org\",\"@graph\":[{\"@type\":\"Article\",\"@id\":\"https:\\\/\\\/batijournal.com\\\/index.php\\\/la-filiere-foret-bois-bretonne-recrute\\\/108409\\\/#article\",\"isPartOf\":{\"@id\":\"https:\\\/\\\/batijournal.com\\\/index.php\\\/la-filiere-foret-bois-bretonne-recrute\\\/108409\\\/\"},\"author\":{\"name\":\"St\u00e9phane Miget\",\"@id\":\"https:\\\/\\\/batijournal.com\\\/#\\\/schema\\\/person\\\/1dc96ec6957aa1ccb25ebe78bb19f100\"},\"headline\":\"La fili\u00e8re For\u00eat-Bois bretonne recrute\",\"datePublished\":\"2022-12-06T07:40:14+00:00\",\"mainEntityOfPage\":{\"@id\":\"https:\\\/\\\/batijournal.com\\\/index.php\\\/la-filiere-foret-bois-bretonne-recrute\\\/108409\\\/\"},\"wordCount\":229,\"image\":{\"@id\":\"https:\\\/\\\/batijournal.com\\\/index.php\\\/la-filiere-foret-bois-bretonne-recrute\\\/108409\\\/#primaryimage\"},\"thumbnailUrl\":\"https:\\\/\\\/batijournal.com\\\/wp-content\\\/uploads\\\/2022\\\/12\\\/fibois-bretagne.jpg\",\"keywords\":[\"Bretagne\",\"fili\u00e8re bois\"],\"articleSection\":[\"Actualit\u00e9s\",\"\u00c9conomie &amp; March\u00e9s\",\"zz_Actualit\u00e9s - Woodsurfer\",\"zz_Woodsurfer\"],\"inLanguage\":\"fr-FR\"},{\"@type\":\"WebPage\",\"@id\":\"https:\\\/\\\/batijournal.com\\\/index.php\\\/la-filiere-foret-bois-bretonne-recrute\\\/108409\\\/\",\"url\":\"https:\\\/\\\/batijournal.com\\\/index.php\\\/la-filiere-foret-bois-bretonne-recrute\\\/108409\\\/\",\"name\":\"La fili\u00e8re For\u00eat-Bois bretonne recrute\",\"isPartOf\":{\"@id\":\"https:\\\/\\\/batijournal.com\\\/#website\"},\"primaryImageOfPage\":{\"@id\":\"https:\\\/\\\/batijournal.com\\\/index.php\\\/la-filiere-foret-bois-bretonne-recrute\\\/108409\\\/#primaryimage\"},\"image\":{\"@id\":\"https:\\\/\\\/batijournal.com\\\/index.php\\\/la-filiere-foret-bois-bretonne-recrute\\\/108409\\\/#primaryimage\"},\"thumbnailUrl\":\"https:\\\/\\\/batijournal.com\\\/wp-content\\\/uploads\\\/2022\\\/12\\\/fibois-bretagne.jpg\",\"datePublished\":\"2022-12-06T07:40:14+00:00\",\"author\":{\"@id\":\"https:\\\/\\\/batijournal.com\\\/#\\\/schema\\\/person\\\/1dc96ec6957aa1ccb25ebe78bb19f100\"},\"breadcrumb\":{\"@id\":\"https:\\\/\\\/batijournal.com\\\/index.php\\\/la-filiere-foret-bois-bretonne-recrute\\\/108409\\\/#breadcrumb\"},\"inLanguage\":\"fr-FR\",\"potentialAction\":[{\"@type\":\"ReadAction\",\"target\":[\"https:\\\/\\\/batijournal.com\\\/index.php\\\/la-filiere-foret-bois-bretonne-recrute\\\/108409\\\/\"]}]},{\"@type\":\"ImageObject\",\"inLanguage\":\"fr-FR\",\"@id\":\"https:\\\/\\\/batijournal.com\\\/index.php\\\/la-filiere-foret-bois-bretonne-recrute\\\/108409\\\/#primaryimage\",\"url\":\"https:\\\/\\\/batijournal.com\\\/wp-content\\\/uploads\\\/2022\\\/12\\\/fibois-bretagne.jpg\",\"contentUrl\":\"https:\\\/\\\/batijournal.com\\\/wp-content\\\/uploads\\\/2022\\\/12\\\/fibois-bretagne.jpg\",\"width\":972,\"height\":500},{\"@type\":\"BreadcrumbList\",\"@id\":\"https:\\\/\\\/batijournal.com\\\/index.php\\\/la-filiere-foret-bois-bretonne-recrute\\\/108409\\\/#breadcrumb\",\"itemListElement\":[{\"@type\":\"ListItem\",\"position\":1,\"name\":\"Accueil\",\"item\":\"https:\\\/\\\/batijournal.com\\\/\"},{\"@type\":\"ListItem\",\"position\":2,\"name\":\"Actualit\u00e9s\",\"item\":\"https:\\\/\\\/batijournal.com\\\/index.php\\\/category\\\/actualites\\\/\"},{\"@type\":\"ListItem\",\"position\":3,\"name\":\"La fili\u00e8re For\u00eat-Bois bretonne recrute\"}]},{\"@type\":\"WebSite\",\"@id\":\"https:\\\/\\\/batijournal.com\\\/#website\",\"url\":\"https:\\\/\\\/batijournal.com\\\/\",\"name\":\"Batijournal\",\"description\":\"L&#039;actualit\u00e9 du b\u00e2timent\",\"potentialAction\":[{\"@type\":\"SearchAction\",\"target\":{\"@type\":\"EntryPoint\",\"urlTemplate\":\"https:\\\/\\\/batijournal.com\\\/?s={search_term_string}\"},\"query-input\":{\"@type\":\"PropertyValueSpecification\",\"valueRequired\":true,\"valueName\":\"search_term_string\"}}],\"inLanguage\":\"fr-FR\"},{\"@type\":\"Person\",\"@id\":\"https:\\\/\\\/batijournal.com\\\/#\\\/schema\\\/person\\\/1dc96ec6957aa1ccb25ebe78bb19f100\",\"name\":\"St\u00e9phane Miget\",\"image\":{\"@type\":\"ImageObject\",\"inLanguage\":\"fr-FR\",\"@id\":\"https:\\\/\\\/secure.gravatar.com\\\/avatar\\\/89915563d925342126b8ef0281b93d9d7fc337043e8df017f780908eb9644451?s=96&d=mm&r=g\",\"url\":\"https:\\\/\\\/secure.gravatar.com\\\/avatar\\\/89915563d925342126b8ef0281b93d9d7fc337043e8df017f780908eb9644451?s=96&d=mm&r=g\",\"contentUrl\":\"https:\\\/\\\/secure.gravatar.com\\\/avatar\\\/89915563d925342126b8ef0281b93d9d7fc337043e8df017f780908eb9644451?s=96&d=mm&r=g\",\"caption\":\"St\u00e9phane Miget\"},\"url\":\"https:\\\/\\\/batijournal.com\\\/index.php\\\/author\\\/stephane\\\/\"}]}<\/script>\n<!-- \/ Yoast SEO plugin. -->","yoast_head_json":{"title":"La fili\u00e8re For\u00eat-Bois bretonne recrute","robots":{"index":"index","follow":"follow","max-snippet":"max-snippet:-1","max-image-preview":"max-image-preview:large","max-video-preview":"max-video-preview:-1"},"canonical":"https:\/\/batijournal.com\/index.php\/la-filiere-foret-bois-bretonne-recrute\/108409\/","og_locale":"fr_FR","og_type":"article","og_title":"La fili\u00e8re For\u00eat-Bois bretonne recrute","og_description":"En Bretagne, des formations professionnelles financ\u00e9es par la R\u00e9gion, de la sylviculture aux secteurs de la construction bois et de l\u2019\u00e9nergie, en passant par l\u2019ameublement, aident \u00e0 lutter contre la p\u00e9nurie de main d\u2019oeuvre. L&rsquo;interprofession Fibois Bretagne a fait de l\u2019emploi et du recrutement une pr\u00e9occupation majeure et se mobilise pour apporter un soutien aux [&hellip;]","og_url":"https:\/\/batijournal.com\/index.php\/la-filiere-foret-bois-bretonne-recrute\/108409\/","og_site_name":"Batijournal","article_published_time":"2022-12-06T07:40:14+00:00","og_image":[{"width":972,"height":500,"url":"https:\/\/batijournal.com\/wp-content\/uploads\/2022\/12\/fibois-bretagne.jpg","type":"image\/jpeg"}],"author":"St\u00e9phane Miget","twitter_card":"summary_large_image","twitter_creator":"@bati_journal","twitter_site":"@bati_journal","twitter_misc":{"\u00c9crit par":"St\u00e9phane Miget","Dur\u00e9e de lecture estim\u00e9e":"1 minute"},"schema":{"@context":"https:\/\/schema.org","@graph":[{"@type":"Article","@id":"https:\/\/batijournal.com\/index.php\/la-filiere-foret-bois-bretonne-recrute\/108409\/#article","isPartOf":{"@id":"https:\/\/batijournal.com\/index.php\/la-filiere-foret-bois-bretonne-recrute\/108409\/"},"author":{"name":"St\u00e9phane Miget","@id":"https:\/\/batijournal.com\/#\/schema\/person\/1dc96ec6957aa1ccb25ebe78bb19f100"},"headline":"La fili\u00e8re For\u00eat-Bois bretonne recrute","datePublished":"2022-12-06T07:40:14+00:00","mainEntityOfPage":{"@id":"https:\/\/batijournal.com\/index.php\/la-filiere-foret-bois-bretonne-recrute\/108409\/"},"wordCount":229,"image":{"@id":"https:\/\/batijournal.com\/index.php\/la-filiere-foret-bois-bretonne-recrute\/108409\/#primaryimage"},"thumbnailUrl":"https:\/\/batijournal.com\/wp-content\/uploads\/2022\/12\/fibois-bretagne.jpg","keywords":["Bretagne","fili\u00e8re bois"],"articleSection":["Actualit\u00e9s","\u00c9conomie &amp; March\u00e9s","zz_Actualit\u00e9s - Woodsurfer","zz_Woodsurfer"],"inLanguage":"fr-FR"},{"@type":"WebPage","@id":"https:\/\/batijournal.com\/index.php\/la-filiere-foret-bois-bretonne-recrute\/108409\/","url":"https:\/\/batijournal.com\/index.php\/la-filiere-foret-bois-bretonne-recrute\/108409\/","name":"La fili\u00e8re For\u00eat-Bois bretonne recrute","isPartOf":{"@id":"https:\/\/batijournal.com\/#website"},"primaryImageOfPage":{"@id":"https:\/\/batijournal.com\/index.php\/la-filiere-foret-bois-bretonne-recrute\/108409\/#primaryimage"},"image":{"@id":"https:\/\/batijournal.com\/index.php\/la-filiere-foret-bois-bretonne-recrute\/108409\/#primaryimage"},"thumbnailUrl":"https:\/\/batijournal.com\/wp-content\/uploads\/2022\/12\/fibois-bretagne.jpg","datePublished":"2022-12-06T07:40:14+00:00","author":{"@id":"https:\/\/batijournal.com\/#\/schema\/person\/1dc96ec6957aa1ccb25ebe78bb19f100"},"breadcrumb":{"@id":"https:\/\/batijournal.com\/index.php\/la-filiere-foret-bois-bretonne-recrute\/108409\/#breadcrumb"},"inLanguage":"fr-FR","potentialAction":[{"@type":"ReadAction","target":["https:\/\/batijournal.com\/index.php\/la-filiere-foret-bois-bretonne-recrute\/108409\/"]}]},{"@type":"ImageObject","inLanguage":"fr-FR","@id":"https:\/\/batijournal.com\/index.php\/la-filiere-foret-bois-bretonne-recrute\/108409\/#primaryimage","url":"https:\/\/batijournal.com\/wp-content\/uploads\/2022\/12\/fibois-bretagne.jpg","contentUrl":"https:\/\/batijournal.com\/wp-content\/uploads\/2022\/12\/fibois-bretagne.jpg","width":972,"height":500},{"@type":"BreadcrumbList","@id":"https:\/\/batijournal.com\/index.php\/la-filiere-foret-bois-bretonne-recrute\/108409\/#breadcrumb","itemListElement":[{"@type":"ListItem","position":1,"name":"Accueil","item":"https:\/\/batijournal.com\/"},{"@type":"ListItem","position":2,"name":"Actualit\u00e9s","item":"https:\/\/batijournal.com\/index.php\/category\/actualites\/"},{"@type":"ListItem","position":3,"name":"La fili\u00e8re For\u00eat-Bois bretonne recrute"}]},{"@type":"WebSite","@id":"https:\/\/batijournal.com\/#website","url":"https:\/\/batijournal.com\/","name":"Batijournal","description":"L&#039;actualit\u00e9 du b\u00e2timent","potentialAction":[{"@type":"SearchAction","target":{"@type":"EntryPoint","urlTemplate":"https:\/\/batijournal.com\/?s={search_term_string}"},"query-input":{"@type":"PropertyValueSpecification","valueRequired":true,"valueName":"search_term_string"}}],"inLanguage":"fr-FR"},{"@type":"Person","@id":"https:\/\/batijournal.com\/#\/schema\/person\/1dc96ec6957aa1ccb25ebe78bb19f100","name":"St\u00e9phane Miget","image":{"@type":"ImageObject","inLanguage":"fr-FR","@id":"https:\/\/secure.gravatar.com\/avatar\/89915563d925342126b8ef0281b93d9d7fc337043e8df017f780908eb9644451?s=96&d=mm&r=g","url":"https:\/\/secure.gravatar.com\/avatar\/89915563d925342126b8ef0281b93d9d7fc337043e8df017f780908eb9644451?s=96&d=mm&r=g","contentUrl":"https:\/\/secure.gravatar.com\/avatar\/89915563d925342126b8ef0281b93d9d7fc337043e8df017f780908eb9644451?s=96&d=mm&r=g","caption":"St\u00e9phane Miget"},"url":"https:\/\/batijournal.com\/index.php\/author\/stephane\/"}]}},"_links":{"self":[{"href":"https:\/\/batijournal.com\/index.php\/wp-json\/wp\/v2\/posts\/108409","targetHints":{"allow":["GET"]}}],"collection":[{"href":"https:\/\/batijournal.com\/index.php\/wp-json\/wp\/v2\/posts"}],"about":[{"href":"https:\/\/batijournal.com\/index.php\/wp-json\/wp\/v2\/types\/post"}],"author":[{"embeddable":true,"href":"https:\/\/batijournal.com\/index.php\/wp-json\/wp\/v2\/users\/17"}],"replies":[{"embeddable":true,"href":"https:\/\/batijournal.com\/index.php\/wp-json\/wp\/v2\/comments?post=108409"}],"version-history":[{"count":0,"href":"https:\/\/batijournal.com\/index.php\/wp-json\/wp\/v2\/posts\/108409\/revisions"}],"wp:featuredmedia":[{"embeddable":true,"href":"https:\/\/batijournal.com\/index.php\/wp-json\/wp\/v2\/media\/108410"}],"wp:attachment":[{"href":"https:\/\/batijournal.com\/index.php\/wp-json\/wp\/v2\/media?parent=108409"}],"wp:term":[{"taxonomy":"category","embeddable":true,"href":"https:\/\/batijournal.com\/index.php\/wp-json\/wp\/v2\/categories?post=108409"},{"taxonomy":"post_tag","embeddable":true,"href":"https:\/\/batijournal.com\/index.php\/wp-json\/wp\/v2\/tags?post=108409"}],"curies":[{"name":"wp","href":"https:\/\/api.w.org\/{rel}","templated":true}]}}