{"id":108411,"date":"2022-12-06T08:47:33","date_gmt":"2022-12-06T07:47:33","guid":{"rendered":"https:\/\/batijournal.com\/?p=108411"},"modified":"2022-12-06T08:47:33","modified_gmt":"2022-12-06T07:47:33","slug":"nicolas-blangy-reste-president-de-lunion-professionnelle-des-metiers-de-la-finition","status":"publish","type":"post","link":"https:\/\/batijournal.com\/index.php\/nicolas-blangy-reste-president-de-lunion-professionnelle-des-metiers-de-la-finition\/108411\/","title":{"rendered":"Nicolas Blangy reste pr\u00e9sident de l\u2019Union Professionnelle des M\u00e9tiers de la Finition"},"content":{"rendered":"<p>Nicolas Blangy a \u00e9t\u00e9 r\u00e9\u00e9lu \u00e0 l\u2019unanimit\u00e9 pr\u00e9sident de l\u2019Union Professionnelle des M\u00e9tiers de la Finition (UPMF-FFB) lors du conseil d\u2019administration du 24 novembre 2022. Son second mandat d\u00e9butera au 1er janvier 2023 pour trois ann\u00e9es. Il sera ax\u00e9 sur le d\u00e9veloppement de la notori\u00e9t\u00e9 des services de l\u2019Union, la digitalisation et la promotion des m\u00e9tiers de peintre et de solier. Ag\u00e9 de 47 ans, Nicolas Blangy est pr\u00e9sident du groupe PRM &amp; Associ\u00e9s \u00e0 Amiens (80) comprenant les entreprises C\u00f4t\u00e9 Peint (peinture, fa\u00e7ade et ITE), Mur et Sol (sols souples), \u00e9galement bas\u00e9es \u00e0 Amiens, Prospa (fabricants de peintures industrielles) \u00e0 Longpr\u00e9 les Corps Saints (80) et Doutreleau (peinture, fa\u00e7ade et ITE) \u00e0 Abbeville (80).<br \/>\nIl est par ailleurs vice-pr\u00e9sident du MEDEF de la Somme.<\/p>\n","protected":false},"excerpt":{"rendered":"<p>Nicolas Blangy a \u00e9t\u00e9 r\u00e9\u00e9lu \u00e0 l\u2019unanimit\u00e9 pr\u00e9sident de l\u2019Union Professionnelle des M\u00e9tiers de la Finition (UPMF-FFB) lors du conseil d\u2019administration du 24 novembre 2022. Son second mandat d\u00e9butera au 1er janvier 2023 pour trois ann\u00e9es. Il sera ax\u00e9 sur le d\u00e9veloppement de la notori\u00e9t\u00e9 des services de l\u2019Union, la digitalisation et la promotion des [&hellip;]<\/p>\n","protected":false},"author":17,"featured_media":108412,"comment_status":"closed","ping_status":"closed","sticky":false,"template":"","format":"standard","meta":{"_et_pb_use_builder":"","_et_pb_old_content":"","_et_gb_content_width":"","footnotes":""},"categories":[10530,6345,10771,10775,10769,10764],"tags":[126,193,13134],"class_list":["post-108411","post","type-post","status-publish","format-standard","has-post-thumbnail","hentry","category-actualites","category-economie-marches","category-5facades","category-actualites-5facades","category-publications","category-woodsurfer","tag-facade","tag-peinture-2","tag-upmf-ffb"],"yoast_head":"<!-- This site is optimized with the Yoast SEO plugin v27.4 - https:\/\/yoast.com\/product\/yoast-seo-wordpress\/ -->\n<title>Nicolas Blangy reste pr\u00e9sident de l\u2019Union Professionnelle des M\u00e9tiers de la Finition<\/title>\n<meta name=\"robots\" content=\"index, follow, max-snippet:-1, max-image-preview:large, max-video-preview:-1\" \/>\n<link rel=\"canonical\" href=\"https:\/\/batijournal.com\/index.php\/nicolas-blangy-reste-president-de-lunion-professionnelle-des-metiers-de-la-finition\/108411\/\" \/>\n<meta property=\"og:locale\" content=\"fr_FR\" \/>\n<meta property=\"og:type\" content=\"article\" \/>\n<meta property=\"og:title\" content=\"Nicolas Blangy reste pr\u00e9sident de l\u2019Union Professionnelle des M\u00e9tiers de la Finition\" \/>\n<meta property=\"og:description\" content=\"Nicolas Blangy a \u00e9t\u00e9 r\u00e9\u00e9lu \u00e0 l\u2019unanimit\u00e9 pr\u00e9sident de l\u2019Union Professionnelle des M\u00e9tiers de la Finition (UPMF-FFB) lors du conseil d\u2019administration du 24 novembre 2022. Son second mandat d\u00e9butera au 1er janvier 2023 pour trois ann\u00e9es. Il sera ax\u00e9 sur le d\u00e9veloppement de la notori\u00e9t\u00e9 des services de l\u2019Union, la digitalisation et la promotion des [&hellip;]\" \/>\n<meta property=\"og:url\" content=\"https:\/\/batijournal.com\/index.php\/nicolas-blangy-reste-president-de-lunion-professionnelle-des-metiers-de-la-finition\/108411\/\" \/>\n<meta property=\"og:site_name\" content=\"Batijournal\" \/>\n<meta property=\"article:published_time\" content=\"2022-12-06T07:47:33+00:00\" \/>\n<meta property=\"og:image\" content=\"https:\/\/batijournal.com\/wp-content\/uploads\/2022\/12\/BLANGY-Nicolas-UPMF-FFB.jpg\" \/>\n\t<meta property=\"og:image:width\" content=\"853\" \/>\n\t<meta property=\"og:image:height\" content=\"526\" \/>\n\t<meta property=\"og:image:type\" content=\"image\/jpeg\" \/>\n<meta name=\"author\" content=\"St\u00e9phane Miget\" \/>\n<meta name=\"twitter:card\" content=\"summary_large_image\" \/>\n<meta name=\"twitter:creator\" content=\"@bati_journal\" \/>\n<meta name=\"twitter:site\" content=\"@bati_journal\" \/>\n<meta name=\"twitter:label1\" content=\"\u00c9crit par\" \/>\n\t<meta name=\"twitter:data1\" content=\"St\u00e9phane Miget\" \/>\n\t<meta name=\"twitter:label2\" content=\"Dur\u00e9e de lecture estim\u00e9e\" \/>\n\t<meta name=\"twitter:data2\" content=\"1 minute\" \/>\n<script type=\"application\/ld+json\" class=\"yoast-schema-graph\">{\"@context\":\"https:\\\/\\\/schema.org\",\"@graph\":[{\"@type\":\"Article\",\"@id\":\"https:\\\/\\\/batijournal.com\\\/index.php\\\/nicolas-blangy-reste-president-de-lunion-professionnelle-des-metiers-de-la-finition\\\/108411\\\/#article\",\"isPartOf\":{\"@id\":\"https:\\\/\\\/batijournal.com\\\/index.php\\\/nicolas-blangy-reste-president-de-lunion-professionnelle-des-metiers-de-la-finition\\\/108411\\\/\"},\"author\":{\"name\":\"St\u00e9phane Miget\",\"@id\":\"https:\\\/\\\/batijournal.com\\\/#\\\/schema\\\/person\\\/1dc96ec6957aa1ccb25ebe78bb19f100\"},\"headline\":\"Nicolas Blangy reste pr\u00e9sident de l\u2019Union Professionnelle des M\u00e9tiers de la Finition\",\"datePublished\":\"2022-12-06T07:47:33+00:00\",\"mainEntityOfPage\":{\"@id\":\"https:\\\/\\\/batijournal.com\\\/index.php\\\/nicolas-blangy-reste-president-de-lunion-professionnelle-des-metiers-de-la-finition\\\/108411\\\/\"},\"wordCount\":147,\"image\":{\"@id\":\"https:\\\/\\\/batijournal.com\\\/index.php\\\/nicolas-blangy-reste-president-de-lunion-professionnelle-des-metiers-de-la-finition\\\/108411\\\/#primaryimage\"},\"thumbnailUrl\":\"https:\\\/\\\/batijournal.com\\\/wp-content\\\/uploads\\\/2022\\\/12\\\/BLANGY-Nicolas-UPMF-FFB.jpg\",\"keywords\":[\"fa\u00e7ade\",\"peinture\",\"UPMF-FFB\"],\"articleSection\":[\"Actualit\u00e9s\",\"\u00c9conomie &amp; March\u00e9s\",\"zz_5fa\u00e7ades\",\"zz_Actualit\u00e9s - 5fa\u00e7ades\",\"zz_Actualit\u00e9s - Woodsurfer\",\"zz_Woodsurfer\"],\"inLanguage\":\"fr-FR\"},{\"@type\":\"WebPage\",\"@id\":\"https:\\\/\\\/batijournal.com\\\/index.php\\\/nicolas-blangy-reste-president-de-lunion-professionnelle-des-metiers-de-la-finition\\\/108411\\\/\",\"url\":\"https:\\\/\\\/batijournal.com\\\/index.php\\\/nicolas-blangy-reste-president-de-lunion-professionnelle-des-metiers-de-la-finition\\\/108411\\\/\",\"name\":\"Nicolas Blangy reste pr\u00e9sident de l\u2019Union Professionnelle des M\u00e9tiers de la Finition\",\"isPartOf\":{\"@id\":\"https:\\\/\\\/batijournal.com\\\/#website\"},\"primaryImageOfPage\":{\"@id\":\"https:\\\/\\\/batijournal.com\\\/index.php\\\/nicolas-blangy-reste-president-de-lunion-professionnelle-des-metiers-de-la-finition\\\/108411\\\/#primaryimage\"},\"image\":{\"@id\":\"https:\\\/\\\/batijournal.com\\\/index.php\\\/nicolas-blangy-reste-president-de-lunion-professionnelle-des-metiers-de-la-finition\\\/108411\\\/#primaryimage\"},\"thumbnailUrl\":\"https:\\\/\\\/batijournal.com\\\/wp-content\\\/uploads\\\/2022\\\/12\\\/BLANGY-Nicolas-UPMF-FFB.jpg\",\"datePublished\":\"2022-12-06T07:47:33+00:00\",\"author\":{\"@id\":\"https:\\\/\\\/batijournal.com\\\/#\\\/schema\\\/person\\\/1dc96ec6957aa1ccb25ebe78bb19f100\"},\"breadcrumb\":{\"@id\":\"https:\\\/\\\/batijournal.com\\\/index.php\\\/nicolas-blangy-reste-president-de-lunion-professionnelle-des-metiers-de-la-finition\\\/108411\\\/#breadcrumb\"},\"inLanguage\":\"fr-FR\",\"potentialAction\":[{\"@type\":\"ReadAction\",\"target\":[\"https:\\\/\\\/batijournal.com\\\/index.php\\\/nicolas-blangy-reste-president-de-lunion-professionnelle-des-metiers-de-la-finition\\\/108411\\\/\"]}]},{\"@type\":\"ImageObject\",\"inLanguage\":\"fr-FR\",\"@id\":\"https:\\\/\\\/batijournal.com\\\/index.php\\\/nicolas-blangy-reste-president-de-lunion-professionnelle-des-metiers-de-la-finition\\\/108411\\\/#primaryimage\",\"url\":\"https:\\\/\\\/batijournal.com\\\/wp-content\\\/uploads\\\/2022\\\/12\\\/BLANGY-Nicolas-UPMF-FFB.jpg\",\"contentUrl\":\"https:\\\/\\\/batijournal.com\\\/wp-content\\\/uploads\\\/2022\\\/12\\\/BLANGY-Nicolas-UPMF-FFB.jpg\",\"width\":853,\"height\":526},{\"@type\":\"BreadcrumbList\",\"@id\":\"https:\\\/\\\/batijournal.com\\\/index.php\\\/nicolas-blangy-reste-president-de-lunion-professionnelle-des-metiers-de-la-finition\\\/108411\\\/#breadcrumb\",\"itemListElement\":[{\"@type\":\"ListItem\",\"position\":1,\"name\":\"Accueil\",\"item\":\"https:\\\/\\\/batijournal.com\\\/\"},{\"@type\":\"ListItem\",\"position\":2,\"name\":\"Actualit\u00e9s\",\"item\":\"https:\\\/\\\/batijournal.com\\\/index.php\\\/category\\\/actualites\\\/\"},{\"@type\":\"ListItem\",\"position\":3,\"name\":\"Nicolas Blangy reste pr\u00e9sident de l\u2019Union Professionnelle des M\u00e9tiers de la Finition\"}]},{\"@type\":\"WebSite\",\"@id\":\"https:\\\/\\\/batijournal.com\\\/#website\",\"url\":\"https:\\\/\\\/batijournal.com\\\/\",\"name\":\"Batijournal\",\"description\":\"L&#039;actualit\u00e9 du b\u00e2timent\",\"potentialAction\":[{\"@type\":\"SearchAction\",\"target\":{\"@type\":\"EntryPoint\",\"urlTemplate\":\"https:\\\/\\\/batijournal.com\\\/?s={search_term_string}\"},\"query-input\":{\"@type\":\"PropertyValueSpecification\",\"valueRequired\":true,\"valueName\":\"search_term_string\"}}],\"inLanguage\":\"fr-FR\"},{\"@type\":\"Person\",\"@id\":\"https:\\\/\\\/batijournal.com\\\/#\\\/schema\\\/person\\\/1dc96ec6957aa1ccb25ebe78bb19f100\",\"name\":\"St\u00e9phane Miget\",\"image\":{\"@type\":\"ImageObject\",\"inLanguage\":\"fr-FR\",\"@id\":\"https:\\\/\\\/secure.gravatar.com\\\/avatar\\\/89915563d925342126b8ef0281b93d9d7fc337043e8df017f780908eb9644451?s=96&d=mm&r=g\",\"url\":\"https:\\\/\\\/secure.gravatar.com\\\/avatar\\\/89915563d925342126b8ef0281b93d9d7fc337043e8df017f780908eb9644451?s=96&d=mm&r=g\",\"contentUrl\":\"https:\\\/\\\/secure.gravatar.com\\\/avatar\\\/89915563d925342126b8ef0281b93d9d7fc337043e8df017f780908eb9644451?s=96&d=mm&r=g\",\"caption\":\"St\u00e9phane Miget\"},\"url\":\"https:\\\/\\\/batijournal.com\\\/index.php\\\/author\\\/stephane\\\/\"}]}<\/script>\n<!-- \/ Yoast SEO plugin. -->","yoast_head_json":{"title":"Nicolas Blangy reste pr\u00e9sident de l\u2019Union Professionnelle des M\u00e9tiers de la Finition","robots":{"index":"index","follow":"follow","max-snippet":"max-snippet:-1","max-image-preview":"max-image-preview:large","max-video-preview":"max-video-preview:-1"},"canonical":"https:\/\/batijournal.com\/index.php\/nicolas-blangy-reste-president-de-lunion-professionnelle-des-metiers-de-la-finition\/108411\/","og_locale":"fr_FR","og_type":"article","og_title":"Nicolas Blangy reste pr\u00e9sident de l\u2019Union Professionnelle des M\u00e9tiers de la Finition","og_description":"Nicolas Blangy a \u00e9t\u00e9 r\u00e9\u00e9lu \u00e0 l\u2019unanimit\u00e9 pr\u00e9sident de l\u2019Union Professionnelle des M\u00e9tiers de la Finition (UPMF-FFB) lors du conseil d\u2019administration du 24 novembre 2022. Son second mandat d\u00e9butera au 1er janvier 2023 pour trois ann\u00e9es. Il sera ax\u00e9 sur le d\u00e9veloppement de la notori\u00e9t\u00e9 des services de l\u2019Union, la digitalisation et la promotion des [&hellip;]","og_url":"https:\/\/batijournal.com\/index.php\/nicolas-blangy-reste-president-de-lunion-professionnelle-des-metiers-de-la-finition\/108411\/","og_site_name":"Batijournal","article_published_time":"2022-12-06T07:47:33+00:00","og_image":[{"width":853,"height":526,"url":"https:\/\/batijournal.com\/wp-content\/uploads\/2022\/12\/BLANGY-Nicolas-UPMF-FFB.jpg","type":"image\/jpeg"}],"author":"St\u00e9phane Miget","twitter_card":"summary_large_image","twitter_creator":"@bati_journal","twitter_site":"@bati_journal","twitter_misc":{"\u00c9crit par":"St\u00e9phane Miget","Dur\u00e9e de lecture estim\u00e9e":"1 minute"},"schema":{"@context":"https:\/\/schema.org","@graph":[{"@type":"Article","@id":"https:\/\/batijournal.com\/index.php\/nicolas-blangy-reste-president-de-lunion-professionnelle-des-metiers-de-la-finition\/108411\/#article","isPartOf":{"@id":"https:\/\/batijournal.com\/index.php\/nicolas-blangy-reste-president-de-lunion-professionnelle-des-metiers-de-la-finition\/108411\/"},"author":{"name":"St\u00e9phane Miget","@id":"https:\/\/batijournal.com\/#\/schema\/person\/1dc96ec6957aa1ccb25ebe78bb19f100"},"headline":"Nicolas Blangy reste pr\u00e9sident de l\u2019Union Professionnelle des M\u00e9tiers de la Finition","datePublished":"2022-12-06T07:47:33+00:00","mainEntityOfPage":{"@id":"https:\/\/batijournal.com\/index.php\/nicolas-blangy-reste-president-de-lunion-professionnelle-des-metiers-de-la-finition\/108411\/"},"wordCount":147,"image":{"@id":"https:\/\/batijournal.com\/index.php\/nicolas-blangy-reste-president-de-lunion-professionnelle-des-metiers-de-la-finition\/108411\/#primaryimage"},"thumbnailUrl":"https:\/\/batijournal.com\/wp-content\/uploads\/2022\/12\/BLANGY-Nicolas-UPMF-FFB.jpg","keywords":["fa\u00e7ade","peinture","UPMF-FFB"],"articleSection":["Actualit\u00e9s","\u00c9conomie &amp; March\u00e9s","zz_5fa\u00e7ades","zz_Actualit\u00e9s - 5fa\u00e7ades","zz_Actualit\u00e9s - Woodsurfer","zz_Woodsurfer"],"inLanguage":"fr-FR"},{"@type":"WebPage","@id":"https:\/\/batijournal.com\/index.php\/nicolas-blangy-reste-president-de-lunion-professionnelle-des-metiers-de-la-finition\/108411\/","url":"https:\/\/batijournal.com\/index.php\/nicolas-blangy-reste-president-de-lunion-professionnelle-des-metiers-de-la-finition\/108411\/","name":"Nicolas Blangy reste pr\u00e9sident de l\u2019Union Professionnelle des M\u00e9tiers de la Finition","isPartOf":{"@id":"https:\/\/batijournal.com\/#website"},"primaryImageOfPage":{"@id":"https:\/\/batijournal.com\/index.php\/nicolas-blangy-reste-president-de-lunion-professionnelle-des-metiers-de-la-finition\/108411\/#primaryimage"},"image":{"@id":"https:\/\/batijournal.com\/index.php\/nicolas-blangy-reste-president-de-lunion-professionnelle-des-metiers-de-la-finition\/108411\/#primaryimage"},"thumbnailUrl":"https:\/\/batijournal.com\/wp-content\/uploads\/2022\/12\/BLANGY-Nicolas-UPMF-FFB.jpg","datePublished":"2022-12-06T07:47:33+00:00","author":{"@id":"https:\/\/batijournal.com\/#\/schema\/person\/1dc96ec6957aa1ccb25ebe78bb19f100"},"breadcrumb":{"@id":"https:\/\/batijournal.com\/index.php\/nicolas-blangy-reste-president-de-lunion-professionnelle-des-metiers-de-la-finition\/108411\/#breadcrumb"},"inLanguage":"fr-FR","potentialAction":[{"@type":"ReadAction","target":["https:\/\/batijournal.com\/index.php\/nicolas-blangy-reste-president-de-lunion-professionnelle-des-metiers-de-la-finition\/108411\/"]}]},{"@type":"ImageObject","inLanguage":"fr-FR","@id":"https:\/\/batijournal.com\/index.php\/nicolas-blangy-reste-president-de-lunion-professionnelle-des-metiers-de-la-finition\/108411\/#primaryimage","url":"https:\/\/batijournal.com\/wp-content\/uploads\/2022\/12\/BLANGY-Nicolas-UPMF-FFB.jpg","contentUrl":"https:\/\/batijournal.com\/wp-content\/uploads\/2022\/12\/BLANGY-Nicolas-UPMF-FFB.jpg","width":853,"height":526},{"@type":"BreadcrumbList","@id":"https:\/\/batijournal.com\/index.php\/nicolas-blangy-reste-president-de-lunion-professionnelle-des-metiers-de-la-finition\/108411\/#breadcrumb","itemListElement":[{"@type":"ListItem","position":1,"name":"Accueil","item":"https:\/\/batijournal.com\/"},{"@type":"ListItem","position":2,"name":"Actualit\u00e9s","item":"https:\/\/batijournal.com\/index.php\/category\/actualites\/"},{"@type":"ListItem","position":3,"name":"Nicolas Blangy reste pr\u00e9sident de l\u2019Union Professionnelle des M\u00e9tiers de la Finition"}]},{"@type":"WebSite","@id":"https:\/\/batijournal.com\/#website","url":"https:\/\/batijournal.com\/","name":"Batijournal","description":"L&#039;actualit\u00e9 du b\u00e2timent","potentialAction":[{"@type":"SearchAction","target":{"@type":"EntryPoint","urlTemplate":"https:\/\/batijournal.com\/?s={search_term_string}"},"query-input":{"@type":"PropertyValueSpecification","valueRequired":true,"valueName":"search_term_string"}}],"inLanguage":"fr-FR"},{"@type":"Person","@id":"https:\/\/batijournal.com\/#\/schema\/person\/1dc96ec6957aa1ccb25ebe78bb19f100","name":"St\u00e9phane Miget","image":{"@type":"ImageObject","inLanguage":"fr-FR","@id":"https:\/\/secure.gravatar.com\/avatar\/89915563d925342126b8ef0281b93d9d7fc337043e8df017f780908eb9644451?s=96&d=mm&r=g","url":"https:\/\/secure.gravatar.com\/avatar\/89915563d925342126b8ef0281b93d9d7fc337043e8df017f780908eb9644451?s=96&d=mm&r=g","contentUrl":"https:\/\/secure.gravatar.com\/avatar\/89915563d925342126b8ef0281b93d9d7fc337043e8df017f780908eb9644451?s=96&d=mm&r=g","caption":"St\u00e9phane Miget"},"url":"https:\/\/batijournal.com\/index.php\/author\/stephane\/"}]}},"_links":{"self":[{"href":"https:\/\/batijournal.com\/index.php\/wp-json\/wp\/v2\/posts\/108411","targetHints":{"allow":["GET"]}}],"collection":[{"href":"https:\/\/batijournal.com\/index.php\/wp-json\/wp\/v2\/posts"}],"about":[{"href":"https:\/\/batijournal.com\/index.php\/wp-json\/wp\/v2\/types\/post"}],"author":[{"embeddable":true,"href":"https:\/\/batijournal.com\/index.php\/wp-json\/wp\/v2\/users\/17"}],"replies":[{"embeddable":true,"href":"https:\/\/batijournal.com\/index.php\/wp-json\/wp\/v2\/comments?post=108411"}],"version-history":[{"count":0,"href":"https:\/\/batijournal.com\/index.php\/wp-json\/wp\/v2\/posts\/108411\/revisions"}],"wp:featuredmedia":[{"embeddable":true,"href":"https:\/\/batijournal.com\/index.php\/wp-json\/wp\/v2\/media\/108412"}],"wp:attachment":[{"href":"https:\/\/batijournal.com\/index.php\/wp-json\/wp\/v2\/media?parent=108411"}],"wp:term":[{"taxonomy":"category","embeddable":true,"href":"https:\/\/batijournal.com\/index.php\/wp-json\/wp\/v2\/categories?post=108411"},{"taxonomy":"post_tag","embeddable":true,"href":"https:\/\/batijournal.com\/index.php\/wp-json\/wp\/v2\/tags?post=108411"}],"curies":[{"name":"wp","href":"https:\/\/api.w.org\/{rel}","templated":true}]}}