{"id":108413,"date":"2022-12-06T08:51:36","date_gmt":"2022-12-06T07:51:36","guid":{"rendered":"https:\/\/batijournal.com\/?p=108413"},"modified":"2022-12-06T08:51:36","modified_gmt":"2022-12-06T07:51:36","slug":"isonat-double-sa-capacite-de-production-disolants-en-fibre-de-bois","status":"publish","type":"post","link":"https:\/\/batijournal.com\/index.php\/isonat-double-sa-capacite-de-production-disolants-en-fibre-de-bois\/108413\/","title":{"rendered":"Isonat double sa capacit\u00e9 de production d\u2019isolants en fibre de bois"},"content":{"rendered":"<p>Isonat, soci\u00e9t\u00e9 du groupe Saint-Gobain, expert de l\u2019isolation en fibre de bois, d\u00e9voile un important programme d\u2019investissement pour d\u00e9velopper la production de ses isolants biosourc\u00e9s. Deux phases d\u2019investissement vont se succ\u00e9der pour un montant total de 5 millions d\u2019Euros. 1,5 million d\u2019Euros en 2021 et 3,5 millions d\u2019Euros d\u2019ici 2023. Ces investissements permettront \u00e0 Isonat de doubler la capacit\u00e9 de production de son usine de Mably (42) qui passera \u00e0 19 000 tonnes de panneaux isolants de capacit\u00e9 annuelle en 2021 (+ 6 000 tonnes) puis \u00e0 42 000 tonnes \u00e0 l\u2019horizon 2023 (+ 17 000 tonnes). Une production qui permettra d\u2019isoler plus de 16 000 maisons\/an \u00e0 terme. Cette d\u00e9marche strat\u00e9gique s\u2019inscrit dans l\u2019anticipation de l\u2019acc\u00e9l\u00e9ration des commandes publiques et priv\u00e9es suite au plan de relance. Isonat accompagne la mont\u00e9e en comp\u00e9tences des entreprises et artisans sur la pose de ses produits. Il va \u00e9galement aider les bailleurs et les particuliers \u00e0 mieux comprendre les atouts \u00e9cologiques et \u00e9conomiques des isolants en fibre de bois.<\/p>\n","protected":false},"excerpt":{"rendered":"<p>Isonat, soci\u00e9t\u00e9 du groupe Saint-Gobain, expert de l\u2019isolation en fibre de bois, d\u00e9voile un important programme d\u2019investissement pour d\u00e9velopper la production de ses isolants biosourc\u00e9s. Deux phases d\u2019investissement vont se succ\u00e9der pour un montant total de 5 millions d\u2019Euros. 1,5 million d\u2019Euros en 2021 et 3,5 millions d\u2019Euros d\u2019ici 2023. Ces investissements permettront \u00e0 Isonat [&hellip;]<\/p>\n","protected":false},"author":17,"featured_media":108414,"comment_status":"closed","ping_status":"closed","sticky":false,"template":"","format":"standard","meta":{"_et_pb_use_builder":"","_et_pb_old_content":"","_et_gb_content_width":"","footnotes":""},"categories":[10530,6345,10781,10769,10778,10764],"tags":[3622,392,12497],"class_list":["post-108413","post","type-post","status-publish","format-standard","has-post-thumbnail","hentry","category-actualites","category-economie-marches","category-publications-planete","category-publications","category-planete","category-woodsurfer","tag-fibres-de-bois","tag-isolation-2","tag-materiaux-biosources"],"yoast_head":"<!-- This site is optimized with the Yoast SEO plugin v27.4 - https:\/\/yoast.com\/product\/yoast-seo-wordpress\/ -->\n<title>Isonat double sa capacit\u00e9 de production d\u2019isolants en fibre de bois<\/title>\n<meta name=\"robots\" content=\"index, follow, max-snippet:-1, max-image-preview:large, max-video-preview:-1\" \/>\n<link rel=\"canonical\" href=\"https:\/\/batijournal.com\/index.php\/isonat-double-sa-capacite-de-production-disolants-en-fibre-de-bois\/108413\/\" \/>\n<meta property=\"og:locale\" content=\"fr_FR\" \/>\n<meta property=\"og:type\" content=\"article\" \/>\n<meta property=\"og:title\" content=\"Isonat double sa capacit\u00e9 de production d\u2019isolants en fibre de bois\" \/>\n<meta property=\"og:description\" content=\"Isonat, soci\u00e9t\u00e9 du groupe Saint-Gobain, expert de l\u2019isolation en fibre de bois, d\u00e9voile un important programme d\u2019investissement pour d\u00e9velopper la production de ses isolants biosourc\u00e9s. Deux phases d\u2019investissement vont se succ\u00e9der pour un montant total de 5 millions d\u2019Euros. 1,5 million d\u2019Euros en 2021 et 3,5 millions d\u2019Euros d\u2019ici 2023. Ces investissements permettront \u00e0 Isonat [&hellip;]\" \/>\n<meta property=\"og:url\" content=\"https:\/\/batijournal.com\/index.php\/isonat-double-sa-capacite-de-production-disolants-en-fibre-de-bois\/108413\/\" \/>\n<meta property=\"og:site_name\" content=\"Batijournal\" \/>\n<meta property=\"article:published_time\" content=\"2022-12-06T07:51:36+00:00\" \/>\n<meta property=\"og:image\" content=\"https:\/\/batijournal.com\/wp-content\/uploads\/2022\/12\/isonat-isolant-fibre-de-bois.jpg\" \/>\n\t<meta property=\"og:image:width\" content=\"1123\" \/>\n\t<meta property=\"og:image:height\" content=\"514\" \/>\n\t<meta property=\"og:image:type\" content=\"image\/jpeg\" \/>\n<meta name=\"author\" content=\"St\u00e9phane Miget\" \/>\n<meta name=\"twitter:card\" content=\"summary_large_image\" \/>\n<meta name=\"twitter:creator\" content=\"@bati_journal\" \/>\n<meta name=\"twitter:site\" content=\"@bati_journal\" \/>\n<meta name=\"twitter:label1\" content=\"\u00c9crit par\" \/>\n\t<meta name=\"twitter:data1\" content=\"St\u00e9phane Miget\" \/>\n\t<meta name=\"twitter:label2\" content=\"Dur\u00e9e de lecture estim\u00e9e\" \/>\n\t<meta name=\"twitter:data2\" content=\"1 minute\" \/>\n<script type=\"application\/ld+json\" class=\"yoast-schema-graph\">{\"@context\":\"https:\\\/\\\/schema.org\",\"@graph\":[{\"@type\":\"Article\",\"@id\":\"https:\\\/\\\/batijournal.com\\\/index.php\\\/isonat-double-sa-capacite-de-production-disolants-en-fibre-de-bois\\\/108413\\\/#article\",\"isPartOf\":{\"@id\":\"https:\\\/\\\/batijournal.com\\\/index.php\\\/isonat-double-sa-capacite-de-production-disolants-en-fibre-de-bois\\\/108413\\\/\"},\"author\":{\"name\":\"St\u00e9phane Miget\",\"@id\":\"https:\\\/\\\/batijournal.com\\\/#\\\/schema\\\/person\\\/1dc96ec6957aa1ccb25ebe78bb19f100\"},\"headline\":\"Isonat double sa capacit\u00e9 de production d\u2019isolants en fibre de bois\",\"datePublished\":\"2022-12-06T07:51:36+00:00\",\"mainEntityOfPage\":{\"@id\":\"https:\\\/\\\/batijournal.com\\\/index.php\\\/isonat-double-sa-capacite-de-production-disolants-en-fibre-de-bois\\\/108413\\\/\"},\"wordCount\":177,\"image\":{\"@id\":\"https:\\\/\\\/batijournal.com\\\/index.php\\\/isonat-double-sa-capacite-de-production-disolants-en-fibre-de-bois\\\/108413\\\/#primaryimage\"},\"thumbnailUrl\":\"https:\\\/\\\/batijournal.com\\\/wp-content\\\/uploads\\\/2022\\\/12\\\/isonat-isolant-fibre-de-bois.jpg\",\"keywords\":[\"fibres de bois\",\"isolation\",\"mat\u00e9riaux biosourc\u00e9s\"],\"articleSection\":[\"Actualit\u00e9s\",\"\u00c9conomie &amp; March\u00e9s\",\"zz_Actualit\u00e9s - Plan\u00e8te\",\"zz_Actualit\u00e9s - Woodsurfer\",\"zz_Plan\u00e8te B\u00e2timent\",\"zz_Woodsurfer\"],\"inLanguage\":\"fr-FR\"},{\"@type\":\"WebPage\",\"@id\":\"https:\\\/\\\/batijournal.com\\\/index.php\\\/isonat-double-sa-capacite-de-production-disolants-en-fibre-de-bois\\\/108413\\\/\",\"url\":\"https:\\\/\\\/batijournal.com\\\/index.php\\\/isonat-double-sa-capacite-de-production-disolants-en-fibre-de-bois\\\/108413\\\/\",\"name\":\"Isonat double sa capacit\u00e9 de production d\u2019isolants en fibre de bois\",\"isPartOf\":{\"@id\":\"https:\\\/\\\/batijournal.com\\\/#website\"},\"primaryImageOfPage\":{\"@id\":\"https:\\\/\\\/batijournal.com\\\/index.php\\\/isonat-double-sa-capacite-de-production-disolants-en-fibre-de-bois\\\/108413\\\/#primaryimage\"},\"image\":{\"@id\":\"https:\\\/\\\/batijournal.com\\\/index.php\\\/isonat-double-sa-capacite-de-production-disolants-en-fibre-de-bois\\\/108413\\\/#primaryimage\"},\"thumbnailUrl\":\"https:\\\/\\\/batijournal.com\\\/wp-content\\\/uploads\\\/2022\\\/12\\\/isonat-isolant-fibre-de-bois.jpg\",\"datePublished\":\"2022-12-06T07:51:36+00:00\",\"author\":{\"@id\":\"https:\\\/\\\/batijournal.com\\\/#\\\/schema\\\/person\\\/1dc96ec6957aa1ccb25ebe78bb19f100\"},\"breadcrumb\":{\"@id\":\"https:\\\/\\\/batijournal.com\\\/index.php\\\/isonat-double-sa-capacite-de-production-disolants-en-fibre-de-bois\\\/108413\\\/#breadcrumb\"},\"inLanguage\":\"fr-FR\",\"potentialAction\":[{\"@type\":\"ReadAction\",\"target\":[\"https:\\\/\\\/batijournal.com\\\/index.php\\\/isonat-double-sa-capacite-de-production-disolants-en-fibre-de-bois\\\/108413\\\/\"]}]},{\"@type\":\"ImageObject\",\"inLanguage\":\"fr-FR\",\"@id\":\"https:\\\/\\\/batijournal.com\\\/index.php\\\/isonat-double-sa-capacite-de-production-disolants-en-fibre-de-bois\\\/108413\\\/#primaryimage\",\"url\":\"https:\\\/\\\/batijournal.com\\\/wp-content\\\/uploads\\\/2022\\\/12\\\/isonat-isolant-fibre-de-bois.jpg\",\"contentUrl\":\"https:\\\/\\\/batijournal.com\\\/wp-content\\\/uploads\\\/2022\\\/12\\\/isonat-isolant-fibre-de-bois.jpg\",\"width\":1123,\"height\":514},{\"@type\":\"BreadcrumbList\",\"@id\":\"https:\\\/\\\/batijournal.com\\\/index.php\\\/isonat-double-sa-capacite-de-production-disolants-en-fibre-de-bois\\\/108413\\\/#breadcrumb\",\"itemListElement\":[{\"@type\":\"ListItem\",\"position\":1,\"name\":\"Accueil\",\"item\":\"https:\\\/\\\/batijournal.com\\\/\"},{\"@type\":\"ListItem\",\"position\":2,\"name\":\"Actualit\u00e9s\",\"item\":\"https:\\\/\\\/batijournal.com\\\/index.php\\\/category\\\/actualites\\\/\"},{\"@type\":\"ListItem\",\"position\":3,\"name\":\"Isonat double sa capacit\u00e9 de production d\u2019isolants en fibre de bois\"}]},{\"@type\":\"WebSite\",\"@id\":\"https:\\\/\\\/batijournal.com\\\/#website\",\"url\":\"https:\\\/\\\/batijournal.com\\\/\",\"name\":\"Batijournal\",\"description\":\"L&#039;actualit\u00e9 du b\u00e2timent\",\"potentialAction\":[{\"@type\":\"SearchAction\",\"target\":{\"@type\":\"EntryPoint\",\"urlTemplate\":\"https:\\\/\\\/batijournal.com\\\/?s={search_term_string}\"},\"query-input\":{\"@type\":\"PropertyValueSpecification\",\"valueRequired\":true,\"valueName\":\"search_term_string\"}}],\"inLanguage\":\"fr-FR\"},{\"@type\":\"Person\",\"@id\":\"https:\\\/\\\/batijournal.com\\\/#\\\/schema\\\/person\\\/1dc96ec6957aa1ccb25ebe78bb19f100\",\"name\":\"St\u00e9phane Miget\",\"image\":{\"@type\":\"ImageObject\",\"inLanguage\":\"fr-FR\",\"@id\":\"https:\\\/\\\/secure.gravatar.com\\\/avatar\\\/89915563d925342126b8ef0281b93d9d7fc337043e8df017f780908eb9644451?s=96&d=mm&r=g\",\"url\":\"https:\\\/\\\/secure.gravatar.com\\\/avatar\\\/89915563d925342126b8ef0281b93d9d7fc337043e8df017f780908eb9644451?s=96&d=mm&r=g\",\"contentUrl\":\"https:\\\/\\\/secure.gravatar.com\\\/avatar\\\/89915563d925342126b8ef0281b93d9d7fc337043e8df017f780908eb9644451?s=96&d=mm&r=g\",\"caption\":\"St\u00e9phane Miget\"},\"url\":\"https:\\\/\\\/batijournal.com\\\/index.php\\\/author\\\/stephane\\\/\"}]}<\/script>\n<!-- \/ Yoast SEO plugin. -->","yoast_head_json":{"title":"Isonat double sa capacit\u00e9 de production d\u2019isolants en fibre de bois","robots":{"index":"index","follow":"follow","max-snippet":"max-snippet:-1","max-image-preview":"max-image-preview:large","max-video-preview":"max-video-preview:-1"},"canonical":"https:\/\/batijournal.com\/index.php\/isonat-double-sa-capacite-de-production-disolants-en-fibre-de-bois\/108413\/","og_locale":"fr_FR","og_type":"article","og_title":"Isonat double sa capacit\u00e9 de production d\u2019isolants en fibre de bois","og_description":"Isonat, soci\u00e9t\u00e9 du groupe Saint-Gobain, expert de l\u2019isolation en fibre de bois, d\u00e9voile un important programme d\u2019investissement pour d\u00e9velopper la production de ses isolants biosourc\u00e9s. Deux phases d\u2019investissement vont se succ\u00e9der pour un montant total de 5 millions d\u2019Euros. 1,5 million d\u2019Euros en 2021 et 3,5 millions d\u2019Euros d\u2019ici 2023. Ces investissements permettront \u00e0 Isonat [&hellip;]","og_url":"https:\/\/batijournal.com\/index.php\/isonat-double-sa-capacite-de-production-disolants-en-fibre-de-bois\/108413\/","og_site_name":"Batijournal","article_published_time":"2022-12-06T07:51:36+00:00","og_image":[{"width":1123,"height":514,"url":"https:\/\/batijournal.com\/wp-content\/uploads\/2022\/12\/isonat-isolant-fibre-de-bois.jpg","type":"image\/jpeg"}],"author":"St\u00e9phane Miget","twitter_card":"summary_large_image","twitter_creator":"@bati_journal","twitter_site":"@bati_journal","twitter_misc":{"\u00c9crit par":"St\u00e9phane Miget","Dur\u00e9e de lecture estim\u00e9e":"1 minute"},"schema":{"@context":"https:\/\/schema.org","@graph":[{"@type":"Article","@id":"https:\/\/batijournal.com\/index.php\/isonat-double-sa-capacite-de-production-disolants-en-fibre-de-bois\/108413\/#article","isPartOf":{"@id":"https:\/\/batijournal.com\/index.php\/isonat-double-sa-capacite-de-production-disolants-en-fibre-de-bois\/108413\/"},"author":{"name":"St\u00e9phane Miget","@id":"https:\/\/batijournal.com\/#\/schema\/person\/1dc96ec6957aa1ccb25ebe78bb19f100"},"headline":"Isonat double sa capacit\u00e9 de production d\u2019isolants en fibre de bois","datePublished":"2022-12-06T07:51:36+00:00","mainEntityOfPage":{"@id":"https:\/\/batijournal.com\/index.php\/isonat-double-sa-capacite-de-production-disolants-en-fibre-de-bois\/108413\/"},"wordCount":177,"image":{"@id":"https:\/\/batijournal.com\/index.php\/isonat-double-sa-capacite-de-production-disolants-en-fibre-de-bois\/108413\/#primaryimage"},"thumbnailUrl":"https:\/\/batijournal.com\/wp-content\/uploads\/2022\/12\/isonat-isolant-fibre-de-bois.jpg","keywords":["fibres de bois","isolation","mat\u00e9riaux biosourc\u00e9s"],"articleSection":["Actualit\u00e9s","\u00c9conomie &amp; March\u00e9s","zz_Actualit\u00e9s - Plan\u00e8te","zz_Actualit\u00e9s - Woodsurfer","zz_Plan\u00e8te B\u00e2timent","zz_Woodsurfer"],"inLanguage":"fr-FR"},{"@type":"WebPage","@id":"https:\/\/batijournal.com\/index.php\/isonat-double-sa-capacite-de-production-disolants-en-fibre-de-bois\/108413\/","url":"https:\/\/batijournal.com\/index.php\/isonat-double-sa-capacite-de-production-disolants-en-fibre-de-bois\/108413\/","name":"Isonat double sa capacit\u00e9 de production d\u2019isolants en fibre de bois","isPartOf":{"@id":"https:\/\/batijournal.com\/#website"},"primaryImageOfPage":{"@id":"https:\/\/batijournal.com\/index.php\/isonat-double-sa-capacite-de-production-disolants-en-fibre-de-bois\/108413\/#primaryimage"},"image":{"@id":"https:\/\/batijournal.com\/index.php\/isonat-double-sa-capacite-de-production-disolants-en-fibre-de-bois\/108413\/#primaryimage"},"thumbnailUrl":"https:\/\/batijournal.com\/wp-content\/uploads\/2022\/12\/isonat-isolant-fibre-de-bois.jpg","datePublished":"2022-12-06T07:51:36+00:00","author":{"@id":"https:\/\/batijournal.com\/#\/schema\/person\/1dc96ec6957aa1ccb25ebe78bb19f100"},"breadcrumb":{"@id":"https:\/\/batijournal.com\/index.php\/isonat-double-sa-capacite-de-production-disolants-en-fibre-de-bois\/108413\/#breadcrumb"},"inLanguage":"fr-FR","potentialAction":[{"@type":"ReadAction","target":["https:\/\/batijournal.com\/index.php\/isonat-double-sa-capacite-de-production-disolants-en-fibre-de-bois\/108413\/"]}]},{"@type":"ImageObject","inLanguage":"fr-FR","@id":"https:\/\/batijournal.com\/index.php\/isonat-double-sa-capacite-de-production-disolants-en-fibre-de-bois\/108413\/#primaryimage","url":"https:\/\/batijournal.com\/wp-content\/uploads\/2022\/12\/isonat-isolant-fibre-de-bois.jpg","contentUrl":"https:\/\/batijournal.com\/wp-content\/uploads\/2022\/12\/isonat-isolant-fibre-de-bois.jpg","width":1123,"height":514},{"@type":"BreadcrumbList","@id":"https:\/\/batijournal.com\/index.php\/isonat-double-sa-capacite-de-production-disolants-en-fibre-de-bois\/108413\/#breadcrumb","itemListElement":[{"@type":"ListItem","position":1,"name":"Accueil","item":"https:\/\/batijournal.com\/"},{"@type":"ListItem","position":2,"name":"Actualit\u00e9s","item":"https:\/\/batijournal.com\/index.php\/category\/actualites\/"},{"@type":"ListItem","position":3,"name":"Isonat double sa capacit\u00e9 de production d\u2019isolants en fibre de bois"}]},{"@type":"WebSite","@id":"https:\/\/batijournal.com\/#website","url":"https:\/\/batijournal.com\/","name":"Batijournal","description":"L&#039;actualit\u00e9 du b\u00e2timent","potentialAction":[{"@type":"SearchAction","target":{"@type":"EntryPoint","urlTemplate":"https:\/\/batijournal.com\/?s={search_term_string}"},"query-input":{"@type":"PropertyValueSpecification","valueRequired":true,"valueName":"search_term_string"}}],"inLanguage":"fr-FR"},{"@type":"Person","@id":"https:\/\/batijournal.com\/#\/schema\/person\/1dc96ec6957aa1ccb25ebe78bb19f100","name":"St\u00e9phane Miget","image":{"@type":"ImageObject","inLanguage":"fr-FR","@id":"https:\/\/secure.gravatar.com\/avatar\/89915563d925342126b8ef0281b93d9d7fc337043e8df017f780908eb9644451?s=96&d=mm&r=g","url":"https:\/\/secure.gravatar.com\/avatar\/89915563d925342126b8ef0281b93d9d7fc337043e8df017f780908eb9644451?s=96&d=mm&r=g","contentUrl":"https:\/\/secure.gravatar.com\/avatar\/89915563d925342126b8ef0281b93d9d7fc337043e8df017f780908eb9644451?s=96&d=mm&r=g","caption":"St\u00e9phane Miget"},"url":"https:\/\/batijournal.com\/index.php\/author\/stephane\/"}]}},"_links":{"self":[{"href":"https:\/\/batijournal.com\/index.php\/wp-json\/wp\/v2\/posts\/108413","targetHints":{"allow":["GET"]}}],"collection":[{"href":"https:\/\/batijournal.com\/index.php\/wp-json\/wp\/v2\/posts"}],"about":[{"href":"https:\/\/batijournal.com\/index.php\/wp-json\/wp\/v2\/types\/post"}],"author":[{"embeddable":true,"href":"https:\/\/batijournal.com\/index.php\/wp-json\/wp\/v2\/users\/17"}],"replies":[{"embeddable":true,"href":"https:\/\/batijournal.com\/index.php\/wp-json\/wp\/v2\/comments?post=108413"}],"version-history":[{"count":0,"href":"https:\/\/batijournal.com\/index.php\/wp-json\/wp\/v2\/posts\/108413\/revisions"}],"wp:featuredmedia":[{"embeddable":true,"href":"https:\/\/batijournal.com\/index.php\/wp-json\/wp\/v2\/media\/108414"}],"wp:attachment":[{"href":"https:\/\/batijournal.com\/index.php\/wp-json\/wp\/v2\/media?parent=108413"}],"wp:term":[{"taxonomy":"category","embeddable":true,"href":"https:\/\/batijournal.com\/index.php\/wp-json\/wp\/v2\/categories?post=108413"},{"taxonomy":"post_tag","embeddable":true,"href":"https:\/\/batijournal.com\/index.php\/wp-json\/wp\/v2\/tags?post=108413"}],"curies":[{"name":"wp","href":"https:\/\/api.w.org\/{rel}","templated":true}]}}