{"id":108415,"date":"2022-12-06T08:50:35","date_gmt":"2022-12-06T07:50:35","guid":{"rendered":"https:\/\/batijournal.com\/?p=108415"},"modified":"2022-12-09T20:19:08","modified_gmt":"2022-12-09T19:19:08","slug":"christian-bouigeon-nouveau-president-du-filmm","status":"publish","type":"post","link":"https:\/\/batijournal.com\/index.php\/christian-bouigeon-nouveau-president-du-filmm\/108415\/","title":{"rendered":"Christian Bouigeon nouveau pr\u00e9sident du FILMM"},"content":{"rendered":"<p>Christian Bouigeon a \u00e9t\u00e9 \u00e9lu \u00e0 la Pr\u00e9sidence du FILMM et succ\u00e8de \u00e0 Pierre-Emmanuel Thiard, appel\u00e9 \u00e0 d\u2019autres fonctions. Ing\u00e9nieur dipl\u00f4m\u00e9 de l\u2019\u00e9cole ESPCI Paris, il d\u00e9bute sa carri\u00e8re en tant qu\u2019ing\u00e9nieur de recherche au sein du Groupe Saint-Gobain. Il l\u2019a poursuivie dans diff\u00e9rentes entit\u00e9s du Groupe en France et en Pologne. Occupant des fonctions de Direction G\u00e9n\u00e9rale depuis 2004, il a \u00e9t\u00e9 nomm\u00e9 \u00e0 la Direction G\u00e9n\u00e9rale des marques Isover et Placo France depuis mai 2021. Christian Bouigeon et les membres du FILMM souhaitent rappeler le r\u00f4le fondamental de l\u2019isolation pour une v\u00e9ritable sobri\u00e9t\u00e9 \u00e9nerg\u00e9tique des b\u00e2timents. A l\u2019heure du d\u00e9r\u00e8glement climatique et des crises \u00e9nerg\u00e9tiques, des d\u00e9cisions fortes doivent \u00eatre prises sur la r\u00e9novation des b\u00e2timents en France en utilisant tous les dispositifs incitatifs et financiers pour passer \u00e0 l\u2019action. Les adh\u00e9rents du FILMM (Eurocoustic, Isover, Knauf Insulation, Rockwool, Ursa), produisant tous en France, proposent des laines min\u00e9rales de verre et de roche permettant de r\u00e9pondre \u00e0 cette urgence collective.<\/p>\n","protected":false},"excerpt":{"rendered":"<p>Christian Bouigeon a \u00e9t\u00e9 \u00e9lu \u00e0 la Pr\u00e9sidence du FILMM et succ\u00e8de \u00e0 Pierre-Emmanuel Thiard, appel\u00e9 \u00e0 d\u2019autres fonctions. Ing\u00e9nieur dipl\u00f4m\u00e9 de l\u2019\u00e9cole ESPCI Paris, il d\u00e9bute sa carri\u00e8re en tant qu\u2019ing\u00e9nieur de recherche au sein du Groupe Saint-Gobain. Il l\u2019a poursuivie dans diff\u00e9rentes entit\u00e9s du Groupe en France et en Pologne. Occupant des fonctions [&hellip;]<\/p>\n","protected":false},"author":17,"featured_media":108416,"comment_status":"closed","ping_status":"closed","sticky":false,"template":"","format":"standard","meta":{"_et_pb_use_builder":"","_et_pb_old_content":"","_et_gb_content_width":"","footnotes":""},"categories":[10530,6345,10771,10775,10781,10769,10778,10764],"tags":[6646,392],"class_list":["post-108415","post","type-post","status-publish","format-standard","has-post-thumbnail","hentry","category-actualites","category-economie-marches","category-5facades","category-actualites-5facades","category-publications-planete","category-publications","category-planete","category-woodsurfer","tag-filmm","tag-isolation-2"],"yoast_head":"<!-- This site is optimized with the Yoast SEO plugin v27.4 - https:\/\/yoast.com\/product\/yoast-seo-wordpress\/ -->\n<title>Christian Bouigeon nouveau pr\u00e9sident du FILMM<\/title>\n<meta name=\"robots\" content=\"index, follow, max-snippet:-1, max-image-preview:large, max-video-preview:-1\" \/>\n<link rel=\"canonical\" href=\"https:\/\/batijournal.com\/index.php\/christian-bouigeon-nouveau-president-du-filmm\/108415\/\" \/>\n<meta property=\"og:locale\" content=\"fr_FR\" \/>\n<meta property=\"og:type\" content=\"article\" \/>\n<meta property=\"og:title\" content=\"Christian Bouigeon nouveau pr\u00e9sident du FILMM\" \/>\n<meta property=\"og:description\" content=\"Christian Bouigeon a \u00e9t\u00e9 \u00e9lu \u00e0 la Pr\u00e9sidence du FILMM et succ\u00e8de \u00e0 Pierre-Emmanuel Thiard, appel\u00e9 \u00e0 d\u2019autres fonctions. Ing\u00e9nieur dipl\u00f4m\u00e9 de l\u2019\u00e9cole ESPCI Paris, il d\u00e9bute sa carri\u00e8re en tant qu\u2019ing\u00e9nieur de recherche au sein du Groupe Saint-Gobain. Il l\u2019a poursuivie dans diff\u00e9rentes entit\u00e9s du Groupe en France et en Pologne. Occupant des fonctions [&hellip;]\" \/>\n<meta property=\"og:url\" content=\"https:\/\/batijournal.com\/index.php\/christian-bouigeon-nouveau-president-du-filmm\/108415\/\" \/>\n<meta property=\"og:site_name\" content=\"Batijournal\" \/>\n<meta property=\"article:published_time\" content=\"2022-12-06T07:50:35+00:00\" \/>\n<meta property=\"article:modified_time\" content=\"2022-12-09T19:19:08+00:00\" \/>\n<meta property=\"og:image\" content=\"https:\/\/batijournal.com\/wp-content\/uploads\/2022\/12\/christian_bouigeon-filmm.jpg\" \/>\n\t<meta property=\"og:image:width\" content=\"1000\" \/>\n\t<meta property=\"og:image:height\" content=\"737\" \/>\n\t<meta property=\"og:image:type\" content=\"image\/jpeg\" \/>\n<meta name=\"author\" content=\"St\u00e9phane Miget\" \/>\n<meta name=\"twitter:card\" content=\"summary_large_image\" \/>\n<meta name=\"twitter:creator\" content=\"@bati_journal\" \/>\n<meta name=\"twitter:site\" content=\"@bati_journal\" \/>\n<meta name=\"twitter:label1\" content=\"\u00c9crit par\" \/>\n\t<meta name=\"twitter:data1\" content=\"St\u00e9phane Miget\" \/>\n\t<meta name=\"twitter:label2\" content=\"Dur\u00e9e de lecture estim\u00e9e\" \/>\n\t<meta name=\"twitter:data2\" content=\"1 minute\" \/>\n<script type=\"application\/ld+json\" class=\"yoast-schema-graph\">{\"@context\":\"https:\\\/\\\/schema.org\",\"@graph\":[{\"@type\":\"Article\",\"@id\":\"https:\\\/\\\/batijournal.com\\\/index.php\\\/christian-bouigeon-nouveau-president-du-filmm\\\/108415\\\/#article\",\"isPartOf\":{\"@id\":\"https:\\\/\\\/batijournal.com\\\/index.php\\\/christian-bouigeon-nouveau-president-du-filmm\\\/108415\\\/\"},\"author\":{\"name\":\"St\u00e9phane Miget\",\"@id\":\"https:\\\/\\\/batijournal.com\\\/#\\\/schema\\\/person\\\/1dc96ec6957aa1ccb25ebe78bb19f100\"},\"headline\":\"Christian Bouigeon nouveau pr\u00e9sident du FILMM\",\"datePublished\":\"2022-12-06T07:50:35+00:00\",\"dateModified\":\"2022-12-09T19:19:08+00:00\",\"mainEntityOfPage\":{\"@id\":\"https:\\\/\\\/batijournal.com\\\/index.php\\\/christian-bouigeon-nouveau-president-du-filmm\\\/108415\\\/\"},\"wordCount\":195,\"image\":{\"@id\":\"https:\\\/\\\/batijournal.com\\\/index.php\\\/christian-bouigeon-nouveau-president-du-filmm\\\/108415\\\/#primaryimage\"},\"thumbnailUrl\":\"https:\\\/\\\/batijournal.com\\\/wp-content\\\/uploads\\\/2022\\\/12\\\/christian_bouigeon-filmm.jpg\",\"keywords\":[\"filmm\",\"isolation\"],\"articleSection\":[\"Actualit\u00e9s\",\"\u00c9conomie &amp; March\u00e9s\",\"zz_5fa\u00e7ades\",\"zz_Actualit\u00e9s - 5fa\u00e7ades\",\"zz_Actualit\u00e9s - Plan\u00e8te\",\"zz_Actualit\u00e9s - Woodsurfer\",\"zz_Plan\u00e8te B\u00e2timent\",\"zz_Woodsurfer\"],\"inLanguage\":\"fr-FR\"},{\"@type\":\"WebPage\",\"@id\":\"https:\\\/\\\/batijournal.com\\\/index.php\\\/christian-bouigeon-nouveau-president-du-filmm\\\/108415\\\/\",\"url\":\"https:\\\/\\\/batijournal.com\\\/index.php\\\/christian-bouigeon-nouveau-president-du-filmm\\\/108415\\\/\",\"name\":\"Christian Bouigeon nouveau pr\u00e9sident du FILMM\",\"isPartOf\":{\"@id\":\"https:\\\/\\\/batijournal.com\\\/#website\"},\"primaryImageOfPage\":{\"@id\":\"https:\\\/\\\/batijournal.com\\\/index.php\\\/christian-bouigeon-nouveau-president-du-filmm\\\/108415\\\/#primaryimage\"},\"image\":{\"@id\":\"https:\\\/\\\/batijournal.com\\\/index.php\\\/christian-bouigeon-nouveau-president-du-filmm\\\/108415\\\/#primaryimage\"},\"thumbnailUrl\":\"https:\\\/\\\/batijournal.com\\\/wp-content\\\/uploads\\\/2022\\\/12\\\/christian_bouigeon-filmm.jpg\",\"datePublished\":\"2022-12-06T07:50:35+00:00\",\"dateModified\":\"2022-12-09T19:19:08+00:00\",\"author\":{\"@id\":\"https:\\\/\\\/batijournal.com\\\/#\\\/schema\\\/person\\\/1dc96ec6957aa1ccb25ebe78bb19f100\"},\"breadcrumb\":{\"@id\":\"https:\\\/\\\/batijournal.com\\\/index.php\\\/christian-bouigeon-nouveau-president-du-filmm\\\/108415\\\/#breadcrumb\"},\"inLanguage\":\"fr-FR\",\"potentialAction\":[{\"@type\":\"ReadAction\",\"target\":[\"https:\\\/\\\/batijournal.com\\\/index.php\\\/christian-bouigeon-nouveau-president-du-filmm\\\/108415\\\/\"]}]},{\"@type\":\"ImageObject\",\"inLanguage\":\"fr-FR\",\"@id\":\"https:\\\/\\\/batijournal.com\\\/index.php\\\/christian-bouigeon-nouveau-president-du-filmm\\\/108415\\\/#primaryimage\",\"url\":\"https:\\\/\\\/batijournal.com\\\/wp-content\\\/uploads\\\/2022\\\/12\\\/christian_bouigeon-filmm.jpg\",\"contentUrl\":\"https:\\\/\\\/batijournal.com\\\/wp-content\\\/uploads\\\/2022\\\/12\\\/christian_bouigeon-filmm.jpg\",\"width\":1000,\"height\":737},{\"@type\":\"BreadcrumbList\",\"@id\":\"https:\\\/\\\/batijournal.com\\\/index.php\\\/christian-bouigeon-nouveau-president-du-filmm\\\/108415\\\/#breadcrumb\",\"itemListElement\":[{\"@type\":\"ListItem\",\"position\":1,\"name\":\"Accueil\",\"item\":\"https:\\\/\\\/batijournal.com\\\/\"},{\"@type\":\"ListItem\",\"position\":2,\"name\":\"Actualit\u00e9s\",\"item\":\"https:\\\/\\\/batijournal.com\\\/index.php\\\/category\\\/actualites\\\/\"},{\"@type\":\"ListItem\",\"position\":3,\"name\":\"\u00c9conomie &amp; March\u00e9s\",\"item\":\"https:\\\/\\\/batijournal.com\\\/index.php\\\/category\\\/actualites\\\/economie-marches\\\/\"},{\"@type\":\"ListItem\",\"position\":4,\"name\":\"Christian Bouigeon nouveau pr\u00e9sident du FILMM\"}]},{\"@type\":\"WebSite\",\"@id\":\"https:\\\/\\\/batijournal.com\\\/#website\",\"url\":\"https:\\\/\\\/batijournal.com\\\/\",\"name\":\"Batijournal\",\"description\":\"L&#039;actualit\u00e9 du b\u00e2timent\",\"potentialAction\":[{\"@type\":\"SearchAction\",\"target\":{\"@type\":\"EntryPoint\",\"urlTemplate\":\"https:\\\/\\\/batijournal.com\\\/?s={search_term_string}\"},\"query-input\":{\"@type\":\"PropertyValueSpecification\",\"valueRequired\":true,\"valueName\":\"search_term_string\"}}],\"inLanguage\":\"fr-FR\"},{\"@type\":\"Person\",\"@id\":\"https:\\\/\\\/batijournal.com\\\/#\\\/schema\\\/person\\\/1dc96ec6957aa1ccb25ebe78bb19f100\",\"name\":\"St\u00e9phane Miget\",\"image\":{\"@type\":\"ImageObject\",\"inLanguage\":\"fr-FR\",\"@id\":\"https:\\\/\\\/secure.gravatar.com\\\/avatar\\\/89915563d925342126b8ef0281b93d9d7fc337043e8df017f780908eb9644451?s=96&d=mm&r=g\",\"url\":\"https:\\\/\\\/secure.gravatar.com\\\/avatar\\\/89915563d925342126b8ef0281b93d9d7fc337043e8df017f780908eb9644451?s=96&d=mm&r=g\",\"contentUrl\":\"https:\\\/\\\/secure.gravatar.com\\\/avatar\\\/89915563d925342126b8ef0281b93d9d7fc337043e8df017f780908eb9644451?s=96&d=mm&r=g\",\"caption\":\"St\u00e9phane Miget\"},\"url\":\"https:\\\/\\\/batijournal.com\\\/index.php\\\/author\\\/stephane\\\/\"}]}<\/script>\n<!-- \/ Yoast SEO plugin. -->","yoast_head_json":{"title":"Christian Bouigeon nouveau pr\u00e9sident du FILMM","robots":{"index":"index","follow":"follow","max-snippet":"max-snippet:-1","max-image-preview":"max-image-preview:large","max-video-preview":"max-video-preview:-1"},"canonical":"https:\/\/batijournal.com\/index.php\/christian-bouigeon-nouveau-president-du-filmm\/108415\/","og_locale":"fr_FR","og_type":"article","og_title":"Christian Bouigeon nouveau pr\u00e9sident du FILMM","og_description":"Christian Bouigeon a \u00e9t\u00e9 \u00e9lu \u00e0 la Pr\u00e9sidence du FILMM et succ\u00e8de \u00e0 Pierre-Emmanuel Thiard, appel\u00e9 \u00e0 d\u2019autres fonctions. Ing\u00e9nieur dipl\u00f4m\u00e9 de l\u2019\u00e9cole ESPCI Paris, il d\u00e9bute sa carri\u00e8re en tant qu\u2019ing\u00e9nieur de recherche au sein du Groupe Saint-Gobain. Il l\u2019a poursuivie dans diff\u00e9rentes entit\u00e9s du Groupe en France et en Pologne. Occupant des fonctions [&hellip;]","og_url":"https:\/\/batijournal.com\/index.php\/christian-bouigeon-nouveau-president-du-filmm\/108415\/","og_site_name":"Batijournal","article_published_time":"2022-12-06T07:50:35+00:00","article_modified_time":"2022-12-09T19:19:08+00:00","og_image":[{"width":1000,"height":737,"url":"https:\/\/batijournal.com\/wp-content\/uploads\/2022\/12\/christian_bouigeon-filmm.jpg","type":"image\/jpeg"}],"author":"St\u00e9phane Miget","twitter_card":"summary_large_image","twitter_creator":"@bati_journal","twitter_site":"@bati_journal","twitter_misc":{"\u00c9crit par":"St\u00e9phane Miget","Dur\u00e9e de lecture estim\u00e9e":"1 minute"},"schema":{"@context":"https:\/\/schema.org","@graph":[{"@type":"Article","@id":"https:\/\/batijournal.com\/index.php\/christian-bouigeon-nouveau-president-du-filmm\/108415\/#article","isPartOf":{"@id":"https:\/\/batijournal.com\/index.php\/christian-bouigeon-nouveau-president-du-filmm\/108415\/"},"author":{"name":"St\u00e9phane Miget","@id":"https:\/\/batijournal.com\/#\/schema\/person\/1dc96ec6957aa1ccb25ebe78bb19f100"},"headline":"Christian Bouigeon nouveau pr\u00e9sident du FILMM","datePublished":"2022-12-06T07:50:35+00:00","dateModified":"2022-12-09T19:19:08+00:00","mainEntityOfPage":{"@id":"https:\/\/batijournal.com\/index.php\/christian-bouigeon-nouveau-president-du-filmm\/108415\/"},"wordCount":195,"image":{"@id":"https:\/\/batijournal.com\/index.php\/christian-bouigeon-nouveau-president-du-filmm\/108415\/#primaryimage"},"thumbnailUrl":"https:\/\/batijournal.com\/wp-content\/uploads\/2022\/12\/christian_bouigeon-filmm.jpg","keywords":["filmm","isolation"],"articleSection":["Actualit\u00e9s","\u00c9conomie &amp; March\u00e9s","zz_5fa\u00e7ades","zz_Actualit\u00e9s - 5fa\u00e7ades","zz_Actualit\u00e9s - Plan\u00e8te","zz_Actualit\u00e9s - Woodsurfer","zz_Plan\u00e8te B\u00e2timent","zz_Woodsurfer"],"inLanguage":"fr-FR"},{"@type":"WebPage","@id":"https:\/\/batijournal.com\/index.php\/christian-bouigeon-nouveau-president-du-filmm\/108415\/","url":"https:\/\/batijournal.com\/index.php\/christian-bouigeon-nouveau-president-du-filmm\/108415\/","name":"Christian Bouigeon nouveau pr\u00e9sident du FILMM","isPartOf":{"@id":"https:\/\/batijournal.com\/#website"},"primaryImageOfPage":{"@id":"https:\/\/batijournal.com\/index.php\/christian-bouigeon-nouveau-president-du-filmm\/108415\/#primaryimage"},"image":{"@id":"https:\/\/batijournal.com\/index.php\/christian-bouigeon-nouveau-president-du-filmm\/108415\/#primaryimage"},"thumbnailUrl":"https:\/\/batijournal.com\/wp-content\/uploads\/2022\/12\/christian_bouigeon-filmm.jpg","datePublished":"2022-12-06T07:50:35+00:00","dateModified":"2022-12-09T19:19:08+00:00","author":{"@id":"https:\/\/batijournal.com\/#\/schema\/person\/1dc96ec6957aa1ccb25ebe78bb19f100"},"breadcrumb":{"@id":"https:\/\/batijournal.com\/index.php\/christian-bouigeon-nouveau-president-du-filmm\/108415\/#breadcrumb"},"inLanguage":"fr-FR","potentialAction":[{"@type":"ReadAction","target":["https:\/\/batijournal.com\/index.php\/christian-bouigeon-nouveau-president-du-filmm\/108415\/"]}]},{"@type":"ImageObject","inLanguage":"fr-FR","@id":"https:\/\/batijournal.com\/index.php\/christian-bouigeon-nouveau-president-du-filmm\/108415\/#primaryimage","url":"https:\/\/batijournal.com\/wp-content\/uploads\/2022\/12\/christian_bouigeon-filmm.jpg","contentUrl":"https:\/\/batijournal.com\/wp-content\/uploads\/2022\/12\/christian_bouigeon-filmm.jpg","width":1000,"height":737},{"@type":"BreadcrumbList","@id":"https:\/\/batijournal.com\/index.php\/christian-bouigeon-nouveau-president-du-filmm\/108415\/#breadcrumb","itemListElement":[{"@type":"ListItem","position":1,"name":"Accueil","item":"https:\/\/batijournal.com\/"},{"@type":"ListItem","position":2,"name":"Actualit\u00e9s","item":"https:\/\/batijournal.com\/index.php\/category\/actualites\/"},{"@type":"ListItem","position":3,"name":"\u00c9conomie &amp; March\u00e9s","item":"https:\/\/batijournal.com\/index.php\/category\/actualites\/economie-marches\/"},{"@type":"ListItem","position":4,"name":"Christian Bouigeon nouveau pr\u00e9sident du FILMM"}]},{"@type":"WebSite","@id":"https:\/\/batijournal.com\/#website","url":"https:\/\/batijournal.com\/","name":"Batijournal","description":"L&#039;actualit\u00e9 du b\u00e2timent","potentialAction":[{"@type":"SearchAction","target":{"@type":"EntryPoint","urlTemplate":"https:\/\/batijournal.com\/?s={search_term_string}"},"query-input":{"@type":"PropertyValueSpecification","valueRequired":true,"valueName":"search_term_string"}}],"inLanguage":"fr-FR"},{"@type":"Person","@id":"https:\/\/batijournal.com\/#\/schema\/person\/1dc96ec6957aa1ccb25ebe78bb19f100","name":"St\u00e9phane Miget","image":{"@type":"ImageObject","inLanguage":"fr-FR","@id":"https:\/\/secure.gravatar.com\/avatar\/89915563d925342126b8ef0281b93d9d7fc337043e8df017f780908eb9644451?s=96&d=mm&r=g","url":"https:\/\/secure.gravatar.com\/avatar\/89915563d925342126b8ef0281b93d9d7fc337043e8df017f780908eb9644451?s=96&d=mm&r=g","contentUrl":"https:\/\/secure.gravatar.com\/avatar\/89915563d925342126b8ef0281b93d9d7fc337043e8df017f780908eb9644451?s=96&d=mm&r=g","caption":"St\u00e9phane Miget"},"url":"https:\/\/batijournal.com\/index.php\/author\/stephane\/"}]}},"_links":{"self":[{"href":"https:\/\/batijournal.com\/index.php\/wp-json\/wp\/v2\/posts\/108415","targetHints":{"allow":["GET"]}}],"collection":[{"href":"https:\/\/batijournal.com\/index.php\/wp-json\/wp\/v2\/posts"}],"about":[{"href":"https:\/\/batijournal.com\/index.php\/wp-json\/wp\/v2\/types\/post"}],"author":[{"embeddable":true,"href":"https:\/\/batijournal.com\/index.php\/wp-json\/wp\/v2\/users\/17"}],"replies":[{"embeddable":true,"href":"https:\/\/batijournal.com\/index.php\/wp-json\/wp\/v2\/comments?post=108415"}],"version-history":[{"count":0,"href":"https:\/\/batijournal.com\/index.php\/wp-json\/wp\/v2\/posts\/108415\/revisions"}],"wp:featuredmedia":[{"embeddable":true,"href":"https:\/\/batijournal.com\/index.php\/wp-json\/wp\/v2\/media\/108416"}],"wp:attachment":[{"href":"https:\/\/batijournal.com\/index.php\/wp-json\/wp\/v2\/media?parent=108415"}],"wp:term":[{"taxonomy":"category","embeddable":true,"href":"https:\/\/batijournal.com\/index.php\/wp-json\/wp\/v2\/categories?post=108415"},{"taxonomy":"post_tag","embeddable":true,"href":"https:\/\/batijournal.com\/index.php\/wp-json\/wp\/v2\/tags?post=108415"}],"curies":[{"name":"wp","href":"https:\/\/api.w.org\/{rel}","templated":true}]}}