{"id":108436,"date":"2022-12-14T18:24:47","date_gmt":"2022-12-14T17:24:47","guid":{"rendered":"https:\/\/batijournal.com\/?p=108436"},"modified":"2022-12-14T18:24:47","modified_gmt":"2022-12-14T17:24:47","slug":"lequipe-de-france-du-btp-en-gestation-pour-la-47e-edition-des-worldskills","status":"publish","type":"post","link":"https:\/\/batijournal.com\/index.php\/lequipe-de-france-du-btp-en-gestation-pour-la-47e-edition-des-worldskills\/108436\/","title":{"rendered":"L\u2019\u00c9quipe de France du BTP en gestation pour la 47\u00e8 \u00e9dition des WorldSkills"},"content":{"rendered":"<p>La FFB, la FNTP, la SMABTP et WorldSkills France ont cr\u00e9\u00e9 l\u2019\u00c9quipe de France du BTP pour la comp\u00e9tition des m\u00e9tiers WorldSkills dont les comp\u00e9titions nationales auront lieu \u00e0 Lyon du 14 au 16 septembre 2023, puis les finales mondiales du 10 au 15 septembre 2024, toujours \u00e0 Lyon. Cette \u00e9quipe nationale de jeunes talents de la construction sera coach\u00e9e par Christophe URIOS, ancien champion de France de rugby. En effet, les quatre organismes ont d\u00e9cid\u00e9 de s\u2019investir pleinement dans cette comp\u00e9tition pour mettre un coup de projecteur sur l\u2019excellence des m\u00e9tiers du BTP et sur les engagements des jeunes de moins de 23 ans. Le temps est venu de la formation et de la pr\u00e9paration de la future \u00c9quipe de France du BTP pour la 47\u00e8 \u00e9dition des WorldSkills pour des milliers de jeunes qui participent d\u00e9j\u00e0 aux s\u00e9lections r\u00e9gionales.<\/p>\n","protected":false},"excerpt":{"rendered":"<p>La FFB, la FNTP, la SMABTP et WorldSkills France ont cr\u00e9\u00e9 l\u2019\u00c9quipe de France du BTP pour la comp\u00e9tition des m\u00e9tiers WorldSkills dont les comp\u00e9titions nationales auront lieu \u00e0 Lyon du 14 au 16 septembre 2023, puis les finales mondiales du 10 au 15 septembre 2024, toujours \u00e0 Lyon. Cette \u00e9quipe nationale de jeunes talents [&hellip;]<\/p>\n","protected":false},"author":17,"featured_media":102790,"comment_status":"closed","ping_status":"closed","sticky":false,"template":"","format":"standard","meta":{"_et_pb_use_builder":"","_et_pb_old_content":"","_et_gb_content_width":"","footnotes":""},"categories":[10530,6362],"tags":[7252,7181],"class_list":["post-108436","post","type-post","status-publish","format-standard","has-post-thumbnail","hentry","category-actualites","category-services-equipements","tag-worldskills","tag-worldskills-france"],"yoast_head":"<!-- This site is optimized with the Yoast SEO plugin v27.4 - https:\/\/yoast.com\/product\/yoast-seo-wordpress\/ -->\n<title>L\u2019\u00c9quipe de France du BTP en gestation pour la 47\u00e8 \u00e9dition des WorldSkills<\/title>\n<meta name=\"robots\" content=\"index, follow, max-snippet:-1, max-image-preview:large, max-video-preview:-1\" \/>\n<link rel=\"canonical\" href=\"https:\/\/batijournal.com\/index.php\/lequipe-de-france-du-btp-en-gestation-pour-la-47e-edition-des-worldskills\/108436\/\" \/>\n<meta property=\"og:locale\" content=\"fr_FR\" \/>\n<meta property=\"og:type\" content=\"article\" \/>\n<meta property=\"og:title\" content=\"L\u2019\u00c9quipe de France du BTP en gestation pour la 47\u00e8 \u00e9dition des WorldSkills\" \/>\n<meta property=\"og:description\" content=\"La FFB, la FNTP, la SMABTP et WorldSkills France ont cr\u00e9\u00e9 l\u2019\u00c9quipe de France du BTP pour la comp\u00e9tition des m\u00e9tiers WorldSkills dont les comp\u00e9titions nationales auront lieu \u00e0 Lyon du 14 au 16 septembre 2023, puis les finales mondiales du 10 au 15 septembre 2024, toujours \u00e0 Lyon. Cette \u00e9quipe nationale de jeunes talents [&hellip;]\" \/>\n<meta property=\"og:url\" content=\"https:\/\/batijournal.com\/index.php\/lequipe-de-france-du-btp-en-gestation-pour-la-47e-edition-des-worldskills\/108436\/\" \/>\n<meta property=\"og:site_name\" content=\"Batijournal\" \/>\n<meta property=\"article:published_time\" content=\"2022-12-14T17:24:47+00:00\" \/>\n<meta property=\"og:image\" content=\"https:\/\/batijournal.com\/wp-content\/uploads\/2019\/08\/Worldskills-a-Lyon-en-2023.png\" \/>\n\t<meta property=\"og:image:width\" content=\"1010\" \/>\n\t<meta property=\"og:image:height\" content=\"589\" \/>\n\t<meta property=\"og:image:type\" content=\"image\/png\" \/>\n<meta name=\"author\" content=\"St\u00e9phane Miget\" \/>\n<meta name=\"twitter:card\" content=\"summary_large_image\" \/>\n<meta name=\"twitter:creator\" content=\"@bati_journal\" \/>\n<meta name=\"twitter:site\" content=\"@bati_journal\" \/>\n<meta name=\"twitter:label1\" content=\"\u00c9crit par\" \/>\n\t<meta name=\"twitter:data1\" content=\"St\u00e9phane Miget\" \/>\n\t<meta name=\"twitter:label2\" content=\"Dur\u00e9e de lecture estim\u00e9e\" \/>\n\t<meta name=\"twitter:data2\" content=\"1 minute\" \/>\n<script type=\"application\/ld+json\" class=\"yoast-schema-graph\">{\"@context\":\"https:\\\/\\\/schema.org\",\"@graph\":[{\"@type\":\"Article\",\"@id\":\"https:\\\/\\\/batijournal.com\\\/index.php\\\/lequipe-de-france-du-btp-en-gestation-pour-la-47e-edition-des-worldskills\\\/108436\\\/#article\",\"isPartOf\":{\"@id\":\"https:\\\/\\\/batijournal.com\\\/index.php\\\/lequipe-de-france-du-btp-en-gestation-pour-la-47e-edition-des-worldskills\\\/108436\\\/\"},\"author\":{\"name\":\"St\u00e9phane Miget\",\"@id\":\"https:\\\/\\\/batijournal.com\\\/#\\\/schema\\\/person\\\/1dc96ec6957aa1ccb25ebe78bb19f100\"},\"headline\":\"L\u2019\u00c9quipe de France du BTP en gestation pour la 47\u00e8 \u00e9dition des WorldSkills\",\"datePublished\":\"2022-12-14T17:24:47+00:00\",\"mainEntityOfPage\":{\"@id\":\"https:\\\/\\\/batijournal.com\\\/index.php\\\/lequipe-de-france-du-btp-en-gestation-pour-la-47e-edition-des-worldskills\\\/108436\\\/\"},\"wordCount\":158,\"image\":{\"@id\":\"https:\\\/\\\/batijournal.com\\\/index.php\\\/lequipe-de-france-du-btp-en-gestation-pour-la-47e-edition-des-worldskills\\\/108436\\\/#primaryimage\"},\"thumbnailUrl\":\"https:\\\/\\\/batijournal.com\\\/wp-content\\\/uploads\\\/2019\\\/08\\\/Worldskills-a-Lyon-en-2023.png\",\"keywords\":[\"worldskills\",\"worldskills france\"],\"articleSection\":[\"Actualit\u00e9s\",\"Divers\"],\"inLanguage\":\"fr-FR\"},{\"@type\":\"WebPage\",\"@id\":\"https:\\\/\\\/batijournal.com\\\/index.php\\\/lequipe-de-france-du-btp-en-gestation-pour-la-47e-edition-des-worldskills\\\/108436\\\/\",\"url\":\"https:\\\/\\\/batijournal.com\\\/index.php\\\/lequipe-de-france-du-btp-en-gestation-pour-la-47e-edition-des-worldskills\\\/108436\\\/\",\"name\":\"L\u2019\u00c9quipe de France du BTP en gestation pour la 47\u00e8 \u00e9dition des WorldSkills\",\"isPartOf\":{\"@id\":\"https:\\\/\\\/batijournal.com\\\/#website\"},\"primaryImageOfPage\":{\"@id\":\"https:\\\/\\\/batijournal.com\\\/index.php\\\/lequipe-de-france-du-btp-en-gestation-pour-la-47e-edition-des-worldskills\\\/108436\\\/#primaryimage\"},\"image\":{\"@id\":\"https:\\\/\\\/batijournal.com\\\/index.php\\\/lequipe-de-france-du-btp-en-gestation-pour-la-47e-edition-des-worldskills\\\/108436\\\/#primaryimage\"},\"thumbnailUrl\":\"https:\\\/\\\/batijournal.com\\\/wp-content\\\/uploads\\\/2019\\\/08\\\/Worldskills-a-Lyon-en-2023.png\",\"datePublished\":\"2022-12-14T17:24:47+00:00\",\"author\":{\"@id\":\"https:\\\/\\\/batijournal.com\\\/#\\\/schema\\\/person\\\/1dc96ec6957aa1ccb25ebe78bb19f100\"},\"breadcrumb\":{\"@id\":\"https:\\\/\\\/batijournal.com\\\/index.php\\\/lequipe-de-france-du-btp-en-gestation-pour-la-47e-edition-des-worldskills\\\/108436\\\/#breadcrumb\"},\"inLanguage\":\"fr-FR\",\"potentialAction\":[{\"@type\":\"ReadAction\",\"target\":[\"https:\\\/\\\/batijournal.com\\\/index.php\\\/lequipe-de-france-du-btp-en-gestation-pour-la-47e-edition-des-worldskills\\\/108436\\\/\"]}]},{\"@type\":\"ImageObject\",\"inLanguage\":\"fr-FR\",\"@id\":\"https:\\\/\\\/batijournal.com\\\/index.php\\\/lequipe-de-france-du-btp-en-gestation-pour-la-47e-edition-des-worldskills\\\/108436\\\/#primaryimage\",\"url\":\"https:\\\/\\\/batijournal.com\\\/wp-content\\\/uploads\\\/2019\\\/08\\\/Worldskills-a-Lyon-en-2023.png\",\"contentUrl\":\"https:\\\/\\\/batijournal.com\\\/wp-content\\\/uploads\\\/2019\\\/08\\\/Worldskills-a-Lyon-en-2023.png\",\"width\":1010,\"height\":589},{\"@type\":\"BreadcrumbList\",\"@id\":\"https:\\\/\\\/batijournal.com\\\/index.php\\\/lequipe-de-france-du-btp-en-gestation-pour-la-47e-edition-des-worldskills\\\/108436\\\/#breadcrumb\",\"itemListElement\":[{\"@type\":\"ListItem\",\"position\":1,\"name\":\"Accueil\",\"item\":\"https:\\\/\\\/batijournal.com\\\/\"},{\"@type\":\"ListItem\",\"position\":2,\"name\":\"Actualit\u00e9s\",\"item\":\"https:\\\/\\\/batijournal.com\\\/index.php\\\/category\\\/actualites\\\/\"},{\"@type\":\"ListItem\",\"position\":3,\"name\":\"L\u2019\u00c9quipe de France du BTP en gestation pour la 47\u00e8 \u00e9dition des WorldSkills\"}]},{\"@type\":\"WebSite\",\"@id\":\"https:\\\/\\\/batijournal.com\\\/#website\",\"url\":\"https:\\\/\\\/batijournal.com\\\/\",\"name\":\"Batijournal\",\"description\":\"L&#039;actualit\u00e9 du b\u00e2timent\",\"potentialAction\":[{\"@type\":\"SearchAction\",\"target\":{\"@type\":\"EntryPoint\",\"urlTemplate\":\"https:\\\/\\\/batijournal.com\\\/?s={search_term_string}\"},\"query-input\":{\"@type\":\"PropertyValueSpecification\",\"valueRequired\":true,\"valueName\":\"search_term_string\"}}],\"inLanguage\":\"fr-FR\"},{\"@type\":\"Person\",\"@id\":\"https:\\\/\\\/batijournal.com\\\/#\\\/schema\\\/person\\\/1dc96ec6957aa1ccb25ebe78bb19f100\",\"name\":\"St\u00e9phane Miget\",\"image\":{\"@type\":\"ImageObject\",\"inLanguage\":\"fr-FR\",\"@id\":\"https:\\\/\\\/secure.gravatar.com\\\/avatar\\\/89915563d925342126b8ef0281b93d9d7fc337043e8df017f780908eb9644451?s=96&d=mm&r=g\",\"url\":\"https:\\\/\\\/secure.gravatar.com\\\/avatar\\\/89915563d925342126b8ef0281b93d9d7fc337043e8df017f780908eb9644451?s=96&d=mm&r=g\",\"contentUrl\":\"https:\\\/\\\/secure.gravatar.com\\\/avatar\\\/89915563d925342126b8ef0281b93d9d7fc337043e8df017f780908eb9644451?s=96&d=mm&r=g\",\"caption\":\"St\u00e9phane Miget\"},\"url\":\"https:\\\/\\\/batijournal.com\\\/index.php\\\/author\\\/stephane\\\/\"}]}<\/script>\n<!-- \/ Yoast SEO plugin. -->","yoast_head_json":{"title":"L\u2019\u00c9quipe de France du BTP en gestation pour la 47\u00e8 \u00e9dition des WorldSkills","robots":{"index":"index","follow":"follow","max-snippet":"max-snippet:-1","max-image-preview":"max-image-preview:large","max-video-preview":"max-video-preview:-1"},"canonical":"https:\/\/batijournal.com\/index.php\/lequipe-de-france-du-btp-en-gestation-pour-la-47e-edition-des-worldskills\/108436\/","og_locale":"fr_FR","og_type":"article","og_title":"L\u2019\u00c9quipe de France du BTP en gestation pour la 47\u00e8 \u00e9dition des WorldSkills","og_description":"La FFB, la FNTP, la SMABTP et WorldSkills France ont cr\u00e9\u00e9 l\u2019\u00c9quipe de France du BTP pour la comp\u00e9tition des m\u00e9tiers WorldSkills dont les comp\u00e9titions nationales auront lieu \u00e0 Lyon du 14 au 16 septembre 2023, puis les finales mondiales du 10 au 15 septembre 2024, toujours \u00e0 Lyon. Cette \u00e9quipe nationale de jeunes talents [&hellip;]","og_url":"https:\/\/batijournal.com\/index.php\/lequipe-de-france-du-btp-en-gestation-pour-la-47e-edition-des-worldskills\/108436\/","og_site_name":"Batijournal","article_published_time":"2022-12-14T17:24:47+00:00","og_image":[{"width":1010,"height":589,"url":"https:\/\/batijournal.com\/wp-content\/uploads\/2019\/08\/Worldskills-a-Lyon-en-2023.png","type":"image\/png"}],"author":"St\u00e9phane Miget","twitter_card":"summary_large_image","twitter_creator":"@bati_journal","twitter_site":"@bati_journal","twitter_misc":{"\u00c9crit par":"St\u00e9phane Miget","Dur\u00e9e de lecture estim\u00e9e":"1 minute"},"schema":{"@context":"https:\/\/schema.org","@graph":[{"@type":"Article","@id":"https:\/\/batijournal.com\/index.php\/lequipe-de-france-du-btp-en-gestation-pour-la-47e-edition-des-worldskills\/108436\/#article","isPartOf":{"@id":"https:\/\/batijournal.com\/index.php\/lequipe-de-france-du-btp-en-gestation-pour-la-47e-edition-des-worldskills\/108436\/"},"author":{"name":"St\u00e9phane Miget","@id":"https:\/\/batijournal.com\/#\/schema\/person\/1dc96ec6957aa1ccb25ebe78bb19f100"},"headline":"L\u2019\u00c9quipe de France du BTP en gestation pour la 47\u00e8 \u00e9dition des WorldSkills","datePublished":"2022-12-14T17:24:47+00:00","mainEntityOfPage":{"@id":"https:\/\/batijournal.com\/index.php\/lequipe-de-france-du-btp-en-gestation-pour-la-47e-edition-des-worldskills\/108436\/"},"wordCount":158,"image":{"@id":"https:\/\/batijournal.com\/index.php\/lequipe-de-france-du-btp-en-gestation-pour-la-47e-edition-des-worldskills\/108436\/#primaryimage"},"thumbnailUrl":"https:\/\/batijournal.com\/wp-content\/uploads\/2019\/08\/Worldskills-a-Lyon-en-2023.png","keywords":["worldskills","worldskills france"],"articleSection":["Actualit\u00e9s","Divers"],"inLanguage":"fr-FR"},{"@type":"WebPage","@id":"https:\/\/batijournal.com\/index.php\/lequipe-de-france-du-btp-en-gestation-pour-la-47e-edition-des-worldskills\/108436\/","url":"https:\/\/batijournal.com\/index.php\/lequipe-de-france-du-btp-en-gestation-pour-la-47e-edition-des-worldskills\/108436\/","name":"L\u2019\u00c9quipe de France du BTP en gestation pour la 47\u00e8 \u00e9dition des WorldSkills","isPartOf":{"@id":"https:\/\/batijournal.com\/#website"},"primaryImageOfPage":{"@id":"https:\/\/batijournal.com\/index.php\/lequipe-de-france-du-btp-en-gestation-pour-la-47e-edition-des-worldskills\/108436\/#primaryimage"},"image":{"@id":"https:\/\/batijournal.com\/index.php\/lequipe-de-france-du-btp-en-gestation-pour-la-47e-edition-des-worldskills\/108436\/#primaryimage"},"thumbnailUrl":"https:\/\/batijournal.com\/wp-content\/uploads\/2019\/08\/Worldskills-a-Lyon-en-2023.png","datePublished":"2022-12-14T17:24:47+00:00","author":{"@id":"https:\/\/batijournal.com\/#\/schema\/person\/1dc96ec6957aa1ccb25ebe78bb19f100"},"breadcrumb":{"@id":"https:\/\/batijournal.com\/index.php\/lequipe-de-france-du-btp-en-gestation-pour-la-47e-edition-des-worldskills\/108436\/#breadcrumb"},"inLanguage":"fr-FR","potentialAction":[{"@type":"ReadAction","target":["https:\/\/batijournal.com\/index.php\/lequipe-de-france-du-btp-en-gestation-pour-la-47e-edition-des-worldskills\/108436\/"]}]},{"@type":"ImageObject","inLanguage":"fr-FR","@id":"https:\/\/batijournal.com\/index.php\/lequipe-de-france-du-btp-en-gestation-pour-la-47e-edition-des-worldskills\/108436\/#primaryimage","url":"https:\/\/batijournal.com\/wp-content\/uploads\/2019\/08\/Worldskills-a-Lyon-en-2023.png","contentUrl":"https:\/\/batijournal.com\/wp-content\/uploads\/2019\/08\/Worldskills-a-Lyon-en-2023.png","width":1010,"height":589},{"@type":"BreadcrumbList","@id":"https:\/\/batijournal.com\/index.php\/lequipe-de-france-du-btp-en-gestation-pour-la-47e-edition-des-worldskills\/108436\/#breadcrumb","itemListElement":[{"@type":"ListItem","position":1,"name":"Accueil","item":"https:\/\/batijournal.com\/"},{"@type":"ListItem","position":2,"name":"Actualit\u00e9s","item":"https:\/\/batijournal.com\/index.php\/category\/actualites\/"},{"@type":"ListItem","position":3,"name":"L\u2019\u00c9quipe de France du BTP en gestation pour la 47\u00e8 \u00e9dition des WorldSkills"}]},{"@type":"WebSite","@id":"https:\/\/batijournal.com\/#website","url":"https:\/\/batijournal.com\/","name":"Batijournal","description":"L&#039;actualit\u00e9 du b\u00e2timent","potentialAction":[{"@type":"SearchAction","target":{"@type":"EntryPoint","urlTemplate":"https:\/\/batijournal.com\/?s={search_term_string}"},"query-input":{"@type":"PropertyValueSpecification","valueRequired":true,"valueName":"search_term_string"}}],"inLanguage":"fr-FR"},{"@type":"Person","@id":"https:\/\/batijournal.com\/#\/schema\/person\/1dc96ec6957aa1ccb25ebe78bb19f100","name":"St\u00e9phane Miget","image":{"@type":"ImageObject","inLanguage":"fr-FR","@id":"https:\/\/secure.gravatar.com\/avatar\/89915563d925342126b8ef0281b93d9d7fc337043e8df017f780908eb9644451?s=96&d=mm&r=g","url":"https:\/\/secure.gravatar.com\/avatar\/89915563d925342126b8ef0281b93d9d7fc337043e8df017f780908eb9644451?s=96&d=mm&r=g","contentUrl":"https:\/\/secure.gravatar.com\/avatar\/89915563d925342126b8ef0281b93d9d7fc337043e8df017f780908eb9644451?s=96&d=mm&r=g","caption":"St\u00e9phane Miget"},"url":"https:\/\/batijournal.com\/index.php\/author\/stephane\/"}]}},"_links":{"self":[{"href":"https:\/\/batijournal.com\/index.php\/wp-json\/wp\/v2\/posts\/108436","targetHints":{"allow":["GET"]}}],"collection":[{"href":"https:\/\/batijournal.com\/index.php\/wp-json\/wp\/v2\/posts"}],"about":[{"href":"https:\/\/batijournal.com\/index.php\/wp-json\/wp\/v2\/types\/post"}],"author":[{"embeddable":true,"href":"https:\/\/batijournal.com\/index.php\/wp-json\/wp\/v2\/users\/17"}],"replies":[{"embeddable":true,"href":"https:\/\/batijournal.com\/index.php\/wp-json\/wp\/v2\/comments?post=108436"}],"version-history":[{"count":0,"href":"https:\/\/batijournal.com\/index.php\/wp-json\/wp\/v2\/posts\/108436\/revisions"}],"wp:featuredmedia":[{"embeddable":true,"href":"https:\/\/batijournal.com\/index.php\/wp-json\/wp\/v2\/media\/102790"}],"wp:attachment":[{"href":"https:\/\/batijournal.com\/index.php\/wp-json\/wp\/v2\/media?parent=108436"}],"wp:term":[{"taxonomy":"category","embeddable":true,"href":"https:\/\/batijournal.com\/index.php\/wp-json\/wp\/v2\/categories?post=108436"},{"taxonomy":"post_tag","embeddable":true,"href":"https:\/\/batijournal.com\/index.php\/wp-json\/wp\/v2\/tags?post=108436"}],"curies":[{"name":"wp","href":"https:\/\/api.w.org\/{rel}","templated":true}]}}