{"id":108449,"date":"2022-12-16T10:13:50","date_gmt":"2022-12-16T09:13:50","guid":{"rendered":"https:\/\/batijournal.com\/?p=108449"},"modified":"2022-12-18T17:31:42","modified_gmt":"2022-12-18T16:31:42","slug":"urbain-des-bois-veut-utiliser-du-bois-francais","status":"publish","type":"post","link":"https:\/\/batijournal.com\/index.php\/urbain-des-bois-veut-utiliser-du-bois-francais\/108449\/","title":{"rendered":"Urbain des Bois veut utiliser du bois fran\u00e7ais"},"content":{"rendered":"<p>Le 6 d\u00e9cembre 2022, Urbain des Bois, la filiale d\u2019Icade d\u00e9di\u00e9e \u00e0 la construction Bas Carbone, et Bois de France ont sign\u00e9 un accord de partenariat visant \u00e0 d\u00e9velopper l\u2019utilisation de bois issu des for\u00eats fran\u00e7aises et transform\u00e9 en France, dans les projets immobiliers d\u2019Urbain des bois. Parce que les transports de mat\u00e9riaux faisant appel aux \u00e9nergies fossiles, et notamment les transports routiers, constituent le premier poste d\u2019\u00e9mission des gaz \u00e0 effet de serre, Urbain des Bois souhaite ma\u00eetriser la provenance de\u00a0ses mat\u00e9riaux, limiter les distances li\u00e9es \u00e0 leur approvisionnement et favoriser les circuits courts. La filiale d&rsquo;Icade s\u2019engage dans la structuration de la cha\u00eene de valeur pour d\u00e9velopper et massifier la construction en bois et en mat\u00e9riaux bio-sourc\u00e9s, et \u00e0 r\u00e9aliser 100% de ses op\u00e9rations avec au moins 50% de bois, provenant de for\u00eats fran\u00e7aises et transform\u00e9 en France.<\/p>\n","protected":false},"excerpt":{"rendered":"<p>Le 6 d\u00e9cembre 2022, Urbain des Bois, la filiale d\u2019Icade d\u00e9di\u00e9e \u00e0 la construction Bas Carbone, et Bois de France ont sign\u00e9 un accord de partenariat visant \u00e0 d\u00e9velopper l\u2019utilisation de bois issu des for\u00eats fran\u00e7aises et transform\u00e9 en France, dans les projets immobiliers d\u2019Urbain des bois. Parce que les transports de mat\u00e9riaux faisant appel [&hellip;]<\/p>\n","protected":false},"author":17,"featured_media":108450,"comment_status":"closed","ping_status":"closed","sticky":false,"template":"","format":"standard","meta":{"_et_pb_use_builder":"","_et_pb_old_content":"","_et_gb_content_width":"","footnotes":""},"categories":[10530,6345,10781,10769,10778,10764],"tags":[44,12974],"class_list":["post-108449","post","type-post","status-publish","format-standard","has-post-thumbnail","hentry","category-actualites","category-economie-marches","category-publications-planete","category-publications","category-planete","category-woodsurfer","tag-bois","tag-bois-de-france"],"yoast_head":"<!-- This site is optimized with the Yoast SEO plugin v27.4 - https:\/\/yoast.com\/product\/yoast-seo-wordpress\/ -->\n<title>Urbain des Bois veut utiliser du bois fran\u00e7ais<\/title>\n<meta name=\"robots\" content=\"index, follow, max-snippet:-1, max-image-preview:large, max-video-preview:-1\" \/>\n<link rel=\"canonical\" href=\"https:\/\/batijournal.com\/index.php\/urbain-des-bois-veut-utiliser-du-bois-francais\/108449\/\" \/>\n<meta property=\"og:locale\" content=\"fr_FR\" \/>\n<meta property=\"og:type\" content=\"article\" \/>\n<meta property=\"og:title\" content=\"Urbain des Bois veut utiliser du bois fran\u00e7ais\" \/>\n<meta property=\"og:description\" content=\"Le 6 d\u00e9cembre 2022, Urbain des Bois, la filiale d\u2019Icade d\u00e9di\u00e9e \u00e0 la construction Bas Carbone, et Bois de France ont sign\u00e9 un accord de partenariat visant \u00e0 d\u00e9velopper l\u2019utilisation de bois issu des for\u00eats fran\u00e7aises et transform\u00e9 en France, dans les projets immobiliers d\u2019Urbain des bois. Parce que les transports de mat\u00e9riaux faisant appel [&hellip;]\" \/>\n<meta property=\"og:url\" content=\"https:\/\/batijournal.com\/index.php\/urbain-des-bois-veut-utiliser-du-bois-francais\/108449\/\" \/>\n<meta property=\"og:site_name\" content=\"Batijournal\" \/>\n<meta property=\"article:published_time\" content=\"2022-12-16T09:13:50+00:00\" \/>\n<meta property=\"article:modified_time\" content=\"2022-12-18T16:31:42+00:00\" \/>\n<meta property=\"og:image\" content=\"https:\/\/batijournal.com\/wp-content\/uploads\/2022\/12\/urbain-des-bois-icade-bois-de-france.png\" \/>\n\t<meta property=\"og:image:width\" content=\"941\" \/>\n\t<meta property=\"og:image:height\" content=\"391\" \/>\n\t<meta property=\"og:image:type\" content=\"image\/png\" \/>\n<meta name=\"author\" content=\"St\u00e9phane Miget\" \/>\n<meta name=\"twitter:card\" content=\"summary_large_image\" \/>\n<meta name=\"twitter:creator\" content=\"@bati_journal\" \/>\n<meta name=\"twitter:site\" content=\"@bati_journal\" \/>\n<meta name=\"twitter:label1\" content=\"\u00c9crit par\" \/>\n\t<meta name=\"twitter:data1\" content=\"St\u00e9phane Miget\" \/>\n\t<meta name=\"twitter:label2\" content=\"Dur\u00e9e de lecture estim\u00e9e\" \/>\n\t<meta name=\"twitter:data2\" content=\"1 minute\" \/>\n<script type=\"application\/ld+json\" class=\"yoast-schema-graph\">{\"@context\":\"https:\\\/\\\/schema.org\",\"@graph\":[{\"@type\":\"Article\",\"@id\":\"https:\\\/\\\/batijournal.com\\\/index.php\\\/urbain-des-bois-veut-utiliser-du-bois-francais\\\/108449\\\/#article\",\"isPartOf\":{\"@id\":\"https:\\\/\\\/batijournal.com\\\/index.php\\\/urbain-des-bois-veut-utiliser-du-bois-francais\\\/108449\\\/\"},\"author\":{\"name\":\"St\u00e9phane Miget\",\"@id\":\"https:\\\/\\\/batijournal.com\\\/#\\\/schema\\\/person\\\/1dc96ec6957aa1ccb25ebe78bb19f100\"},\"headline\":\"Urbain des Bois veut utiliser du bois fran\u00e7ais\",\"datePublished\":\"2022-12-16T09:13:50+00:00\",\"dateModified\":\"2022-12-18T16:31:42+00:00\",\"mainEntityOfPage\":{\"@id\":\"https:\\\/\\\/batijournal.com\\\/index.php\\\/urbain-des-bois-veut-utiliser-du-bois-francais\\\/108449\\\/\"},\"wordCount\":165,\"image\":{\"@id\":\"https:\\\/\\\/batijournal.com\\\/index.php\\\/urbain-des-bois-veut-utiliser-du-bois-francais\\\/108449\\\/#primaryimage\"},\"thumbnailUrl\":\"https:\\\/\\\/batijournal.com\\\/wp-content\\\/uploads\\\/2022\\\/12\\\/urbain-des-bois-icade-bois-de-france.png\",\"keywords\":[\"bois\",\"bois de france\"],\"articleSection\":[\"Actualit\u00e9s\",\"\u00c9conomie &amp; March\u00e9s\",\"zz_Actualit\u00e9s - Plan\u00e8te\",\"zz_Actualit\u00e9s - Woodsurfer\",\"zz_Plan\u00e8te B\u00e2timent\",\"zz_Woodsurfer\"],\"inLanguage\":\"fr-FR\"},{\"@type\":\"WebPage\",\"@id\":\"https:\\\/\\\/batijournal.com\\\/index.php\\\/urbain-des-bois-veut-utiliser-du-bois-francais\\\/108449\\\/\",\"url\":\"https:\\\/\\\/batijournal.com\\\/index.php\\\/urbain-des-bois-veut-utiliser-du-bois-francais\\\/108449\\\/\",\"name\":\"Urbain des Bois veut utiliser du bois fran\u00e7ais\",\"isPartOf\":{\"@id\":\"https:\\\/\\\/batijournal.com\\\/#website\"},\"primaryImageOfPage\":{\"@id\":\"https:\\\/\\\/batijournal.com\\\/index.php\\\/urbain-des-bois-veut-utiliser-du-bois-francais\\\/108449\\\/#primaryimage\"},\"image\":{\"@id\":\"https:\\\/\\\/batijournal.com\\\/index.php\\\/urbain-des-bois-veut-utiliser-du-bois-francais\\\/108449\\\/#primaryimage\"},\"thumbnailUrl\":\"https:\\\/\\\/batijournal.com\\\/wp-content\\\/uploads\\\/2022\\\/12\\\/urbain-des-bois-icade-bois-de-france.png\",\"datePublished\":\"2022-12-16T09:13:50+00:00\",\"dateModified\":\"2022-12-18T16:31:42+00:00\",\"author\":{\"@id\":\"https:\\\/\\\/batijournal.com\\\/#\\\/schema\\\/person\\\/1dc96ec6957aa1ccb25ebe78bb19f100\"},\"breadcrumb\":{\"@id\":\"https:\\\/\\\/batijournal.com\\\/index.php\\\/urbain-des-bois-veut-utiliser-du-bois-francais\\\/108449\\\/#breadcrumb\"},\"inLanguage\":\"fr-FR\",\"potentialAction\":[{\"@type\":\"ReadAction\",\"target\":[\"https:\\\/\\\/batijournal.com\\\/index.php\\\/urbain-des-bois-veut-utiliser-du-bois-francais\\\/108449\\\/\"]}]},{\"@type\":\"ImageObject\",\"inLanguage\":\"fr-FR\",\"@id\":\"https:\\\/\\\/batijournal.com\\\/index.php\\\/urbain-des-bois-veut-utiliser-du-bois-francais\\\/108449\\\/#primaryimage\",\"url\":\"https:\\\/\\\/batijournal.com\\\/wp-content\\\/uploads\\\/2022\\\/12\\\/urbain-des-bois-icade-bois-de-france.png\",\"contentUrl\":\"https:\\\/\\\/batijournal.com\\\/wp-content\\\/uploads\\\/2022\\\/12\\\/urbain-des-bois-icade-bois-de-france.png\",\"width\":941,\"height\":391},{\"@type\":\"BreadcrumbList\",\"@id\":\"https:\\\/\\\/batijournal.com\\\/index.php\\\/urbain-des-bois-veut-utiliser-du-bois-francais\\\/108449\\\/#breadcrumb\",\"itemListElement\":[{\"@type\":\"ListItem\",\"position\":1,\"name\":\"Accueil\",\"item\":\"https:\\\/\\\/batijournal.com\\\/\"},{\"@type\":\"ListItem\",\"position\":2,\"name\":\"Actualit\u00e9s\",\"item\":\"https:\\\/\\\/batijournal.com\\\/index.php\\\/category\\\/actualites\\\/\"},{\"@type\":\"ListItem\",\"position\":3,\"name\":\"Urbain des Bois veut utiliser du bois fran\u00e7ais\"}]},{\"@type\":\"WebSite\",\"@id\":\"https:\\\/\\\/batijournal.com\\\/#website\",\"url\":\"https:\\\/\\\/batijournal.com\\\/\",\"name\":\"Batijournal\",\"description\":\"L&#039;actualit\u00e9 du b\u00e2timent\",\"potentialAction\":[{\"@type\":\"SearchAction\",\"target\":{\"@type\":\"EntryPoint\",\"urlTemplate\":\"https:\\\/\\\/batijournal.com\\\/?s={search_term_string}\"},\"query-input\":{\"@type\":\"PropertyValueSpecification\",\"valueRequired\":true,\"valueName\":\"search_term_string\"}}],\"inLanguage\":\"fr-FR\"},{\"@type\":\"Person\",\"@id\":\"https:\\\/\\\/batijournal.com\\\/#\\\/schema\\\/person\\\/1dc96ec6957aa1ccb25ebe78bb19f100\",\"name\":\"St\u00e9phane Miget\",\"image\":{\"@type\":\"ImageObject\",\"inLanguage\":\"fr-FR\",\"@id\":\"https:\\\/\\\/secure.gravatar.com\\\/avatar\\\/89915563d925342126b8ef0281b93d9d7fc337043e8df017f780908eb9644451?s=96&d=mm&r=g\",\"url\":\"https:\\\/\\\/secure.gravatar.com\\\/avatar\\\/89915563d925342126b8ef0281b93d9d7fc337043e8df017f780908eb9644451?s=96&d=mm&r=g\",\"contentUrl\":\"https:\\\/\\\/secure.gravatar.com\\\/avatar\\\/89915563d925342126b8ef0281b93d9d7fc337043e8df017f780908eb9644451?s=96&d=mm&r=g\",\"caption\":\"St\u00e9phane Miget\"},\"url\":\"https:\\\/\\\/batijournal.com\\\/index.php\\\/author\\\/stephane\\\/\"}]}<\/script>\n<!-- \/ Yoast SEO plugin. -->","yoast_head_json":{"title":"Urbain des Bois veut utiliser du bois fran\u00e7ais","robots":{"index":"index","follow":"follow","max-snippet":"max-snippet:-1","max-image-preview":"max-image-preview:large","max-video-preview":"max-video-preview:-1"},"canonical":"https:\/\/batijournal.com\/index.php\/urbain-des-bois-veut-utiliser-du-bois-francais\/108449\/","og_locale":"fr_FR","og_type":"article","og_title":"Urbain des Bois veut utiliser du bois fran\u00e7ais","og_description":"Le 6 d\u00e9cembre 2022, Urbain des Bois, la filiale d\u2019Icade d\u00e9di\u00e9e \u00e0 la construction Bas Carbone, et Bois de France ont sign\u00e9 un accord de partenariat visant \u00e0 d\u00e9velopper l\u2019utilisation de bois issu des for\u00eats fran\u00e7aises et transform\u00e9 en France, dans les projets immobiliers d\u2019Urbain des bois. Parce que les transports de mat\u00e9riaux faisant appel [&hellip;]","og_url":"https:\/\/batijournal.com\/index.php\/urbain-des-bois-veut-utiliser-du-bois-francais\/108449\/","og_site_name":"Batijournal","article_published_time":"2022-12-16T09:13:50+00:00","article_modified_time":"2022-12-18T16:31:42+00:00","og_image":[{"width":941,"height":391,"url":"https:\/\/batijournal.com\/wp-content\/uploads\/2022\/12\/urbain-des-bois-icade-bois-de-france.png","type":"image\/png"}],"author":"St\u00e9phane Miget","twitter_card":"summary_large_image","twitter_creator":"@bati_journal","twitter_site":"@bati_journal","twitter_misc":{"\u00c9crit par":"St\u00e9phane Miget","Dur\u00e9e de lecture estim\u00e9e":"1 minute"},"schema":{"@context":"https:\/\/schema.org","@graph":[{"@type":"Article","@id":"https:\/\/batijournal.com\/index.php\/urbain-des-bois-veut-utiliser-du-bois-francais\/108449\/#article","isPartOf":{"@id":"https:\/\/batijournal.com\/index.php\/urbain-des-bois-veut-utiliser-du-bois-francais\/108449\/"},"author":{"name":"St\u00e9phane Miget","@id":"https:\/\/batijournal.com\/#\/schema\/person\/1dc96ec6957aa1ccb25ebe78bb19f100"},"headline":"Urbain des Bois veut utiliser du bois fran\u00e7ais","datePublished":"2022-12-16T09:13:50+00:00","dateModified":"2022-12-18T16:31:42+00:00","mainEntityOfPage":{"@id":"https:\/\/batijournal.com\/index.php\/urbain-des-bois-veut-utiliser-du-bois-francais\/108449\/"},"wordCount":165,"image":{"@id":"https:\/\/batijournal.com\/index.php\/urbain-des-bois-veut-utiliser-du-bois-francais\/108449\/#primaryimage"},"thumbnailUrl":"https:\/\/batijournal.com\/wp-content\/uploads\/2022\/12\/urbain-des-bois-icade-bois-de-france.png","keywords":["bois","bois de france"],"articleSection":["Actualit\u00e9s","\u00c9conomie &amp; March\u00e9s","zz_Actualit\u00e9s - Plan\u00e8te","zz_Actualit\u00e9s - Woodsurfer","zz_Plan\u00e8te B\u00e2timent","zz_Woodsurfer"],"inLanguage":"fr-FR"},{"@type":"WebPage","@id":"https:\/\/batijournal.com\/index.php\/urbain-des-bois-veut-utiliser-du-bois-francais\/108449\/","url":"https:\/\/batijournal.com\/index.php\/urbain-des-bois-veut-utiliser-du-bois-francais\/108449\/","name":"Urbain des Bois veut utiliser du bois fran\u00e7ais","isPartOf":{"@id":"https:\/\/batijournal.com\/#website"},"primaryImageOfPage":{"@id":"https:\/\/batijournal.com\/index.php\/urbain-des-bois-veut-utiliser-du-bois-francais\/108449\/#primaryimage"},"image":{"@id":"https:\/\/batijournal.com\/index.php\/urbain-des-bois-veut-utiliser-du-bois-francais\/108449\/#primaryimage"},"thumbnailUrl":"https:\/\/batijournal.com\/wp-content\/uploads\/2022\/12\/urbain-des-bois-icade-bois-de-france.png","datePublished":"2022-12-16T09:13:50+00:00","dateModified":"2022-12-18T16:31:42+00:00","author":{"@id":"https:\/\/batijournal.com\/#\/schema\/person\/1dc96ec6957aa1ccb25ebe78bb19f100"},"breadcrumb":{"@id":"https:\/\/batijournal.com\/index.php\/urbain-des-bois-veut-utiliser-du-bois-francais\/108449\/#breadcrumb"},"inLanguage":"fr-FR","potentialAction":[{"@type":"ReadAction","target":["https:\/\/batijournal.com\/index.php\/urbain-des-bois-veut-utiliser-du-bois-francais\/108449\/"]}]},{"@type":"ImageObject","inLanguage":"fr-FR","@id":"https:\/\/batijournal.com\/index.php\/urbain-des-bois-veut-utiliser-du-bois-francais\/108449\/#primaryimage","url":"https:\/\/batijournal.com\/wp-content\/uploads\/2022\/12\/urbain-des-bois-icade-bois-de-france.png","contentUrl":"https:\/\/batijournal.com\/wp-content\/uploads\/2022\/12\/urbain-des-bois-icade-bois-de-france.png","width":941,"height":391},{"@type":"BreadcrumbList","@id":"https:\/\/batijournal.com\/index.php\/urbain-des-bois-veut-utiliser-du-bois-francais\/108449\/#breadcrumb","itemListElement":[{"@type":"ListItem","position":1,"name":"Accueil","item":"https:\/\/batijournal.com\/"},{"@type":"ListItem","position":2,"name":"Actualit\u00e9s","item":"https:\/\/batijournal.com\/index.php\/category\/actualites\/"},{"@type":"ListItem","position":3,"name":"Urbain des Bois veut utiliser du bois fran\u00e7ais"}]},{"@type":"WebSite","@id":"https:\/\/batijournal.com\/#website","url":"https:\/\/batijournal.com\/","name":"Batijournal","description":"L&#039;actualit\u00e9 du b\u00e2timent","potentialAction":[{"@type":"SearchAction","target":{"@type":"EntryPoint","urlTemplate":"https:\/\/batijournal.com\/?s={search_term_string}"},"query-input":{"@type":"PropertyValueSpecification","valueRequired":true,"valueName":"search_term_string"}}],"inLanguage":"fr-FR"},{"@type":"Person","@id":"https:\/\/batijournal.com\/#\/schema\/person\/1dc96ec6957aa1ccb25ebe78bb19f100","name":"St\u00e9phane Miget","image":{"@type":"ImageObject","inLanguage":"fr-FR","@id":"https:\/\/secure.gravatar.com\/avatar\/89915563d925342126b8ef0281b93d9d7fc337043e8df017f780908eb9644451?s=96&d=mm&r=g","url":"https:\/\/secure.gravatar.com\/avatar\/89915563d925342126b8ef0281b93d9d7fc337043e8df017f780908eb9644451?s=96&d=mm&r=g","contentUrl":"https:\/\/secure.gravatar.com\/avatar\/89915563d925342126b8ef0281b93d9d7fc337043e8df017f780908eb9644451?s=96&d=mm&r=g","caption":"St\u00e9phane Miget"},"url":"https:\/\/batijournal.com\/index.php\/author\/stephane\/"}]}},"_links":{"self":[{"href":"https:\/\/batijournal.com\/index.php\/wp-json\/wp\/v2\/posts\/108449","targetHints":{"allow":["GET"]}}],"collection":[{"href":"https:\/\/batijournal.com\/index.php\/wp-json\/wp\/v2\/posts"}],"about":[{"href":"https:\/\/batijournal.com\/index.php\/wp-json\/wp\/v2\/types\/post"}],"author":[{"embeddable":true,"href":"https:\/\/batijournal.com\/index.php\/wp-json\/wp\/v2\/users\/17"}],"replies":[{"embeddable":true,"href":"https:\/\/batijournal.com\/index.php\/wp-json\/wp\/v2\/comments?post=108449"}],"version-history":[{"count":0,"href":"https:\/\/batijournal.com\/index.php\/wp-json\/wp\/v2\/posts\/108449\/revisions"}],"wp:featuredmedia":[{"embeddable":true,"href":"https:\/\/batijournal.com\/index.php\/wp-json\/wp\/v2\/media\/108450"}],"wp:attachment":[{"href":"https:\/\/batijournal.com\/index.php\/wp-json\/wp\/v2\/media?parent=108449"}],"wp:term":[{"taxonomy":"category","embeddable":true,"href":"https:\/\/batijournal.com\/index.php\/wp-json\/wp\/v2\/categories?post=108449"},{"taxonomy":"post_tag","embeddable":true,"href":"https:\/\/batijournal.com\/index.php\/wp-json\/wp\/v2\/tags?post=108449"}],"curies":[{"name":"wp","href":"https:\/\/api.w.org\/{rel}","templated":true}]}}