{"id":108455,"date":"2022-12-16T13:27:11","date_gmt":"2022-12-16T12:27:11","guid":{"rendered":"https:\/\/batijournal.com\/?p=108455"},"modified":"2022-12-16T13:27:11","modified_gmt":"2022-12-16T12:27:11","slug":"18-architectes-du-patrimoine-a-la-decouverte-de-lardoise","status":"publish","type":"post","link":"https:\/\/batijournal.com\/index.php\/18-architectes-du-patrimoine-a-la-decouverte-de-lardoise\/108455\/","title":{"rendered":"18 architectes du patrimoine \u00e0 la d\u00e9couverte de l&rsquo;ardoise"},"content":{"rendered":"<p>Le 30 septembre 2022, Cupa Pizarras et l\u2019Ecole Sup\u00e9rieure de Couverture d\u2019Angers r\u00e9unissaient 18 architectes du patrimoine, dans le cadre d\u2019une journ\u00e9e technique. A l\u2019occasion de cette rencontre, \u00e0 Tr\u00e9laz\u00e9, les participants ont pu se former au contact de sp\u00e9cialistes de l\u2019ardoise pour red\u00e9couvrir sa composition g\u00e9ologique, ses diff\u00e9rents gisements, proc\u00e9d\u00e9s d\u2019extraction et techniques de taille.<\/p>\n<p><a href=\"https:\/\/www.cupapizarras.com\/fr\/actualite\/ecole-superieure-couverture-architectes-patrimoine-journee\/\">https:\/\/www.cupapizarras.com\/fr\/actualite\/ecole-superieure-couverture-architectes-patrimoine-journee\/<\/a><\/p>\n<p>&nbsp;<\/p>\n","protected":false},"excerpt":{"rendered":"<p>Le 30 septembre 2022, Cupa Pizarras et l\u2019Ecole Sup\u00e9rieure de Couverture d\u2019Angers r\u00e9unissaient 18 architectes du patrimoine, dans le cadre d\u2019une journ\u00e9e technique. A l\u2019occasion de cette rencontre, \u00e0 Tr\u00e9laz\u00e9, les participants ont pu se former au contact de sp\u00e9cialistes de l\u2019ardoise pour red\u00e9couvrir sa composition g\u00e9ologique, ses diff\u00e9rents gisements, proc\u00e9d\u00e9s d\u2019extraction et techniques de [&hellip;]<\/p>\n","protected":false},"author":17,"featured_media":108456,"comment_status":"closed","ping_status":"closed","sticky":false,"template":"","format":"standard","meta":{"_et_pb_use_builder":"","_et_pb_old_content":"","_et_gb_content_width":"","footnotes":""},"categories":[10530,6340,10789,10785],"tags":[12900],"class_list":["post-108455","post","type-post","status-publish","format-standard","has-post-thumbnail","hentry","category-actualites","category-architecture-conception","category-publications-atrium","category-atrium","tag-ardoise"],"yoast_head":"<!-- This site is optimized with the Yoast SEO plugin v27.4 - https:\/\/yoast.com\/product\/yoast-seo-wordpress\/ -->\n<title>18 architectes du patrimoine \u00e0 la d\u00e9couverte de l&#039;ardoise<\/title>\n<meta name=\"robots\" content=\"index, follow, max-snippet:-1, max-image-preview:large, max-video-preview:-1\" \/>\n<link rel=\"canonical\" href=\"https:\/\/batijournal.com\/index.php\/18-architectes-du-patrimoine-a-la-decouverte-de-lardoise\/108455\/\" \/>\n<meta property=\"og:locale\" content=\"fr_FR\" \/>\n<meta property=\"og:type\" content=\"article\" \/>\n<meta property=\"og:title\" content=\"18 architectes du patrimoine \u00e0 la d\u00e9couverte de l&#039;ardoise\" \/>\n<meta property=\"og:description\" content=\"Le 30 septembre 2022, Cupa Pizarras et l\u2019Ecole Sup\u00e9rieure de Couverture d\u2019Angers r\u00e9unissaient 18 architectes du patrimoine, dans le cadre d\u2019une journ\u00e9e technique. A l\u2019occasion de cette rencontre, \u00e0 Tr\u00e9laz\u00e9, les participants ont pu se former au contact de sp\u00e9cialistes de l\u2019ardoise pour red\u00e9couvrir sa composition g\u00e9ologique, ses diff\u00e9rents gisements, proc\u00e9d\u00e9s d\u2019extraction et techniques de [&hellip;]\" \/>\n<meta property=\"og:url\" content=\"https:\/\/batijournal.com\/index.php\/18-architectes-du-patrimoine-a-la-decouverte-de-lardoise\/108455\/\" \/>\n<meta property=\"og:site_name\" content=\"Batijournal\" \/>\n<meta property=\"article:published_time\" content=\"2022-12-16T12:27:11+00:00\" \/>\n<meta property=\"og:image\" content=\"https:\/\/batijournal.com\/wp-content\/uploads\/2022\/12\/musee-ardoise-de-trelaze.jpg\" \/>\n\t<meta property=\"og:image:width\" content=\"1014\" \/>\n\t<meta property=\"og:image:height\" content=\"676\" \/>\n\t<meta property=\"og:image:type\" content=\"image\/jpeg\" \/>\n<meta name=\"author\" content=\"St\u00e9phane Miget\" \/>\n<meta name=\"twitter:card\" content=\"summary_large_image\" \/>\n<meta name=\"twitter:creator\" content=\"@bati_journal\" \/>\n<meta name=\"twitter:site\" content=\"@bati_journal\" \/>\n<meta name=\"twitter:label1\" content=\"\u00c9crit par\" \/>\n\t<meta name=\"twitter:data1\" content=\"St\u00e9phane Miget\" \/>\n<script type=\"application\/ld+json\" class=\"yoast-schema-graph\">{\"@context\":\"https:\\\/\\\/schema.org\",\"@graph\":[{\"@type\":\"Article\",\"@id\":\"https:\\\/\\\/batijournal.com\\\/index.php\\\/18-architectes-du-patrimoine-a-la-decouverte-de-lardoise\\\/108455\\\/#article\",\"isPartOf\":{\"@id\":\"https:\\\/\\\/batijournal.com\\\/index.php\\\/18-architectes-du-patrimoine-a-la-decouverte-de-lardoise\\\/108455\\\/\"},\"author\":{\"name\":\"St\u00e9phane Miget\",\"@id\":\"https:\\\/\\\/batijournal.com\\\/#\\\/schema\\\/person\\\/1dc96ec6957aa1ccb25ebe78bb19f100\"},\"headline\":\"18 architectes du patrimoine \u00e0 la d\u00e9couverte de l&rsquo;ardoise\",\"datePublished\":\"2022-12-16T12:27:11+00:00\",\"mainEntityOfPage\":{\"@id\":\"https:\\\/\\\/batijournal.com\\\/index.php\\\/18-architectes-du-patrimoine-a-la-decouverte-de-lardoise\\\/108455\\\/\"},\"wordCount\":85,\"image\":{\"@id\":\"https:\\\/\\\/batijournal.com\\\/index.php\\\/18-architectes-du-patrimoine-a-la-decouverte-de-lardoise\\\/108455\\\/#primaryimage\"},\"thumbnailUrl\":\"https:\\\/\\\/batijournal.com\\\/wp-content\\\/uploads\\\/2022\\\/12\\\/musee-ardoise-de-trelaze.jpg\",\"keywords\":[\"ardoise\"],\"articleSection\":[\"Actualit\u00e9s\",\"Architecture &amp; Conception\",\"zz_Actualit\u00e9s - Atrium\",\"zz_Atrium Patrimoine\"],\"inLanguage\":\"fr-FR\"},{\"@type\":\"WebPage\",\"@id\":\"https:\\\/\\\/batijournal.com\\\/index.php\\\/18-architectes-du-patrimoine-a-la-decouverte-de-lardoise\\\/108455\\\/\",\"url\":\"https:\\\/\\\/batijournal.com\\\/index.php\\\/18-architectes-du-patrimoine-a-la-decouverte-de-lardoise\\\/108455\\\/\",\"name\":\"18 architectes du patrimoine \u00e0 la d\u00e9couverte de l'ardoise\",\"isPartOf\":{\"@id\":\"https:\\\/\\\/batijournal.com\\\/#website\"},\"primaryImageOfPage\":{\"@id\":\"https:\\\/\\\/batijournal.com\\\/index.php\\\/18-architectes-du-patrimoine-a-la-decouverte-de-lardoise\\\/108455\\\/#primaryimage\"},\"image\":{\"@id\":\"https:\\\/\\\/batijournal.com\\\/index.php\\\/18-architectes-du-patrimoine-a-la-decouverte-de-lardoise\\\/108455\\\/#primaryimage\"},\"thumbnailUrl\":\"https:\\\/\\\/batijournal.com\\\/wp-content\\\/uploads\\\/2022\\\/12\\\/musee-ardoise-de-trelaze.jpg\",\"datePublished\":\"2022-12-16T12:27:11+00:00\",\"author\":{\"@id\":\"https:\\\/\\\/batijournal.com\\\/#\\\/schema\\\/person\\\/1dc96ec6957aa1ccb25ebe78bb19f100\"},\"breadcrumb\":{\"@id\":\"https:\\\/\\\/batijournal.com\\\/index.php\\\/18-architectes-du-patrimoine-a-la-decouverte-de-lardoise\\\/108455\\\/#breadcrumb\"},\"inLanguage\":\"fr-FR\",\"potentialAction\":[{\"@type\":\"ReadAction\",\"target\":[\"https:\\\/\\\/batijournal.com\\\/index.php\\\/18-architectes-du-patrimoine-a-la-decouverte-de-lardoise\\\/108455\\\/\"]}]},{\"@type\":\"ImageObject\",\"inLanguage\":\"fr-FR\",\"@id\":\"https:\\\/\\\/batijournal.com\\\/index.php\\\/18-architectes-du-patrimoine-a-la-decouverte-de-lardoise\\\/108455\\\/#primaryimage\",\"url\":\"https:\\\/\\\/batijournal.com\\\/wp-content\\\/uploads\\\/2022\\\/12\\\/musee-ardoise-de-trelaze.jpg\",\"contentUrl\":\"https:\\\/\\\/batijournal.com\\\/wp-content\\\/uploads\\\/2022\\\/12\\\/musee-ardoise-de-trelaze.jpg\",\"width\":1014,\"height\":676},{\"@type\":\"BreadcrumbList\",\"@id\":\"https:\\\/\\\/batijournal.com\\\/index.php\\\/18-architectes-du-patrimoine-a-la-decouverte-de-lardoise\\\/108455\\\/#breadcrumb\",\"itemListElement\":[{\"@type\":\"ListItem\",\"position\":1,\"name\":\"Accueil\",\"item\":\"https:\\\/\\\/batijournal.com\\\/\"},{\"@type\":\"ListItem\",\"position\":2,\"name\":\"Actualit\u00e9s\",\"item\":\"https:\\\/\\\/batijournal.com\\\/index.php\\\/category\\\/actualites\\\/\"},{\"@type\":\"ListItem\",\"position\":3,\"name\":\"18 architectes du patrimoine \u00e0 la d\u00e9couverte de l&rsquo;ardoise\"}]},{\"@type\":\"WebSite\",\"@id\":\"https:\\\/\\\/batijournal.com\\\/#website\",\"url\":\"https:\\\/\\\/batijournal.com\\\/\",\"name\":\"Batijournal\",\"description\":\"L&#039;actualit\u00e9 du b\u00e2timent\",\"potentialAction\":[{\"@type\":\"SearchAction\",\"target\":{\"@type\":\"EntryPoint\",\"urlTemplate\":\"https:\\\/\\\/batijournal.com\\\/?s={search_term_string}\"},\"query-input\":{\"@type\":\"PropertyValueSpecification\",\"valueRequired\":true,\"valueName\":\"search_term_string\"}}],\"inLanguage\":\"fr-FR\"},{\"@type\":\"Person\",\"@id\":\"https:\\\/\\\/batijournal.com\\\/#\\\/schema\\\/person\\\/1dc96ec6957aa1ccb25ebe78bb19f100\",\"name\":\"St\u00e9phane Miget\",\"image\":{\"@type\":\"ImageObject\",\"inLanguage\":\"fr-FR\",\"@id\":\"https:\\\/\\\/secure.gravatar.com\\\/avatar\\\/89915563d925342126b8ef0281b93d9d7fc337043e8df017f780908eb9644451?s=96&d=mm&r=g\",\"url\":\"https:\\\/\\\/secure.gravatar.com\\\/avatar\\\/89915563d925342126b8ef0281b93d9d7fc337043e8df017f780908eb9644451?s=96&d=mm&r=g\",\"contentUrl\":\"https:\\\/\\\/secure.gravatar.com\\\/avatar\\\/89915563d925342126b8ef0281b93d9d7fc337043e8df017f780908eb9644451?s=96&d=mm&r=g\",\"caption\":\"St\u00e9phane Miget\"},\"url\":\"https:\\\/\\\/batijournal.com\\\/index.php\\\/author\\\/stephane\\\/\"}]}<\/script>\n<!-- \/ Yoast SEO plugin. -->","yoast_head_json":{"title":"18 architectes du patrimoine \u00e0 la d\u00e9couverte de l'ardoise","robots":{"index":"index","follow":"follow","max-snippet":"max-snippet:-1","max-image-preview":"max-image-preview:large","max-video-preview":"max-video-preview:-1"},"canonical":"https:\/\/batijournal.com\/index.php\/18-architectes-du-patrimoine-a-la-decouverte-de-lardoise\/108455\/","og_locale":"fr_FR","og_type":"article","og_title":"18 architectes du patrimoine \u00e0 la d\u00e9couverte de l'ardoise","og_description":"Le 30 septembre 2022, Cupa Pizarras et l\u2019Ecole Sup\u00e9rieure de Couverture d\u2019Angers r\u00e9unissaient 18 architectes du patrimoine, dans le cadre d\u2019une journ\u00e9e technique. A l\u2019occasion de cette rencontre, \u00e0 Tr\u00e9laz\u00e9, les participants ont pu se former au contact de sp\u00e9cialistes de l\u2019ardoise pour red\u00e9couvrir sa composition g\u00e9ologique, ses diff\u00e9rents gisements, proc\u00e9d\u00e9s d\u2019extraction et techniques de [&hellip;]","og_url":"https:\/\/batijournal.com\/index.php\/18-architectes-du-patrimoine-a-la-decouverte-de-lardoise\/108455\/","og_site_name":"Batijournal","article_published_time":"2022-12-16T12:27:11+00:00","og_image":[{"width":1014,"height":676,"url":"https:\/\/batijournal.com\/wp-content\/uploads\/2022\/12\/musee-ardoise-de-trelaze.jpg","type":"image\/jpeg"}],"author":"St\u00e9phane Miget","twitter_card":"summary_large_image","twitter_creator":"@bati_journal","twitter_site":"@bati_journal","twitter_misc":{"\u00c9crit par":"St\u00e9phane Miget"},"schema":{"@context":"https:\/\/schema.org","@graph":[{"@type":"Article","@id":"https:\/\/batijournal.com\/index.php\/18-architectes-du-patrimoine-a-la-decouverte-de-lardoise\/108455\/#article","isPartOf":{"@id":"https:\/\/batijournal.com\/index.php\/18-architectes-du-patrimoine-a-la-decouverte-de-lardoise\/108455\/"},"author":{"name":"St\u00e9phane Miget","@id":"https:\/\/batijournal.com\/#\/schema\/person\/1dc96ec6957aa1ccb25ebe78bb19f100"},"headline":"18 architectes du patrimoine \u00e0 la d\u00e9couverte de l&rsquo;ardoise","datePublished":"2022-12-16T12:27:11+00:00","mainEntityOfPage":{"@id":"https:\/\/batijournal.com\/index.php\/18-architectes-du-patrimoine-a-la-decouverte-de-lardoise\/108455\/"},"wordCount":85,"image":{"@id":"https:\/\/batijournal.com\/index.php\/18-architectes-du-patrimoine-a-la-decouverte-de-lardoise\/108455\/#primaryimage"},"thumbnailUrl":"https:\/\/batijournal.com\/wp-content\/uploads\/2022\/12\/musee-ardoise-de-trelaze.jpg","keywords":["ardoise"],"articleSection":["Actualit\u00e9s","Architecture &amp; Conception","zz_Actualit\u00e9s - Atrium","zz_Atrium Patrimoine"],"inLanguage":"fr-FR"},{"@type":"WebPage","@id":"https:\/\/batijournal.com\/index.php\/18-architectes-du-patrimoine-a-la-decouverte-de-lardoise\/108455\/","url":"https:\/\/batijournal.com\/index.php\/18-architectes-du-patrimoine-a-la-decouverte-de-lardoise\/108455\/","name":"18 architectes du patrimoine \u00e0 la d\u00e9couverte de l'ardoise","isPartOf":{"@id":"https:\/\/batijournal.com\/#website"},"primaryImageOfPage":{"@id":"https:\/\/batijournal.com\/index.php\/18-architectes-du-patrimoine-a-la-decouverte-de-lardoise\/108455\/#primaryimage"},"image":{"@id":"https:\/\/batijournal.com\/index.php\/18-architectes-du-patrimoine-a-la-decouverte-de-lardoise\/108455\/#primaryimage"},"thumbnailUrl":"https:\/\/batijournal.com\/wp-content\/uploads\/2022\/12\/musee-ardoise-de-trelaze.jpg","datePublished":"2022-12-16T12:27:11+00:00","author":{"@id":"https:\/\/batijournal.com\/#\/schema\/person\/1dc96ec6957aa1ccb25ebe78bb19f100"},"breadcrumb":{"@id":"https:\/\/batijournal.com\/index.php\/18-architectes-du-patrimoine-a-la-decouverte-de-lardoise\/108455\/#breadcrumb"},"inLanguage":"fr-FR","potentialAction":[{"@type":"ReadAction","target":["https:\/\/batijournal.com\/index.php\/18-architectes-du-patrimoine-a-la-decouverte-de-lardoise\/108455\/"]}]},{"@type":"ImageObject","inLanguage":"fr-FR","@id":"https:\/\/batijournal.com\/index.php\/18-architectes-du-patrimoine-a-la-decouverte-de-lardoise\/108455\/#primaryimage","url":"https:\/\/batijournal.com\/wp-content\/uploads\/2022\/12\/musee-ardoise-de-trelaze.jpg","contentUrl":"https:\/\/batijournal.com\/wp-content\/uploads\/2022\/12\/musee-ardoise-de-trelaze.jpg","width":1014,"height":676},{"@type":"BreadcrumbList","@id":"https:\/\/batijournal.com\/index.php\/18-architectes-du-patrimoine-a-la-decouverte-de-lardoise\/108455\/#breadcrumb","itemListElement":[{"@type":"ListItem","position":1,"name":"Accueil","item":"https:\/\/batijournal.com\/"},{"@type":"ListItem","position":2,"name":"Actualit\u00e9s","item":"https:\/\/batijournal.com\/index.php\/category\/actualites\/"},{"@type":"ListItem","position":3,"name":"18 architectes du patrimoine \u00e0 la d\u00e9couverte de l&rsquo;ardoise"}]},{"@type":"WebSite","@id":"https:\/\/batijournal.com\/#website","url":"https:\/\/batijournal.com\/","name":"Batijournal","description":"L&#039;actualit\u00e9 du b\u00e2timent","potentialAction":[{"@type":"SearchAction","target":{"@type":"EntryPoint","urlTemplate":"https:\/\/batijournal.com\/?s={search_term_string}"},"query-input":{"@type":"PropertyValueSpecification","valueRequired":true,"valueName":"search_term_string"}}],"inLanguage":"fr-FR"},{"@type":"Person","@id":"https:\/\/batijournal.com\/#\/schema\/person\/1dc96ec6957aa1ccb25ebe78bb19f100","name":"St\u00e9phane Miget","image":{"@type":"ImageObject","inLanguage":"fr-FR","@id":"https:\/\/secure.gravatar.com\/avatar\/89915563d925342126b8ef0281b93d9d7fc337043e8df017f780908eb9644451?s=96&d=mm&r=g","url":"https:\/\/secure.gravatar.com\/avatar\/89915563d925342126b8ef0281b93d9d7fc337043e8df017f780908eb9644451?s=96&d=mm&r=g","contentUrl":"https:\/\/secure.gravatar.com\/avatar\/89915563d925342126b8ef0281b93d9d7fc337043e8df017f780908eb9644451?s=96&d=mm&r=g","caption":"St\u00e9phane Miget"},"url":"https:\/\/batijournal.com\/index.php\/author\/stephane\/"}]}},"_links":{"self":[{"href":"https:\/\/batijournal.com\/index.php\/wp-json\/wp\/v2\/posts\/108455","targetHints":{"allow":["GET"]}}],"collection":[{"href":"https:\/\/batijournal.com\/index.php\/wp-json\/wp\/v2\/posts"}],"about":[{"href":"https:\/\/batijournal.com\/index.php\/wp-json\/wp\/v2\/types\/post"}],"author":[{"embeddable":true,"href":"https:\/\/batijournal.com\/index.php\/wp-json\/wp\/v2\/users\/17"}],"replies":[{"embeddable":true,"href":"https:\/\/batijournal.com\/index.php\/wp-json\/wp\/v2\/comments?post=108455"}],"version-history":[{"count":0,"href":"https:\/\/batijournal.com\/index.php\/wp-json\/wp\/v2\/posts\/108455\/revisions"}],"wp:featuredmedia":[{"embeddable":true,"href":"https:\/\/batijournal.com\/index.php\/wp-json\/wp\/v2\/media\/108456"}],"wp:attachment":[{"href":"https:\/\/batijournal.com\/index.php\/wp-json\/wp\/v2\/media?parent=108455"}],"wp:term":[{"taxonomy":"category","embeddable":true,"href":"https:\/\/batijournal.com\/index.php\/wp-json\/wp\/v2\/categories?post=108455"},{"taxonomy":"post_tag","embeddable":true,"href":"https:\/\/batijournal.com\/index.php\/wp-json\/wp\/v2\/tags?post=108455"}],"curies":[{"name":"wp","href":"https:\/\/api.w.org\/{rel}","templated":true}]}}