{"id":108469,"date":"2022-12-19T13:31:21","date_gmt":"2022-12-19T12:31:21","guid":{"rendered":"https:\/\/batijournal.com\/?p=108469"},"modified":"2022-12-19T13:31:21","modified_gmt":"2022-12-19T12:31:21","slug":"en-2023-le-logement-neuf-entrera-en-crise","status":"publish","type":"post","link":"https:\/\/batijournal.com\/index.php\/en-2023-le-logement-neuf-entrera-en-crise\/108469\/","title":{"rendered":"En 2023, Le logement neuf entrera en crise"},"content":{"rendered":"<p>La FFB a livr\u00e9 des chiffres positifs pour l&rsquo;ann\u00e9e \u00e9coul\u00e9e et reste prudente pour 2023. L\u2019activit\u00e9 du b\u00e2timent a cru de 3,7\u00a0% en volume en 2022. Le logement neuf s\u2019affiche \u00e0 +5,1\u00a0% gr\u00e2ce \u00e0 une bonne dynamique des mises en chantier sur 2021 et 2022 (environ 400\u00a0000 par an)\u00a0; l\u2019activit\u00e9 en non r\u00e9sidentiel neuf progresse de 6,6\u00a0%, port\u00e9e par les b\u00e2timents industriels et assimil\u00e9s, ainsi que les commerces\u00a0et l\u2019am\u00e9lioration-entretien renoue quasiment avec son volume d\u2019activit\u00e9 de 2019 avec +2,1\u00a0%. En 2023, l\u2019activit\u00e9 b\u00e2timent devrait encore l\u00e9g\u00e8rement cro\u00eetre avec +0,7\u00a0%, notamment gr\u00e2ce \u00e0 des carnets de commandes \u00e0 bon niveau fin 2022. Le logement neuf entrera en crise, \u00e0 &#8211; 2,6\u00a0% compte tenu d\u2019une forte baisse de pr\u00e8s de 10\u00a0% des mises en chantier, qui tomberonnt \u00e0 360\u00a0000 unit\u00e9s, suite \u00e0 la chute des permis (-21,3\u00a0%) et \u00e0 l\u2019effondrement des ventes de 2022. Le non r\u00e9sidentiel neuf ralentira \u00e0 +1,7\u00a0%, eu \u00e9gard \u00e0 la d\u00e9t\u00e9rioration du contexte \u00e9conomique et financier qui p\u00e8sera sur les surfaces autoris\u00e9es (-0,8\u00a0%). Quant \u00e0 l\u2019activit\u00e9 en am\u00e9lioration-entretien, elle devrait rester bien orient\u00e9e, \u00e0 +2,0\u00a0%, tir\u00e9e par une acc\u00e9l\u00e9ration contenue de la r\u00e9novation \u00e9nerg\u00e9tique.<\/p>\n","protected":false},"excerpt":{"rendered":"<p>La FFB a livr\u00e9 des chiffres positifs pour l&rsquo;ann\u00e9e \u00e9coul\u00e9e et reste prudente pour 2023. L\u2019activit\u00e9 du b\u00e2timent a cru de 3,7\u00a0% en volume en 2022. Le logement neuf s\u2019affiche \u00e0 +5,1\u00a0% gr\u00e2ce \u00e0 une bonne dynamique des mises en chantier sur 2021 et 2022 (environ 400\u00a0000 par an)\u00a0; l\u2019activit\u00e9 en non r\u00e9sidentiel neuf progresse [&hellip;]<\/p>\n","protected":false},"author":17,"featured_media":105383,"comment_status":"closed","ping_status":"closed","sticky":false,"template":"","format":"standard","meta":{"_et_pb_use_builder":"","_et_pb_old_content":"","_et_gb_content_width":"","footnotes":""},"categories":[10736,10530,6345],"tags":[1338],"class_list":["post-108469","post","type-post","status-publish","format-standard","has-post-thumbnail","hentry","category-a-la-une","category-actualites","category-economie-marches","tag-statistiques"],"yoast_head":"<!-- This site is optimized with the Yoast SEO plugin v27.4 - https:\/\/yoast.com\/product\/yoast-seo-wordpress\/ -->\n<title>En 2023, Le logement neuf entrera en crise<\/title>\n<meta name=\"robots\" content=\"index, follow, max-snippet:-1, max-image-preview:large, max-video-preview:-1\" \/>\n<link rel=\"canonical\" href=\"https:\/\/batijournal.com\/index.php\/en-2023-le-logement-neuf-entrera-en-crise\/108469\/\" \/>\n<meta property=\"og:locale\" content=\"fr_FR\" \/>\n<meta property=\"og:type\" content=\"article\" \/>\n<meta property=\"og:title\" content=\"En 2023, Le logement neuf entrera en crise\" \/>\n<meta property=\"og:description\" content=\"La FFB a livr\u00e9 des chiffres positifs pour l&rsquo;ann\u00e9e \u00e9coul\u00e9e et reste prudente pour 2023. L\u2019activit\u00e9 du b\u00e2timent a cru de 3,7\u00a0% en volume en 2022. Le logement neuf s\u2019affiche \u00e0 +5,1\u00a0% gr\u00e2ce \u00e0 une bonne dynamique des mises en chantier sur 2021 et 2022 (environ 400\u00a0000 par an)\u00a0; l\u2019activit\u00e9 en non r\u00e9sidentiel neuf progresse [&hellip;]\" \/>\n<meta property=\"og:url\" content=\"https:\/\/batijournal.com\/index.php\/en-2023-le-logement-neuf-entrera-en-crise\/108469\/\" \/>\n<meta property=\"og:site_name\" content=\"Batijournal\" \/>\n<meta property=\"article:published_time\" content=\"2022-12-19T12:31:21+00:00\" \/>\n<meta property=\"og:image\" content=\"https:\/\/batijournal.com\/wp-content\/uploads\/2021\/01\/grue-chantier.jpg\" \/>\n\t<meta property=\"og:image:width\" content=\"1200\" \/>\n\t<meta property=\"og:image:height\" content=\"663\" \/>\n\t<meta property=\"og:image:type\" content=\"image\/jpeg\" \/>\n<meta name=\"author\" content=\"St\u00e9phane Miget\" \/>\n<meta name=\"twitter:card\" content=\"summary_large_image\" \/>\n<meta name=\"twitter:creator\" content=\"@bati_journal\" \/>\n<meta name=\"twitter:site\" content=\"@bati_journal\" \/>\n<meta name=\"twitter:label1\" content=\"\u00c9crit par\" \/>\n\t<meta name=\"twitter:data1\" content=\"St\u00e9phane Miget\" \/>\n\t<meta name=\"twitter:label2\" content=\"Dur\u00e9e de lecture estim\u00e9e\" \/>\n\t<meta name=\"twitter:data2\" content=\"1 minute\" \/>\n<script type=\"application\/ld+json\" class=\"yoast-schema-graph\">{\"@context\":\"https:\\\/\\\/schema.org\",\"@graph\":[{\"@type\":\"Article\",\"@id\":\"https:\\\/\\\/batijournal.com\\\/index.php\\\/en-2023-le-logement-neuf-entrera-en-crise\\\/108469\\\/#article\",\"isPartOf\":{\"@id\":\"https:\\\/\\\/batijournal.com\\\/index.php\\\/en-2023-le-logement-neuf-entrera-en-crise\\\/108469\\\/\"},\"author\":{\"name\":\"St\u00e9phane Miget\",\"@id\":\"https:\\\/\\\/batijournal.com\\\/#\\\/schema\\\/person\\\/1dc96ec6957aa1ccb25ebe78bb19f100\"},\"headline\":\"En 2023, Le logement neuf entrera en crise\",\"datePublished\":\"2022-12-19T12:31:21+00:00\",\"mainEntityOfPage\":{\"@id\":\"https:\\\/\\\/batijournal.com\\\/index.php\\\/en-2023-le-logement-neuf-entrera-en-crise\\\/108469\\\/\"},\"wordCount\":202,\"image\":{\"@id\":\"https:\\\/\\\/batijournal.com\\\/index.php\\\/en-2023-le-logement-neuf-entrera-en-crise\\\/108469\\\/#primaryimage\"},\"thumbnailUrl\":\"https:\\\/\\\/batijournal.com\\\/wp-content\\\/uploads\\\/2021\\\/01\\\/grue-chantier.jpg\",\"keywords\":[\"statistiques\"],\"articleSection\":[\"A la Une\",\"Actualit\u00e9s\",\"\u00c9conomie &amp; March\u00e9s\"],\"inLanguage\":\"fr-FR\"},{\"@type\":\"WebPage\",\"@id\":\"https:\\\/\\\/batijournal.com\\\/index.php\\\/en-2023-le-logement-neuf-entrera-en-crise\\\/108469\\\/\",\"url\":\"https:\\\/\\\/batijournal.com\\\/index.php\\\/en-2023-le-logement-neuf-entrera-en-crise\\\/108469\\\/\",\"name\":\"En 2023, Le logement neuf entrera en crise\",\"isPartOf\":{\"@id\":\"https:\\\/\\\/batijournal.com\\\/#website\"},\"primaryImageOfPage\":{\"@id\":\"https:\\\/\\\/batijournal.com\\\/index.php\\\/en-2023-le-logement-neuf-entrera-en-crise\\\/108469\\\/#primaryimage\"},\"image\":{\"@id\":\"https:\\\/\\\/batijournal.com\\\/index.php\\\/en-2023-le-logement-neuf-entrera-en-crise\\\/108469\\\/#primaryimage\"},\"thumbnailUrl\":\"https:\\\/\\\/batijournal.com\\\/wp-content\\\/uploads\\\/2021\\\/01\\\/grue-chantier.jpg\",\"datePublished\":\"2022-12-19T12:31:21+00:00\",\"author\":{\"@id\":\"https:\\\/\\\/batijournal.com\\\/#\\\/schema\\\/person\\\/1dc96ec6957aa1ccb25ebe78bb19f100\"},\"breadcrumb\":{\"@id\":\"https:\\\/\\\/batijournal.com\\\/index.php\\\/en-2023-le-logement-neuf-entrera-en-crise\\\/108469\\\/#breadcrumb\"},\"inLanguage\":\"fr-FR\",\"potentialAction\":[{\"@type\":\"ReadAction\",\"target\":[\"https:\\\/\\\/batijournal.com\\\/index.php\\\/en-2023-le-logement-neuf-entrera-en-crise\\\/108469\\\/\"]}]},{\"@type\":\"ImageObject\",\"inLanguage\":\"fr-FR\",\"@id\":\"https:\\\/\\\/batijournal.com\\\/index.php\\\/en-2023-le-logement-neuf-entrera-en-crise\\\/108469\\\/#primaryimage\",\"url\":\"https:\\\/\\\/batijournal.com\\\/wp-content\\\/uploads\\\/2021\\\/01\\\/grue-chantier.jpg\",\"contentUrl\":\"https:\\\/\\\/batijournal.com\\\/wp-content\\\/uploads\\\/2021\\\/01\\\/grue-chantier.jpg\",\"width\":1200,\"height\":663},{\"@type\":\"BreadcrumbList\",\"@id\":\"https:\\\/\\\/batijournal.com\\\/index.php\\\/en-2023-le-logement-neuf-entrera-en-crise\\\/108469\\\/#breadcrumb\",\"itemListElement\":[{\"@type\":\"ListItem\",\"position\":1,\"name\":\"Accueil\",\"item\":\"https:\\\/\\\/batijournal.com\\\/\"},{\"@type\":\"ListItem\",\"position\":2,\"name\":\"Actualit\u00e9s\",\"item\":\"https:\\\/\\\/batijournal.com\\\/index.php\\\/category\\\/actualites\\\/\"},{\"@type\":\"ListItem\",\"position\":3,\"name\":\"En 2023, Le logement neuf entrera en crise\"}]},{\"@type\":\"WebSite\",\"@id\":\"https:\\\/\\\/batijournal.com\\\/#website\",\"url\":\"https:\\\/\\\/batijournal.com\\\/\",\"name\":\"Batijournal\",\"description\":\"L&#039;actualit\u00e9 du b\u00e2timent\",\"potentialAction\":[{\"@type\":\"SearchAction\",\"target\":{\"@type\":\"EntryPoint\",\"urlTemplate\":\"https:\\\/\\\/batijournal.com\\\/?s={search_term_string}\"},\"query-input\":{\"@type\":\"PropertyValueSpecification\",\"valueRequired\":true,\"valueName\":\"search_term_string\"}}],\"inLanguage\":\"fr-FR\"},{\"@type\":\"Person\",\"@id\":\"https:\\\/\\\/batijournal.com\\\/#\\\/schema\\\/person\\\/1dc96ec6957aa1ccb25ebe78bb19f100\",\"name\":\"St\u00e9phane Miget\",\"image\":{\"@type\":\"ImageObject\",\"inLanguage\":\"fr-FR\",\"@id\":\"https:\\\/\\\/secure.gravatar.com\\\/avatar\\\/89915563d925342126b8ef0281b93d9d7fc337043e8df017f780908eb9644451?s=96&d=mm&r=g\",\"url\":\"https:\\\/\\\/secure.gravatar.com\\\/avatar\\\/89915563d925342126b8ef0281b93d9d7fc337043e8df017f780908eb9644451?s=96&d=mm&r=g\",\"contentUrl\":\"https:\\\/\\\/secure.gravatar.com\\\/avatar\\\/89915563d925342126b8ef0281b93d9d7fc337043e8df017f780908eb9644451?s=96&d=mm&r=g\",\"caption\":\"St\u00e9phane Miget\"},\"url\":\"https:\\\/\\\/batijournal.com\\\/index.php\\\/author\\\/stephane\\\/\"}]}<\/script>\n<!-- \/ Yoast SEO plugin. -->","yoast_head_json":{"title":"En 2023, Le logement neuf entrera en crise","robots":{"index":"index","follow":"follow","max-snippet":"max-snippet:-1","max-image-preview":"max-image-preview:large","max-video-preview":"max-video-preview:-1"},"canonical":"https:\/\/batijournal.com\/index.php\/en-2023-le-logement-neuf-entrera-en-crise\/108469\/","og_locale":"fr_FR","og_type":"article","og_title":"En 2023, Le logement neuf entrera en crise","og_description":"La FFB a livr\u00e9 des chiffres positifs pour l&rsquo;ann\u00e9e \u00e9coul\u00e9e et reste prudente pour 2023. L\u2019activit\u00e9 du b\u00e2timent a cru de 3,7\u00a0% en volume en 2022. Le logement neuf s\u2019affiche \u00e0 +5,1\u00a0% gr\u00e2ce \u00e0 une bonne dynamique des mises en chantier sur 2021 et 2022 (environ 400\u00a0000 par an)\u00a0; l\u2019activit\u00e9 en non r\u00e9sidentiel neuf progresse [&hellip;]","og_url":"https:\/\/batijournal.com\/index.php\/en-2023-le-logement-neuf-entrera-en-crise\/108469\/","og_site_name":"Batijournal","article_published_time":"2022-12-19T12:31:21+00:00","og_image":[{"width":1200,"height":663,"url":"https:\/\/batijournal.com\/wp-content\/uploads\/2021\/01\/grue-chantier.jpg","type":"image\/jpeg"}],"author":"St\u00e9phane Miget","twitter_card":"summary_large_image","twitter_creator":"@bati_journal","twitter_site":"@bati_journal","twitter_misc":{"\u00c9crit par":"St\u00e9phane Miget","Dur\u00e9e de lecture estim\u00e9e":"1 minute"},"schema":{"@context":"https:\/\/schema.org","@graph":[{"@type":"Article","@id":"https:\/\/batijournal.com\/index.php\/en-2023-le-logement-neuf-entrera-en-crise\/108469\/#article","isPartOf":{"@id":"https:\/\/batijournal.com\/index.php\/en-2023-le-logement-neuf-entrera-en-crise\/108469\/"},"author":{"name":"St\u00e9phane Miget","@id":"https:\/\/batijournal.com\/#\/schema\/person\/1dc96ec6957aa1ccb25ebe78bb19f100"},"headline":"En 2023, Le logement neuf entrera en crise","datePublished":"2022-12-19T12:31:21+00:00","mainEntityOfPage":{"@id":"https:\/\/batijournal.com\/index.php\/en-2023-le-logement-neuf-entrera-en-crise\/108469\/"},"wordCount":202,"image":{"@id":"https:\/\/batijournal.com\/index.php\/en-2023-le-logement-neuf-entrera-en-crise\/108469\/#primaryimage"},"thumbnailUrl":"https:\/\/batijournal.com\/wp-content\/uploads\/2021\/01\/grue-chantier.jpg","keywords":["statistiques"],"articleSection":["A la Une","Actualit\u00e9s","\u00c9conomie &amp; March\u00e9s"],"inLanguage":"fr-FR"},{"@type":"WebPage","@id":"https:\/\/batijournal.com\/index.php\/en-2023-le-logement-neuf-entrera-en-crise\/108469\/","url":"https:\/\/batijournal.com\/index.php\/en-2023-le-logement-neuf-entrera-en-crise\/108469\/","name":"En 2023, Le logement neuf entrera en crise","isPartOf":{"@id":"https:\/\/batijournal.com\/#website"},"primaryImageOfPage":{"@id":"https:\/\/batijournal.com\/index.php\/en-2023-le-logement-neuf-entrera-en-crise\/108469\/#primaryimage"},"image":{"@id":"https:\/\/batijournal.com\/index.php\/en-2023-le-logement-neuf-entrera-en-crise\/108469\/#primaryimage"},"thumbnailUrl":"https:\/\/batijournal.com\/wp-content\/uploads\/2021\/01\/grue-chantier.jpg","datePublished":"2022-12-19T12:31:21+00:00","author":{"@id":"https:\/\/batijournal.com\/#\/schema\/person\/1dc96ec6957aa1ccb25ebe78bb19f100"},"breadcrumb":{"@id":"https:\/\/batijournal.com\/index.php\/en-2023-le-logement-neuf-entrera-en-crise\/108469\/#breadcrumb"},"inLanguage":"fr-FR","potentialAction":[{"@type":"ReadAction","target":["https:\/\/batijournal.com\/index.php\/en-2023-le-logement-neuf-entrera-en-crise\/108469\/"]}]},{"@type":"ImageObject","inLanguage":"fr-FR","@id":"https:\/\/batijournal.com\/index.php\/en-2023-le-logement-neuf-entrera-en-crise\/108469\/#primaryimage","url":"https:\/\/batijournal.com\/wp-content\/uploads\/2021\/01\/grue-chantier.jpg","contentUrl":"https:\/\/batijournal.com\/wp-content\/uploads\/2021\/01\/grue-chantier.jpg","width":1200,"height":663},{"@type":"BreadcrumbList","@id":"https:\/\/batijournal.com\/index.php\/en-2023-le-logement-neuf-entrera-en-crise\/108469\/#breadcrumb","itemListElement":[{"@type":"ListItem","position":1,"name":"Accueil","item":"https:\/\/batijournal.com\/"},{"@type":"ListItem","position":2,"name":"Actualit\u00e9s","item":"https:\/\/batijournal.com\/index.php\/category\/actualites\/"},{"@type":"ListItem","position":3,"name":"En 2023, Le logement neuf entrera en crise"}]},{"@type":"WebSite","@id":"https:\/\/batijournal.com\/#website","url":"https:\/\/batijournal.com\/","name":"Batijournal","description":"L&#039;actualit\u00e9 du b\u00e2timent","potentialAction":[{"@type":"SearchAction","target":{"@type":"EntryPoint","urlTemplate":"https:\/\/batijournal.com\/?s={search_term_string}"},"query-input":{"@type":"PropertyValueSpecification","valueRequired":true,"valueName":"search_term_string"}}],"inLanguage":"fr-FR"},{"@type":"Person","@id":"https:\/\/batijournal.com\/#\/schema\/person\/1dc96ec6957aa1ccb25ebe78bb19f100","name":"St\u00e9phane Miget","image":{"@type":"ImageObject","inLanguage":"fr-FR","@id":"https:\/\/secure.gravatar.com\/avatar\/89915563d925342126b8ef0281b93d9d7fc337043e8df017f780908eb9644451?s=96&d=mm&r=g","url":"https:\/\/secure.gravatar.com\/avatar\/89915563d925342126b8ef0281b93d9d7fc337043e8df017f780908eb9644451?s=96&d=mm&r=g","contentUrl":"https:\/\/secure.gravatar.com\/avatar\/89915563d925342126b8ef0281b93d9d7fc337043e8df017f780908eb9644451?s=96&d=mm&r=g","caption":"St\u00e9phane Miget"},"url":"https:\/\/batijournal.com\/index.php\/author\/stephane\/"}]}},"_links":{"self":[{"href":"https:\/\/batijournal.com\/index.php\/wp-json\/wp\/v2\/posts\/108469","targetHints":{"allow":["GET"]}}],"collection":[{"href":"https:\/\/batijournal.com\/index.php\/wp-json\/wp\/v2\/posts"}],"about":[{"href":"https:\/\/batijournal.com\/index.php\/wp-json\/wp\/v2\/types\/post"}],"author":[{"embeddable":true,"href":"https:\/\/batijournal.com\/index.php\/wp-json\/wp\/v2\/users\/17"}],"replies":[{"embeddable":true,"href":"https:\/\/batijournal.com\/index.php\/wp-json\/wp\/v2\/comments?post=108469"}],"version-history":[{"count":0,"href":"https:\/\/batijournal.com\/index.php\/wp-json\/wp\/v2\/posts\/108469\/revisions"}],"wp:featuredmedia":[{"embeddable":true,"href":"https:\/\/batijournal.com\/index.php\/wp-json\/wp\/v2\/media\/105383"}],"wp:attachment":[{"href":"https:\/\/batijournal.com\/index.php\/wp-json\/wp\/v2\/media?parent=108469"}],"wp:term":[{"taxonomy":"category","embeddable":true,"href":"https:\/\/batijournal.com\/index.php\/wp-json\/wp\/v2\/categories?post=108469"},{"taxonomy":"post_tag","embeddable":true,"href":"https:\/\/batijournal.com\/index.php\/wp-json\/wp\/v2\/tags?post=108469"}],"curies":[{"name":"wp","href":"https:\/\/api.w.org\/{rel}","templated":true}]}}