{"id":108485,"date":"2023-01-10T13:48:54","date_gmt":"2023-01-10T12:48:54","guid":{"rendered":"https:\/\/batijournal.com\/?p=108485"},"modified":"2023-01-10T13:48:54","modified_gmt":"2023-01-10T12:48:54","slug":"la-prime-a-lalternance-prolongee-jusqua-la-fin-du-quinquennat","status":"publish","type":"post","link":"https:\/\/batijournal.com\/index.php\/la-prime-a-lalternance-prolongee-jusqua-la-fin-du-quinquennat\/108485\/","title":{"rendered":"La prime \u00e0 l\u2019alternance prolong\u00e9e jusqu\u2019\u00e0 la fin du quinquennat"},"content":{"rendered":"<p>Pour l\u2019ann\u00e9e 2023, le gouvernement a renouvel\u00e9 son soutien au recrutement des apprentis et des salari\u00e9s en contrat de professionnalisation. Le jeudi 5 janvier, \u00e0 l\u2019occasion de la c\u00e9r\u00e9monie de la galette, \u00e0 l\u2019Elys\u00e9e, Emmanuel Macron a dit vouloir prolonger cette aide jusqu&rsquo;\u00e0 la fin de son quinquennat. La prime sera donc d\u00e9j\u00e0 vers\u00e9e \u00e0 toutes les entreprises, pour les contrats d\u2019apprentissage ou de professionnalisation conclus du 1er janvier au 31 d\u00e9cembre 2023, pour la premi\u00e8re ann\u00e9e d\u2019ex\u00e9cution d&rsquo;un contrat. L&rsquo;aide financi\u00e8re sera de 6 000\u20ac maximum pour un apprenti, quel que soit son \u00e2ge et de 6 000\u20ac maximum pour un salari\u00e9 en contrat de professionnalisation jusqu\u2019\u00e0 29 ans inclus. Elle sera vers\u00e9e aux entreprises de moins de 250 salari\u00e9s, sans condition, aux entreprises de 250 salari\u00e9s et plus \u00e0 la condition qu\u2019elles s\u2019engagent \u00e0 atteindre un seuil de contrats d\u2019alternance ou de contrats favorisant l\u2019insertion professionnelle dans leur effectif au 31 d\u00e9cembre 2024.<\/p>\n","protected":false},"excerpt":{"rendered":"<p>Pour l\u2019ann\u00e9e 2023, le gouvernement a renouvel\u00e9 son soutien au recrutement des apprentis et des salari\u00e9s en contrat de professionnalisation. Le jeudi 5 janvier, \u00e0 l\u2019occasion de la c\u00e9r\u00e9monie de la galette, \u00e0 l\u2019Elys\u00e9e, Emmanuel Macron a dit vouloir prolonger cette aide jusqu&rsquo;\u00e0 la fin de son quinquennat. La prime sera donc d\u00e9j\u00e0 vers\u00e9e \u00e0 [&hellip;]<\/p>\n","protected":false},"author":17,"featured_media":87184,"comment_status":"closed","ping_status":"closed","sticky":false,"template":"","format":"standard","meta":{"_et_pb_use_builder":"","_et_pb_old_content":"","_et_gb_content_width":"","footnotes":""},"categories":[10736,10530,6362],"tags":[12896],"class_list":["post-108485","post","type-post","status-publish","format-standard","has-post-thumbnail","hentry","category-a-la-une","category-actualites","category-services-equipements","tag-apprentissage"],"yoast_head":"<!-- This site is optimized with the Yoast SEO plugin v27.4 - https:\/\/yoast.com\/product\/yoast-seo-wordpress\/ -->\n<title>La prime \u00e0 l\u2019alternance prolong\u00e9e jusqu\u2019\u00e0 la fin du quinquennat<\/title>\n<meta name=\"robots\" content=\"index, follow, max-snippet:-1, max-image-preview:large, max-video-preview:-1\" \/>\n<link rel=\"canonical\" href=\"https:\/\/batijournal.com\/index.php\/la-prime-a-lalternance-prolongee-jusqua-la-fin-du-quinquennat\/108485\/\" \/>\n<meta property=\"og:locale\" content=\"fr_FR\" \/>\n<meta property=\"og:type\" content=\"article\" \/>\n<meta property=\"og:title\" content=\"La prime \u00e0 l\u2019alternance prolong\u00e9e jusqu\u2019\u00e0 la fin du quinquennat\" \/>\n<meta property=\"og:description\" content=\"Pour l\u2019ann\u00e9e 2023, le gouvernement a renouvel\u00e9 son soutien au recrutement des apprentis et des salari\u00e9s en contrat de professionnalisation. Le jeudi 5 janvier, \u00e0 l\u2019occasion de la c\u00e9r\u00e9monie de la galette, \u00e0 l\u2019Elys\u00e9e, Emmanuel Macron a dit vouloir prolonger cette aide jusqu&rsquo;\u00e0 la fin de son quinquennat. La prime sera donc d\u00e9j\u00e0 vers\u00e9e \u00e0 [&hellip;]\" \/>\n<meta property=\"og:url\" content=\"https:\/\/batijournal.com\/index.php\/la-prime-a-lalternance-prolongee-jusqua-la-fin-du-quinquennat\/108485\/\" \/>\n<meta property=\"og:site_name\" content=\"Batijournal\" \/>\n<meta property=\"article:published_time\" content=\"2023-01-10T12:48:54+00:00\" \/>\n<meta property=\"og:image\" content=\"https:\/\/batijournal.com\/wp-content\/uploads\/2015\/05\/99696222.jpg\" \/>\n\t<meta property=\"og:image:width\" content=\"600\" \/>\n\t<meta property=\"og:image:height\" content=\"400\" \/>\n\t<meta property=\"og:image:type\" content=\"image\/jpeg\" \/>\n<meta name=\"author\" content=\"St\u00e9phane Miget\" \/>\n<meta name=\"twitter:card\" content=\"summary_large_image\" \/>\n<meta name=\"twitter:creator\" content=\"@bati_journal\" \/>\n<meta name=\"twitter:site\" content=\"@bati_journal\" \/>\n<meta name=\"twitter:label1\" content=\"\u00c9crit par\" \/>\n\t<meta name=\"twitter:data1\" content=\"St\u00e9phane Miget\" \/>\n\t<meta name=\"twitter:label2\" content=\"Dur\u00e9e de lecture estim\u00e9e\" \/>\n\t<meta name=\"twitter:data2\" content=\"1 minute\" \/>\n<script type=\"application\/ld+json\" class=\"yoast-schema-graph\">{\"@context\":\"https:\\\/\\\/schema.org\",\"@graph\":[{\"@type\":\"Article\",\"@id\":\"https:\\\/\\\/batijournal.com\\\/index.php\\\/la-prime-a-lalternance-prolongee-jusqua-la-fin-du-quinquennat\\\/108485\\\/#article\",\"isPartOf\":{\"@id\":\"https:\\\/\\\/batijournal.com\\\/index.php\\\/la-prime-a-lalternance-prolongee-jusqua-la-fin-du-quinquennat\\\/108485\\\/\"},\"author\":{\"name\":\"St\u00e9phane Miget\",\"@id\":\"https:\\\/\\\/batijournal.com\\\/#\\\/schema\\\/person\\\/1dc96ec6957aa1ccb25ebe78bb19f100\"},\"headline\":\"La prime \u00e0 l\u2019alternance prolong\u00e9e jusqu\u2019\u00e0 la fin du quinquennat\",\"datePublished\":\"2023-01-10T12:48:54+00:00\",\"mainEntityOfPage\":{\"@id\":\"https:\\\/\\\/batijournal.com\\\/index.php\\\/la-prime-a-lalternance-prolongee-jusqua-la-fin-du-quinquennat\\\/108485\\\/\"},\"wordCount\":175,\"image\":{\"@id\":\"https:\\\/\\\/batijournal.com\\\/index.php\\\/la-prime-a-lalternance-prolongee-jusqua-la-fin-du-quinquennat\\\/108485\\\/#primaryimage\"},\"thumbnailUrl\":\"https:\\\/\\\/batijournal.com\\\/wp-content\\\/uploads\\\/2015\\\/05\\\/99696222.jpg\",\"keywords\":[\"apprentissage\"],\"articleSection\":[\"A la Une\",\"Actualit\u00e9s\",\"Divers\"],\"inLanguage\":\"fr-FR\"},{\"@type\":\"WebPage\",\"@id\":\"https:\\\/\\\/batijournal.com\\\/index.php\\\/la-prime-a-lalternance-prolongee-jusqua-la-fin-du-quinquennat\\\/108485\\\/\",\"url\":\"https:\\\/\\\/batijournal.com\\\/index.php\\\/la-prime-a-lalternance-prolongee-jusqua-la-fin-du-quinquennat\\\/108485\\\/\",\"name\":\"La prime \u00e0 l\u2019alternance prolong\u00e9e jusqu\u2019\u00e0 la fin du quinquennat\",\"isPartOf\":{\"@id\":\"https:\\\/\\\/batijournal.com\\\/#website\"},\"primaryImageOfPage\":{\"@id\":\"https:\\\/\\\/batijournal.com\\\/index.php\\\/la-prime-a-lalternance-prolongee-jusqua-la-fin-du-quinquennat\\\/108485\\\/#primaryimage\"},\"image\":{\"@id\":\"https:\\\/\\\/batijournal.com\\\/index.php\\\/la-prime-a-lalternance-prolongee-jusqua-la-fin-du-quinquennat\\\/108485\\\/#primaryimage\"},\"thumbnailUrl\":\"https:\\\/\\\/batijournal.com\\\/wp-content\\\/uploads\\\/2015\\\/05\\\/99696222.jpg\",\"datePublished\":\"2023-01-10T12:48:54+00:00\",\"author\":{\"@id\":\"https:\\\/\\\/batijournal.com\\\/#\\\/schema\\\/person\\\/1dc96ec6957aa1ccb25ebe78bb19f100\"},\"breadcrumb\":{\"@id\":\"https:\\\/\\\/batijournal.com\\\/index.php\\\/la-prime-a-lalternance-prolongee-jusqua-la-fin-du-quinquennat\\\/108485\\\/#breadcrumb\"},\"inLanguage\":\"fr-FR\",\"potentialAction\":[{\"@type\":\"ReadAction\",\"target\":[\"https:\\\/\\\/batijournal.com\\\/index.php\\\/la-prime-a-lalternance-prolongee-jusqua-la-fin-du-quinquennat\\\/108485\\\/\"]}]},{\"@type\":\"ImageObject\",\"inLanguage\":\"fr-FR\",\"@id\":\"https:\\\/\\\/batijournal.com\\\/index.php\\\/la-prime-a-lalternance-prolongee-jusqua-la-fin-du-quinquennat\\\/108485\\\/#primaryimage\",\"url\":\"https:\\\/\\\/batijournal.com\\\/wp-content\\\/uploads\\\/2015\\\/05\\\/99696222.jpg\",\"contentUrl\":\"https:\\\/\\\/batijournal.com\\\/wp-content\\\/uploads\\\/2015\\\/05\\\/99696222.jpg\",\"width\":600,\"height\":400,\"caption\":\"10Kverts-verdissement-des-formations\"},{\"@type\":\"BreadcrumbList\",\"@id\":\"https:\\\/\\\/batijournal.com\\\/index.php\\\/la-prime-a-lalternance-prolongee-jusqua-la-fin-du-quinquennat\\\/108485\\\/#breadcrumb\",\"itemListElement\":[{\"@type\":\"ListItem\",\"position\":1,\"name\":\"Accueil\",\"item\":\"https:\\\/\\\/batijournal.com\\\/\"},{\"@type\":\"ListItem\",\"position\":2,\"name\":\"A la Une\",\"item\":\"https:\\\/\\\/batijournal.com\\\/index.php\\\/category\\\/a-la-une\\\/\"},{\"@type\":\"ListItem\",\"position\":3,\"name\":\"La prime \u00e0 l\u2019alternance prolong\u00e9e jusqu\u2019\u00e0 la fin du quinquennat\"}]},{\"@type\":\"WebSite\",\"@id\":\"https:\\\/\\\/batijournal.com\\\/#website\",\"url\":\"https:\\\/\\\/batijournal.com\\\/\",\"name\":\"Batijournal\",\"description\":\"L&#039;actualit\u00e9 du b\u00e2timent\",\"potentialAction\":[{\"@type\":\"SearchAction\",\"target\":{\"@type\":\"EntryPoint\",\"urlTemplate\":\"https:\\\/\\\/batijournal.com\\\/?s={search_term_string}\"},\"query-input\":{\"@type\":\"PropertyValueSpecification\",\"valueRequired\":true,\"valueName\":\"search_term_string\"}}],\"inLanguage\":\"fr-FR\"},{\"@type\":\"Person\",\"@id\":\"https:\\\/\\\/batijournal.com\\\/#\\\/schema\\\/person\\\/1dc96ec6957aa1ccb25ebe78bb19f100\",\"name\":\"St\u00e9phane Miget\",\"image\":{\"@type\":\"ImageObject\",\"inLanguage\":\"fr-FR\",\"@id\":\"https:\\\/\\\/secure.gravatar.com\\\/avatar\\\/89915563d925342126b8ef0281b93d9d7fc337043e8df017f780908eb9644451?s=96&d=mm&r=g\",\"url\":\"https:\\\/\\\/secure.gravatar.com\\\/avatar\\\/89915563d925342126b8ef0281b93d9d7fc337043e8df017f780908eb9644451?s=96&d=mm&r=g\",\"contentUrl\":\"https:\\\/\\\/secure.gravatar.com\\\/avatar\\\/89915563d925342126b8ef0281b93d9d7fc337043e8df017f780908eb9644451?s=96&d=mm&r=g\",\"caption\":\"St\u00e9phane Miget\"},\"url\":\"https:\\\/\\\/batijournal.com\\\/index.php\\\/author\\\/stephane\\\/\"}]}<\/script>\n<!-- \/ Yoast SEO plugin. -->","yoast_head_json":{"title":"La prime \u00e0 l\u2019alternance prolong\u00e9e jusqu\u2019\u00e0 la fin du quinquennat","robots":{"index":"index","follow":"follow","max-snippet":"max-snippet:-1","max-image-preview":"max-image-preview:large","max-video-preview":"max-video-preview:-1"},"canonical":"https:\/\/batijournal.com\/index.php\/la-prime-a-lalternance-prolongee-jusqua-la-fin-du-quinquennat\/108485\/","og_locale":"fr_FR","og_type":"article","og_title":"La prime \u00e0 l\u2019alternance prolong\u00e9e jusqu\u2019\u00e0 la fin du quinquennat","og_description":"Pour l\u2019ann\u00e9e 2023, le gouvernement a renouvel\u00e9 son soutien au recrutement des apprentis et des salari\u00e9s en contrat de professionnalisation. Le jeudi 5 janvier, \u00e0 l\u2019occasion de la c\u00e9r\u00e9monie de la galette, \u00e0 l\u2019Elys\u00e9e, Emmanuel Macron a dit vouloir prolonger cette aide jusqu&rsquo;\u00e0 la fin de son quinquennat. La prime sera donc d\u00e9j\u00e0 vers\u00e9e \u00e0 [&hellip;]","og_url":"https:\/\/batijournal.com\/index.php\/la-prime-a-lalternance-prolongee-jusqua-la-fin-du-quinquennat\/108485\/","og_site_name":"Batijournal","article_published_time":"2023-01-10T12:48:54+00:00","og_image":[{"width":600,"height":400,"url":"https:\/\/batijournal.com\/wp-content\/uploads\/2015\/05\/99696222.jpg","type":"image\/jpeg"}],"author":"St\u00e9phane Miget","twitter_card":"summary_large_image","twitter_creator":"@bati_journal","twitter_site":"@bati_journal","twitter_misc":{"\u00c9crit par":"St\u00e9phane Miget","Dur\u00e9e de lecture estim\u00e9e":"1 minute"},"schema":{"@context":"https:\/\/schema.org","@graph":[{"@type":"Article","@id":"https:\/\/batijournal.com\/index.php\/la-prime-a-lalternance-prolongee-jusqua-la-fin-du-quinquennat\/108485\/#article","isPartOf":{"@id":"https:\/\/batijournal.com\/index.php\/la-prime-a-lalternance-prolongee-jusqua-la-fin-du-quinquennat\/108485\/"},"author":{"name":"St\u00e9phane Miget","@id":"https:\/\/batijournal.com\/#\/schema\/person\/1dc96ec6957aa1ccb25ebe78bb19f100"},"headline":"La prime \u00e0 l\u2019alternance prolong\u00e9e jusqu\u2019\u00e0 la fin du quinquennat","datePublished":"2023-01-10T12:48:54+00:00","mainEntityOfPage":{"@id":"https:\/\/batijournal.com\/index.php\/la-prime-a-lalternance-prolongee-jusqua-la-fin-du-quinquennat\/108485\/"},"wordCount":175,"image":{"@id":"https:\/\/batijournal.com\/index.php\/la-prime-a-lalternance-prolongee-jusqua-la-fin-du-quinquennat\/108485\/#primaryimage"},"thumbnailUrl":"https:\/\/batijournal.com\/wp-content\/uploads\/2015\/05\/99696222.jpg","keywords":["apprentissage"],"articleSection":["A la Une","Actualit\u00e9s","Divers"],"inLanguage":"fr-FR"},{"@type":"WebPage","@id":"https:\/\/batijournal.com\/index.php\/la-prime-a-lalternance-prolongee-jusqua-la-fin-du-quinquennat\/108485\/","url":"https:\/\/batijournal.com\/index.php\/la-prime-a-lalternance-prolongee-jusqua-la-fin-du-quinquennat\/108485\/","name":"La prime \u00e0 l\u2019alternance prolong\u00e9e jusqu\u2019\u00e0 la fin du quinquennat","isPartOf":{"@id":"https:\/\/batijournal.com\/#website"},"primaryImageOfPage":{"@id":"https:\/\/batijournal.com\/index.php\/la-prime-a-lalternance-prolongee-jusqua-la-fin-du-quinquennat\/108485\/#primaryimage"},"image":{"@id":"https:\/\/batijournal.com\/index.php\/la-prime-a-lalternance-prolongee-jusqua-la-fin-du-quinquennat\/108485\/#primaryimage"},"thumbnailUrl":"https:\/\/batijournal.com\/wp-content\/uploads\/2015\/05\/99696222.jpg","datePublished":"2023-01-10T12:48:54+00:00","author":{"@id":"https:\/\/batijournal.com\/#\/schema\/person\/1dc96ec6957aa1ccb25ebe78bb19f100"},"breadcrumb":{"@id":"https:\/\/batijournal.com\/index.php\/la-prime-a-lalternance-prolongee-jusqua-la-fin-du-quinquennat\/108485\/#breadcrumb"},"inLanguage":"fr-FR","potentialAction":[{"@type":"ReadAction","target":["https:\/\/batijournal.com\/index.php\/la-prime-a-lalternance-prolongee-jusqua-la-fin-du-quinquennat\/108485\/"]}]},{"@type":"ImageObject","inLanguage":"fr-FR","@id":"https:\/\/batijournal.com\/index.php\/la-prime-a-lalternance-prolongee-jusqua-la-fin-du-quinquennat\/108485\/#primaryimage","url":"https:\/\/batijournal.com\/wp-content\/uploads\/2015\/05\/99696222.jpg","contentUrl":"https:\/\/batijournal.com\/wp-content\/uploads\/2015\/05\/99696222.jpg","width":600,"height":400,"caption":"10Kverts-verdissement-des-formations"},{"@type":"BreadcrumbList","@id":"https:\/\/batijournal.com\/index.php\/la-prime-a-lalternance-prolongee-jusqua-la-fin-du-quinquennat\/108485\/#breadcrumb","itemListElement":[{"@type":"ListItem","position":1,"name":"Accueil","item":"https:\/\/batijournal.com\/"},{"@type":"ListItem","position":2,"name":"A la Une","item":"https:\/\/batijournal.com\/index.php\/category\/a-la-une\/"},{"@type":"ListItem","position":3,"name":"La prime \u00e0 l\u2019alternance prolong\u00e9e jusqu\u2019\u00e0 la fin du quinquennat"}]},{"@type":"WebSite","@id":"https:\/\/batijournal.com\/#website","url":"https:\/\/batijournal.com\/","name":"Batijournal","description":"L&#039;actualit\u00e9 du b\u00e2timent","potentialAction":[{"@type":"SearchAction","target":{"@type":"EntryPoint","urlTemplate":"https:\/\/batijournal.com\/?s={search_term_string}"},"query-input":{"@type":"PropertyValueSpecification","valueRequired":true,"valueName":"search_term_string"}}],"inLanguage":"fr-FR"},{"@type":"Person","@id":"https:\/\/batijournal.com\/#\/schema\/person\/1dc96ec6957aa1ccb25ebe78bb19f100","name":"St\u00e9phane Miget","image":{"@type":"ImageObject","inLanguage":"fr-FR","@id":"https:\/\/secure.gravatar.com\/avatar\/89915563d925342126b8ef0281b93d9d7fc337043e8df017f780908eb9644451?s=96&d=mm&r=g","url":"https:\/\/secure.gravatar.com\/avatar\/89915563d925342126b8ef0281b93d9d7fc337043e8df017f780908eb9644451?s=96&d=mm&r=g","contentUrl":"https:\/\/secure.gravatar.com\/avatar\/89915563d925342126b8ef0281b93d9d7fc337043e8df017f780908eb9644451?s=96&d=mm&r=g","caption":"St\u00e9phane Miget"},"url":"https:\/\/batijournal.com\/index.php\/author\/stephane\/"}]}},"_links":{"self":[{"href":"https:\/\/batijournal.com\/index.php\/wp-json\/wp\/v2\/posts\/108485","targetHints":{"allow":["GET"]}}],"collection":[{"href":"https:\/\/batijournal.com\/index.php\/wp-json\/wp\/v2\/posts"}],"about":[{"href":"https:\/\/batijournal.com\/index.php\/wp-json\/wp\/v2\/types\/post"}],"author":[{"embeddable":true,"href":"https:\/\/batijournal.com\/index.php\/wp-json\/wp\/v2\/users\/17"}],"replies":[{"embeddable":true,"href":"https:\/\/batijournal.com\/index.php\/wp-json\/wp\/v2\/comments?post=108485"}],"version-history":[{"count":0,"href":"https:\/\/batijournal.com\/index.php\/wp-json\/wp\/v2\/posts\/108485\/revisions"}],"wp:featuredmedia":[{"embeddable":true,"href":"https:\/\/batijournal.com\/index.php\/wp-json\/wp\/v2\/media\/87184"}],"wp:attachment":[{"href":"https:\/\/batijournal.com\/index.php\/wp-json\/wp\/v2\/media?parent=108485"}],"wp:term":[{"taxonomy":"category","embeddable":true,"href":"https:\/\/batijournal.com\/index.php\/wp-json\/wp\/v2\/categories?post=108485"},{"taxonomy":"post_tag","embeddable":true,"href":"https:\/\/batijournal.com\/index.php\/wp-json\/wp\/v2\/tags?post=108485"}],"curies":[{"name":"wp","href":"https:\/\/api.w.org\/{rel}","templated":true}]}}