{"id":108536,"date":"2023-01-24T10:04:38","date_gmt":"2023-01-24T09:04:38","guid":{"rendered":"https:\/\/batijournal.com\/?p=108536"},"modified":"2023-01-24T10:04:38","modified_gmt":"2023-01-24T09:04:38","slug":"loi-climat-et-resilience-des-objectifs-de-renovation-thermique-fortement-lies-au-nouveau-dpe","status":"publish","type":"post","link":"https:\/\/batijournal.com\/index.php\/loi-climat-et-resilience-des-objectifs-de-renovation-thermique-fortement-lies-au-nouveau-dpe\/108536\/","title":{"rendered":"\u00ab loi Climat et r\u00e9silience \u00bb : des objectifs de r\u00e9novation thermique fortement li\u00e9s au nouveau DPE"},"content":{"rendered":"<p>La commission des affaires \u00e9conomiques de l&rsquo;Assembl\u00e9e Nationale vient de dresser un premier bilan de la loi n\u00b0 2021-1104 du 22 ao\u00fbt 2021 portant lutte contre le d\u00e9r\u00e8glement climatique et renforcement de la r\u00e9silience face \u00e0 ses effets, dite \u00ab loi Climat et r\u00e9silience \u00bb. Les rapporteures ont choisi de se concentrer en priorit\u00e9 sur la mise en application des r\u00e9formes relatives \u00e0 l\u2019artificialisation des sols et \u00e0 la r\u00e9novation \u00e9nerg\u00e9tique des logements. Afin de r\u00e9pondre aux d\u00e9fis climatiques, la loi a vis\u00e9 \u00e0 acc\u00e9l\u00e9rer et renforcer la dynamique de r\u00e9novation \u00e9nerg\u00e9tique des logements d\u00e9j\u00e0 en cours du fait d\u2019avanc\u00e9es comme la cr\u00e9ation de la prime de transition \u00e9nerg\u00e9tique dite \u00ab MaPrimeR\u00e9nov\u2019 \u00bb en 2020, en renfor\u00e7ant, d\u2019une part, les obligations auxquelles sont soumis les propri\u00e9taires et, d\u2019autre part, en regard de ces \u00e9volutions, en augmentant l\u2019accompagnement financier et le soutien en ing\u00e9nierie des diff\u00e9rents donneurs d\u2019ordre, du diagnostic aux travaux.<\/p>\n<p>Dans les logements destin\u00e9s \u00e0 la location, en plus des obligations individuelles pesant sur les bailleurs en vue de faire r\u00e9nover leurs logements et afin d\u2019\u00e9viter des chantiers de r\u00e9novation \u00e0 r\u00e9p\u00e9tition, le l\u00e9gislateur a estim\u00e9 qu\u2019il fallait mettre en \u0153uvre des travaux tr\u00e8s performants du point de vue thermique et environnemental. Pour favoriser le traitement des logements \u00e9nergivores, le l\u00e9gislateur a souhait\u00e9, \u00e0 l\u2019article 155 de la loi, promouvoir des r\u00e9novations globales et performantes, cens\u00e9es favoriser une efficacit\u00e9 optimale sur le plan \u00e9nerg\u00e9tique du b\u00e2timent.\u00a0La d\u00e9finition de la r\u00e9novation performante a vocation \u00e0 servir de r\u00e9f\u00e9rence aux autorit\u00e9s pour adapter les dispositifs d\u2019aide financi\u00e8re \u00e0 la r\u00e9novation \u00e9nerg\u00e9tique des logements. Deux crit\u00e8res cumulatifs permettent d\u2019attester que la r\u00e9novation \u00e9nerg\u00e9tique d\u2019un b\u00e2timent ou d\u2019une partie de b\u00e2timent \u00e0 usage d\u2019habitation est \u00ab performante \u00bb. Les travaux r\u00e9alis\u00e9s doivent avoir pour objectif l\u2019atteinte de la classe A ou B du DPE et l\u2019\u00e9tude de six postes de travaux : isolation des murs, isolation des planchers bas, isolation de la toiture, remplacement des menuiseries ext\u00e9rieures, ventilation, production de chauffage et d\u2019eau chaude sanitaire. L\u2019entreprise qui effectue les travaux devra v\u00e9rifier que ceux-ci assurent bien de bonnes conditions de renouvellement d\u2019air du logement.<br \/>\nDans les cas o\u00f9 l\u2019un des crit\u00e8res n\u2019est pas atteignable, le l\u00e9gislateur a pr\u00e9vu deux d\u00e9rogations : les logements class\u00e9s F ou G sont r\u00e9put\u00e9s avoir fait l\u2019objet d\u2019une r\u00e9novation performante s\u2019ils atteignent au moins la classe C apr\u00e8s travaux et si les six postes de travaux ont \u00e9t\u00e9 \u00e9tudi\u00e9s ; s\u2019il n\u2019est pas possible d\u2019atteindre au moins le niveau de performance de la classe B pour des raisons de contraintes techniques, architecturales ou patrimoniales, ou de co\u00fbt des travaux manifestement disproportionn\u00e9 par rapport \u00e0 la valeur du logement, la r\u00e9novation \u00e9nerg\u00e9tique sera qualifi\u00e9e de performante si les travaux conduisent \u00e0 un gain d\u2019au moins deux classes du DPE et si elle \u00ab \u00e9tudie \u00bb les six postes de travaux.<\/p>\n","protected":false},"excerpt":{"rendered":"<p>La commission des affaires \u00e9conomiques de l&rsquo;Assembl\u00e9e Nationale vient de dresser un premier bilan de la loi n\u00b0 2021-1104 du 22 ao\u00fbt 2021 portant lutte contre le d\u00e9r\u00e8glement climatique et renforcement de la r\u00e9silience face \u00e0 ses effets, dite \u00ab loi Climat et r\u00e9silience \u00bb. Les rapporteures ont choisi de se concentrer en priorit\u00e9 sur [&hellip;]<\/p>\n","protected":false},"author":17,"featured_media":96735,"comment_status":"closed","ping_status":"closed","sticky":false,"template":"","format":"standard","meta":{"_et_pb_use_builder":"","_et_pb_old_content":"","_et_gb_content_width":"","footnotes":""},"categories":[10530,6351,10781,10778],"tags":[1615,13141],"class_list":["post-108536","post","type-post","status-publish","format-standard","has-post-thumbnail","hentry","category-actualites","category-energie-environnement","category-publications-planete","category-planete","tag-dpe","tag-loi-climat-et-resilience"],"yoast_head":"<!-- This site is optimized with the Yoast SEO plugin v27.4 - https:\/\/yoast.com\/product\/yoast-seo-wordpress\/ -->\n<title>\u00ab loi Climat et r\u00e9silience \u00bb : des objectifs de r\u00e9novation thermique fortement li\u00e9s au nouveau DPE<\/title>\n<meta name=\"robots\" content=\"index, follow, max-snippet:-1, max-image-preview:large, max-video-preview:-1\" \/>\n<link rel=\"canonical\" href=\"https:\/\/batijournal.com\/index.php\/loi-climat-et-resilience-des-objectifs-de-renovation-thermique-fortement-lies-au-nouveau-dpe\/108536\/\" \/>\n<meta property=\"og:locale\" content=\"fr_FR\" \/>\n<meta property=\"og:type\" content=\"article\" \/>\n<meta property=\"og:title\" content=\"\u00ab loi Climat et r\u00e9silience \u00bb : des objectifs de r\u00e9novation thermique fortement li\u00e9s au nouveau DPE\" \/>\n<meta property=\"og:description\" content=\"La commission des affaires \u00e9conomiques de l&rsquo;Assembl\u00e9e Nationale vient de dresser un premier bilan de la loi n\u00b0 2021-1104 du 22 ao\u00fbt 2021 portant lutte contre le d\u00e9r\u00e8glement climatique et renforcement de la r\u00e9silience face \u00e0 ses effets, dite \u00ab loi Climat et r\u00e9silience \u00bb. Les rapporteures ont choisi de se concentrer en priorit\u00e9 sur [&hellip;]\" \/>\n<meta property=\"og:url\" content=\"https:\/\/batijournal.com\/index.php\/loi-climat-et-resilience-des-objectifs-de-renovation-thermique-fortement-lies-au-nouveau-dpe\/108536\/\" \/>\n<meta property=\"og:site_name\" content=\"Batijournal\" \/>\n<meta property=\"article:published_time\" content=\"2023-01-24T09:04:38+00:00\" \/>\n<meta property=\"og:image\" content=\"https:\/\/batijournal.com\/wp-content\/uploads\/2017\/09\/DPE.png\" \/>\n\t<meta property=\"og:image:width\" content=\"706\" \/>\n\t<meta property=\"og:image:height\" content=\"768\" \/>\n\t<meta property=\"og:image:type\" content=\"image\/png\" \/>\n<meta name=\"author\" content=\"St\u00e9phane Miget\" \/>\n<meta name=\"twitter:card\" content=\"summary_large_image\" \/>\n<meta name=\"twitter:creator\" content=\"@bati_journal\" \/>\n<meta name=\"twitter:site\" content=\"@bati_journal\" \/>\n<meta name=\"twitter:label1\" content=\"\u00c9crit par\" \/>\n\t<meta name=\"twitter:data1\" content=\"St\u00e9phane Miget\" \/>\n\t<meta name=\"twitter:label2\" content=\"Dur\u00e9e de lecture estim\u00e9e\" \/>\n\t<meta name=\"twitter:data2\" content=\"3 minutes\" \/>\n<script type=\"application\/ld+json\" class=\"yoast-schema-graph\">{\"@context\":\"https:\\\/\\\/schema.org\",\"@graph\":[{\"@type\":\"Article\",\"@id\":\"https:\\\/\\\/batijournal.com\\\/index.php\\\/loi-climat-et-resilience-des-objectifs-de-renovation-thermique-fortement-lies-au-nouveau-dpe\\\/108536\\\/#article\",\"isPartOf\":{\"@id\":\"https:\\\/\\\/batijournal.com\\\/index.php\\\/loi-climat-et-resilience-des-objectifs-de-renovation-thermique-fortement-lies-au-nouveau-dpe\\\/108536\\\/\"},\"author\":{\"name\":\"St\u00e9phane Miget\",\"@id\":\"https:\\\/\\\/batijournal.com\\\/#\\\/schema\\\/person\\\/1dc96ec6957aa1ccb25ebe78bb19f100\"},\"headline\":\"\u00ab loi Climat et r\u00e9silience \u00bb : des objectifs de r\u00e9novation thermique fortement li\u00e9s au nouveau DPE\",\"datePublished\":\"2023-01-24T09:04:38+00:00\",\"mainEntityOfPage\":{\"@id\":\"https:\\\/\\\/batijournal.com\\\/index.php\\\/loi-climat-et-resilience-des-objectifs-de-renovation-thermique-fortement-lies-au-nouveau-dpe\\\/108536\\\/\"},\"wordCount\":558,\"image\":{\"@id\":\"https:\\\/\\\/batijournal.com\\\/index.php\\\/loi-climat-et-resilience-des-objectifs-de-renovation-thermique-fortement-lies-au-nouveau-dpe\\\/108536\\\/#primaryimage\"},\"thumbnailUrl\":\"https:\\\/\\\/batijournal.com\\\/wp-content\\\/uploads\\\/2017\\\/09\\\/DPE.png\",\"keywords\":[\"DPE\",\"loi Climat et r\u00e9silience\"],\"articleSection\":[\"Actualit\u00e9s\",\"\u00c9nergie &amp; Environnement\",\"zz_Actualit\u00e9s - Plan\u00e8te\",\"zz_Plan\u00e8te B\u00e2timent\"],\"inLanguage\":\"fr-FR\"},{\"@type\":\"WebPage\",\"@id\":\"https:\\\/\\\/batijournal.com\\\/index.php\\\/loi-climat-et-resilience-des-objectifs-de-renovation-thermique-fortement-lies-au-nouveau-dpe\\\/108536\\\/\",\"url\":\"https:\\\/\\\/batijournal.com\\\/index.php\\\/loi-climat-et-resilience-des-objectifs-de-renovation-thermique-fortement-lies-au-nouveau-dpe\\\/108536\\\/\",\"name\":\"\u00ab loi Climat et r\u00e9silience \u00bb : des objectifs de r\u00e9novation thermique fortement li\u00e9s au nouveau DPE\",\"isPartOf\":{\"@id\":\"https:\\\/\\\/batijournal.com\\\/#website\"},\"primaryImageOfPage\":{\"@id\":\"https:\\\/\\\/batijournal.com\\\/index.php\\\/loi-climat-et-resilience-des-objectifs-de-renovation-thermique-fortement-lies-au-nouveau-dpe\\\/108536\\\/#primaryimage\"},\"image\":{\"@id\":\"https:\\\/\\\/batijournal.com\\\/index.php\\\/loi-climat-et-resilience-des-objectifs-de-renovation-thermique-fortement-lies-au-nouveau-dpe\\\/108536\\\/#primaryimage\"},\"thumbnailUrl\":\"https:\\\/\\\/batijournal.com\\\/wp-content\\\/uploads\\\/2017\\\/09\\\/DPE.png\",\"datePublished\":\"2023-01-24T09:04:38+00:00\",\"author\":{\"@id\":\"https:\\\/\\\/batijournal.com\\\/#\\\/schema\\\/person\\\/1dc96ec6957aa1ccb25ebe78bb19f100\"},\"breadcrumb\":{\"@id\":\"https:\\\/\\\/batijournal.com\\\/index.php\\\/loi-climat-et-resilience-des-objectifs-de-renovation-thermique-fortement-lies-au-nouveau-dpe\\\/108536\\\/#breadcrumb\"},\"inLanguage\":\"fr-FR\",\"potentialAction\":[{\"@type\":\"ReadAction\",\"target\":[\"https:\\\/\\\/batijournal.com\\\/index.php\\\/loi-climat-et-resilience-des-objectifs-de-renovation-thermique-fortement-lies-au-nouveau-dpe\\\/108536\\\/\"]}]},{\"@type\":\"ImageObject\",\"inLanguage\":\"fr-FR\",\"@id\":\"https:\\\/\\\/batijournal.com\\\/index.php\\\/loi-climat-et-resilience-des-objectifs-de-renovation-thermique-fortement-lies-au-nouveau-dpe\\\/108536\\\/#primaryimage\",\"url\":\"https:\\\/\\\/batijournal.com\\\/wp-content\\\/uploads\\\/2017\\\/09\\\/DPE.png\",\"contentUrl\":\"https:\\\/\\\/batijournal.com\\\/wp-content\\\/uploads\\\/2017\\\/09\\\/DPE.png\",\"width\":706,\"height\":768},{\"@type\":\"BreadcrumbList\",\"@id\":\"https:\\\/\\\/batijournal.com\\\/index.php\\\/loi-climat-et-resilience-des-objectifs-de-renovation-thermique-fortement-lies-au-nouveau-dpe\\\/108536\\\/#breadcrumb\",\"itemListElement\":[{\"@type\":\"ListItem\",\"position\":1,\"name\":\"Accueil\",\"item\":\"https:\\\/\\\/batijournal.com\\\/\"},{\"@type\":\"ListItem\",\"position\":2,\"name\":\"Actualit\u00e9s\",\"item\":\"https:\\\/\\\/batijournal.com\\\/index.php\\\/category\\\/actualites\\\/\"},{\"@type\":\"ListItem\",\"position\":3,\"name\":\"\u00ab loi Climat et r\u00e9silience \u00bb : des objectifs de r\u00e9novation thermique fortement li\u00e9s au nouveau DPE\"}]},{\"@type\":\"WebSite\",\"@id\":\"https:\\\/\\\/batijournal.com\\\/#website\",\"url\":\"https:\\\/\\\/batijournal.com\\\/\",\"name\":\"Batijournal\",\"description\":\"L&#039;actualit\u00e9 du b\u00e2timent\",\"potentialAction\":[{\"@type\":\"SearchAction\",\"target\":{\"@type\":\"EntryPoint\",\"urlTemplate\":\"https:\\\/\\\/batijournal.com\\\/?s={search_term_string}\"},\"query-input\":{\"@type\":\"PropertyValueSpecification\",\"valueRequired\":true,\"valueName\":\"search_term_string\"}}],\"inLanguage\":\"fr-FR\"},{\"@type\":\"Person\",\"@id\":\"https:\\\/\\\/batijournal.com\\\/#\\\/schema\\\/person\\\/1dc96ec6957aa1ccb25ebe78bb19f100\",\"name\":\"St\u00e9phane Miget\",\"image\":{\"@type\":\"ImageObject\",\"inLanguage\":\"fr-FR\",\"@id\":\"https:\\\/\\\/secure.gravatar.com\\\/avatar\\\/89915563d925342126b8ef0281b93d9d7fc337043e8df017f780908eb9644451?s=96&d=mm&r=g\",\"url\":\"https:\\\/\\\/secure.gravatar.com\\\/avatar\\\/89915563d925342126b8ef0281b93d9d7fc337043e8df017f780908eb9644451?s=96&d=mm&r=g\",\"contentUrl\":\"https:\\\/\\\/secure.gravatar.com\\\/avatar\\\/89915563d925342126b8ef0281b93d9d7fc337043e8df017f780908eb9644451?s=96&d=mm&r=g\",\"caption\":\"St\u00e9phane Miget\"},\"url\":\"https:\\\/\\\/batijournal.com\\\/index.php\\\/author\\\/stephane\\\/\"}]}<\/script>\n<!-- \/ Yoast SEO plugin. -->","yoast_head_json":{"title":"\u00ab loi Climat et r\u00e9silience \u00bb : des objectifs de r\u00e9novation thermique fortement li\u00e9s au nouveau DPE","robots":{"index":"index","follow":"follow","max-snippet":"max-snippet:-1","max-image-preview":"max-image-preview:large","max-video-preview":"max-video-preview:-1"},"canonical":"https:\/\/batijournal.com\/index.php\/loi-climat-et-resilience-des-objectifs-de-renovation-thermique-fortement-lies-au-nouveau-dpe\/108536\/","og_locale":"fr_FR","og_type":"article","og_title":"\u00ab loi Climat et r\u00e9silience \u00bb : des objectifs de r\u00e9novation thermique fortement li\u00e9s au nouveau DPE","og_description":"La commission des affaires \u00e9conomiques de l&rsquo;Assembl\u00e9e Nationale vient de dresser un premier bilan de la loi n\u00b0 2021-1104 du 22 ao\u00fbt 2021 portant lutte contre le d\u00e9r\u00e8glement climatique et renforcement de la r\u00e9silience face \u00e0 ses effets, dite \u00ab loi Climat et r\u00e9silience \u00bb. Les rapporteures ont choisi de se concentrer en priorit\u00e9 sur [&hellip;]","og_url":"https:\/\/batijournal.com\/index.php\/loi-climat-et-resilience-des-objectifs-de-renovation-thermique-fortement-lies-au-nouveau-dpe\/108536\/","og_site_name":"Batijournal","article_published_time":"2023-01-24T09:04:38+00:00","og_image":[{"width":706,"height":768,"url":"https:\/\/batijournal.com\/wp-content\/uploads\/2017\/09\/DPE.png","type":"image\/png"}],"author":"St\u00e9phane Miget","twitter_card":"summary_large_image","twitter_creator":"@bati_journal","twitter_site":"@bati_journal","twitter_misc":{"\u00c9crit par":"St\u00e9phane Miget","Dur\u00e9e de lecture estim\u00e9e":"3 minutes"},"schema":{"@context":"https:\/\/schema.org","@graph":[{"@type":"Article","@id":"https:\/\/batijournal.com\/index.php\/loi-climat-et-resilience-des-objectifs-de-renovation-thermique-fortement-lies-au-nouveau-dpe\/108536\/#article","isPartOf":{"@id":"https:\/\/batijournal.com\/index.php\/loi-climat-et-resilience-des-objectifs-de-renovation-thermique-fortement-lies-au-nouveau-dpe\/108536\/"},"author":{"name":"St\u00e9phane Miget","@id":"https:\/\/batijournal.com\/#\/schema\/person\/1dc96ec6957aa1ccb25ebe78bb19f100"},"headline":"\u00ab loi Climat et r\u00e9silience \u00bb : des objectifs de r\u00e9novation thermique fortement li\u00e9s au nouveau DPE","datePublished":"2023-01-24T09:04:38+00:00","mainEntityOfPage":{"@id":"https:\/\/batijournal.com\/index.php\/loi-climat-et-resilience-des-objectifs-de-renovation-thermique-fortement-lies-au-nouveau-dpe\/108536\/"},"wordCount":558,"image":{"@id":"https:\/\/batijournal.com\/index.php\/loi-climat-et-resilience-des-objectifs-de-renovation-thermique-fortement-lies-au-nouveau-dpe\/108536\/#primaryimage"},"thumbnailUrl":"https:\/\/batijournal.com\/wp-content\/uploads\/2017\/09\/DPE.png","keywords":["DPE","loi Climat et r\u00e9silience"],"articleSection":["Actualit\u00e9s","\u00c9nergie &amp; Environnement","zz_Actualit\u00e9s - Plan\u00e8te","zz_Plan\u00e8te B\u00e2timent"],"inLanguage":"fr-FR"},{"@type":"WebPage","@id":"https:\/\/batijournal.com\/index.php\/loi-climat-et-resilience-des-objectifs-de-renovation-thermique-fortement-lies-au-nouveau-dpe\/108536\/","url":"https:\/\/batijournal.com\/index.php\/loi-climat-et-resilience-des-objectifs-de-renovation-thermique-fortement-lies-au-nouveau-dpe\/108536\/","name":"\u00ab loi Climat et r\u00e9silience \u00bb : des objectifs de r\u00e9novation thermique fortement li\u00e9s au nouveau DPE","isPartOf":{"@id":"https:\/\/batijournal.com\/#website"},"primaryImageOfPage":{"@id":"https:\/\/batijournal.com\/index.php\/loi-climat-et-resilience-des-objectifs-de-renovation-thermique-fortement-lies-au-nouveau-dpe\/108536\/#primaryimage"},"image":{"@id":"https:\/\/batijournal.com\/index.php\/loi-climat-et-resilience-des-objectifs-de-renovation-thermique-fortement-lies-au-nouveau-dpe\/108536\/#primaryimage"},"thumbnailUrl":"https:\/\/batijournal.com\/wp-content\/uploads\/2017\/09\/DPE.png","datePublished":"2023-01-24T09:04:38+00:00","author":{"@id":"https:\/\/batijournal.com\/#\/schema\/person\/1dc96ec6957aa1ccb25ebe78bb19f100"},"breadcrumb":{"@id":"https:\/\/batijournal.com\/index.php\/loi-climat-et-resilience-des-objectifs-de-renovation-thermique-fortement-lies-au-nouveau-dpe\/108536\/#breadcrumb"},"inLanguage":"fr-FR","potentialAction":[{"@type":"ReadAction","target":["https:\/\/batijournal.com\/index.php\/loi-climat-et-resilience-des-objectifs-de-renovation-thermique-fortement-lies-au-nouveau-dpe\/108536\/"]}]},{"@type":"ImageObject","inLanguage":"fr-FR","@id":"https:\/\/batijournal.com\/index.php\/loi-climat-et-resilience-des-objectifs-de-renovation-thermique-fortement-lies-au-nouveau-dpe\/108536\/#primaryimage","url":"https:\/\/batijournal.com\/wp-content\/uploads\/2017\/09\/DPE.png","contentUrl":"https:\/\/batijournal.com\/wp-content\/uploads\/2017\/09\/DPE.png","width":706,"height":768},{"@type":"BreadcrumbList","@id":"https:\/\/batijournal.com\/index.php\/loi-climat-et-resilience-des-objectifs-de-renovation-thermique-fortement-lies-au-nouveau-dpe\/108536\/#breadcrumb","itemListElement":[{"@type":"ListItem","position":1,"name":"Accueil","item":"https:\/\/batijournal.com\/"},{"@type":"ListItem","position":2,"name":"Actualit\u00e9s","item":"https:\/\/batijournal.com\/index.php\/category\/actualites\/"},{"@type":"ListItem","position":3,"name":"\u00ab loi Climat et r\u00e9silience \u00bb : des objectifs de r\u00e9novation thermique fortement li\u00e9s au nouveau DPE"}]},{"@type":"WebSite","@id":"https:\/\/batijournal.com\/#website","url":"https:\/\/batijournal.com\/","name":"Batijournal","description":"L&#039;actualit\u00e9 du b\u00e2timent","potentialAction":[{"@type":"SearchAction","target":{"@type":"EntryPoint","urlTemplate":"https:\/\/batijournal.com\/?s={search_term_string}"},"query-input":{"@type":"PropertyValueSpecification","valueRequired":true,"valueName":"search_term_string"}}],"inLanguage":"fr-FR"},{"@type":"Person","@id":"https:\/\/batijournal.com\/#\/schema\/person\/1dc96ec6957aa1ccb25ebe78bb19f100","name":"St\u00e9phane Miget","image":{"@type":"ImageObject","inLanguage":"fr-FR","@id":"https:\/\/secure.gravatar.com\/avatar\/89915563d925342126b8ef0281b93d9d7fc337043e8df017f780908eb9644451?s=96&d=mm&r=g","url":"https:\/\/secure.gravatar.com\/avatar\/89915563d925342126b8ef0281b93d9d7fc337043e8df017f780908eb9644451?s=96&d=mm&r=g","contentUrl":"https:\/\/secure.gravatar.com\/avatar\/89915563d925342126b8ef0281b93d9d7fc337043e8df017f780908eb9644451?s=96&d=mm&r=g","caption":"St\u00e9phane Miget"},"url":"https:\/\/batijournal.com\/index.php\/author\/stephane\/"}]}},"_links":{"self":[{"href":"https:\/\/batijournal.com\/index.php\/wp-json\/wp\/v2\/posts\/108536","targetHints":{"allow":["GET"]}}],"collection":[{"href":"https:\/\/batijournal.com\/index.php\/wp-json\/wp\/v2\/posts"}],"about":[{"href":"https:\/\/batijournal.com\/index.php\/wp-json\/wp\/v2\/types\/post"}],"author":[{"embeddable":true,"href":"https:\/\/batijournal.com\/index.php\/wp-json\/wp\/v2\/users\/17"}],"replies":[{"embeddable":true,"href":"https:\/\/batijournal.com\/index.php\/wp-json\/wp\/v2\/comments?post=108536"}],"version-history":[{"count":0,"href":"https:\/\/batijournal.com\/index.php\/wp-json\/wp\/v2\/posts\/108536\/revisions"}],"wp:featuredmedia":[{"embeddable":true,"href":"https:\/\/batijournal.com\/index.php\/wp-json\/wp\/v2\/media\/96735"}],"wp:attachment":[{"href":"https:\/\/batijournal.com\/index.php\/wp-json\/wp\/v2\/media?parent=108536"}],"wp:term":[{"taxonomy":"category","embeddable":true,"href":"https:\/\/batijournal.com\/index.php\/wp-json\/wp\/v2\/categories?post=108536"},{"taxonomy":"post_tag","embeddable":true,"href":"https:\/\/batijournal.com\/index.php\/wp-json\/wp\/v2\/tags?post=108536"}],"curies":[{"name":"wp","href":"https:\/\/api.w.org\/{rel}","templated":true}]}}