{"id":108549,"date":"2023-01-26T17:02:04","date_gmt":"2023-01-26T16:02:04","guid":{"rendered":"https:\/\/batijournal.com\/?p=108549"},"modified":"2023-01-26T17:02:04","modified_gmt":"2023-01-26T16:02:04","slug":"le-groupe-janneau-lance-une-marque-de-menuiseries-dediee-aux-professionnels","status":"publish","type":"post","link":"https:\/\/batijournal.com\/index.php\/le-groupe-janneau-lance-une-marque-de-menuiseries-dediee-aux-professionnels\/108549\/","title":{"rendered":"Le Groupe Janneau lance une marque de menuiseries d\u00e9di\u00e9e aux professionnels"},"content":{"rendered":"<p>Le Groupe Janneau est un acteur du march\u00e9 de la menuiserie, avec des produits fabriqu\u00e9s en Pays de la Loire et un savoir-faire historique. Il lance Confians, une nouvelle marque d\u00e9di\u00e9e \u00e0 l\u2019Artisanat. Pour le professionnel, cette marque doit \u00eatre la promesse de produits faciles \u00e0 vendre et \u00e0 poser. Pour le client final, c\u2019est la garantie d\u2019\u00eatre \u00e9quip\u00e9 d\u2019une fen\u00eatre haut de gamme \u00e0 un prix accessible, pos\u00e9e par un artisan local. Qu\u2019elles soient en bois, en PVC, en aluminium ou en acier, les fen\u00eatres du groupe sont confectionn\u00e9es avec des produits durables. Le groupe a \u00e9galement mis l\u2019accent sur l\u2019innovation pour r\u00e9pondre aux nouveaux besoins : une meilleure isolation, une diversit\u00e9 des styles et des tendances.<\/p>\n<p>&nbsp;<\/p>\n","protected":false},"excerpt":{"rendered":"<p>Le Groupe Janneau est un acteur du march\u00e9 de la menuiserie, avec des produits fabriqu\u00e9s en Pays de la Loire et un savoir-faire historique. Il lance Confians, une nouvelle marque d\u00e9di\u00e9e \u00e0 l\u2019Artisanat. Pour le professionnel, cette marque doit \u00eatre la promesse de produits faciles \u00e0 vendre et \u00e0 poser. Pour le client final, c\u2019est [&hellip;]<\/p>\n","protected":false},"author":17,"featured_media":108550,"comment_status":"closed","ping_status":"closed","sticky":false,"template":"","format":"standard","meta":{"_et_pb_use_builder":"","_et_pb_old_content":"","_et_gb_content_width":"","footnotes":""},"categories":[6356,10771,10774],"tags":[1016],"class_list":["post-108549","post","type-post","status-publish","format-standard","has-post-thumbnail","hentry","category-produits-solutions-techniques","category-5facades","category-produits-5facades","tag-menuiseries"],"yoast_head":"<!-- This site is optimized with the Yoast SEO plugin v27.4 - https:\/\/yoast.com\/product\/yoast-seo-wordpress\/ -->\n<title>Le Groupe Janneau lance une marque de menuiseries d\u00e9di\u00e9e aux professionnels<\/title>\n<meta name=\"robots\" content=\"index, follow, max-snippet:-1, max-image-preview:large, max-video-preview:-1\" \/>\n<link rel=\"canonical\" href=\"https:\/\/batijournal.com\/index.php\/le-groupe-janneau-lance-une-marque-de-menuiseries-dediee-aux-professionnels\/108549\/\" \/>\n<meta property=\"og:locale\" content=\"fr_FR\" \/>\n<meta property=\"og:type\" content=\"article\" \/>\n<meta property=\"og:title\" content=\"Le Groupe Janneau lance une marque de menuiseries d\u00e9di\u00e9e aux professionnels\" \/>\n<meta property=\"og:description\" content=\"Le Groupe Janneau est un acteur du march\u00e9 de la menuiserie, avec des produits fabriqu\u00e9s en Pays de la Loire et un savoir-faire historique. Il lance Confians, une nouvelle marque d\u00e9di\u00e9e \u00e0 l\u2019Artisanat. Pour le professionnel, cette marque doit \u00eatre la promesse de produits faciles \u00e0 vendre et \u00e0 poser. Pour le client final, c\u2019est [&hellip;]\" \/>\n<meta property=\"og:url\" content=\"https:\/\/batijournal.com\/index.php\/le-groupe-janneau-lance-une-marque-de-menuiseries-dediee-aux-professionnels\/108549\/\" \/>\n<meta property=\"og:site_name\" content=\"Batijournal\" \/>\n<meta property=\"article:published_time\" content=\"2023-01-26T16:02:04+00:00\" \/>\n<meta property=\"og:image\" content=\"https:\/\/batijournal.com\/wp-content\/uploads\/2023\/01\/CONFIANS-MENUISERIES-JANNEAU-ALU.jpg\" \/>\n\t<meta property=\"og:image:width\" content=\"1000\" \/>\n\t<meta property=\"og:image:height\" content=\"667\" \/>\n\t<meta property=\"og:image:type\" content=\"image\/jpeg\" \/>\n<meta name=\"author\" content=\"St\u00e9phane Miget\" \/>\n<meta name=\"twitter:card\" content=\"summary_large_image\" \/>\n<meta name=\"twitter:creator\" content=\"@bati_journal\" \/>\n<meta name=\"twitter:site\" content=\"@bati_journal\" \/>\n<meta name=\"twitter:label1\" content=\"\u00c9crit par\" \/>\n\t<meta name=\"twitter:data1\" content=\"St\u00e9phane Miget\" \/>\n\t<meta name=\"twitter:label2\" content=\"Dur\u00e9e de lecture estim\u00e9e\" \/>\n\t<meta name=\"twitter:data2\" content=\"1 minute\" \/>\n<script type=\"application\/ld+json\" class=\"yoast-schema-graph\">{\"@context\":\"https:\\\/\\\/schema.org\",\"@graph\":[{\"@type\":\"Article\",\"@id\":\"https:\\\/\\\/batijournal.com\\\/index.php\\\/le-groupe-janneau-lance-une-marque-de-menuiseries-dediee-aux-professionnels\\\/108549\\\/#article\",\"isPartOf\":{\"@id\":\"https:\\\/\\\/batijournal.com\\\/index.php\\\/le-groupe-janneau-lance-une-marque-de-menuiseries-dediee-aux-professionnels\\\/108549\\\/\"},\"author\":{\"name\":\"St\u00e9phane Miget\",\"@id\":\"https:\\\/\\\/batijournal.com\\\/#\\\/schema\\\/person\\\/1dc96ec6957aa1ccb25ebe78bb19f100\"},\"headline\":\"Le Groupe Janneau lance une marque de menuiseries d\u00e9di\u00e9e aux professionnels\",\"datePublished\":\"2023-01-26T16:02:04+00:00\",\"mainEntityOfPage\":{\"@id\":\"https:\\\/\\\/batijournal.com\\\/index.php\\\/le-groupe-janneau-lance-une-marque-de-menuiseries-dediee-aux-professionnels\\\/108549\\\/\"},\"wordCount\":142,\"image\":{\"@id\":\"https:\\\/\\\/batijournal.com\\\/index.php\\\/le-groupe-janneau-lance-une-marque-de-menuiseries-dediee-aux-professionnels\\\/108549\\\/#primaryimage\"},\"thumbnailUrl\":\"https:\\\/\\\/batijournal.com\\\/wp-content\\\/uploads\\\/2023\\\/01\\\/CONFIANS-MENUISERIES-JANNEAU-ALU.jpg\",\"keywords\":[\"menuiseries\"],\"articleSection\":[\"Produits &amp; Solutions techniques\",\"zz_5fa\u00e7ades\",\"zz_Nouveaut\u00e9s Produits - 5fa\u00e7ades\"],\"inLanguage\":\"fr-FR\"},{\"@type\":\"WebPage\",\"@id\":\"https:\\\/\\\/batijournal.com\\\/index.php\\\/le-groupe-janneau-lance-une-marque-de-menuiseries-dediee-aux-professionnels\\\/108549\\\/\",\"url\":\"https:\\\/\\\/batijournal.com\\\/index.php\\\/le-groupe-janneau-lance-une-marque-de-menuiseries-dediee-aux-professionnels\\\/108549\\\/\",\"name\":\"Le Groupe Janneau lance une marque de menuiseries d\u00e9di\u00e9e aux professionnels\",\"isPartOf\":{\"@id\":\"https:\\\/\\\/batijournal.com\\\/#website\"},\"primaryImageOfPage\":{\"@id\":\"https:\\\/\\\/batijournal.com\\\/index.php\\\/le-groupe-janneau-lance-une-marque-de-menuiseries-dediee-aux-professionnels\\\/108549\\\/#primaryimage\"},\"image\":{\"@id\":\"https:\\\/\\\/batijournal.com\\\/index.php\\\/le-groupe-janneau-lance-une-marque-de-menuiseries-dediee-aux-professionnels\\\/108549\\\/#primaryimage\"},\"thumbnailUrl\":\"https:\\\/\\\/batijournal.com\\\/wp-content\\\/uploads\\\/2023\\\/01\\\/CONFIANS-MENUISERIES-JANNEAU-ALU.jpg\",\"datePublished\":\"2023-01-26T16:02:04+00:00\",\"author\":{\"@id\":\"https:\\\/\\\/batijournal.com\\\/#\\\/schema\\\/person\\\/1dc96ec6957aa1ccb25ebe78bb19f100\"},\"breadcrumb\":{\"@id\":\"https:\\\/\\\/batijournal.com\\\/index.php\\\/le-groupe-janneau-lance-une-marque-de-menuiseries-dediee-aux-professionnels\\\/108549\\\/#breadcrumb\"},\"inLanguage\":\"fr-FR\",\"potentialAction\":[{\"@type\":\"ReadAction\",\"target\":[\"https:\\\/\\\/batijournal.com\\\/index.php\\\/le-groupe-janneau-lance-une-marque-de-menuiseries-dediee-aux-professionnels\\\/108549\\\/\"]}]},{\"@type\":\"ImageObject\",\"inLanguage\":\"fr-FR\",\"@id\":\"https:\\\/\\\/batijournal.com\\\/index.php\\\/le-groupe-janneau-lance-une-marque-de-menuiseries-dediee-aux-professionnels\\\/108549\\\/#primaryimage\",\"url\":\"https:\\\/\\\/batijournal.com\\\/wp-content\\\/uploads\\\/2023\\\/01\\\/CONFIANS-MENUISERIES-JANNEAU-ALU.jpg\",\"contentUrl\":\"https:\\\/\\\/batijournal.com\\\/wp-content\\\/uploads\\\/2023\\\/01\\\/CONFIANS-MENUISERIES-JANNEAU-ALU.jpg\",\"width\":1000,\"height\":667},{\"@type\":\"BreadcrumbList\",\"@id\":\"https:\\\/\\\/batijournal.com\\\/index.php\\\/le-groupe-janneau-lance-une-marque-de-menuiseries-dediee-aux-professionnels\\\/108549\\\/#breadcrumb\",\"itemListElement\":[{\"@type\":\"ListItem\",\"position\":1,\"name\":\"Accueil\",\"item\":\"https:\\\/\\\/batijournal.com\\\/\"},{\"@type\":\"ListItem\",\"position\":2,\"name\":\"Produits &amp; Solutions techniques\",\"item\":\"https:\\\/\\\/batijournal.com\\\/index.php\\\/category\\\/produits-solutions-techniques\\\/\"},{\"@type\":\"ListItem\",\"position\":3,\"name\":\"Le Groupe Janneau lance une marque de menuiseries d\u00e9di\u00e9e aux professionnels\"}]},{\"@type\":\"WebSite\",\"@id\":\"https:\\\/\\\/batijournal.com\\\/#website\",\"url\":\"https:\\\/\\\/batijournal.com\\\/\",\"name\":\"Batijournal\",\"description\":\"L&#039;actualit\u00e9 du b\u00e2timent\",\"potentialAction\":[{\"@type\":\"SearchAction\",\"target\":{\"@type\":\"EntryPoint\",\"urlTemplate\":\"https:\\\/\\\/batijournal.com\\\/?s={search_term_string}\"},\"query-input\":{\"@type\":\"PropertyValueSpecification\",\"valueRequired\":true,\"valueName\":\"search_term_string\"}}],\"inLanguage\":\"fr-FR\"},{\"@type\":\"Person\",\"@id\":\"https:\\\/\\\/batijournal.com\\\/#\\\/schema\\\/person\\\/1dc96ec6957aa1ccb25ebe78bb19f100\",\"name\":\"St\u00e9phane Miget\",\"image\":{\"@type\":\"ImageObject\",\"inLanguage\":\"fr-FR\",\"@id\":\"https:\\\/\\\/secure.gravatar.com\\\/avatar\\\/89915563d925342126b8ef0281b93d9d7fc337043e8df017f780908eb9644451?s=96&d=mm&r=g\",\"url\":\"https:\\\/\\\/secure.gravatar.com\\\/avatar\\\/89915563d925342126b8ef0281b93d9d7fc337043e8df017f780908eb9644451?s=96&d=mm&r=g\",\"contentUrl\":\"https:\\\/\\\/secure.gravatar.com\\\/avatar\\\/89915563d925342126b8ef0281b93d9d7fc337043e8df017f780908eb9644451?s=96&d=mm&r=g\",\"caption\":\"St\u00e9phane Miget\"},\"url\":\"https:\\\/\\\/batijournal.com\\\/index.php\\\/author\\\/stephane\\\/\"}]}<\/script>\n<!-- \/ Yoast SEO plugin. -->","yoast_head_json":{"title":"Le Groupe Janneau lance une marque de menuiseries d\u00e9di\u00e9e aux professionnels","robots":{"index":"index","follow":"follow","max-snippet":"max-snippet:-1","max-image-preview":"max-image-preview:large","max-video-preview":"max-video-preview:-1"},"canonical":"https:\/\/batijournal.com\/index.php\/le-groupe-janneau-lance-une-marque-de-menuiseries-dediee-aux-professionnels\/108549\/","og_locale":"fr_FR","og_type":"article","og_title":"Le Groupe Janneau lance une marque de menuiseries d\u00e9di\u00e9e aux professionnels","og_description":"Le Groupe Janneau est un acteur du march\u00e9 de la menuiserie, avec des produits fabriqu\u00e9s en Pays de la Loire et un savoir-faire historique. Il lance Confians, une nouvelle marque d\u00e9di\u00e9e \u00e0 l\u2019Artisanat. Pour le professionnel, cette marque doit \u00eatre la promesse de produits faciles \u00e0 vendre et \u00e0 poser. Pour le client final, c\u2019est [&hellip;]","og_url":"https:\/\/batijournal.com\/index.php\/le-groupe-janneau-lance-une-marque-de-menuiseries-dediee-aux-professionnels\/108549\/","og_site_name":"Batijournal","article_published_time":"2023-01-26T16:02:04+00:00","og_image":[{"width":1000,"height":667,"url":"https:\/\/batijournal.com\/wp-content\/uploads\/2023\/01\/CONFIANS-MENUISERIES-JANNEAU-ALU.jpg","type":"image\/jpeg"}],"author":"St\u00e9phane Miget","twitter_card":"summary_large_image","twitter_creator":"@bati_journal","twitter_site":"@bati_journal","twitter_misc":{"\u00c9crit par":"St\u00e9phane Miget","Dur\u00e9e de lecture estim\u00e9e":"1 minute"},"schema":{"@context":"https:\/\/schema.org","@graph":[{"@type":"Article","@id":"https:\/\/batijournal.com\/index.php\/le-groupe-janneau-lance-une-marque-de-menuiseries-dediee-aux-professionnels\/108549\/#article","isPartOf":{"@id":"https:\/\/batijournal.com\/index.php\/le-groupe-janneau-lance-une-marque-de-menuiseries-dediee-aux-professionnels\/108549\/"},"author":{"name":"St\u00e9phane Miget","@id":"https:\/\/batijournal.com\/#\/schema\/person\/1dc96ec6957aa1ccb25ebe78bb19f100"},"headline":"Le Groupe Janneau lance une marque de menuiseries d\u00e9di\u00e9e aux professionnels","datePublished":"2023-01-26T16:02:04+00:00","mainEntityOfPage":{"@id":"https:\/\/batijournal.com\/index.php\/le-groupe-janneau-lance-une-marque-de-menuiseries-dediee-aux-professionnels\/108549\/"},"wordCount":142,"image":{"@id":"https:\/\/batijournal.com\/index.php\/le-groupe-janneau-lance-une-marque-de-menuiseries-dediee-aux-professionnels\/108549\/#primaryimage"},"thumbnailUrl":"https:\/\/batijournal.com\/wp-content\/uploads\/2023\/01\/CONFIANS-MENUISERIES-JANNEAU-ALU.jpg","keywords":["menuiseries"],"articleSection":["Produits &amp; Solutions techniques","zz_5fa\u00e7ades","zz_Nouveaut\u00e9s Produits - 5fa\u00e7ades"],"inLanguage":"fr-FR"},{"@type":"WebPage","@id":"https:\/\/batijournal.com\/index.php\/le-groupe-janneau-lance-une-marque-de-menuiseries-dediee-aux-professionnels\/108549\/","url":"https:\/\/batijournal.com\/index.php\/le-groupe-janneau-lance-une-marque-de-menuiseries-dediee-aux-professionnels\/108549\/","name":"Le Groupe Janneau lance une marque de menuiseries d\u00e9di\u00e9e aux professionnels","isPartOf":{"@id":"https:\/\/batijournal.com\/#website"},"primaryImageOfPage":{"@id":"https:\/\/batijournal.com\/index.php\/le-groupe-janneau-lance-une-marque-de-menuiseries-dediee-aux-professionnels\/108549\/#primaryimage"},"image":{"@id":"https:\/\/batijournal.com\/index.php\/le-groupe-janneau-lance-une-marque-de-menuiseries-dediee-aux-professionnels\/108549\/#primaryimage"},"thumbnailUrl":"https:\/\/batijournal.com\/wp-content\/uploads\/2023\/01\/CONFIANS-MENUISERIES-JANNEAU-ALU.jpg","datePublished":"2023-01-26T16:02:04+00:00","author":{"@id":"https:\/\/batijournal.com\/#\/schema\/person\/1dc96ec6957aa1ccb25ebe78bb19f100"},"breadcrumb":{"@id":"https:\/\/batijournal.com\/index.php\/le-groupe-janneau-lance-une-marque-de-menuiseries-dediee-aux-professionnels\/108549\/#breadcrumb"},"inLanguage":"fr-FR","potentialAction":[{"@type":"ReadAction","target":["https:\/\/batijournal.com\/index.php\/le-groupe-janneau-lance-une-marque-de-menuiseries-dediee-aux-professionnels\/108549\/"]}]},{"@type":"ImageObject","inLanguage":"fr-FR","@id":"https:\/\/batijournal.com\/index.php\/le-groupe-janneau-lance-une-marque-de-menuiseries-dediee-aux-professionnels\/108549\/#primaryimage","url":"https:\/\/batijournal.com\/wp-content\/uploads\/2023\/01\/CONFIANS-MENUISERIES-JANNEAU-ALU.jpg","contentUrl":"https:\/\/batijournal.com\/wp-content\/uploads\/2023\/01\/CONFIANS-MENUISERIES-JANNEAU-ALU.jpg","width":1000,"height":667},{"@type":"BreadcrumbList","@id":"https:\/\/batijournal.com\/index.php\/le-groupe-janneau-lance-une-marque-de-menuiseries-dediee-aux-professionnels\/108549\/#breadcrumb","itemListElement":[{"@type":"ListItem","position":1,"name":"Accueil","item":"https:\/\/batijournal.com\/"},{"@type":"ListItem","position":2,"name":"Produits &amp; Solutions techniques","item":"https:\/\/batijournal.com\/index.php\/category\/produits-solutions-techniques\/"},{"@type":"ListItem","position":3,"name":"Le Groupe Janneau lance une marque de menuiseries d\u00e9di\u00e9e aux professionnels"}]},{"@type":"WebSite","@id":"https:\/\/batijournal.com\/#website","url":"https:\/\/batijournal.com\/","name":"Batijournal","description":"L&#039;actualit\u00e9 du b\u00e2timent","potentialAction":[{"@type":"SearchAction","target":{"@type":"EntryPoint","urlTemplate":"https:\/\/batijournal.com\/?s={search_term_string}"},"query-input":{"@type":"PropertyValueSpecification","valueRequired":true,"valueName":"search_term_string"}}],"inLanguage":"fr-FR"},{"@type":"Person","@id":"https:\/\/batijournal.com\/#\/schema\/person\/1dc96ec6957aa1ccb25ebe78bb19f100","name":"St\u00e9phane Miget","image":{"@type":"ImageObject","inLanguage":"fr-FR","@id":"https:\/\/secure.gravatar.com\/avatar\/89915563d925342126b8ef0281b93d9d7fc337043e8df017f780908eb9644451?s=96&d=mm&r=g","url":"https:\/\/secure.gravatar.com\/avatar\/89915563d925342126b8ef0281b93d9d7fc337043e8df017f780908eb9644451?s=96&d=mm&r=g","contentUrl":"https:\/\/secure.gravatar.com\/avatar\/89915563d925342126b8ef0281b93d9d7fc337043e8df017f780908eb9644451?s=96&d=mm&r=g","caption":"St\u00e9phane Miget"},"url":"https:\/\/batijournal.com\/index.php\/author\/stephane\/"}]}},"_links":{"self":[{"href":"https:\/\/batijournal.com\/index.php\/wp-json\/wp\/v2\/posts\/108549","targetHints":{"allow":["GET"]}}],"collection":[{"href":"https:\/\/batijournal.com\/index.php\/wp-json\/wp\/v2\/posts"}],"about":[{"href":"https:\/\/batijournal.com\/index.php\/wp-json\/wp\/v2\/types\/post"}],"author":[{"embeddable":true,"href":"https:\/\/batijournal.com\/index.php\/wp-json\/wp\/v2\/users\/17"}],"replies":[{"embeddable":true,"href":"https:\/\/batijournal.com\/index.php\/wp-json\/wp\/v2\/comments?post=108549"}],"version-history":[{"count":0,"href":"https:\/\/batijournal.com\/index.php\/wp-json\/wp\/v2\/posts\/108549\/revisions"}],"wp:featuredmedia":[{"embeddable":true,"href":"https:\/\/batijournal.com\/index.php\/wp-json\/wp\/v2\/media\/108550"}],"wp:attachment":[{"href":"https:\/\/batijournal.com\/index.php\/wp-json\/wp\/v2\/media?parent=108549"}],"wp:term":[{"taxonomy":"category","embeddable":true,"href":"https:\/\/batijournal.com\/index.php\/wp-json\/wp\/v2\/categories?post=108549"},{"taxonomy":"post_tag","embeddable":true,"href":"https:\/\/batijournal.com\/index.php\/wp-json\/wp\/v2\/tags?post=108549"}],"curies":[{"name":"wp","href":"https:\/\/api.w.org\/{rel}","templated":true}]}}