{"id":108551,"date":"2023-01-26T18:40:46","date_gmt":"2023-01-26T17:40:46","guid":{"rendered":"https:\/\/batijournal.com\/?p=108551"},"modified":"2023-01-26T18:40:46","modified_gmt":"2023-01-26T17:40:46","slug":"sadev-fait-lacquisition-de-sa-filiale-sadev-usa","status":"publish","type":"post","link":"https:\/\/batijournal.com\/index.php\/sadev-fait-lacquisition-de-sa-filiale-sadev-usa\/108551\/","title":{"rendered":"SADEV fait l\u2019acquisition de sa filiale SADEV USA"},"content":{"rendered":"<p>SADEV, est un sp\u00e9cialiste de la fixation du verre agraf\u00e9 et de l\u2019enveloppe du b\u00e2timent, ayant \u00e9galement d\u00e9velopp\u00e9 de nouvelles gammes de produits : des garde-corps, des solutions d\u2019agencement d\u2019int\u00e9rieur et des barri\u00e8res de piscine. SADEV annonce avoir fait l\u2019acquisition de sa filiale SADEV USA d\u00e9velopp\u00e9e, il y a 25 ans. Fr\u00e9d\u00e9ric FIEVET, nouveau CEO du groupe nomm\u00e9 SADEV GLOBAL, indique : \u00ab\u00a0Cette acquisition s\u2019inscrit dans notre strat\u00e9gie et notre volont\u00e9 de d\u00e9velopper efficacement notre activit\u00e9 en Am\u00e9rique du Nord \u00e0 travers SADEV USA.\u00a0\u00bb \u00ab\u00a0Je suis heureux d\u2019annoncer qu\u2019apr\u00e8s 15 ans d\u2019activit\u00e9 en tant que propri\u00e9taire et exploitant de SADEV USA, nous avons fusionn\u00e9 avec SADEV France pour devenir SADEV GLOBAL. J\u2019ai eu l\u2019honneur d\u2019apprendre \u00e0 conna\u00eetre l\u2019\u00e9quipe SADEV en France pendant pr\u00e8s de 25 ans et je me r\u00e9jouis d\u2019en conna\u00eetre encore beaucoup d\u2019autres.\u00a0\u00bb compl\u00e8te Joe HENDRICKSON, Directeur g\u00e9n\u00e9ral, SADEV USA<\/p>\n","protected":false},"excerpt":{"rendered":"<p>SADEV, est un sp\u00e9cialiste de la fixation du verre agraf\u00e9 et de l\u2019enveloppe du b\u00e2timent, ayant \u00e9galement d\u00e9velopp\u00e9 de nouvelles gammes de produits : des garde-corps, des solutions d\u2019agencement d\u2019int\u00e9rieur et des barri\u00e8res de piscine. SADEV annonce avoir fait l\u2019acquisition de sa filiale SADEV USA d\u00e9velopp\u00e9e, il y a 25 ans. Fr\u00e9d\u00e9ric FIEVET, nouveau CEO [&hellip;]<\/p>\n","protected":false},"author":17,"featured_media":108552,"comment_status":"closed","ping_status":"closed","sticky":false,"template":"","format":"standard","meta":{"_et_pb_use_builder":"","_et_pb_old_content":"","_et_gb_content_width":"","footnotes":""},"categories":[10530,6345,10771,10775],"tags":[],"class_list":["post-108551","post","type-post","status-publish","format-standard","has-post-thumbnail","hentry","category-actualites","category-economie-marches","category-5facades","category-actualites-5facades"],"yoast_head":"<!-- This site is optimized with the Yoast SEO plugin v27.4 - https:\/\/yoast.com\/product\/yoast-seo-wordpress\/ -->\n<title>SADEV fait l\u2019acquisition de sa filiale SADEV USA<\/title>\n<meta name=\"robots\" content=\"index, follow, max-snippet:-1, max-image-preview:large, max-video-preview:-1\" \/>\n<link rel=\"canonical\" href=\"https:\/\/batijournal.com\/index.php\/sadev-fait-lacquisition-de-sa-filiale-sadev-usa\/108551\/\" \/>\n<meta property=\"og:locale\" content=\"fr_FR\" \/>\n<meta property=\"og:type\" content=\"article\" \/>\n<meta property=\"og:title\" content=\"SADEV fait l\u2019acquisition de sa filiale SADEV USA\" \/>\n<meta property=\"og:description\" content=\"SADEV, est un sp\u00e9cialiste de la fixation du verre agraf\u00e9 et de l\u2019enveloppe du b\u00e2timent, ayant \u00e9galement d\u00e9velopp\u00e9 de nouvelles gammes de produits : des garde-corps, des solutions d\u2019agencement d\u2019int\u00e9rieur et des barri\u00e8res de piscine. SADEV annonce avoir fait l\u2019acquisition de sa filiale SADEV USA d\u00e9velopp\u00e9e, il y a 25 ans. Fr\u00e9d\u00e9ric FIEVET, nouveau CEO [&hellip;]\" \/>\n<meta property=\"og:url\" content=\"https:\/\/batijournal.com\/index.php\/sadev-fait-lacquisition-de-sa-filiale-sadev-usa\/108551\/\" \/>\n<meta property=\"og:site_name\" content=\"Batijournal\" \/>\n<meta property=\"article:published_time\" content=\"2023-01-26T17:40:46+00:00\" \/>\n<meta property=\"og:image\" content=\"https:\/\/batijournal.com\/wp-content\/uploads\/2023\/01\/SADEV_rachat-de-notre-filiale-SADEV-USA.jpg\" \/>\n\t<meta property=\"og:image:width\" content=\"1754\" \/>\n\t<meta property=\"og:image:height\" content=\"1240\" \/>\n\t<meta property=\"og:image:type\" content=\"image\/jpeg\" \/>\n<meta name=\"author\" content=\"St\u00e9phane Miget\" \/>\n<meta name=\"twitter:card\" content=\"summary_large_image\" \/>\n<meta name=\"twitter:creator\" content=\"@bati_journal\" \/>\n<meta name=\"twitter:site\" content=\"@bati_journal\" \/>\n<meta name=\"twitter:label1\" content=\"\u00c9crit par\" \/>\n\t<meta name=\"twitter:data1\" content=\"St\u00e9phane Miget\" \/>\n\t<meta name=\"twitter:label2\" content=\"Dur\u00e9e de lecture estim\u00e9e\" \/>\n\t<meta name=\"twitter:data2\" content=\"1 minute\" \/>\n<script type=\"application\/ld+json\" class=\"yoast-schema-graph\">{\"@context\":\"https:\\\/\\\/schema.org\",\"@graph\":[{\"@type\":\"Article\",\"@id\":\"https:\\\/\\\/batijournal.com\\\/index.php\\\/sadev-fait-lacquisition-de-sa-filiale-sadev-usa\\\/108551\\\/#article\",\"isPartOf\":{\"@id\":\"https:\\\/\\\/batijournal.com\\\/index.php\\\/sadev-fait-lacquisition-de-sa-filiale-sadev-usa\\\/108551\\\/\"},\"author\":{\"name\":\"St\u00e9phane Miget\",\"@id\":\"https:\\\/\\\/batijournal.com\\\/#\\\/schema\\\/person\\\/1dc96ec6957aa1ccb25ebe78bb19f100\"},\"headline\":\"SADEV fait l\u2019acquisition de sa filiale SADEV USA\",\"datePublished\":\"2023-01-26T17:40:46+00:00\",\"mainEntityOfPage\":{\"@id\":\"https:\\\/\\\/batijournal.com\\\/index.php\\\/sadev-fait-lacquisition-de-sa-filiale-sadev-usa\\\/108551\\\/\"},\"wordCount\":179,\"image\":{\"@id\":\"https:\\\/\\\/batijournal.com\\\/index.php\\\/sadev-fait-lacquisition-de-sa-filiale-sadev-usa\\\/108551\\\/#primaryimage\"},\"thumbnailUrl\":\"https:\\\/\\\/batijournal.com\\\/wp-content\\\/uploads\\\/2023\\\/01\\\/SADEV_rachat-de-notre-filiale-SADEV-USA.jpg\",\"articleSection\":[\"Actualit\u00e9s\",\"\u00c9conomie &amp; March\u00e9s\",\"zz_5fa\u00e7ades\",\"zz_Actualit\u00e9s - 5fa\u00e7ades\"],\"inLanguage\":\"fr-FR\"},{\"@type\":\"WebPage\",\"@id\":\"https:\\\/\\\/batijournal.com\\\/index.php\\\/sadev-fait-lacquisition-de-sa-filiale-sadev-usa\\\/108551\\\/\",\"url\":\"https:\\\/\\\/batijournal.com\\\/index.php\\\/sadev-fait-lacquisition-de-sa-filiale-sadev-usa\\\/108551\\\/\",\"name\":\"SADEV fait l\u2019acquisition de sa filiale SADEV USA\",\"isPartOf\":{\"@id\":\"https:\\\/\\\/batijournal.com\\\/#website\"},\"primaryImageOfPage\":{\"@id\":\"https:\\\/\\\/batijournal.com\\\/index.php\\\/sadev-fait-lacquisition-de-sa-filiale-sadev-usa\\\/108551\\\/#primaryimage\"},\"image\":{\"@id\":\"https:\\\/\\\/batijournal.com\\\/index.php\\\/sadev-fait-lacquisition-de-sa-filiale-sadev-usa\\\/108551\\\/#primaryimage\"},\"thumbnailUrl\":\"https:\\\/\\\/batijournal.com\\\/wp-content\\\/uploads\\\/2023\\\/01\\\/SADEV_rachat-de-notre-filiale-SADEV-USA.jpg\",\"datePublished\":\"2023-01-26T17:40:46+00:00\",\"author\":{\"@id\":\"https:\\\/\\\/batijournal.com\\\/#\\\/schema\\\/person\\\/1dc96ec6957aa1ccb25ebe78bb19f100\"},\"breadcrumb\":{\"@id\":\"https:\\\/\\\/batijournal.com\\\/index.php\\\/sadev-fait-lacquisition-de-sa-filiale-sadev-usa\\\/108551\\\/#breadcrumb\"},\"inLanguage\":\"fr-FR\",\"potentialAction\":[{\"@type\":\"ReadAction\",\"target\":[\"https:\\\/\\\/batijournal.com\\\/index.php\\\/sadev-fait-lacquisition-de-sa-filiale-sadev-usa\\\/108551\\\/\"]}]},{\"@type\":\"ImageObject\",\"inLanguage\":\"fr-FR\",\"@id\":\"https:\\\/\\\/batijournal.com\\\/index.php\\\/sadev-fait-lacquisition-de-sa-filiale-sadev-usa\\\/108551\\\/#primaryimage\",\"url\":\"https:\\\/\\\/batijournal.com\\\/wp-content\\\/uploads\\\/2023\\\/01\\\/SADEV_rachat-de-notre-filiale-SADEV-USA.jpg\",\"contentUrl\":\"https:\\\/\\\/batijournal.com\\\/wp-content\\\/uploads\\\/2023\\\/01\\\/SADEV_rachat-de-notre-filiale-SADEV-USA.jpg\",\"width\":1754,\"height\":1240},{\"@type\":\"BreadcrumbList\",\"@id\":\"https:\\\/\\\/batijournal.com\\\/index.php\\\/sadev-fait-lacquisition-de-sa-filiale-sadev-usa\\\/108551\\\/#breadcrumb\",\"itemListElement\":[{\"@type\":\"ListItem\",\"position\":1,\"name\":\"Accueil\",\"item\":\"https:\\\/\\\/batijournal.com\\\/\"},{\"@type\":\"ListItem\",\"position\":2,\"name\":\"Actualit\u00e9s\",\"item\":\"https:\\\/\\\/batijournal.com\\\/index.php\\\/category\\\/actualites\\\/\"},{\"@type\":\"ListItem\",\"position\":3,\"name\":\"\u00c9conomie &amp; March\u00e9s\",\"item\":\"https:\\\/\\\/batijournal.com\\\/index.php\\\/category\\\/actualites\\\/economie-marches\\\/\"},{\"@type\":\"ListItem\",\"position\":4,\"name\":\"SADEV fait l\u2019acquisition de sa filiale SADEV USA\"}]},{\"@type\":\"WebSite\",\"@id\":\"https:\\\/\\\/batijournal.com\\\/#website\",\"url\":\"https:\\\/\\\/batijournal.com\\\/\",\"name\":\"Batijournal\",\"description\":\"L&#039;actualit\u00e9 du b\u00e2timent\",\"potentialAction\":[{\"@type\":\"SearchAction\",\"target\":{\"@type\":\"EntryPoint\",\"urlTemplate\":\"https:\\\/\\\/batijournal.com\\\/?s={search_term_string}\"},\"query-input\":{\"@type\":\"PropertyValueSpecification\",\"valueRequired\":true,\"valueName\":\"search_term_string\"}}],\"inLanguage\":\"fr-FR\"},{\"@type\":\"Person\",\"@id\":\"https:\\\/\\\/batijournal.com\\\/#\\\/schema\\\/person\\\/1dc96ec6957aa1ccb25ebe78bb19f100\",\"name\":\"St\u00e9phane Miget\",\"image\":{\"@type\":\"ImageObject\",\"inLanguage\":\"fr-FR\",\"@id\":\"https:\\\/\\\/secure.gravatar.com\\\/avatar\\\/89915563d925342126b8ef0281b93d9d7fc337043e8df017f780908eb9644451?s=96&d=mm&r=g\",\"url\":\"https:\\\/\\\/secure.gravatar.com\\\/avatar\\\/89915563d925342126b8ef0281b93d9d7fc337043e8df017f780908eb9644451?s=96&d=mm&r=g\",\"contentUrl\":\"https:\\\/\\\/secure.gravatar.com\\\/avatar\\\/89915563d925342126b8ef0281b93d9d7fc337043e8df017f780908eb9644451?s=96&d=mm&r=g\",\"caption\":\"St\u00e9phane Miget\"},\"url\":\"https:\\\/\\\/batijournal.com\\\/index.php\\\/author\\\/stephane\\\/\"}]}<\/script>\n<!-- \/ Yoast SEO plugin. -->","yoast_head_json":{"title":"SADEV fait l\u2019acquisition de sa filiale SADEV USA","robots":{"index":"index","follow":"follow","max-snippet":"max-snippet:-1","max-image-preview":"max-image-preview:large","max-video-preview":"max-video-preview:-1"},"canonical":"https:\/\/batijournal.com\/index.php\/sadev-fait-lacquisition-de-sa-filiale-sadev-usa\/108551\/","og_locale":"fr_FR","og_type":"article","og_title":"SADEV fait l\u2019acquisition de sa filiale SADEV USA","og_description":"SADEV, est un sp\u00e9cialiste de la fixation du verre agraf\u00e9 et de l\u2019enveloppe du b\u00e2timent, ayant \u00e9galement d\u00e9velopp\u00e9 de nouvelles gammes de produits : des garde-corps, des solutions d\u2019agencement d\u2019int\u00e9rieur et des barri\u00e8res de piscine. SADEV annonce avoir fait l\u2019acquisition de sa filiale SADEV USA d\u00e9velopp\u00e9e, il y a 25 ans. Fr\u00e9d\u00e9ric FIEVET, nouveau CEO [&hellip;]","og_url":"https:\/\/batijournal.com\/index.php\/sadev-fait-lacquisition-de-sa-filiale-sadev-usa\/108551\/","og_site_name":"Batijournal","article_published_time":"2023-01-26T17:40:46+00:00","og_image":[{"width":1754,"height":1240,"url":"https:\/\/batijournal.com\/wp-content\/uploads\/2023\/01\/SADEV_rachat-de-notre-filiale-SADEV-USA.jpg","type":"image\/jpeg"}],"author":"St\u00e9phane Miget","twitter_card":"summary_large_image","twitter_creator":"@bati_journal","twitter_site":"@bati_journal","twitter_misc":{"\u00c9crit par":"St\u00e9phane Miget","Dur\u00e9e de lecture estim\u00e9e":"1 minute"},"schema":{"@context":"https:\/\/schema.org","@graph":[{"@type":"Article","@id":"https:\/\/batijournal.com\/index.php\/sadev-fait-lacquisition-de-sa-filiale-sadev-usa\/108551\/#article","isPartOf":{"@id":"https:\/\/batijournal.com\/index.php\/sadev-fait-lacquisition-de-sa-filiale-sadev-usa\/108551\/"},"author":{"name":"St\u00e9phane Miget","@id":"https:\/\/batijournal.com\/#\/schema\/person\/1dc96ec6957aa1ccb25ebe78bb19f100"},"headline":"SADEV fait l\u2019acquisition de sa filiale SADEV USA","datePublished":"2023-01-26T17:40:46+00:00","mainEntityOfPage":{"@id":"https:\/\/batijournal.com\/index.php\/sadev-fait-lacquisition-de-sa-filiale-sadev-usa\/108551\/"},"wordCount":179,"image":{"@id":"https:\/\/batijournal.com\/index.php\/sadev-fait-lacquisition-de-sa-filiale-sadev-usa\/108551\/#primaryimage"},"thumbnailUrl":"https:\/\/batijournal.com\/wp-content\/uploads\/2023\/01\/SADEV_rachat-de-notre-filiale-SADEV-USA.jpg","articleSection":["Actualit\u00e9s","\u00c9conomie &amp; March\u00e9s","zz_5fa\u00e7ades","zz_Actualit\u00e9s - 5fa\u00e7ades"],"inLanguage":"fr-FR"},{"@type":"WebPage","@id":"https:\/\/batijournal.com\/index.php\/sadev-fait-lacquisition-de-sa-filiale-sadev-usa\/108551\/","url":"https:\/\/batijournal.com\/index.php\/sadev-fait-lacquisition-de-sa-filiale-sadev-usa\/108551\/","name":"SADEV fait l\u2019acquisition de sa filiale SADEV USA","isPartOf":{"@id":"https:\/\/batijournal.com\/#website"},"primaryImageOfPage":{"@id":"https:\/\/batijournal.com\/index.php\/sadev-fait-lacquisition-de-sa-filiale-sadev-usa\/108551\/#primaryimage"},"image":{"@id":"https:\/\/batijournal.com\/index.php\/sadev-fait-lacquisition-de-sa-filiale-sadev-usa\/108551\/#primaryimage"},"thumbnailUrl":"https:\/\/batijournal.com\/wp-content\/uploads\/2023\/01\/SADEV_rachat-de-notre-filiale-SADEV-USA.jpg","datePublished":"2023-01-26T17:40:46+00:00","author":{"@id":"https:\/\/batijournal.com\/#\/schema\/person\/1dc96ec6957aa1ccb25ebe78bb19f100"},"breadcrumb":{"@id":"https:\/\/batijournal.com\/index.php\/sadev-fait-lacquisition-de-sa-filiale-sadev-usa\/108551\/#breadcrumb"},"inLanguage":"fr-FR","potentialAction":[{"@type":"ReadAction","target":["https:\/\/batijournal.com\/index.php\/sadev-fait-lacquisition-de-sa-filiale-sadev-usa\/108551\/"]}]},{"@type":"ImageObject","inLanguage":"fr-FR","@id":"https:\/\/batijournal.com\/index.php\/sadev-fait-lacquisition-de-sa-filiale-sadev-usa\/108551\/#primaryimage","url":"https:\/\/batijournal.com\/wp-content\/uploads\/2023\/01\/SADEV_rachat-de-notre-filiale-SADEV-USA.jpg","contentUrl":"https:\/\/batijournal.com\/wp-content\/uploads\/2023\/01\/SADEV_rachat-de-notre-filiale-SADEV-USA.jpg","width":1754,"height":1240},{"@type":"BreadcrumbList","@id":"https:\/\/batijournal.com\/index.php\/sadev-fait-lacquisition-de-sa-filiale-sadev-usa\/108551\/#breadcrumb","itemListElement":[{"@type":"ListItem","position":1,"name":"Accueil","item":"https:\/\/batijournal.com\/"},{"@type":"ListItem","position":2,"name":"Actualit\u00e9s","item":"https:\/\/batijournal.com\/index.php\/category\/actualites\/"},{"@type":"ListItem","position":3,"name":"\u00c9conomie &amp; March\u00e9s","item":"https:\/\/batijournal.com\/index.php\/category\/actualites\/economie-marches\/"},{"@type":"ListItem","position":4,"name":"SADEV fait l\u2019acquisition de sa filiale SADEV USA"}]},{"@type":"WebSite","@id":"https:\/\/batijournal.com\/#website","url":"https:\/\/batijournal.com\/","name":"Batijournal","description":"L&#039;actualit\u00e9 du b\u00e2timent","potentialAction":[{"@type":"SearchAction","target":{"@type":"EntryPoint","urlTemplate":"https:\/\/batijournal.com\/?s={search_term_string}"},"query-input":{"@type":"PropertyValueSpecification","valueRequired":true,"valueName":"search_term_string"}}],"inLanguage":"fr-FR"},{"@type":"Person","@id":"https:\/\/batijournal.com\/#\/schema\/person\/1dc96ec6957aa1ccb25ebe78bb19f100","name":"St\u00e9phane Miget","image":{"@type":"ImageObject","inLanguage":"fr-FR","@id":"https:\/\/secure.gravatar.com\/avatar\/89915563d925342126b8ef0281b93d9d7fc337043e8df017f780908eb9644451?s=96&d=mm&r=g","url":"https:\/\/secure.gravatar.com\/avatar\/89915563d925342126b8ef0281b93d9d7fc337043e8df017f780908eb9644451?s=96&d=mm&r=g","contentUrl":"https:\/\/secure.gravatar.com\/avatar\/89915563d925342126b8ef0281b93d9d7fc337043e8df017f780908eb9644451?s=96&d=mm&r=g","caption":"St\u00e9phane Miget"},"url":"https:\/\/batijournal.com\/index.php\/author\/stephane\/"}]}},"_links":{"self":[{"href":"https:\/\/batijournal.com\/index.php\/wp-json\/wp\/v2\/posts\/108551","targetHints":{"allow":["GET"]}}],"collection":[{"href":"https:\/\/batijournal.com\/index.php\/wp-json\/wp\/v2\/posts"}],"about":[{"href":"https:\/\/batijournal.com\/index.php\/wp-json\/wp\/v2\/types\/post"}],"author":[{"embeddable":true,"href":"https:\/\/batijournal.com\/index.php\/wp-json\/wp\/v2\/users\/17"}],"replies":[{"embeddable":true,"href":"https:\/\/batijournal.com\/index.php\/wp-json\/wp\/v2\/comments?post=108551"}],"version-history":[{"count":0,"href":"https:\/\/batijournal.com\/index.php\/wp-json\/wp\/v2\/posts\/108551\/revisions"}],"wp:featuredmedia":[{"embeddable":true,"href":"https:\/\/batijournal.com\/index.php\/wp-json\/wp\/v2\/media\/108552"}],"wp:attachment":[{"href":"https:\/\/batijournal.com\/index.php\/wp-json\/wp\/v2\/media?parent=108551"}],"wp:term":[{"taxonomy":"category","embeddable":true,"href":"https:\/\/batijournal.com\/index.php\/wp-json\/wp\/v2\/categories?post=108551"},{"taxonomy":"post_tag","embeddable":true,"href":"https:\/\/batijournal.com\/index.php\/wp-json\/wp\/v2\/tags?post=108551"}],"curies":[{"name":"wp","href":"https:\/\/api.w.org\/{rel}","templated":true}]}}