{"id":108555,"date":"2023-01-26T17:54:59","date_gmt":"2023-01-26T16:54:59","guid":{"rendered":"https:\/\/batijournal.com\/?p=108555"},"modified":"2023-01-26T17:54:59","modified_gmt":"2023-01-26T16:54:59","slug":"le-dispositif-danalyse-des-couts-de-production-des-materiaux-de-construction-voit-le-jour","status":"publish","type":"post","link":"https:\/\/batijournal.com\/index.php\/le-dispositif-danalyse-des-couts-de-production-des-materiaux-de-construction-voit-le-jour\/108555\/","title":{"rendered":"Le dispositif d\u2019analyse des co\u00fbts de production des mat\u00e9riaux de construction voit le jour"},"content":{"rendered":"<p>Bruno Le Maire, ministre de l\u2019Economie, des Finances et de la Souverainet\u00e9 industrielle et num\u00e9rique, annonce la mise en place d\u2019un outil d\u2019analyse des co\u00fbts de production des mat\u00e9riaux de construction. Annonc\u00e9 dans le cadre des Assises du BTP, ce dispositif doit permettre aux entreprises de la fili\u00e8re BTP et \u00e0 leurs clients d\u2019avoir une meilleure visibilit\u00e9 sur l\u2019\u00e9volution des co\u00fbts en p\u00e9riode de forte volatilit\u00e9 des prix. L\u2019\u00e9laboration d\u2019indices portant sur les co\u00fbts de production de mat\u00e9riaux identifi\u00e9s comme prioritaires est d\u00e9j\u00e0 engag\u00e9e. Les industriels sont invit\u00e9s \u00e0 fournir au plus vite des informations sur une base volontaire pour une publication de cet indicateur au plus tard en avril prochain.<\/p>\n<p>Compte tenu de son exp\u00e9rience et de son travail d\u2019accompagnement de la fili\u00e8re, notamment dans le cadre de la m\u00e9diation de fili\u00e8re et du comit\u00e9 de crise du BTP, Bruno Le Maire a confi\u00e9 au M\u00e9diateur des entreprises la mission de conduire, en lien avec les f\u00e9d\u00e9rations professionnelles, les travaux de mise en \u0153uvre de cette mesure. Lors de ces travaux, il est apparu que l\u2019\u00e9laboration d\u2019indices de co\u00fbt \u00ab mat\u00e9riaux de construction \u00bb, traduisant les \u00e9volutions des diff\u00e9rents facteurs de co\u00fbts de production, \u00e9tait de nature \u00e0 r\u00e9pondre au besoin de visibilit\u00e9 exprim\u00e9 par l\u2019aval de la fili\u00e8re, en p\u00e9riode de forte volatilit\u00e9 des prix, pour \u00e9tablir leurs devis et march\u00e9s. Au terme des travaux auxquels ont \u00e9t\u00e9 associ\u00e9s la DGCCRF et l\u2019Insee, le minsitre e a confi\u00e9 \u00e0 l\u2019Insee le r\u00f4le de tiers de confiance pour recueillir, traiter et diffuser les donn\u00e9es relatives aux facteurs de co\u00fbts, dans le respect du secret statistique. L\u2019Insee \u00e9laborera, avec les acteurs de la fili\u00e8re, des indices de co\u00fbt de production \u00ab mat\u00e9riaux de construction \u00bb sur la base de la m\u00e9thodologie employ\u00e9e pour les index BT\/TP qu\u2019il con\u00e7oit et diffuse.<\/p>\n<p>La FFB a vite r\u00e9agi et se f\u00e9licite de la concr\u00e9tisation de l&rsquo;engagement du ministre de l\u2019Economie pris lors des 24h du b\u00e2timent. Sa pleine r\u00e9ussite implique la participation de l\u2019amont de la fili\u00e8re, industriels et distributeurs. La FFB compte sur eux, au nom de la solidarit\u00e9 de fili\u00e8re dans un contexte toujours difficile.<\/p>\n","protected":false},"excerpt":{"rendered":"<p>Bruno Le Maire, ministre de l\u2019Economie, des Finances et de la Souverainet\u00e9 industrielle et num\u00e9rique, annonce la mise en place d\u2019un outil d\u2019analyse des co\u00fbts de production des mat\u00e9riaux de construction. Annonc\u00e9 dans le cadre des Assises du BTP, ce dispositif doit permettre aux entreprises de la fili\u00e8re BTP et \u00e0 leurs clients d\u2019avoir une [&hellip;]<\/p>\n","protected":false},"author":17,"featured_media":108556,"comment_status":"closed","ping_status":"closed","sticky":false,"template":"","format":"standard","meta":{"_et_pb_use_builder":"","_et_pb_old_content":"","_et_gb_content_width":"","footnotes":""},"categories":[10736,10530,6345,10771,10775,10769,10764],"tags":[1422],"class_list":["post-108555","post","type-post","status-publish","format-standard","has-post-thumbnail","hentry","category-a-la-une","category-actualites","category-economie-marches","category-5facades","category-actualites-5facades","category-publications","category-woodsurfer","tag-materiaux"],"yoast_head":"<!-- This site is optimized with the Yoast SEO plugin v27.4 - https:\/\/yoast.com\/product\/yoast-seo-wordpress\/ -->\n<title>Le dispositif d\u2019analyse des co\u00fbts de production des mat\u00e9riaux de construction voit le jour<\/title>\n<meta name=\"robots\" content=\"index, follow, max-snippet:-1, max-image-preview:large, max-video-preview:-1\" \/>\n<link rel=\"canonical\" href=\"https:\/\/batijournal.com\/index.php\/le-dispositif-danalyse-des-couts-de-production-des-materiaux-de-construction-voit-le-jour\/108555\/\" \/>\n<meta property=\"og:locale\" content=\"fr_FR\" \/>\n<meta property=\"og:type\" content=\"article\" \/>\n<meta property=\"og:title\" content=\"Le dispositif d\u2019analyse des co\u00fbts de production des mat\u00e9riaux de construction voit le jour\" \/>\n<meta property=\"og:description\" content=\"Bruno Le Maire, ministre de l\u2019Economie, des Finances et de la Souverainet\u00e9 industrielle et num\u00e9rique, annonce la mise en place d\u2019un outil d\u2019analyse des co\u00fbts de production des mat\u00e9riaux de construction. Annonc\u00e9 dans le cadre des Assises du BTP, ce dispositif doit permettre aux entreprises de la fili\u00e8re BTP et \u00e0 leurs clients d\u2019avoir une [&hellip;]\" \/>\n<meta property=\"og:url\" content=\"https:\/\/batijournal.com\/index.php\/le-dispositif-danalyse-des-couts-de-production-des-materiaux-de-construction-voit-le-jour\/108555\/\" \/>\n<meta property=\"og:site_name\" content=\"Batijournal\" \/>\n<meta property=\"article:published_time\" content=\"2023-01-26T16:54:59+00:00\" \/>\n<meta property=\"og:image\" content=\"https:\/\/batijournal.com\/wp-content\/uploads\/2023\/01\/prix-materiaux-construction-batiment.jpg\" \/>\n\t<meta property=\"og:image:width\" content=\"1000\" \/>\n\t<meta property=\"og:image:height\" content=\"464\" \/>\n\t<meta property=\"og:image:type\" content=\"image\/jpeg\" \/>\n<meta name=\"author\" content=\"St\u00e9phane Miget\" \/>\n<meta name=\"twitter:card\" content=\"summary_large_image\" \/>\n<meta name=\"twitter:creator\" content=\"@bati_journal\" \/>\n<meta name=\"twitter:site\" content=\"@bati_journal\" \/>\n<meta name=\"twitter:label1\" content=\"\u00c9crit par\" \/>\n\t<meta name=\"twitter:data1\" content=\"St\u00e9phane Miget\" \/>\n\t<meta name=\"twitter:label2\" content=\"Dur\u00e9e de lecture estim\u00e9e\" \/>\n\t<meta name=\"twitter:data2\" content=\"2 minutes\" \/>\n<script type=\"application\/ld+json\" class=\"yoast-schema-graph\">{\"@context\":\"https:\\\/\\\/schema.org\",\"@graph\":[{\"@type\":\"Article\",\"@id\":\"https:\\\/\\\/batijournal.com\\\/index.php\\\/le-dispositif-danalyse-des-couts-de-production-des-materiaux-de-construction-voit-le-jour\\\/108555\\\/#article\",\"isPartOf\":{\"@id\":\"https:\\\/\\\/batijournal.com\\\/index.php\\\/le-dispositif-danalyse-des-couts-de-production-des-materiaux-de-construction-voit-le-jour\\\/108555\\\/\"},\"author\":{\"name\":\"St\u00e9phane Miget\",\"@id\":\"https:\\\/\\\/batijournal.com\\\/#\\\/schema\\\/person\\\/1dc96ec6957aa1ccb25ebe78bb19f100\"},\"headline\":\"Le dispositif d\u2019analyse des co\u00fbts de production des mat\u00e9riaux de construction voit le jour\",\"datePublished\":\"2023-01-26T16:54:59+00:00\",\"mainEntityOfPage\":{\"@id\":\"https:\\\/\\\/batijournal.com\\\/index.php\\\/le-dispositif-danalyse-des-couts-de-production-des-materiaux-de-construction-voit-le-jour\\\/108555\\\/\"},\"wordCount\":426,\"image\":{\"@id\":\"https:\\\/\\\/batijournal.com\\\/index.php\\\/le-dispositif-danalyse-des-couts-de-production-des-materiaux-de-construction-voit-le-jour\\\/108555\\\/#primaryimage\"},\"thumbnailUrl\":\"https:\\\/\\\/batijournal.com\\\/wp-content\\\/uploads\\\/2023\\\/01\\\/prix-materiaux-construction-batiment.jpg\",\"keywords\":[\"mat\u00e9riaux\"],\"articleSection\":[\"A la Une\",\"Actualit\u00e9s\",\"\u00c9conomie &amp; March\u00e9s\",\"zz_5fa\u00e7ades\",\"zz_Actualit\u00e9s - 5fa\u00e7ades\",\"zz_Actualit\u00e9s - Woodsurfer\",\"zz_Woodsurfer\"],\"inLanguage\":\"fr-FR\"},{\"@type\":\"WebPage\",\"@id\":\"https:\\\/\\\/batijournal.com\\\/index.php\\\/le-dispositif-danalyse-des-couts-de-production-des-materiaux-de-construction-voit-le-jour\\\/108555\\\/\",\"url\":\"https:\\\/\\\/batijournal.com\\\/index.php\\\/le-dispositif-danalyse-des-couts-de-production-des-materiaux-de-construction-voit-le-jour\\\/108555\\\/\",\"name\":\"Le dispositif d\u2019analyse des co\u00fbts de production des mat\u00e9riaux de construction voit le jour\",\"isPartOf\":{\"@id\":\"https:\\\/\\\/batijournal.com\\\/#website\"},\"primaryImageOfPage\":{\"@id\":\"https:\\\/\\\/batijournal.com\\\/index.php\\\/le-dispositif-danalyse-des-couts-de-production-des-materiaux-de-construction-voit-le-jour\\\/108555\\\/#primaryimage\"},\"image\":{\"@id\":\"https:\\\/\\\/batijournal.com\\\/index.php\\\/le-dispositif-danalyse-des-couts-de-production-des-materiaux-de-construction-voit-le-jour\\\/108555\\\/#primaryimage\"},\"thumbnailUrl\":\"https:\\\/\\\/batijournal.com\\\/wp-content\\\/uploads\\\/2023\\\/01\\\/prix-materiaux-construction-batiment.jpg\",\"datePublished\":\"2023-01-26T16:54:59+00:00\",\"author\":{\"@id\":\"https:\\\/\\\/batijournal.com\\\/#\\\/schema\\\/person\\\/1dc96ec6957aa1ccb25ebe78bb19f100\"},\"breadcrumb\":{\"@id\":\"https:\\\/\\\/batijournal.com\\\/index.php\\\/le-dispositif-danalyse-des-couts-de-production-des-materiaux-de-construction-voit-le-jour\\\/108555\\\/#breadcrumb\"},\"inLanguage\":\"fr-FR\",\"potentialAction\":[{\"@type\":\"ReadAction\",\"target\":[\"https:\\\/\\\/batijournal.com\\\/index.php\\\/le-dispositif-danalyse-des-couts-de-production-des-materiaux-de-construction-voit-le-jour\\\/108555\\\/\"]}]},{\"@type\":\"ImageObject\",\"inLanguage\":\"fr-FR\",\"@id\":\"https:\\\/\\\/batijournal.com\\\/index.php\\\/le-dispositif-danalyse-des-couts-de-production-des-materiaux-de-construction-voit-le-jour\\\/108555\\\/#primaryimage\",\"url\":\"https:\\\/\\\/batijournal.com\\\/wp-content\\\/uploads\\\/2023\\\/01\\\/prix-materiaux-construction-batiment.jpg\",\"contentUrl\":\"https:\\\/\\\/batijournal.com\\\/wp-content\\\/uploads\\\/2023\\\/01\\\/prix-materiaux-construction-batiment.jpg\",\"width\":1000,\"height\":464},{\"@type\":\"BreadcrumbList\",\"@id\":\"https:\\\/\\\/batijournal.com\\\/index.php\\\/le-dispositif-danalyse-des-couts-de-production-des-materiaux-de-construction-voit-le-jour\\\/108555\\\/#breadcrumb\",\"itemListElement\":[{\"@type\":\"ListItem\",\"position\":1,\"name\":\"Accueil\",\"item\":\"https:\\\/\\\/batijournal.com\\\/\"},{\"@type\":\"ListItem\",\"position\":2,\"name\":\"A la Une\",\"item\":\"https:\\\/\\\/batijournal.com\\\/index.php\\\/category\\\/a-la-une\\\/\"},{\"@type\":\"ListItem\",\"position\":3,\"name\":\"Le dispositif d\u2019analyse des co\u00fbts de production des mat\u00e9riaux de construction voit le jour\"}]},{\"@type\":\"WebSite\",\"@id\":\"https:\\\/\\\/batijournal.com\\\/#website\",\"url\":\"https:\\\/\\\/batijournal.com\\\/\",\"name\":\"Batijournal\",\"description\":\"L&#039;actualit\u00e9 du b\u00e2timent\",\"potentialAction\":[{\"@type\":\"SearchAction\",\"target\":{\"@type\":\"EntryPoint\",\"urlTemplate\":\"https:\\\/\\\/batijournal.com\\\/?s={search_term_string}\"},\"query-input\":{\"@type\":\"PropertyValueSpecification\",\"valueRequired\":true,\"valueName\":\"search_term_string\"}}],\"inLanguage\":\"fr-FR\"},{\"@type\":\"Person\",\"@id\":\"https:\\\/\\\/batijournal.com\\\/#\\\/schema\\\/person\\\/1dc96ec6957aa1ccb25ebe78bb19f100\",\"name\":\"St\u00e9phane Miget\",\"image\":{\"@type\":\"ImageObject\",\"inLanguage\":\"fr-FR\",\"@id\":\"https:\\\/\\\/secure.gravatar.com\\\/avatar\\\/89915563d925342126b8ef0281b93d9d7fc337043e8df017f780908eb9644451?s=96&d=mm&r=g\",\"url\":\"https:\\\/\\\/secure.gravatar.com\\\/avatar\\\/89915563d925342126b8ef0281b93d9d7fc337043e8df017f780908eb9644451?s=96&d=mm&r=g\",\"contentUrl\":\"https:\\\/\\\/secure.gravatar.com\\\/avatar\\\/89915563d925342126b8ef0281b93d9d7fc337043e8df017f780908eb9644451?s=96&d=mm&r=g\",\"caption\":\"St\u00e9phane Miget\"},\"url\":\"https:\\\/\\\/batijournal.com\\\/index.php\\\/author\\\/stephane\\\/\"}]}<\/script>\n<!-- \/ Yoast SEO plugin. -->","yoast_head_json":{"title":"Le dispositif d\u2019analyse des co\u00fbts de production des mat\u00e9riaux de construction voit le jour","robots":{"index":"index","follow":"follow","max-snippet":"max-snippet:-1","max-image-preview":"max-image-preview:large","max-video-preview":"max-video-preview:-1"},"canonical":"https:\/\/batijournal.com\/index.php\/le-dispositif-danalyse-des-couts-de-production-des-materiaux-de-construction-voit-le-jour\/108555\/","og_locale":"fr_FR","og_type":"article","og_title":"Le dispositif d\u2019analyse des co\u00fbts de production des mat\u00e9riaux de construction voit le jour","og_description":"Bruno Le Maire, ministre de l\u2019Economie, des Finances et de la Souverainet\u00e9 industrielle et num\u00e9rique, annonce la mise en place d\u2019un outil d\u2019analyse des co\u00fbts de production des mat\u00e9riaux de construction. Annonc\u00e9 dans le cadre des Assises du BTP, ce dispositif doit permettre aux entreprises de la fili\u00e8re BTP et \u00e0 leurs clients d\u2019avoir une [&hellip;]","og_url":"https:\/\/batijournal.com\/index.php\/le-dispositif-danalyse-des-couts-de-production-des-materiaux-de-construction-voit-le-jour\/108555\/","og_site_name":"Batijournal","article_published_time":"2023-01-26T16:54:59+00:00","og_image":[{"width":1000,"height":464,"url":"https:\/\/batijournal.com\/wp-content\/uploads\/2023\/01\/prix-materiaux-construction-batiment.jpg","type":"image\/jpeg"}],"author":"St\u00e9phane Miget","twitter_card":"summary_large_image","twitter_creator":"@bati_journal","twitter_site":"@bati_journal","twitter_misc":{"\u00c9crit par":"St\u00e9phane Miget","Dur\u00e9e de lecture estim\u00e9e":"2 minutes"},"schema":{"@context":"https:\/\/schema.org","@graph":[{"@type":"Article","@id":"https:\/\/batijournal.com\/index.php\/le-dispositif-danalyse-des-couts-de-production-des-materiaux-de-construction-voit-le-jour\/108555\/#article","isPartOf":{"@id":"https:\/\/batijournal.com\/index.php\/le-dispositif-danalyse-des-couts-de-production-des-materiaux-de-construction-voit-le-jour\/108555\/"},"author":{"name":"St\u00e9phane Miget","@id":"https:\/\/batijournal.com\/#\/schema\/person\/1dc96ec6957aa1ccb25ebe78bb19f100"},"headline":"Le dispositif d\u2019analyse des co\u00fbts de production des mat\u00e9riaux de construction voit le jour","datePublished":"2023-01-26T16:54:59+00:00","mainEntityOfPage":{"@id":"https:\/\/batijournal.com\/index.php\/le-dispositif-danalyse-des-couts-de-production-des-materiaux-de-construction-voit-le-jour\/108555\/"},"wordCount":426,"image":{"@id":"https:\/\/batijournal.com\/index.php\/le-dispositif-danalyse-des-couts-de-production-des-materiaux-de-construction-voit-le-jour\/108555\/#primaryimage"},"thumbnailUrl":"https:\/\/batijournal.com\/wp-content\/uploads\/2023\/01\/prix-materiaux-construction-batiment.jpg","keywords":["mat\u00e9riaux"],"articleSection":["A la Une","Actualit\u00e9s","\u00c9conomie &amp; March\u00e9s","zz_5fa\u00e7ades","zz_Actualit\u00e9s - 5fa\u00e7ades","zz_Actualit\u00e9s - Woodsurfer","zz_Woodsurfer"],"inLanguage":"fr-FR"},{"@type":"WebPage","@id":"https:\/\/batijournal.com\/index.php\/le-dispositif-danalyse-des-couts-de-production-des-materiaux-de-construction-voit-le-jour\/108555\/","url":"https:\/\/batijournal.com\/index.php\/le-dispositif-danalyse-des-couts-de-production-des-materiaux-de-construction-voit-le-jour\/108555\/","name":"Le dispositif d\u2019analyse des co\u00fbts de production des mat\u00e9riaux de construction voit le jour","isPartOf":{"@id":"https:\/\/batijournal.com\/#website"},"primaryImageOfPage":{"@id":"https:\/\/batijournal.com\/index.php\/le-dispositif-danalyse-des-couts-de-production-des-materiaux-de-construction-voit-le-jour\/108555\/#primaryimage"},"image":{"@id":"https:\/\/batijournal.com\/index.php\/le-dispositif-danalyse-des-couts-de-production-des-materiaux-de-construction-voit-le-jour\/108555\/#primaryimage"},"thumbnailUrl":"https:\/\/batijournal.com\/wp-content\/uploads\/2023\/01\/prix-materiaux-construction-batiment.jpg","datePublished":"2023-01-26T16:54:59+00:00","author":{"@id":"https:\/\/batijournal.com\/#\/schema\/person\/1dc96ec6957aa1ccb25ebe78bb19f100"},"breadcrumb":{"@id":"https:\/\/batijournal.com\/index.php\/le-dispositif-danalyse-des-couts-de-production-des-materiaux-de-construction-voit-le-jour\/108555\/#breadcrumb"},"inLanguage":"fr-FR","potentialAction":[{"@type":"ReadAction","target":["https:\/\/batijournal.com\/index.php\/le-dispositif-danalyse-des-couts-de-production-des-materiaux-de-construction-voit-le-jour\/108555\/"]}]},{"@type":"ImageObject","inLanguage":"fr-FR","@id":"https:\/\/batijournal.com\/index.php\/le-dispositif-danalyse-des-couts-de-production-des-materiaux-de-construction-voit-le-jour\/108555\/#primaryimage","url":"https:\/\/batijournal.com\/wp-content\/uploads\/2023\/01\/prix-materiaux-construction-batiment.jpg","contentUrl":"https:\/\/batijournal.com\/wp-content\/uploads\/2023\/01\/prix-materiaux-construction-batiment.jpg","width":1000,"height":464},{"@type":"BreadcrumbList","@id":"https:\/\/batijournal.com\/index.php\/le-dispositif-danalyse-des-couts-de-production-des-materiaux-de-construction-voit-le-jour\/108555\/#breadcrumb","itemListElement":[{"@type":"ListItem","position":1,"name":"Accueil","item":"https:\/\/batijournal.com\/"},{"@type":"ListItem","position":2,"name":"A la Une","item":"https:\/\/batijournal.com\/index.php\/category\/a-la-une\/"},{"@type":"ListItem","position":3,"name":"Le dispositif d\u2019analyse des co\u00fbts de production des mat\u00e9riaux de construction voit le jour"}]},{"@type":"WebSite","@id":"https:\/\/batijournal.com\/#website","url":"https:\/\/batijournal.com\/","name":"Batijournal","description":"L&#039;actualit\u00e9 du b\u00e2timent","potentialAction":[{"@type":"SearchAction","target":{"@type":"EntryPoint","urlTemplate":"https:\/\/batijournal.com\/?s={search_term_string}"},"query-input":{"@type":"PropertyValueSpecification","valueRequired":true,"valueName":"search_term_string"}}],"inLanguage":"fr-FR"},{"@type":"Person","@id":"https:\/\/batijournal.com\/#\/schema\/person\/1dc96ec6957aa1ccb25ebe78bb19f100","name":"St\u00e9phane Miget","image":{"@type":"ImageObject","inLanguage":"fr-FR","@id":"https:\/\/secure.gravatar.com\/avatar\/89915563d925342126b8ef0281b93d9d7fc337043e8df017f780908eb9644451?s=96&d=mm&r=g","url":"https:\/\/secure.gravatar.com\/avatar\/89915563d925342126b8ef0281b93d9d7fc337043e8df017f780908eb9644451?s=96&d=mm&r=g","contentUrl":"https:\/\/secure.gravatar.com\/avatar\/89915563d925342126b8ef0281b93d9d7fc337043e8df017f780908eb9644451?s=96&d=mm&r=g","caption":"St\u00e9phane Miget"},"url":"https:\/\/batijournal.com\/index.php\/author\/stephane\/"}]}},"_links":{"self":[{"href":"https:\/\/batijournal.com\/index.php\/wp-json\/wp\/v2\/posts\/108555","targetHints":{"allow":["GET"]}}],"collection":[{"href":"https:\/\/batijournal.com\/index.php\/wp-json\/wp\/v2\/posts"}],"about":[{"href":"https:\/\/batijournal.com\/index.php\/wp-json\/wp\/v2\/types\/post"}],"author":[{"embeddable":true,"href":"https:\/\/batijournal.com\/index.php\/wp-json\/wp\/v2\/users\/17"}],"replies":[{"embeddable":true,"href":"https:\/\/batijournal.com\/index.php\/wp-json\/wp\/v2\/comments?post=108555"}],"version-history":[{"count":0,"href":"https:\/\/batijournal.com\/index.php\/wp-json\/wp\/v2\/posts\/108555\/revisions"}],"wp:featuredmedia":[{"embeddable":true,"href":"https:\/\/batijournal.com\/index.php\/wp-json\/wp\/v2\/media\/108556"}],"wp:attachment":[{"href":"https:\/\/batijournal.com\/index.php\/wp-json\/wp\/v2\/media?parent=108555"}],"wp:term":[{"taxonomy":"category","embeddable":true,"href":"https:\/\/batijournal.com\/index.php\/wp-json\/wp\/v2\/categories?post=108555"},{"taxonomy":"post_tag","embeddable":true,"href":"https:\/\/batijournal.com\/index.php\/wp-json\/wp\/v2\/tags?post=108555"}],"curies":[{"name":"wp","href":"https:\/\/api.w.org\/{rel}","templated":true}]}}