{"id":108584,"date":"2023-02-07T12:10:28","date_gmt":"2023-02-07T11:10:28","guid":{"rendered":"https:\/\/batijournal.com\/?p=108584"},"modified":"2023-02-07T12:10:28","modified_gmt":"2023-02-07T11:10:28","slug":"la-fondation-abbe-pierre-pointe-les-insuffisances-de-maprimerenov","status":"publish","type":"post","link":"https:\/\/batijournal.com\/index.php\/la-fondation-abbe-pierre-pointe-les-insuffisances-de-maprimerenov\/108584\/","title":{"rendered":"La Fondation Abb\u00e9 Pierre pointe les insuffisances de MaPrimeR\u00e9nov\u2019"},"content":{"rendered":"<p>La Fondation Abb\u00e9 Pierre vient de publier son 28e rapport sur l&rsquo;\u00e9tat du mal-logement en France. Le constat est alarmant. La facture logement, li\u00e9e \u00e0 trois d\u00e9cennies de hausse des prix \u00e0 l\u2019achat et \u00e0 la location, est encore alourdie par des d\u00e9penses \u00e9nerg\u00e9tiques devenues insoutenables pour de nombreux m\u00e9nages modestes qui doivent r\u00e9guli\u00e8rement choisir entre se chauffer, manger et se soigner convenablement, payer leur loyer.<\/p>\n<p>Principales solutions de long terme face \u00e0 la pr\u00e9carit\u00e9 \u00e9nerg\u00e9tique, les r\u00e9novations \u00e9nerg\u00e9tiques sont nombreuses mais insuffisamment performantes. La Fondation a \u00e9tudi\u00e9 le fonctionnement de MaPrimeR\u00e9nov\u2019. Pour elle le dispositif monte en charge mais reste insuffisant pour favoriser les r\u00e9novations globales. Le succ\u00e8s quantitatif de MaPrimeR\u00e9nov\u2019 cr\u00e9\u00e9e en 2020 \u00e0 la place du cr\u00e9dit d\u2019imp\u00f4t transition \u00e9nerg\u00e9tique (CITE), a beaucoup repos\u00e9 sur la massification de simples \u00ab gestes \u00bb de r\u00e9novation isol\u00e9s : ils concernaient 86 % des 650 000 travaux financ\u00e9s avec MPR en 2021, au d\u00e9triment de la performance \u00e0 long terme que permet une r\u00e9novation globale. Le bar\u00e8me des aides pousse en effet \u00e0 multiplier les simples gestes, malgr\u00e9 une l\u00e9g\u00e8re revalorisation du forfait r\u00e9novation globale en 2023. En revanche, l\u2019aide la plus vertueuse de l\u2019Anah, Habiter Mieux s\u00e9r\u00e9nit\u00e9 (rebaptis\u00e9e MaPrimeR\u00e9nov\u2019 S\u00e9r\u00e9nit\u00e9) r\u00e9serv\u00e9e aux m\u00e9nages modestes pour des bouquets de travaux permettant un gain de performance \u00e9nerg\u00e9tique d\u2019au moins 35 %, avec un accompagnement syst\u00e9matique, continue de stagner autour de 45 000 logements par an.<\/p>\n<p>Sur les 650 000 dossiers MPR en 2021, 68 % concernent des m\u00e9nages modestes et tr\u00e8s modestes. Au cours des neufs premiers mois de 2022, 64 % du montant des primes engag\u00e9es a m\u00eame \u00e9t\u00e9 destin\u00e9 aux m\u00e9nages \u00ab tr\u00e8s modestes \u00bb. Toutefois, bien loin du 10 % de reste \u00e0 charge promis, apr\u00e8s mobilisation de toutes les aides (y compris CEE et aides locales), c\u2019est en moyenne 33 % du montant des travaux qu\u2019il reste \u00e0 payer aux m\u00e9nages tr\u00e8s modestes (52 % pour les m\u00e9nages modestes), d\u2019apr\u00e8s les calculs de France Strat\u00e9gie en 2021. En 2022, le reste-\u00e0-charge serait m\u00eame encore l\u00e9g\u00e8rement accru, en raison de la baisse des certificats d\u2019\u00e9conomies d\u2019\u00e9nergie (CEE). Dans ces conditions, ces m\u00e9nages renoncent \u00e0 mener des travaux ambitieux, ou pour s\u2019attaquer \u00e0 des logements \u00e9nergivores et d\u00e9grad\u00e9s dans le cadre d\u2019op\u00e9rations de r\u00e9novation globales (pouvant afficher des devis de 70 000 euros). Par exemple, Habiter Mieux s\u00e9r\u00e9nit\u00e9 n\u2019apporte qu\u2019une aide maximale de 19 000 euros.<\/p>\n<p>Par ailleurs, la r\u00e9novation b\u00e9n\u00e9ficie toujours trop peu aux copropri\u00e9t\u00e9s. Malgr\u00e9 l\u2019ouverture de MaPrimeRenov\u2019 aux copropri\u00e9t\u00e9s en 2021, un reste \u00e0 charge moyen de 70 % est g\u00e9n\u00e9ralement demand\u00e9 aux m\u00e9nages pr\u00e9caires, une d\u00e9pense impossible \u00e0 couvrir. Dans de nombreux cas, \u00ab MPR copro \u00bb s\u2019av\u00e8re moins g\u00e9n\u00e9reuse pour les copropri\u00e9taires modestes que les aides pr\u00e9c\u00e9dentes, et m\u00eame moins que pour des propri\u00e9taires-occupants ou bailleurs ais\u00e9s en logement individuel. Un constat partag\u00e9 largement, au point que l\u2019Anah a adopt\u00e9 un nouveau bar\u00e8me un peu plus avantageux en d\u00e9cembre 2022.<\/p>\n<p>Le chantier de la lutte contre l\u2019habitat indigne est gigantesque, et ne doit pas \u00eatre n\u00e9glig\u00e9 au profit de la simple lutte contre la pr\u00e9carit\u00e9 \u00e9nerg\u00e9tique. Sur les 600 000 logements potentiellement indignes ou tr\u00e8s d\u00e9grad\u00e9s, seuls 15 000 ont \u00e9t\u00e9 r\u00e9nov\u00e9s en 2021. Ce chiffre est encore bien trop faible au regard des besoins, m\u00eame si l\u2019on constate une hausse de 50 % en deux ans, retrouvant ainsi les niveaux de r\u00e9habilitation d\u2019il y a 10 ans.<\/p>\n<p>&nbsp;<\/p>\n","protected":false},"excerpt":{"rendered":"<p>La Fondation Abb\u00e9 Pierre vient de publier son 28e rapport sur l&rsquo;\u00e9tat du mal-logement en France. Le constat est alarmant. La facture logement, li\u00e9e \u00e0 trois d\u00e9cennies de hausse des prix \u00e0 l\u2019achat et \u00e0 la location, est encore alourdie par des d\u00e9penses \u00e9nerg\u00e9tiques devenues insoutenables pour de nombreux m\u00e9nages modestes qui doivent r\u00e9guli\u00e8rement choisir [&hellip;]<\/p>\n","protected":false},"author":17,"featured_media":108585,"comment_status":"closed","ping_status":"closed","sticky":false,"template":"","format":"standard","meta":{"_et_pb_use_builder":"","_et_pb_old_content":"","_et_gb_content_width":"","footnotes":""},"categories":[10736,10530,6351,10781,10778],"tags":[5200,12942],"class_list":["post-108584","post","type-post","status-publish","format-standard","has-post-thumbnail","hentry","category-a-la-une","category-actualites","category-energie-environnement","category-publications-planete","category-planete","tag-fondation-abbe-pierre","tag-maprimerenov"],"yoast_head":"<!-- This site is optimized with the Yoast SEO plugin v27.4 - https:\/\/yoast.com\/product\/yoast-seo-wordpress\/ -->\n<title>La Fondation Abb\u00e9 Pierre pointe les insuffisances de MaPrimeR\u00e9nov\u2019<\/title>\n<meta name=\"robots\" content=\"index, follow, max-snippet:-1, max-image-preview:large, max-video-preview:-1\" \/>\n<link rel=\"canonical\" href=\"https:\/\/batijournal.com\/index.php\/la-fondation-abbe-pierre-pointe-les-insuffisances-de-maprimerenov\/108584\/\" \/>\n<meta property=\"og:locale\" content=\"fr_FR\" \/>\n<meta property=\"og:type\" content=\"article\" \/>\n<meta property=\"og:title\" content=\"La Fondation Abb\u00e9 Pierre pointe les insuffisances de MaPrimeR\u00e9nov\u2019\" \/>\n<meta property=\"og:description\" content=\"La Fondation Abb\u00e9 Pierre vient de publier son 28e rapport sur l&rsquo;\u00e9tat du mal-logement en France. Le constat est alarmant. La facture logement, li\u00e9e \u00e0 trois d\u00e9cennies de hausse des prix \u00e0 l\u2019achat et \u00e0 la location, est encore alourdie par des d\u00e9penses \u00e9nerg\u00e9tiques devenues insoutenables pour de nombreux m\u00e9nages modestes qui doivent r\u00e9guli\u00e8rement choisir [&hellip;]\" \/>\n<meta property=\"og:url\" content=\"https:\/\/batijournal.com\/index.php\/la-fondation-abbe-pierre-pointe-les-insuffisances-de-maprimerenov\/108584\/\" \/>\n<meta property=\"og:site_name\" content=\"Batijournal\" \/>\n<meta property=\"article:published_time\" content=\"2023-02-07T11:10:28+00:00\" \/>\n<meta property=\"og:image\" content=\"https:\/\/batijournal.com\/wp-content\/uploads\/2023\/02\/rapport-fondation-abbe-pierre-maprimrenov.png\" \/>\n\t<meta property=\"og:image:width\" content=\"1101\" \/>\n\t<meta property=\"og:image:height\" content=\"747\" \/>\n\t<meta property=\"og:image:type\" content=\"image\/png\" \/>\n<meta name=\"author\" content=\"St\u00e9phane Miget\" \/>\n<meta name=\"twitter:card\" content=\"summary_large_image\" \/>\n<meta name=\"twitter:creator\" content=\"@bati_journal\" \/>\n<meta name=\"twitter:site\" content=\"@bati_journal\" \/>\n<meta name=\"twitter:label1\" content=\"\u00c9crit par\" \/>\n\t<meta name=\"twitter:data1\" content=\"St\u00e9phane Miget\" \/>\n\t<meta name=\"twitter:label2\" content=\"Dur\u00e9e de lecture estim\u00e9e\" \/>\n\t<meta name=\"twitter:data2\" content=\"3 minutes\" \/>\n<script type=\"application\/ld+json\" class=\"yoast-schema-graph\">{\"@context\":\"https:\\\/\\\/schema.org\",\"@graph\":[{\"@type\":\"Article\",\"@id\":\"https:\\\/\\\/batijournal.com\\\/index.php\\\/la-fondation-abbe-pierre-pointe-les-insuffisances-de-maprimerenov\\\/108584\\\/#article\",\"isPartOf\":{\"@id\":\"https:\\\/\\\/batijournal.com\\\/index.php\\\/la-fondation-abbe-pierre-pointe-les-insuffisances-de-maprimerenov\\\/108584\\\/\"},\"author\":{\"name\":\"St\u00e9phane Miget\",\"@id\":\"https:\\\/\\\/batijournal.com\\\/#\\\/schema\\\/person\\\/1dc96ec6957aa1ccb25ebe78bb19f100\"},\"headline\":\"La Fondation Abb\u00e9 Pierre pointe les insuffisances de MaPrimeR\u00e9nov\u2019\",\"datePublished\":\"2023-02-07T11:10:28+00:00\",\"mainEntityOfPage\":{\"@id\":\"https:\\\/\\\/batijournal.com\\\/index.php\\\/la-fondation-abbe-pierre-pointe-les-insuffisances-de-maprimerenov\\\/108584\\\/\"},\"wordCount\":628,\"image\":{\"@id\":\"https:\\\/\\\/batijournal.com\\\/index.php\\\/la-fondation-abbe-pierre-pointe-les-insuffisances-de-maprimerenov\\\/108584\\\/#primaryimage\"},\"thumbnailUrl\":\"https:\\\/\\\/batijournal.com\\\/wp-content\\\/uploads\\\/2023\\\/02\\\/rapport-fondation-abbe-pierre-maprimrenov.png\",\"keywords\":[\"Fondation Abb\u00e9 Pierre\",\"MaPrimeRenov\"],\"articleSection\":[\"A la Une\",\"Actualit\u00e9s\",\"\u00c9nergie &amp; Environnement\",\"zz_Actualit\u00e9s - Plan\u00e8te\",\"zz_Plan\u00e8te B\u00e2timent\"],\"inLanguage\":\"fr-FR\"},{\"@type\":\"WebPage\",\"@id\":\"https:\\\/\\\/batijournal.com\\\/index.php\\\/la-fondation-abbe-pierre-pointe-les-insuffisances-de-maprimerenov\\\/108584\\\/\",\"url\":\"https:\\\/\\\/batijournal.com\\\/index.php\\\/la-fondation-abbe-pierre-pointe-les-insuffisances-de-maprimerenov\\\/108584\\\/\",\"name\":\"La Fondation Abb\u00e9 Pierre pointe les insuffisances de MaPrimeR\u00e9nov\u2019\",\"isPartOf\":{\"@id\":\"https:\\\/\\\/batijournal.com\\\/#website\"},\"primaryImageOfPage\":{\"@id\":\"https:\\\/\\\/batijournal.com\\\/index.php\\\/la-fondation-abbe-pierre-pointe-les-insuffisances-de-maprimerenov\\\/108584\\\/#primaryimage\"},\"image\":{\"@id\":\"https:\\\/\\\/batijournal.com\\\/index.php\\\/la-fondation-abbe-pierre-pointe-les-insuffisances-de-maprimerenov\\\/108584\\\/#primaryimage\"},\"thumbnailUrl\":\"https:\\\/\\\/batijournal.com\\\/wp-content\\\/uploads\\\/2023\\\/02\\\/rapport-fondation-abbe-pierre-maprimrenov.png\",\"datePublished\":\"2023-02-07T11:10:28+00:00\",\"author\":{\"@id\":\"https:\\\/\\\/batijournal.com\\\/#\\\/schema\\\/person\\\/1dc96ec6957aa1ccb25ebe78bb19f100\"},\"breadcrumb\":{\"@id\":\"https:\\\/\\\/batijournal.com\\\/index.php\\\/la-fondation-abbe-pierre-pointe-les-insuffisances-de-maprimerenov\\\/108584\\\/#breadcrumb\"},\"inLanguage\":\"fr-FR\",\"potentialAction\":[{\"@type\":\"ReadAction\",\"target\":[\"https:\\\/\\\/batijournal.com\\\/index.php\\\/la-fondation-abbe-pierre-pointe-les-insuffisances-de-maprimerenov\\\/108584\\\/\"]}]},{\"@type\":\"ImageObject\",\"inLanguage\":\"fr-FR\",\"@id\":\"https:\\\/\\\/batijournal.com\\\/index.php\\\/la-fondation-abbe-pierre-pointe-les-insuffisances-de-maprimerenov\\\/108584\\\/#primaryimage\",\"url\":\"https:\\\/\\\/batijournal.com\\\/wp-content\\\/uploads\\\/2023\\\/02\\\/rapport-fondation-abbe-pierre-maprimrenov.png\",\"contentUrl\":\"https:\\\/\\\/batijournal.com\\\/wp-content\\\/uploads\\\/2023\\\/02\\\/rapport-fondation-abbe-pierre-maprimrenov.png\",\"width\":1101,\"height\":747},{\"@type\":\"BreadcrumbList\",\"@id\":\"https:\\\/\\\/batijournal.com\\\/index.php\\\/la-fondation-abbe-pierre-pointe-les-insuffisances-de-maprimerenov\\\/108584\\\/#breadcrumb\",\"itemListElement\":[{\"@type\":\"ListItem\",\"position\":1,\"name\":\"Accueil\",\"item\":\"https:\\\/\\\/batijournal.com\\\/\"},{\"@type\":\"ListItem\",\"position\":2,\"name\":\"A la Une\",\"item\":\"https:\\\/\\\/batijournal.com\\\/index.php\\\/category\\\/a-la-une\\\/\"},{\"@type\":\"ListItem\",\"position\":3,\"name\":\"La Fondation Abb\u00e9 Pierre pointe les insuffisances de MaPrimeR\u00e9nov\u2019\"}]},{\"@type\":\"WebSite\",\"@id\":\"https:\\\/\\\/batijournal.com\\\/#website\",\"url\":\"https:\\\/\\\/batijournal.com\\\/\",\"name\":\"Batijournal\",\"description\":\"L&#039;actualit\u00e9 du b\u00e2timent\",\"potentialAction\":[{\"@type\":\"SearchAction\",\"target\":{\"@type\":\"EntryPoint\",\"urlTemplate\":\"https:\\\/\\\/batijournal.com\\\/?s={search_term_string}\"},\"query-input\":{\"@type\":\"PropertyValueSpecification\",\"valueRequired\":true,\"valueName\":\"search_term_string\"}}],\"inLanguage\":\"fr-FR\"},{\"@type\":\"Person\",\"@id\":\"https:\\\/\\\/batijournal.com\\\/#\\\/schema\\\/person\\\/1dc96ec6957aa1ccb25ebe78bb19f100\",\"name\":\"St\u00e9phane Miget\",\"image\":{\"@type\":\"ImageObject\",\"inLanguage\":\"fr-FR\",\"@id\":\"https:\\\/\\\/secure.gravatar.com\\\/avatar\\\/89915563d925342126b8ef0281b93d9d7fc337043e8df017f780908eb9644451?s=96&d=mm&r=g\",\"url\":\"https:\\\/\\\/secure.gravatar.com\\\/avatar\\\/89915563d925342126b8ef0281b93d9d7fc337043e8df017f780908eb9644451?s=96&d=mm&r=g\",\"contentUrl\":\"https:\\\/\\\/secure.gravatar.com\\\/avatar\\\/89915563d925342126b8ef0281b93d9d7fc337043e8df017f780908eb9644451?s=96&d=mm&r=g\",\"caption\":\"St\u00e9phane Miget\"},\"url\":\"https:\\\/\\\/batijournal.com\\\/index.php\\\/author\\\/stephane\\\/\"}]}<\/script>\n<!-- \/ Yoast SEO plugin. -->","yoast_head_json":{"title":"La Fondation Abb\u00e9 Pierre pointe les insuffisances de MaPrimeR\u00e9nov\u2019","robots":{"index":"index","follow":"follow","max-snippet":"max-snippet:-1","max-image-preview":"max-image-preview:large","max-video-preview":"max-video-preview:-1"},"canonical":"https:\/\/batijournal.com\/index.php\/la-fondation-abbe-pierre-pointe-les-insuffisances-de-maprimerenov\/108584\/","og_locale":"fr_FR","og_type":"article","og_title":"La Fondation Abb\u00e9 Pierre pointe les insuffisances de MaPrimeR\u00e9nov\u2019","og_description":"La Fondation Abb\u00e9 Pierre vient de publier son 28e rapport sur l&rsquo;\u00e9tat du mal-logement en France. Le constat est alarmant. La facture logement, li\u00e9e \u00e0 trois d\u00e9cennies de hausse des prix \u00e0 l\u2019achat et \u00e0 la location, est encore alourdie par des d\u00e9penses \u00e9nerg\u00e9tiques devenues insoutenables pour de nombreux m\u00e9nages modestes qui doivent r\u00e9guli\u00e8rement choisir [&hellip;]","og_url":"https:\/\/batijournal.com\/index.php\/la-fondation-abbe-pierre-pointe-les-insuffisances-de-maprimerenov\/108584\/","og_site_name":"Batijournal","article_published_time":"2023-02-07T11:10:28+00:00","og_image":[{"width":1101,"height":747,"url":"https:\/\/batijournal.com\/wp-content\/uploads\/2023\/02\/rapport-fondation-abbe-pierre-maprimrenov.png","type":"image\/png"}],"author":"St\u00e9phane Miget","twitter_card":"summary_large_image","twitter_creator":"@bati_journal","twitter_site":"@bati_journal","twitter_misc":{"\u00c9crit par":"St\u00e9phane Miget","Dur\u00e9e de lecture estim\u00e9e":"3 minutes"},"schema":{"@context":"https:\/\/schema.org","@graph":[{"@type":"Article","@id":"https:\/\/batijournal.com\/index.php\/la-fondation-abbe-pierre-pointe-les-insuffisances-de-maprimerenov\/108584\/#article","isPartOf":{"@id":"https:\/\/batijournal.com\/index.php\/la-fondation-abbe-pierre-pointe-les-insuffisances-de-maprimerenov\/108584\/"},"author":{"name":"St\u00e9phane Miget","@id":"https:\/\/batijournal.com\/#\/schema\/person\/1dc96ec6957aa1ccb25ebe78bb19f100"},"headline":"La Fondation Abb\u00e9 Pierre pointe les insuffisances de MaPrimeR\u00e9nov\u2019","datePublished":"2023-02-07T11:10:28+00:00","mainEntityOfPage":{"@id":"https:\/\/batijournal.com\/index.php\/la-fondation-abbe-pierre-pointe-les-insuffisances-de-maprimerenov\/108584\/"},"wordCount":628,"image":{"@id":"https:\/\/batijournal.com\/index.php\/la-fondation-abbe-pierre-pointe-les-insuffisances-de-maprimerenov\/108584\/#primaryimage"},"thumbnailUrl":"https:\/\/batijournal.com\/wp-content\/uploads\/2023\/02\/rapport-fondation-abbe-pierre-maprimrenov.png","keywords":["Fondation Abb\u00e9 Pierre","MaPrimeRenov"],"articleSection":["A la Une","Actualit\u00e9s","\u00c9nergie &amp; Environnement","zz_Actualit\u00e9s - Plan\u00e8te","zz_Plan\u00e8te B\u00e2timent"],"inLanguage":"fr-FR"},{"@type":"WebPage","@id":"https:\/\/batijournal.com\/index.php\/la-fondation-abbe-pierre-pointe-les-insuffisances-de-maprimerenov\/108584\/","url":"https:\/\/batijournal.com\/index.php\/la-fondation-abbe-pierre-pointe-les-insuffisances-de-maprimerenov\/108584\/","name":"La Fondation Abb\u00e9 Pierre pointe les insuffisances de MaPrimeR\u00e9nov\u2019","isPartOf":{"@id":"https:\/\/batijournal.com\/#website"},"primaryImageOfPage":{"@id":"https:\/\/batijournal.com\/index.php\/la-fondation-abbe-pierre-pointe-les-insuffisances-de-maprimerenov\/108584\/#primaryimage"},"image":{"@id":"https:\/\/batijournal.com\/index.php\/la-fondation-abbe-pierre-pointe-les-insuffisances-de-maprimerenov\/108584\/#primaryimage"},"thumbnailUrl":"https:\/\/batijournal.com\/wp-content\/uploads\/2023\/02\/rapport-fondation-abbe-pierre-maprimrenov.png","datePublished":"2023-02-07T11:10:28+00:00","author":{"@id":"https:\/\/batijournal.com\/#\/schema\/person\/1dc96ec6957aa1ccb25ebe78bb19f100"},"breadcrumb":{"@id":"https:\/\/batijournal.com\/index.php\/la-fondation-abbe-pierre-pointe-les-insuffisances-de-maprimerenov\/108584\/#breadcrumb"},"inLanguage":"fr-FR","potentialAction":[{"@type":"ReadAction","target":["https:\/\/batijournal.com\/index.php\/la-fondation-abbe-pierre-pointe-les-insuffisances-de-maprimerenov\/108584\/"]}]},{"@type":"ImageObject","inLanguage":"fr-FR","@id":"https:\/\/batijournal.com\/index.php\/la-fondation-abbe-pierre-pointe-les-insuffisances-de-maprimerenov\/108584\/#primaryimage","url":"https:\/\/batijournal.com\/wp-content\/uploads\/2023\/02\/rapport-fondation-abbe-pierre-maprimrenov.png","contentUrl":"https:\/\/batijournal.com\/wp-content\/uploads\/2023\/02\/rapport-fondation-abbe-pierre-maprimrenov.png","width":1101,"height":747},{"@type":"BreadcrumbList","@id":"https:\/\/batijournal.com\/index.php\/la-fondation-abbe-pierre-pointe-les-insuffisances-de-maprimerenov\/108584\/#breadcrumb","itemListElement":[{"@type":"ListItem","position":1,"name":"Accueil","item":"https:\/\/batijournal.com\/"},{"@type":"ListItem","position":2,"name":"A la Une","item":"https:\/\/batijournal.com\/index.php\/category\/a-la-une\/"},{"@type":"ListItem","position":3,"name":"La Fondation Abb\u00e9 Pierre pointe les insuffisances de MaPrimeR\u00e9nov\u2019"}]},{"@type":"WebSite","@id":"https:\/\/batijournal.com\/#website","url":"https:\/\/batijournal.com\/","name":"Batijournal","description":"L&#039;actualit\u00e9 du b\u00e2timent","potentialAction":[{"@type":"SearchAction","target":{"@type":"EntryPoint","urlTemplate":"https:\/\/batijournal.com\/?s={search_term_string}"},"query-input":{"@type":"PropertyValueSpecification","valueRequired":true,"valueName":"search_term_string"}}],"inLanguage":"fr-FR"},{"@type":"Person","@id":"https:\/\/batijournal.com\/#\/schema\/person\/1dc96ec6957aa1ccb25ebe78bb19f100","name":"St\u00e9phane Miget","image":{"@type":"ImageObject","inLanguage":"fr-FR","@id":"https:\/\/secure.gravatar.com\/avatar\/89915563d925342126b8ef0281b93d9d7fc337043e8df017f780908eb9644451?s=96&d=mm&r=g","url":"https:\/\/secure.gravatar.com\/avatar\/89915563d925342126b8ef0281b93d9d7fc337043e8df017f780908eb9644451?s=96&d=mm&r=g","contentUrl":"https:\/\/secure.gravatar.com\/avatar\/89915563d925342126b8ef0281b93d9d7fc337043e8df017f780908eb9644451?s=96&d=mm&r=g","caption":"St\u00e9phane Miget"},"url":"https:\/\/batijournal.com\/index.php\/author\/stephane\/"}]}},"_links":{"self":[{"href":"https:\/\/batijournal.com\/index.php\/wp-json\/wp\/v2\/posts\/108584","targetHints":{"allow":["GET"]}}],"collection":[{"href":"https:\/\/batijournal.com\/index.php\/wp-json\/wp\/v2\/posts"}],"about":[{"href":"https:\/\/batijournal.com\/index.php\/wp-json\/wp\/v2\/types\/post"}],"author":[{"embeddable":true,"href":"https:\/\/batijournal.com\/index.php\/wp-json\/wp\/v2\/users\/17"}],"replies":[{"embeddable":true,"href":"https:\/\/batijournal.com\/index.php\/wp-json\/wp\/v2\/comments?post=108584"}],"version-history":[{"count":0,"href":"https:\/\/batijournal.com\/index.php\/wp-json\/wp\/v2\/posts\/108584\/revisions"}],"wp:featuredmedia":[{"embeddable":true,"href":"https:\/\/batijournal.com\/index.php\/wp-json\/wp\/v2\/media\/108585"}],"wp:attachment":[{"href":"https:\/\/batijournal.com\/index.php\/wp-json\/wp\/v2\/media?parent=108584"}],"wp:term":[{"taxonomy":"category","embeddable":true,"href":"https:\/\/batijournal.com\/index.php\/wp-json\/wp\/v2\/categories?post=108584"},{"taxonomy":"post_tag","embeddable":true,"href":"https:\/\/batijournal.com\/index.php\/wp-json\/wp\/v2\/tags?post=108584"}],"curies":[{"name":"wp","href":"https:\/\/api.w.org\/{rel}","templated":true}]}}