{"id":108601,"date":"2023-02-09T15:11:10","date_gmt":"2023-02-09T14:11:10","guid":{"rendered":"https:\/\/batijournal.com\/?p=108601"},"modified":"2023-02-09T15:11:10","modified_gmt":"2023-02-09T14:11:10","slug":"de-la-couleur-pour-un-hopital-psychiatrique-isole-par-lexterieur","status":"publish","type":"post","link":"https:\/\/batijournal.com\/index.php\/de-la-couleur-pour-un-hopital-psychiatrique-isole-par-lexterieur\/108601\/","title":{"rendered":"De la couleur pour un h\u00f4pital psychiatrique isol\u00e9 par l&rsquo;ext\u00e9rieur"},"content":{"rendered":"<p>\u00c0 Saint-Brieuc (22), un h\u00f4pital psychiatrique offre \u00e0 ses patients et \u00e0 son personnel soignant un b\u00e2timent d\u2019h\u00e9bergement plus confortable et plus gai gr\u00e2ce au syst\u00e8me d\u2019isolation par l\u2019ext\u00e9rieur StoTherm Classic 5 et \u00e0 la mise en couleur con\u00e7ue avec l\u2019aide du service StoDesign. La soci\u00e9t\u00e9 Armor Peinture a \u00e9t\u00e9 s\u00e9lectionn\u00e9e par le ma\u00eetre d&rsquo;ouvrage, la Fondation Saint-Jean de Dieu, pour effectuer l&rsquo;ITE. Baptiste Routier, responsable du bureau d\u2019\u00e9tudes de l\u2019entreprise, a \u00e9tabli son devis en s\u00e9lectionnant des produits Sto, partenaire historique. Le choix s\u2019est port\u00e9 sur un syst\u00e8me \u00e9prouv\u00e9 d\u2019ITE sous enduit : StoTherm Classic 5. L\u2019isolation est assur\u00e9e par des panneaux isolants Top31 de 160 mm d\u2019\u00e9paisseur en polystyr\u00e8ne expans\u00e9 graphit\u00e9 gris de conductivit\u00e9 thermique 0,031 W\/m.K, plus performant que le polystyr\u00e8ne expans\u00e9 blanc (\u03bb = 0,038 W\/m.K). Les panneaux sont cal\u00e9s sur le support en b\u00e9ton \u00e0 l\u2019aide du mortier-colle StoLevell Uni puis fix\u00e9s au moyen de chevilles (H2 195 mm). Des bandes de recoupement coupe-feu horizontales en laine de roche s\u00e9parent les \u00e9tages pour \u00e9viter toute propagation d\u2019incendie par la fa\u00e7ade, conform\u00e9ment \u00e0 l\u2019Instruction Technique 249. Pour \u00e9viter les ponts thermiques, les tableaux des fen\u00eatres sont \u00e9galement isol\u00e9s, avec une \u00e9paisseur de polystyr\u00e8ne de 40 mm. Les fen\u00eatres sont regroup\u00e9es par deux sur la fa\u00e7ade, s\u00e9par\u00e9es par un meneau \u00e0 la forme biseaut\u00e9e. \u00ab Pour respecter cette particularit\u00e9 architecturale, l\u2019isolant a d\u00fb \u00eatre d\u00e9coup\u00e9 en biseau \u00bb, note Baptiste Routier. L\u2019ensemble de l\u2019isolant est ensuite recouvert d\u2019une couche de sous-enduit ignifug\u00e9 StoArmat Classic plus G, dans laquelle est maroufl\u00e9e l\u2019armature Sto-fibre de verre standard. Enfin, l\u2019enduit de finition vient parachever la fa\u00e7ade. Pour assurer la p\u00e9rennit\u00e9 du rev\u00eatement et \u00e9viter son encrassement dans cette r\u00e9gion au climat humide, c\u2019est l\u2019enduit organique \u00e0 base de r\u00e9sine siloxane StoSilco K, blanc \u00e0 l\u2019aspect taloch\u00e9, qui est ici retenu. Les aplats de couleur sont r\u00e9alis\u00e9s en Irtop S D\u00e9cor. Ce rev\u00eatement de finition acrylique lisse, souple et mat, renforc\u00e9 en r\u00e9sine siloxane, a \u00e9t\u00e9 teint\u00e9 dans les six couleurs choisies.<\/p>\n<p>Photo : @Manuel Panaget<\/p>\n<p>&nbsp;<\/p>\n","protected":false},"excerpt":{"rendered":"<p>\u00c0 Saint-Brieuc (22), un h\u00f4pital psychiatrique offre \u00e0 ses patients et \u00e0 son personnel soignant un b\u00e2timent d\u2019h\u00e9bergement plus confortable et plus gai gr\u00e2ce au syst\u00e8me d\u2019isolation par l\u2019ext\u00e9rieur StoTherm Classic 5 et \u00e0 la mise en couleur con\u00e7ue avec l\u2019aide du service StoDesign. La soci\u00e9t\u00e9 Armor Peinture a \u00e9t\u00e9 s\u00e9lectionn\u00e9e par le ma\u00eetre d&rsquo;ouvrage, [&hellip;]<\/p>\n","protected":false},"author":17,"featured_media":108602,"comment_status":"closed","ping_status":"closed","sticky":false,"template":"","format":"standard","meta":{"_et_pb_use_builder":"","_et_pb_old_content":"","_et_gb_content_width":"","footnotes":""},"categories":[10530,6340,10771,10775],"tags":[70],"class_list":["post-108601","post","type-post","status-publish","format-standard","has-post-thumbnail","hentry","category-actualites","category-architecture-conception","category-5facades","category-actualites-5facades","tag-ite"],"yoast_head":"<!-- This site is optimized with the Yoast SEO plugin v27.4 - https:\/\/yoast.com\/product\/yoast-seo-wordpress\/ -->\n<title>De la couleur pour un h\u00f4pital psychiatrique isol\u00e9 par l&#039;ext\u00e9rieur<\/title>\n<meta name=\"robots\" content=\"index, follow, max-snippet:-1, max-image-preview:large, max-video-preview:-1\" \/>\n<link rel=\"canonical\" href=\"https:\/\/batijournal.com\/index.php\/de-la-couleur-pour-un-hopital-psychiatrique-isole-par-lexterieur\/108601\/\" \/>\n<meta property=\"og:locale\" content=\"fr_FR\" \/>\n<meta property=\"og:type\" content=\"article\" \/>\n<meta property=\"og:title\" content=\"De la couleur pour un h\u00f4pital psychiatrique isol\u00e9 par l&#039;ext\u00e9rieur\" \/>\n<meta property=\"og:description\" content=\"\u00c0 Saint-Brieuc (22), un h\u00f4pital psychiatrique offre \u00e0 ses patients et \u00e0 son personnel soignant un b\u00e2timent d\u2019h\u00e9bergement plus confortable et plus gai gr\u00e2ce au syst\u00e8me d\u2019isolation par l\u2019ext\u00e9rieur StoTherm Classic 5 et \u00e0 la mise en couleur con\u00e7ue avec l\u2019aide du service StoDesign. La soci\u00e9t\u00e9 Armor Peinture a \u00e9t\u00e9 s\u00e9lectionn\u00e9e par le ma\u00eetre d&rsquo;ouvrage, [&hellip;]\" \/>\n<meta property=\"og:url\" content=\"https:\/\/batijournal.com\/index.php\/de-la-couleur-pour-un-hopital-psychiatrique-isole-par-lexterieur\/108601\/\" \/>\n<meta property=\"og:site_name\" content=\"Batijournal\" \/>\n<meta property=\"article:published_time\" content=\"2023-02-09T14:11:10+00:00\" \/>\n<meta property=\"og:image\" content=\"https:\/\/batijournal.com\/wp-content\/uploads\/2023\/02\/Sto-Saint-Brieuc-ITE-Hopital.jpg\" \/>\n\t<meta property=\"og:image:width\" content=\"1000\" \/>\n\t<meta property=\"og:image:height\" content=\"667\" \/>\n\t<meta property=\"og:image:type\" content=\"image\/jpeg\" \/>\n<meta name=\"author\" content=\"St\u00e9phane Miget\" \/>\n<meta name=\"twitter:card\" content=\"summary_large_image\" \/>\n<meta name=\"twitter:creator\" content=\"@bati_journal\" \/>\n<meta name=\"twitter:site\" content=\"@bati_journal\" \/>\n<meta name=\"twitter:label1\" content=\"\u00c9crit par\" \/>\n\t<meta name=\"twitter:data1\" content=\"St\u00e9phane Miget\" \/>\n\t<meta name=\"twitter:label2\" content=\"Dur\u00e9e de lecture estim\u00e9e\" \/>\n\t<meta name=\"twitter:data2\" content=\"2 minutes\" \/>\n<script type=\"application\/ld+json\" class=\"yoast-schema-graph\">{\"@context\":\"https:\\\/\\\/schema.org\",\"@graph\":[{\"@type\":\"Article\",\"@id\":\"https:\\\/\\\/batijournal.com\\\/index.php\\\/de-la-couleur-pour-un-hopital-psychiatrique-isole-par-lexterieur\\\/108601\\\/#article\",\"isPartOf\":{\"@id\":\"https:\\\/\\\/batijournal.com\\\/index.php\\\/de-la-couleur-pour-un-hopital-psychiatrique-isole-par-lexterieur\\\/108601\\\/\"},\"author\":{\"name\":\"St\u00e9phane Miget\",\"@id\":\"https:\\\/\\\/batijournal.com\\\/#\\\/schema\\\/person\\\/1dc96ec6957aa1ccb25ebe78bb19f100\"},\"headline\":\"De la couleur pour un h\u00f4pital psychiatrique isol\u00e9 par l&rsquo;ext\u00e9rieur\",\"datePublished\":\"2023-02-09T14:11:10+00:00\",\"mainEntityOfPage\":{\"@id\":\"https:\\\/\\\/batijournal.com\\\/index.php\\\/de-la-couleur-pour-un-hopital-psychiatrique-isole-par-lexterieur\\\/108601\\\/\"},\"wordCount\":396,\"image\":{\"@id\":\"https:\\\/\\\/batijournal.com\\\/index.php\\\/de-la-couleur-pour-un-hopital-psychiatrique-isole-par-lexterieur\\\/108601\\\/#primaryimage\"},\"thumbnailUrl\":\"https:\\\/\\\/batijournal.com\\\/wp-content\\\/uploads\\\/2023\\\/02\\\/Sto-Saint-Brieuc-ITE-Hopital.jpg\",\"keywords\":[\"ITE\"],\"articleSection\":[\"Actualit\u00e9s\",\"Architecture &amp; Conception\",\"zz_5fa\u00e7ades\",\"zz_Actualit\u00e9s - 5fa\u00e7ades\"],\"inLanguage\":\"fr-FR\"},{\"@type\":\"WebPage\",\"@id\":\"https:\\\/\\\/batijournal.com\\\/index.php\\\/de-la-couleur-pour-un-hopital-psychiatrique-isole-par-lexterieur\\\/108601\\\/\",\"url\":\"https:\\\/\\\/batijournal.com\\\/index.php\\\/de-la-couleur-pour-un-hopital-psychiatrique-isole-par-lexterieur\\\/108601\\\/\",\"name\":\"De la couleur pour un h\u00f4pital psychiatrique isol\u00e9 par l'ext\u00e9rieur\",\"isPartOf\":{\"@id\":\"https:\\\/\\\/batijournal.com\\\/#website\"},\"primaryImageOfPage\":{\"@id\":\"https:\\\/\\\/batijournal.com\\\/index.php\\\/de-la-couleur-pour-un-hopital-psychiatrique-isole-par-lexterieur\\\/108601\\\/#primaryimage\"},\"image\":{\"@id\":\"https:\\\/\\\/batijournal.com\\\/index.php\\\/de-la-couleur-pour-un-hopital-psychiatrique-isole-par-lexterieur\\\/108601\\\/#primaryimage\"},\"thumbnailUrl\":\"https:\\\/\\\/batijournal.com\\\/wp-content\\\/uploads\\\/2023\\\/02\\\/Sto-Saint-Brieuc-ITE-Hopital.jpg\",\"datePublished\":\"2023-02-09T14:11:10+00:00\",\"author\":{\"@id\":\"https:\\\/\\\/batijournal.com\\\/#\\\/schema\\\/person\\\/1dc96ec6957aa1ccb25ebe78bb19f100\"},\"breadcrumb\":{\"@id\":\"https:\\\/\\\/batijournal.com\\\/index.php\\\/de-la-couleur-pour-un-hopital-psychiatrique-isole-par-lexterieur\\\/108601\\\/#breadcrumb\"},\"inLanguage\":\"fr-FR\",\"potentialAction\":[{\"@type\":\"ReadAction\",\"target\":[\"https:\\\/\\\/batijournal.com\\\/index.php\\\/de-la-couleur-pour-un-hopital-psychiatrique-isole-par-lexterieur\\\/108601\\\/\"]}]},{\"@type\":\"ImageObject\",\"inLanguage\":\"fr-FR\",\"@id\":\"https:\\\/\\\/batijournal.com\\\/index.php\\\/de-la-couleur-pour-un-hopital-psychiatrique-isole-par-lexterieur\\\/108601\\\/#primaryimage\",\"url\":\"https:\\\/\\\/batijournal.com\\\/wp-content\\\/uploads\\\/2023\\\/02\\\/Sto-Saint-Brieuc-ITE-Hopital.jpg\",\"contentUrl\":\"https:\\\/\\\/batijournal.com\\\/wp-content\\\/uploads\\\/2023\\\/02\\\/Sto-Saint-Brieuc-ITE-Hopital.jpg\",\"width\":1000,\"height\":667},{\"@type\":\"BreadcrumbList\",\"@id\":\"https:\\\/\\\/batijournal.com\\\/index.php\\\/de-la-couleur-pour-un-hopital-psychiatrique-isole-par-lexterieur\\\/108601\\\/#breadcrumb\",\"itemListElement\":[{\"@type\":\"ListItem\",\"position\":1,\"name\":\"Accueil\",\"item\":\"https:\\\/\\\/batijournal.com\\\/\"},{\"@type\":\"ListItem\",\"position\":2,\"name\":\"Actualit\u00e9s\",\"item\":\"https:\\\/\\\/batijournal.com\\\/index.php\\\/category\\\/actualites\\\/\"},{\"@type\":\"ListItem\",\"position\":3,\"name\":\"De la couleur pour un h\u00f4pital psychiatrique isol\u00e9 par l&rsquo;ext\u00e9rieur\"}]},{\"@type\":\"WebSite\",\"@id\":\"https:\\\/\\\/batijournal.com\\\/#website\",\"url\":\"https:\\\/\\\/batijournal.com\\\/\",\"name\":\"Batijournal\",\"description\":\"L&#039;actualit\u00e9 du b\u00e2timent\",\"potentialAction\":[{\"@type\":\"SearchAction\",\"target\":{\"@type\":\"EntryPoint\",\"urlTemplate\":\"https:\\\/\\\/batijournal.com\\\/?s={search_term_string}\"},\"query-input\":{\"@type\":\"PropertyValueSpecification\",\"valueRequired\":true,\"valueName\":\"search_term_string\"}}],\"inLanguage\":\"fr-FR\"},{\"@type\":\"Person\",\"@id\":\"https:\\\/\\\/batijournal.com\\\/#\\\/schema\\\/person\\\/1dc96ec6957aa1ccb25ebe78bb19f100\",\"name\":\"St\u00e9phane Miget\",\"image\":{\"@type\":\"ImageObject\",\"inLanguage\":\"fr-FR\",\"@id\":\"https:\\\/\\\/secure.gravatar.com\\\/avatar\\\/89915563d925342126b8ef0281b93d9d7fc337043e8df017f780908eb9644451?s=96&d=mm&r=g\",\"url\":\"https:\\\/\\\/secure.gravatar.com\\\/avatar\\\/89915563d925342126b8ef0281b93d9d7fc337043e8df017f780908eb9644451?s=96&d=mm&r=g\",\"contentUrl\":\"https:\\\/\\\/secure.gravatar.com\\\/avatar\\\/89915563d925342126b8ef0281b93d9d7fc337043e8df017f780908eb9644451?s=96&d=mm&r=g\",\"caption\":\"St\u00e9phane Miget\"},\"url\":\"https:\\\/\\\/batijournal.com\\\/index.php\\\/author\\\/stephane\\\/\"}]}<\/script>\n<!-- \/ Yoast SEO plugin. -->","yoast_head_json":{"title":"De la couleur pour un h\u00f4pital psychiatrique isol\u00e9 par l'ext\u00e9rieur","robots":{"index":"index","follow":"follow","max-snippet":"max-snippet:-1","max-image-preview":"max-image-preview:large","max-video-preview":"max-video-preview:-1"},"canonical":"https:\/\/batijournal.com\/index.php\/de-la-couleur-pour-un-hopital-psychiatrique-isole-par-lexterieur\/108601\/","og_locale":"fr_FR","og_type":"article","og_title":"De la couleur pour un h\u00f4pital psychiatrique isol\u00e9 par l'ext\u00e9rieur","og_description":"\u00c0 Saint-Brieuc (22), un h\u00f4pital psychiatrique offre \u00e0 ses patients et \u00e0 son personnel soignant un b\u00e2timent d\u2019h\u00e9bergement plus confortable et plus gai gr\u00e2ce au syst\u00e8me d\u2019isolation par l\u2019ext\u00e9rieur StoTherm Classic 5 et \u00e0 la mise en couleur con\u00e7ue avec l\u2019aide du service StoDesign. La soci\u00e9t\u00e9 Armor Peinture a \u00e9t\u00e9 s\u00e9lectionn\u00e9e par le ma\u00eetre d&rsquo;ouvrage, [&hellip;]","og_url":"https:\/\/batijournal.com\/index.php\/de-la-couleur-pour-un-hopital-psychiatrique-isole-par-lexterieur\/108601\/","og_site_name":"Batijournal","article_published_time":"2023-02-09T14:11:10+00:00","og_image":[{"width":1000,"height":667,"url":"https:\/\/batijournal.com\/wp-content\/uploads\/2023\/02\/Sto-Saint-Brieuc-ITE-Hopital.jpg","type":"image\/jpeg"}],"author":"St\u00e9phane Miget","twitter_card":"summary_large_image","twitter_creator":"@bati_journal","twitter_site":"@bati_journal","twitter_misc":{"\u00c9crit par":"St\u00e9phane Miget","Dur\u00e9e de lecture estim\u00e9e":"2 minutes"},"schema":{"@context":"https:\/\/schema.org","@graph":[{"@type":"Article","@id":"https:\/\/batijournal.com\/index.php\/de-la-couleur-pour-un-hopital-psychiatrique-isole-par-lexterieur\/108601\/#article","isPartOf":{"@id":"https:\/\/batijournal.com\/index.php\/de-la-couleur-pour-un-hopital-psychiatrique-isole-par-lexterieur\/108601\/"},"author":{"name":"St\u00e9phane Miget","@id":"https:\/\/batijournal.com\/#\/schema\/person\/1dc96ec6957aa1ccb25ebe78bb19f100"},"headline":"De la couleur pour un h\u00f4pital psychiatrique isol\u00e9 par l&rsquo;ext\u00e9rieur","datePublished":"2023-02-09T14:11:10+00:00","mainEntityOfPage":{"@id":"https:\/\/batijournal.com\/index.php\/de-la-couleur-pour-un-hopital-psychiatrique-isole-par-lexterieur\/108601\/"},"wordCount":396,"image":{"@id":"https:\/\/batijournal.com\/index.php\/de-la-couleur-pour-un-hopital-psychiatrique-isole-par-lexterieur\/108601\/#primaryimage"},"thumbnailUrl":"https:\/\/batijournal.com\/wp-content\/uploads\/2023\/02\/Sto-Saint-Brieuc-ITE-Hopital.jpg","keywords":["ITE"],"articleSection":["Actualit\u00e9s","Architecture &amp; Conception","zz_5fa\u00e7ades","zz_Actualit\u00e9s - 5fa\u00e7ades"],"inLanguage":"fr-FR"},{"@type":"WebPage","@id":"https:\/\/batijournal.com\/index.php\/de-la-couleur-pour-un-hopital-psychiatrique-isole-par-lexterieur\/108601\/","url":"https:\/\/batijournal.com\/index.php\/de-la-couleur-pour-un-hopital-psychiatrique-isole-par-lexterieur\/108601\/","name":"De la couleur pour un h\u00f4pital psychiatrique isol\u00e9 par l'ext\u00e9rieur","isPartOf":{"@id":"https:\/\/batijournal.com\/#website"},"primaryImageOfPage":{"@id":"https:\/\/batijournal.com\/index.php\/de-la-couleur-pour-un-hopital-psychiatrique-isole-par-lexterieur\/108601\/#primaryimage"},"image":{"@id":"https:\/\/batijournal.com\/index.php\/de-la-couleur-pour-un-hopital-psychiatrique-isole-par-lexterieur\/108601\/#primaryimage"},"thumbnailUrl":"https:\/\/batijournal.com\/wp-content\/uploads\/2023\/02\/Sto-Saint-Brieuc-ITE-Hopital.jpg","datePublished":"2023-02-09T14:11:10+00:00","author":{"@id":"https:\/\/batijournal.com\/#\/schema\/person\/1dc96ec6957aa1ccb25ebe78bb19f100"},"breadcrumb":{"@id":"https:\/\/batijournal.com\/index.php\/de-la-couleur-pour-un-hopital-psychiatrique-isole-par-lexterieur\/108601\/#breadcrumb"},"inLanguage":"fr-FR","potentialAction":[{"@type":"ReadAction","target":["https:\/\/batijournal.com\/index.php\/de-la-couleur-pour-un-hopital-psychiatrique-isole-par-lexterieur\/108601\/"]}]},{"@type":"ImageObject","inLanguage":"fr-FR","@id":"https:\/\/batijournal.com\/index.php\/de-la-couleur-pour-un-hopital-psychiatrique-isole-par-lexterieur\/108601\/#primaryimage","url":"https:\/\/batijournal.com\/wp-content\/uploads\/2023\/02\/Sto-Saint-Brieuc-ITE-Hopital.jpg","contentUrl":"https:\/\/batijournal.com\/wp-content\/uploads\/2023\/02\/Sto-Saint-Brieuc-ITE-Hopital.jpg","width":1000,"height":667},{"@type":"BreadcrumbList","@id":"https:\/\/batijournal.com\/index.php\/de-la-couleur-pour-un-hopital-psychiatrique-isole-par-lexterieur\/108601\/#breadcrumb","itemListElement":[{"@type":"ListItem","position":1,"name":"Accueil","item":"https:\/\/batijournal.com\/"},{"@type":"ListItem","position":2,"name":"Actualit\u00e9s","item":"https:\/\/batijournal.com\/index.php\/category\/actualites\/"},{"@type":"ListItem","position":3,"name":"De la couleur pour un h\u00f4pital psychiatrique isol\u00e9 par l&rsquo;ext\u00e9rieur"}]},{"@type":"WebSite","@id":"https:\/\/batijournal.com\/#website","url":"https:\/\/batijournal.com\/","name":"Batijournal","description":"L&#039;actualit\u00e9 du b\u00e2timent","potentialAction":[{"@type":"SearchAction","target":{"@type":"EntryPoint","urlTemplate":"https:\/\/batijournal.com\/?s={search_term_string}"},"query-input":{"@type":"PropertyValueSpecification","valueRequired":true,"valueName":"search_term_string"}}],"inLanguage":"fr-FR"},{"@type":"Person","@id":"https:\/\/batijournal.com\/#\/schema\/person\/1dc96ec6957aa1ccb25ebe78bb19f100","name":"St\u00e9phane Miget","image":{"@type":"ImageObject","inLanguage":"fr-FR","@id":"https:\/\/secure.gravatar.com\/avatar\/89915563d925342126b8ef0281b93d9d7fc337043e8df017f780908eb9644451?s=96&d=mm&r=g","url":"https:\/\/secure.gravatar.com\/avatar\/89915563d925342126b8ef0281b93d9d7fc337043e8df017f780908eb9644451?s=96&d=mm&r=g","contentUrl":"https:\/\/secure.gravatar.com\/avatar\/89915563d925342126b8ef0281b93d9d7fc337043e8df017f780908eb9644451?s=96&d=mm&r=g","caption":"St\u00e9phane Miget"},"url":"https:\/\/batijournal.com\/index.php\/author\/stephane\/"}]}},"_links":{"self":[{"href":"https:\/\/batijournal.com\/index.php\/wp-json\/wp\/v2\/posts\/108601","targetHints":{"allow":["GET"]}}],"collection":[{"href":"https:\/\/batijournal.com\/index.php\/wp-json\/wp\/v2\/posts"}],"about":[{"href":"https:\/\/batijournal.com\/index.php\/wp-json\/wp\/v2\/types\/post"}],"author":[{"embeddable":true,"href":"https:\/\/batijournal.com\/index.php\/wp-json\/wp\/v2\/users\/17"}],"replies":[{"embeddable":true,"href":"https:\/\/batijournal.com\/index.php\/wp-json\/wp\/v2\/comments?post=108601"}],"version-history":[{"count":0,"href":"https:\/\/batijournal.com\/index.php\/wp-json\/wp\/v2\/posts\/108601\/revisions"}],"wp:featuredmedia":[{"embeddable":true,"href":"https:\/\/batijournal.com\/index.php\/wp-json\/wp\/v2\/media\/108602"}],"wp:attachment":[{"href":"https:\/\/batijournal.com\/index.php\/wp-json\/wp\/v2\/media?parent=108601"}],"wp:term":[{"taxonomy":"category","embeddable":true,"href":"https:\/\/batijournal.com\/index.php\/wp-json\/wp\/v2\/categories?post=108601"},{"taxonomy":"post_tag","embeddable":true,"href":"https:\/\/batijournal.com\/index.php\/wp-json\/wp\/v2\/tags?post=108601"}],"curies":[{"name":"wp","href":"https:\/\/api.w.org\/{rel}","templated":true}]}}