{"id":108608,"date":"2023-02-10T18:34:42","date_gmt":"2023-02-10T17:34:42","guid":{"rendered":"https:\/\/batijournal.com\/?p=108608"},"modified":"2023-02-10T18:34:42","modified_gmt":"2023-02-10T17:34:42","slug":"larchitecture-sort-du-bois","status":"publish","type":"post","link":"https:\/\/batijournal.com\/index.php\/larchitecture-sort-du-bois\/108608\/","title":{"rendered":"L&rsquo;architecture sort du bois"},"content":{"rendered":"<p>La 10\u00e8me conf\u00e9rence du cycle de L&rsquo;architecture sort du bois organis\u00e9e par La Maison de l\u2019architecture \u00cele-de-France, Fibois \u00cele-de-France et l\u2019UICB, se tiendra le mercredi 15 mars 2023 de 18h30 \u00e0 21h30 et portera sur le th\u00e8me \u00ab\u00a0L&rsquo;apprentissage et la formation dans la fili\u00e8re de la construction bois. Elle sera organis\u00e9e autour de tables rondes :<br \/>\n&#8211; Formation aux m\u00e9tiers de la construction bois, \u00e9tat des lieux et enjeux<br \/>\n&#8211; Pr\u00e9sentation du Concours Archi&rsquo;bois<br \/>\n&#8211; Formation des architectes \u00e0 la construction bois<br \/>\nCette conf\u00e9rence sera pr\u00e9c\u00e9d\u00e9e par un forum de l&rsquo;apprentissage et la formation, de 14h \u00e0 17h. Entr\u00e9e libre et gratuite<\/p>\n<p><a href=\"https:\/\/www.helloasso.com\/associations\/fibois-ile-de-france\/evenements\/l-architecture-sort-du-bois-9-apprentissage-et-formations-construction-bois-2?_ga=2.176506085.196287717.1671459961-1600898198.1646660618\">Lien<\/a><\/p>\n<p>&nbsp;<\/p>\n","protected":false},"excerpt":{"rendered":"<p>La 10\u00e8me conf\u00e9rence du cycle de L&rsquo;architecture sort du bois organis\u00e9e par La Maison de l\u2019architecture \u00cele-de-France, Fibois \u00cele-de-France et l\u2019UICB, se tiendra le mercredi 15 mars 2023 de 18h30 \u00e0 21h30 et portera sur le th\u00e8me \u00ab\u00a0L&rsquo;apprentissage et la formation dans la fili\u00e8re de la construction bois. Elle sera organis\u00e9e autour de tables rondes [&hellip;]<\/p>\n","protected":false},"author":17,"featured_media":108609,"comment_status":"closed","ping_status":"closed","sticky":false,"template":"","format":"standard","meta":{"_et_pb_use_builder":"","_et_pb_old_content":"","_et_gb_content_width":"","footnotes":""},"categories":[10530,6340,10769,10764],"tags":[12901],"class_list":["post-108608","post","type-post","status-publish","format-standard","has-post-thumbnail","hentry","category-actualites","category-architecture-conception","category-publications","category-woodsurfer","tag-architecture"],"yoast_head":"<!-- This site is optimized with the Yoast SEO plugin v27.4 - https:\/\/yoast.com\/product\/yoast-seo-wordpress\/ -->\n<title>L&#039;architecture sort du bois<\/title>\n<meta name=\"robots\" content=\"index, follow, max-snippet:-1, max-image-preview:large, max-video-preview:-1\" \/>\n<link rel=\"canonical\" href=\"https:\/\/batijournal.com\/index.php\/larchitecture-sort-du-bois\/108608\/\" \/>\n<meta property=\"og:locale\" content=\"fr_FR\" \/>\n<meta property=\"og:type\" content=\"article\" \/>\n<meta property=\"og:title\" content=\"L&#039;architecture sort du bois\" \/>\n<meta property=\"og:description\" content=\"La 10\u00e8me conf\u00e9rence du cycle de L&rsquo;architecture sort du bois organis\u00e9e par La Maison de l\u2019architecture \u00cele-de-France, Fibois \u00cele-de-France et l\u2019UICB, se tiendra le mercredi 15 mars 2023 de 18h30 \u00e0 21h30 et portera sur le th\u00e8me \u00ab\u00a0L&rsquo;apprentissage et la formation dans la fili\u00e8re de la construction bois. Elle sera organis\u00e9e autour de tables rondes [&hellip;]\" \/>\n<meta property=\"og:url\" content=\"https:\/\/batijournal.com\/index.php\/larchitecture-sort-du-bois\/108608\/\" \/>\n<meta property=\"og:site_name\" content=\"Batijournal\" \/>\n<meta property=\"article:published_time\" content=\"2023-02-10T17:34:42+00:00\" \/>\n<meta property=\"og:image\" content=\"https:\/\/batijournal.com\/wp-content\/uploads\/2023\/02\/conference-fibois-idf-architecture-sort-du-bois.png\" \/>\n\t<meta property=\"og:image:width\" content=\"595\" \/>\n\t<meta property=\"og:image:height\" content=\"492\" \/>\n\t<meta property=\"og:image:type\" content=\"image\/png\" \/>\n<meta name=\"author\" content=\"St\u00e9phane Miget\" \/>\n<meta name=\"twitter:card\" content=\"summary_large_image\" \/>\n<meta name=\"twitter:creator\" content=\"@bati_journal\" \/>\n<meta name=\"twitter:site\" content=\"@bati_journal\" \/>\n<meta name=\"twitter:label1\" content=\"\u00c9crit par\" \/>\n\t<meta name=\"twitter:data1\" content=\"St\u00e9phane Miget\" \/>\n\t<meta name=\"twitter:label2\" content=\"Dur\u00e9e de lecture estim\u00e9e\" \/>\n\t<meta name=\"twitter:data2\" content=\"1 minute\" \/>\n<script type=\"application\/ld+json\" class=\"yoast-schema-graph\">{\"@context\":\"https:\\\/\\\/schema.org\",\"@graph\":[{\"@type\":\"Article\",\"@id\":\"https:\\\/\\\/batijournal.com\\\/index.php\\\/larchitecture-sort-du-bois\\\/108608\\\/#article\",\"isPartOf\":{\"@id\":\"https:\\\/\\\/batijournal.com\\\/index.php\\\/larchitecture-sort-du-bois\\\/108608\\\/\"},\"author\":{\"name\":\"St\u00e9phane Miget\",\"@id\":\"https:\\\/\\\/batijournal.com\\\/#\\\/schema\\\/person\\\/1dc96ec6957aa1ccb25ebe78bb19f100\"},\"headline\":\"L&rsquo;architecture sort du bois\",\"datePublished\":\"2023-02-10T17:34:42+00:00\",\"mainEntityOfPage\":{\"@id\":\"https:\\\/\\\/batijournal.com\\\/index.php\\\/larchitecture-sort-du-bois\\\/108608\\\/\"},\"wordCount\":121,\"image\":{\"@id\":\"https:\\\/\\\/batijournal.com\\\/index.php\\\/larchitecture-sort-du-bois\\\/108608\\\/#primaryimage\"},\"thumbnailUrl\":\"https:\\\/\\\/batijournal.com\\\/wp-content\\\/uploads\\\/2023\\\/02\\\/conference-fibois-idf-architecture-sort-du-bois.png\",\"keywords\":[\"architecture\"],\"articleSection\":[\"Actualit\u00e9s\",\"Architecture &amp; Conception\",\"zz_Actualit\u00e9s - Woodsurfer\",\"zz_Woodsurfer\"],\"inLanguage\":\"fr-FR\"},{\"@type\":\"WebPage\",\"@id\":\"https:\\\/\\\/batijournal.com\\\/index.php\\\/larchitecture-sort-du-bois\\\/108608\\\/\",\"url\":\"https:\\\/\\\/batijournal.com\\\/index.php\\\/larchitecture-sort-du-bois\\\/108608\\\/\",\"name\":\"L'architecture sort du bois\",\"isPartOf\":{\"@id\":\"https:\\\/\\\/batijournal.com\\\/#website\"},\"primaryImageOfPage\":{\"@id\":\"https:\\\/\\\/batijournal.com\\\/index.php\\\/larchitecture-sort-du-bois\\\/108608\\\/#primaryimage\"},\"image\":{\"@id\":\"https:\\\/\\\/batijournal.com\\\/index.php\\\/larchitecture-sort-du-bois\\\/108608\\\/#primaryimage\"},\"thumbnailUrl\":\"https:\\\/\\\/batijournal.com\\\/wp-content\\\/uploads\\\/2023\\\/02\\\/conference-fibois-idf-architecture-sort-du-bois.png\",\"datePublished\":\"2023-02-10T17:34:42+00:00\",\"author\":{\"@id\":\"https:\\\/\\\/batijournal.com\\\/#\\\/schema\\\/person\\\/1dc96ec6957aa1ccb25ebe78bb19f100\"},\"breadcrumb\":{\"@id\":\"https:\\\/\\\/batijournal.com\\\/index.php\\\/larchitecture-sort-du-bois\\\/108608\\\/#breadcrumb\"},\"inLanguage\":\"fr-FR\",\"potentialAction\":[{\"@type\":\"ReadAction\",\"target\":[\"https:\\\/\\\/batijournal.com\\\/index.php\\\/larchitecture-sort-du-bois\\\/108608\\\/\"]}]},{\"@type\":\"ImageObject\",\"inLanguage\":\"fr-FR\",\"@id\":\"https:\\\/\\\/batijournal.com\\\/index.php\\\/larchitecture-sort-du-bois\\\/108608\\\/#primaryimage\",\"url\":\"https:\\\/\\\/batijournal.com\\\/wp-content\\\/uploads\\\/2023\\\/02\\\/conference-fibois-idf-architecture-sort-du-bois.png\",\"contentUrl\":\"https:\\\/\\\/batijournal.com\\\/wp-content\\\/uploads\\\/2023\\\/02\\\/conference-fibois-idf-architecture-sort-du-bois.png\",\"width\":595,\"height\":492},{\"@type\":\"BreadcrumbList\",\"@id\":\"https:\\\/\\\/batijournal.com\\\/index.php\\\/larchitecture-sort-du-bois\\\/108608\\\/#breadcrumb\",\"itemListElement\":[{\"@type\":\"ListItem\",\"position\":1,\"name\":\"Accueil\",\"item\":\"https:\\\/\\\/batijournal.com\\\/\"},{\"@type\":\"ListItem\",\"position\":2,\"name\":\"Actualit\u00e9s\",\"item\":\"https:\\\/\\\/batijournal.com\\\/index.php\\\/category\\\/actualites\\\/\"},{\"@type\":\"ListItem\",\"position\":3,\"name\":\"L&rsquo;architecture sort du bois\"}]},{\"@type\":\"WebSite\",\"@id\":\"https:\\\/\\\/batijournal.com\\\/#website\",\"url\":\"https:\\\/\\\/batijournal.com\\\/\",\"name\":\"Batijournal\",\"description\":\"L&#039;actualit\u00e9 du b\u00e2timent\",\"potentialAction\":[{\"@type\":\"SearchAction\",\"target\":{\"@type\":\"EntryPoint\",\"urlTemplate\":\"https:\\\/\\\/batijournal.com\\\/?s={search_term_string}\"},\"query-input\":{\"@type\":\"PropertyValueSpecification\",\"valueRequired\":true,\"valueName\":\"search_term_string\"}}],\"inLanguage\":\"fr-FR\"},{\"@type\":\"Person\",\"@id\":\"https:\\\/\\\/batijournal.com\\\/#\\\/schema\\\/person\\\/1dc96ec6957aa1ccb25ebe78bb19f100\",\"name\":\"St\u00e9phane Miget\",\"image\":{\"@type\":\"ImageObject\",\"inLanguage\":\"fr-FR\",\"@id\":\"https:\\\/\\\/secure.gravatar.com\\\/avatar\\\/89915563d925342126b8ef0281b93d9d7fc337043e8df017f780908eb9644451?s=96&d=mm&r=g\",\"url\":\"https:\\\/\\\/secure.gravatar.com\\\/avatar\\\/89915563d925342126b8ef0281b93d9d7fc337043e8df017f780908eb9644451?s=96&d=mm&r=g\",\"contentUrl\":\"https:\\\/\\\/secure.gravatar.com\\\/avatar\\\/89915563d925342126b8ef0281b93d9d7fc337043e8df017f780908eb9644451?s=96&d=mm&r=g\",\"caption\":\"St\u00e9phane Miget\"},\"url\":\"https:\\\/\\\/batijournal.com\\\/index.php\\\/author\\\/stephane\\\/\"}]}<\/script>\n<!-- \/ Yoast SEO plugin. -->","yoast_head_json":{"title":"L'architecture sort du bois","robots":{"index":"index","follow":"follow","max-snippet":"max-snippet:-1","max-image-preview":"max-image-preview:large","max-video-preview":"max-video-preview:-1"},"canonical":"https:\/\/batijournal.com\/index.php\/larchitecture-sort-du-bois\/108608\/","og_locale":"fr_FR","og_type":"article","og_title":"L'architecture sort du bois","og_description":"La 10\u00e8me conf\u00e9rence du cycle de L&rsquo;architecture sort du bois organis\u00e9e par La Maison de l\u2019architecture \u00cele-de-France, Fibois \u00cele-de-France et l\u2019UICB, se tiendra le mercredi 15 mars 2023 de 18h30 \u00e0 21h30 et portera sur le th\u00e8me \u00ab\u00a0L&rsquo;apprentissage et la formation dans la fili\u00e8re de la construction bois. Elle sera organis\u00e9e autour de tables rondes [&hellip;]","og_url":"https:\/\/batijournal.com\/index.php\/larchitecture-sort-du-bois\/108608\/","og_site_name":"Batijournal","article_published_time":"2023-02-10T17:34:42+00:00","og_image":[{"width":595,"height":492,"url":"https:\/\/batijournal.com\/wp-content\/uploads\/2023\/02\/conference-fibois-idf-architecture-sort-du-bois.png","type":"image\/png"}],"author":"St\u00e9phane Miget","twitter_card":"summary_large_image","twitter_creator":"@bati_journal","twitter_site":"@bati_journal","twitter_misc":{"\u00c9crit par":"St\u00e9phane Miget","Dur\u00e9e de lecture estim\u00e9e":"1 minute"},"schema":{"@context":"https:\/\/schema.org","@graph":[{"@type":"Article","@id":"https:\/\/batijournal.com\/index.php\/larchitecture-sort-du-bois\/108608\/#article","isPartOf":{"@id":"https:\/\/batijournal.com\/index.php\/larchitecture-sort-du-bois\/108608\/"},"author":{"name":"St\u00e9phane Miget","@id":"https:\/\/batijournal.com\/#\/schema\/person\/1dc96ec6957aa1ccb25ebe78bb19f100"},"headline":"L&rsquo;architecture sort du bois","datePublished":"2023-02-10T17:34:42+00:00","mainEntityOfPage":{"@id":"https:\/\/batijournal.com\/index.php\/larchitecture-sort-du-bois\/108608\/"},"wordCount":121,"image":{"@id":"https:\/\/batijournal.com\/index.php\/larchitecture-sort-du-bois\/108608\/#primaryimage"},"thumbnailUrl":"https:\/\/batijournal.com\/wp-content\/uploads\/2023\/02\/conference-fibois-idf-architecture-sort-du-bois.png","keywords":["architecture"],"articleSection":["Actualit\u00e9s","Architecture &amp; Conception","zz_Actualit\u00e9s - Woodsurfer","zz_Woodsurfer"],"inLanguage":"fr-FR"},{"@type":"WebPage","@id":"https:\/\/batijournal.com\/index.php\/larchitecture-sort-du-bois\/108608\/","url":"https:\/\/batijournal.com\/index.php\/larchitecture-sort-du-bois\/108608\/","name":"L'architecture sort du bois","isPartOf":{"@id":"https:\/\/batijournal.com\/#website"},"primaryImageOfPage":{"@id":"https:\/\/batijournal.com\/index.php\/larchitecture-sort-du-bois\/108608\/#primaryimage"},"image":{"@id":"https:\/\/batijournal.com\/index.php\/larchitecture-sort-du-bois\/108608\/#primaryimage"},"thumbnailUrl":"https:\/\/batijournal.com\/wp-content\/uploads\/2023\/02\/conference-fibois-idf-architecture-sort-du-bois.png","datePublished":"2023-02-10T17:34:42+00:00","author":{"@id":"https:\/\/batijournal.com\/#\/schema\/person\/1dc96ec6957aa1ccb25ebe78bb19f100"},"breadcrumb":{"@id":"https:\/\/batijournal.com\/index.php\/larchitecture-sort-du-bois\/108608\/#breadcrumb"},"inLanguage":"fr-FR","potentialAction":[{"@type":"ReadAction","target":["https:\/\/batijournal.com\/index.php\/larchitecture-sort-du-bois\/108608\/"]}]},{"@type":"ImageObject","inLanguage":"fr-FR","@id":"https:\/\/batijournal.com\/index.php\/larchitecture-sort-du-bois\/108608\/#primaryimage","url":"https:\/\/batijournal.com\/wp-content\/uploads\/2023\/02\/conference-fibois-idf-architecture-sort-du-bois.png","contentUrl":"https:\/\/batijournal.com\/wp-content\/uploads\/2023\/02\/conference-fibois-idf-architecture-sort-du-bois.png","width":595,"height":492},{"@type":"BreadcrumbList","@id":"https:\/\/batijournal.com\/index.php\/larchitecture-sort-du-bois\/108608\/#breadcrumb","itemListElement":[{"@type":"ListItem","position":1,"name":"Accueil","item":"https:\/\/batijournal.com\/"},{"@type":"ListItem","position":2,"name":"Actualit\u00e9s","item":"https:\/\/batijournal.com\/index.php\/category\/actualites\/"},{"@type":"ListItem","position":3,"name":"L&rsquo;architecture sort du bois"}]},{"@type":"WebSite","@id":"https:\/\/batijournal.com\/#website","url":"https:\/\/batijournal.com\/","name":"Batijournal","description":"L&#039;actualit\u00e9 du b\u00e2timent","potentialAction":[{"@type":"SearchAction","target":{"@type":"EntryPoint","urlTemplate":"https:\/\/batijournal.com\/?s={search_term_string}"},"query-input":{"@type":"PropertyValueSpecification","valueRequired":true,"valueName":"search_term_string"}}],"inLanguage":"fr-FR"},{"@type":"Person","@id":"https:\/\/batijournal.com\/#\/schema\/person\/1dc96ec6957aa1ccb25ebe78bb19f100","name":"St\u00e9phane Miget","image":{"@type":"ImageObject","inLanguage":"fr-FR","@id":"https:\/\/secure.gravatar.com\/avatar\/89915563d925342126b8ef0281b93d9d7fc337043e8df017f780908eb9644451?s=96&d=mm&r=g","url":"https:\/\/secure.gravatar.com\/avatar\/89915563d925342126b8ef0281b93d9d7fc337043e8df017f780908eb9644451?s=96&d=mm&r=g","contentUrl":"https:\/\/secure.gravatar.com\/avatar\/89915563d925342126b8ef0281b93d9d7fc337043e8df017f780908eb9644451?s=96&d=mm&r=g","caption":"St\u00e9phane Miget"},"url":"https:\/\/batijournal.com\/index.php\/author\/stephane\/"}]}},"_links":{"self":[{"href":"https:\/\/batijournal.com\/index.php\/wp-json\/wp\/v2\/posts\/108608","targetHints":{"allow":["GET"]}}],"collection":[{"href":"https:\/\/batijournal.com\/index.php\/wp-json\/wp\/v2\/posts"}],"about":[{"href":"https:\/\/batijournal.com\/index.php\/wp-json\/wp\/v2\/types\/post"}],"author":[{"embeddable":true,"href":"https:\/\/batijournal.com\/index.php\/wp-json\/wp\/v2\/users\/17"}],"replies":[{"embeddable":true,"href":"https:\/\/batijournal.com\/index.php\/wp-json\/wp\/v2\/comments?post=108608"}],"version-history":[{"count":0,"href":"https:\/\/batijournal.com\/index.php\/wp-json\/wp\/v2\/posts\/108608\/revisions"}],"wp:featuredmedia":[{"embeddable":true,"href":"https:\/\/batijournal.com\/index.php\/wp-json\/wp\/v2\/media\/108609"}],"wp:attachment":[{"href":"https:\/\/batijournal.com\/index.php\/wp-json\/wp\/v2\/media?parent=108608"}],"wp:term":[{"taxonomy":"category","embeddable":true,"href":"https:\/\/batijournal.com\/index.php\/wp-json\/wp\/v2\/categories?post=108608"},{"taxonomy":"post_tag","embeddable":true,"href":"https:\/\/batijournal.com\/index.php\/wp-json\/wp\/v2\/tags?post=108608"}],"curies":[{"name":"wp","href":"https:\/\/api.w.org\/{rel}","templated":true}]}}