{"id":108613,"date":"2023-02-11T07:00:19","date_gmt":"2023-02-11T06:00:19","guid":{"rendered":"https:\/\/batijournal.com\/?p=108613"},"modified":"2023-02-11T07:00:19","modified_gmt":"2023-02-11T06:00:19","slug":"les-defis-du-bois-version-3-0","status":"publish","type":"post","link":"https:\/\/batijournal.com\/index.php\/les-defis-du-bois-version-3-0\/108613\/","title":{"rendered":"Les D\u00e9fis du Bois version 3.0"},"content":{"rendered":"<p>Apr\u00e8s 11 ans d\u2019archi-structures, les D\u00e9fis du Bois proposent depuis 9 ans une nouvelle approche pour cette aventure p\u00e9dagogique, technique et humaine. Il s\u2019agit de s\u2019int\u00e9resser aux micro-architectures, des structures prototypes, pour \u00eatre po\u00e9tique, humain et durable. Construire avec des ressources qui s\u2019affaiblissent, anticiper les cons\u00e9quences d\u2019un d\u00e9r\u00e8glement climatique qui modifiera notre environnement, consid\u00e9rer la rapidit\u00e9 du d\u00e9veloppement des technologies du num\u00e9rique sur nos modes de vie. Par exemple, les 10 loges sylvestres, contruites en 2022, pour la commune de Fontenoy-le-Ch\u00e2teau, vont abriter les randonneurs, dans le cadre du projet For\u00eat d\u2019Exception Darney-La V\u00f4ge. L\u2019ENSTIB, l\u2019ENSarchitecture de Nancy et les Compagnons du Devoir et du Tour de France travaillent \u00e0 anticiper les \u00e9volutions impactant les enseignements et font progresser leurs disciplines dans un contexte territorial porteur \u00e9largi. Les \u00e9tudiants b\u00e9n\u00e9ficie d\u00e8s le lancement du projet en ce d\u00e9but 2023 de plateformes collaboratives, o\u00f9 ils peuvent d\u00e9poser leurs travaux et b\u00e9n\u00e9ficier d\u2019un suivi automatique (proche d\u2019un BIM). Cette ann\u00e9e, ils viennent, entre autres, du Master 2 G\u00e9nie Civil parcours Architecture Bois Construction (Master ABC) cohabilit\u00e9 par l\u2019ENSTIB et l\u2019Ecole d\u2019Architecture de Nancy, de l\u2019Universit\u00e9 de Mons en Belgique et de l\u2019Universit\u00e9 HTW de Sarrebr\u00fcck en Allemagne. \u00c0 ces architectes et \u00e9l\u00e8ves ing\u00e9nieurs, s\u2019ajoutent les Compagnons du Devoir. Ils sont r\u00e9partis par tirage au sort en 10 groupes interdisciplinaires d\u00e8s le d\u00e9but de cette ann\u00e9e 2023, pour mettre \u00e0 profit une p\u00e9riode de pr\u00e9paration \u00e0 distance, suivie de 8 jours et 7 nuits de travail sur site, afin de relever les D\u00e9fis du Bois 3.0.<\/p>\n<p>Campus bois, ENSTIB &#8211; \u00c9PINAL, 10 &#8211; 17 juin 2023<br \/>\n<a href=\"http:\/\/www.defisbois.fr\">www.defisbois.fr<\/a><\/p>\n<p>&nbsp;<\/p>\n","protected":false},"excerpt":{"rendered":"<p>Apr\u00e8s 11 ans d\u2019archi-structures, les D\u00e9fis du Bois proposent depuis 9 ans une nouvelle approche pour cette aventure p\u00e9dagogique, technique et humaine. Il s\u2019agit de s\u2019int\u00e9resser aux micro-architectures, des structures prototypes, pour \u00eatre po\u00e9tique, humain et durable. Construire avec des ressources qui s\u2019affaiblissent, anticiper les cons\u00e9quences d\u2019un d\u00e9r\u00e8glement climatique qui modifiera notre environnement, consid\u00e9rer la [&hellip;]<\/p>\n","protected":false},"author":17,"featured_media":108614,"comment_status":"closed","ping_status":"closed","sticky":false,"template":"","format":"standard","meta":{"_et_pb_use_builder":"","_et_pb_old_content":"","_et_gb_content_width":"","footnotes":""},"categories":[10530,6340,10769,10764],"tags":[3957],"class_list":["post-108613","post","type-post","status-publish","format-standard","has-post-thumbnail","hentry","category-actualites","category-architecture-conception","category-publications","category-woodsurfer","tag-defis-du-bois"],"yoast_head":"<!-- This site is optimized with the Yoast SEO plugin v27.4 - https:\/\/yoast.com\/product\/yoast-seo-wordpress\/ -->\n<title>Les D\u00e9fis du Bois version 3.0<\/title>\n<meta name=\"robots\" content=\"index, follow, max-snippet:-1, max-image-preview:large, max-video-preview:-1\" \/>\n<link rel=\"canonical\" href=\"https:\/\/batijournal.com\/index.php\/les-defis-du-bois-version-3-0\/108613\/\" \/>\n<meta property=\"og:locale\" content=\"fr_FR\" \/>\n<meta property=\"og:type\" content=\"article\" \/>\n<meta property=\"og:title\" content=\"Les D\u00e9fis du Bois version 3.0\" \/>\n<meta property=\"og:description\" content=\"Apr\u00e8s 11 ans d\u2019archi-structures, les D\u00e9fis du Bois proposent depuis 9 ans une nouvelle approche pour cette aventure p\u00e9dagogique, technique et humaine. Il s\u2019agit de s\u2019int\u00e9resser aux micro-architectures, des structures prototypes, pour \u00eatre po\u00e9tique, humain et durable. Construire avec des ressources qui s\u2019affaiblissent, anticiper les cons\u00e9quences d\u2019un d\u00e9r\u00e8glement climatique qui modifiera notre environnement, consid\u00e9rer la [&hellip;]\" \/>\n<meta property=\"og:url\" content=\"https:\/\/batijournal.com\/index.php\/les-defis-du-bois-version-3-0\/108613\/\" \/>\n<meta property=\"og:site_name\" content=\"Batijournal\" \/>\n<meta property=\"article:published_time\" content=\"2023-02-11T06:00:19+00:00\" \/>\n<meta property=\"og:image\" content=\"https:\/\/batijournal.com\/wp-content\/uploads\/2023\/02\/defis-du-bois-3.png\" \/>\n\t<meta property=\"og:image:width\" content=\"566\" \/>\n\t<meta property=\"og:image:height\" content=\"422\" \/>\n\t<meta property=\"og:image:type\" content=\"image\/png\" \/>\n<meta name=\"author\" content=\"St\u00e9phane Miget\" \/>\n<meta name=\"twitter:card\" content=\"summary_large_image\" \/>\n<meta name=\"twitter:creator\" content=\"@bati_journal\" \/>\n<meta name=\"twitter:site\" content=\"@bati_journal\" \/>\n<meta name=\"twitter:label1\" content=\"\u00c9crit par\" \/>\n\t<meta name=\"twitter:data1\" content=\"St\u00e9phane Miget\" \/>\n\t<meta name=\"twitter:label2\" content=\"Dur\u00e9e de lecture estim\u00e9e\" \/>\n\t<meta name=\"twitter:data2\" content=\"1 minute\" \/>\n<script type=\"application\/ld+json\" class=\"yoast-schema-graph\">{\"@context\":\"https:\\\/\\\/schema.org\",\"@graph\":[{\"@type\":\"Article\",\"@id\":\"https:\\\/\\\/batijournal.com\\\/index.php\\\/les-defis-du-bois-version-3-0\\\/108613\\\/#article\",\"isPartOf\":{\"@id\":\"https:\\\/\\\/batijournal.com\\\/index.php\\\/les-defis-du-bois-version-3-0\\\/108613\\\/\"},\"author\":{\"name\":\"St\u00e9phane Miget\",\"@id\":\"https:\\\/\\\/batijournal.com\\\/#\\\/schema\\\/person\\\/1dc96ec6957aa1ccb25ebe78bb19f100\"},\"headline\":\"Les D\u00e9fis du Bois version 3.0\",\"datePublished\":\"2023-02-11T06:00:19+00:00\",\"mainEntityOfPage\":{\"@id\":\"https:\\\/\\\/batijournal.com\\\/index.php\\\/les-defis-du-bois-version-3-0\\\/108613\\\/\"},\"wordCount\":304,\"image\":{\"@id\":\"https:\\\/\\\/batijournal.com\\\/index.php\\\/les-defis-du-bois-version-3-0\\\/108613\\\/#primaryimage\"},\"thumbnailUrl\":\"https:\\\/\\\/batijournal.com\\\/wp-content\\\/uploads\\\/2023\\\/02\\\/defis-du-bois-3.png\",\"keywords\":[\"D\u00e9fis du Bois\"],\"articleSection\":[\"Actualit\u00e9s\",\"Architecture &amp; Conception\",\"zz_Actualit\u00e9s - Woodsurfer\",\"zz_Woodsurfer\"],\"inLanguage\":\"fr-FR\"},{\"@type\":\"WebPage\",\"@id\":\"https:\\\/\\\/batijournal.com\\\/index.php\\\/les-defis-du-bois-version-3-0\\\/108613\\\/\",\"url\":\"https:\\\/\\\/batijournal.com\\\/index.php\\\/les-defis-du-bois-version-3-0\\\/108613\\\/\",\"name\":\"Les D\u00e9fis du Bois version 3.0\",\"isPartOf\":{\"@id\":\"https:\\\/\\\/batijournal.com\\\/#website\"},\"primaryImageOfPage\":{\"@id\":\"https:\\\/\\\/batijournal.com\\\/index.php\\\/les-defis-du-bois-version-3-0\\\/108613\\\/#primaryimage\"},\"image\":{\"@id\":\"https:\\\/\\\/batijournal.com\\\/index.php\\\/les-defis-du-bois-version-3-0\\\/108613\\\/#primaryimage\"},\"thumbnailUrl\":\"https:\\\/\\\/batijournal.com\\\/wp-content\\\/uploads\\\/2023\\\/02\\\/defis-du-bois-3.png\",\"datePublished\":\"2023-02-11T06:00:19+00:00\",\"author\":{\"@id\":\"https:\\\/\\\/batijournal.com\\\/#\\\/schema\\\/person\\\/1dc96ec6957aa1ccb25ebe78bb19f100\"},\"breadcrumb\":{\"@id\":\"https:\\\/\\\/batijournal.com\\\/index.php\\\/les-defis-du-bois-version-3-0\\\/108613\\\/#breadcrumb\"},\"inLanguage\":\"fr-FR\",\"potentialAction\":[{\"@type\":\"ReadAction\",\"target\":[\"https:\\\/\\\/batijournal.com\\\/index.php\\\/les-defis-du-bois-version-3-0\\\/108613\\\/\"]}]},{\"@type\":\"ImageObject\",\"inLanguage\":\"fr-FR\",\"@id\":\"https:\\\/\\\/batijournal.com\\\/index.php\\\/les-defis-du-bois-version-3-0\\\/108613\\\/#primaryimage\",\"url\":\"https:\\\/\\\/batijournal.com\\\/wp-content\\\/uploads\\\/2023\\\/02\\\/defis-du-bois-3.png\",\"contentUrl\":\"https:\\\/\\\/batijournal.com\\\/wp-content\\\/uploads\\\/2023\\\/02\\\/defis-du-bois-3.png\",\"width\":566,\"height\":422},{\"@type\":\"BreadcrumbList\",\"@id\":\"https:\\\/\\\/batijournal.com\\\/index.php\\\/les-defis-du-bois-version-3-0\\\/108613\\\/#breadcrumb\",\"itemListElement\":[{\"@type\":\"ListItem\",\"position\":1,\"name\":\"Accueil\",\"item\":\"https:\\\/\\\/batijournal.com\\\/\"},{\"@type\":\"ListItem\",\"position\":2,\"name\":\"Actualit\u00e9s\",\"item\":\"https:\\\/\\\/batijournal.com\\\/index.php\\\/category\\\/actualites\\\/\"},{\"@type\":\"ListItem\",\"position\":3,\"name\":\"Les D\u00e9fis du Bois version 3.0\"}]},{\"@type\":\"WebSite\",\"@id\":\"https:\\\/\\\/batijournal.com\\\/#website\",\"url\":\"https:\\\/\\\/batijournal.com\\\/\",\"name\":\"Batijournal\",\"description\":\"L&#039;actualit\u00e9 du b\u00e2timent\",\"potentialAction\":[{\"@type\":\"SearchAction\",\"target\":{\"@type\":\"EntryPoint\",\"urlTemplate\":\"https:\\\/\\\/batijournal.com\\\/?s={search_term_string}\"},\"query-input\":{\"@type\":\"PropertyValueSpecification\",\"valueRequired\":true,\"valueName\":\"search_term_string\"}}],\"inLanguage\":\"fr-FR\"},{\"@type\":\"Person\",\"@id\":\"https:\\\/\\\/batijournal.com\\\/#\\\/schema\\\/person\\\/1dc96ec6957aa1ccb25ebe78bb19f100\",\"name\":\"St\u00e9phane Miget\",\"image\":{\"@type\":\"ImageObject\",\"inLanguage\":\"fr-FR\",\"@id\":\"https:\\\/\\\/secure.gravatar.com\\\/avatar\\\/89915563d925342126b8ef0281b93d9d7fc337043e8df017f780908eb9644451?s=96&d=mm&r=g\",\"url\":\"https:\\\/\\\/secure.gravatar.com\\\/avatar\\\/89915563d925342126b8ef0281b93d9d7fc337043e8df017f780908eb9644451?s=96&d=mm&r=g\",\"contentUrl\":\"https:\\\/\\\/secure.gravatar.com\\\/avatar\\\/89915563d925342126b8ef0281b93d9d7fc337043e8df017f780908eb9644451?s=96&d=mm&r=g\",\"caption\":\"St\u00e9phane Miget\"},\"url\":\"https:\\\/\\\/batijournal.com\\\/index.php\\\/author\\\/stephane\\\/\"}]}<\/script>\n<!-- \/ Yoast SEO plugin. -->","yoast_head_json":{"title":"Les D\u00e9fis du Bois version 3.0","robots":{"index":"index","follow":"follow","max-snippet":"max-snippet:-1","max-image-preview":"max-image-preview:large","max-video-preview":"max-video-preview:-1"},"canonical":"https:\/\/batijournal.com\/index.php\/les-defis-du-bois-version-3-0\/108613\/","og_locale":"fr_FR","og_type":"article","og_title":"Les D\u00e9fis du Bois version 3.0","og_description":"Apr\u00e8s 11 ans d\u2019archi-structures, les D\u00e9fis du Bois proposent depuis 9 ans une nouvelle approche pour cette aventure p\u00e9dagogique, technique et humaine. Il s\u2019agit de s\u2019int\u00e9resser aux micro-architectures, des structures prototypes, pour \u00eatre po\u00e9tique, humain et durable. Construire avec des ressources qui s\u2019affaiblissent, anticiper les cons\u00e9quences d\u2019un d\u00e9r\u00e8glement climatique qui modifiera notre environnement, consid\u00e9rer la [&hellip;]","og_url":"https:\/\/batijournal.com\/index.php\/les-defis-du-bois-version-3-0\/108613\/","og_site_name":"Batijournal","article_published_time":"2023-02-11T06:00:19+00:00","og_image":[{"width":566,"height":422,"url":"https:\/\/batijournal.com\/wp-content\/uploads\/2023\/02\/defis-du-bois-3.png","type":"image\/png"}],"author":"St\u00e9phane Miget","twitter_card":"summary_large_image","twitter_creator":"@bati_journal","twitter_site":"@bati_journal","twitter_misc":{"\u00c9crit par":"St\u00e9phane Miget","Dur\u00e9e de lecture estim\u00e9e":"1 minute"},"schema":{"@context":"https:\/\/schema.org","@graph":[{"@type":"Article","@id":"https:\/\/batijournal.com\/index.php\/les-defis-du-bois-version-3-0\/108613\/#article","isPartOf":{"@id":"https:\/\/batijournal.com\/index.php\/les-defis-du-bois-version-3-0\/108613\/"},"author":{"name":"St\u00e9phane Miget","@id":"https:\/\/batijournal.com\/#\/schema\/person\/1dc96ec6957aa1ccb25ebe78bb19f100"},"headline":"Les D\u00e9fis du Bois version 3.0","datePublished":"2023-02-11T06:00:19+00:00","mainEntityOfPage":{"@id":"https:\/\/batijournal.com\/index.php\/les-defis-du-bois-version-3-0\/108613\/"},"wordCount":304,"image":{"@id":"https:\/\/batijournal.com\/index.php\/les-defis-du-bois-version-3-0\/108613\/#primaryimage"},"thumbnailUrl":"https:\/\/batijournal.com\/wp-content\/uploads\/2023\/02\/defis-du-bois-3.png","keywords":["D\u00e9fis du Bois"],"articleSection":["Actualit\u00e9s","Architecture &amp; Conception","zz_Actualit\u00e9s - Woodsurfer","zz_Woodsurfer"],"inLanguage":"fr-FR"},{"@type":"WebPage","@id":"https:\/\/batijournal.com\/index.php\/les-defis-du-bois-version-3-0\/108613\/","url":"https:\/\/batijournal.com\/index.php\/les-defis-du-bois-version-3-0\/108613\/","name":"Les D\u00e9fis du Bois version 3.0","isPartOf":{"@id":"https:\/\/batijournal.com\/#website"},"primaryImageOfPage":{"@id":"https:\/\/batijournal.com\/index.php\/les-defis-du-bois-version-3-0\/108613\/#primaryimage"},"image":{"@id":"https:\/\/batijournal.com\/index.php\/les-defis-du-bois-version-3-0\/108613\/#primaryimage"},"thumbnailUrl":"https:\/\/batijournal.com\/wp-content\/uploads\/2023\/02\/defis-du-bois-3.png","datePublished":"2023-02-11T06:00:19+00:00","author":{"@id":"https:\/\/batijournal.com\/#\/schema\/person\/1dc96ec6957aa1ccb25ebe78bb19f100"},"breadcrumb":{"@id":"https:\/\/batijournal.com\/index.php\/les-defis-du-bois-version-3-0\/108613\/#breadcrumb"},"inLanguage":"fr-FR","potentialAction":[{"@type":"ReadAction","target":["https:\/\/batijournal.com\/index.php\/les-defis-du-bois-version-3-0\/108613\/"]}]},{"@type":"ImageObject","inLanguage":"fr-FR","@id":"https:\/\/batijournal.com\/index.php\/les-defis-du-bois-version-3-0\/108613\/#primaryimage","url":"https:\/\/batijournal.com\/wp-content\/uploads\/2023\/02\/defis-du-bois-3.png","contentUrl":"https:\/\/batijournal.com\/wp-content\/uploads\/2023\/02\/defis-du-bois-3.png","width":566,"height":422},{"@type":"BreadcrumbList","@id":"https:\/\/batijournal.com\/index.php\/les-defis-du-bois-version-3-0\/108613\/#breadcrumb","itemListElement":[{"@type":"ListItem","position":1,"name":"Accueil","item":"https:\/\/batijournal.com\/"},{"@type":"ListItem","position":2,"name":"Actualit\u00e9s","item":"https:\/\/batijournal.com\/index.php\/category\/actualites\/"},{"@type":"ListItem","position":3,"name":"Les D\u00e9fis du Bois version 3.0"}]},{"@type":"WebSite","@id":"https:\/\/batijournal.com\/#website","url":"https:\/\/batijournal.com\/","name":"Batijournal","description":"L&#039;actualit\u00e9 du b\u00e2timent","potentialAction":[{"@type":"SearchAction","target":{"@type":"EntryPoint","urlTemplate":"https:\/\/batijournal.com\/?s={search_term_string}"},"query-input":{"@type":"PropertyValueSpecification","valueRequired":true,"valueName":"search_term_string"}}],"inLanguage":"fr-FR"},{"@type":"Person","@id":"https:\/\/batijournal.com\/#\/schema\/person\/1dc96ec6957aa1ccb25ebe78bb19f100","name":"St\u00e9phane Miget","image":{"@type":"ImageObject","inLanguage":"fr-FR","@id":"https:\/\/secure.gravatar.com\/avatar\/89915563d925342126b8ef0281b93d9d7fc337043e8df017f780908eb9644451?s=96&d=mm&r=g","url":"https:\/\/secure.gravatar.com\/avatar\/89915563d925342126b8ef0281b93d9d7fc337043e8df017f780908eb9644451?s=96&d=mm&r=g","contentUrl":"https:\/\/secure.gravatar.com\/avatar\/89915563d925342126b8ef0281b93d9d7fc337043e8df017f780908eb9644451?s=96&d=mm&r=g","caption":"St\u00e9phane Miget"},"url":"https:\/\/batijournal.com\/index.php\/author\/stephane\/"}]}},"_links":{"self":[{"href":"https:\/\/batijournal.com\/index.php\/wp-json\/wp\/v2\/posts\/108613","targetHints":{"allow":["GET"]}}],"collection":[{"href":"https:\/\/batijournal.com\/index.php\/wp-json\/wp\/v2\/posts"}],"about":[{"href":"https:\/\/batijournal.com\/index.php\/wp-json\/wp\/v2\/types\/post"}],"author":[{"embeddable":true,"href":"https:\/\/batijournal.com\/index.php\/wp-json\/wp\/v2\/users\/17"}],"replies":[{"embeddable":true,"href":"https:\/\/batijournal.com\/index.php\/wp-json\/wp\/v2\/comments?post=108613"}],"version-history":[{"count":0,"href":"https:\/\/batijournal.com\/index.php\/wp-json\/wp\/v2\/posts\/108613\/revisions"}],"wp:featuredmedia":[{"embeddable":true,"href":"https:\/\/batijournal.com\/index.php\/wp-json\/wp\/v2\/media\/108614"}],"wp:attachment":[{"href":"https:\/\/batijournal.com\/index.php\/wp-json\/wp\/v2\/media?parent=108613"}],"wp:term":[{"taxonomy":"category","embeddable":true,"href":"https:\/\/batijournal.com\/index.php\/wp-json\/wp\/v2\/categories?post=108613"},{"taxonomy":"post_tag","embeddable":true,"href":"https:\/\/batijournal.com\/index.php\/wp-json\/wp\/v2\/tags?post=108613"}],"curies":[{"name":"wp","href":"https:\/\/api.w.org\/{rel}","templated":true}]}}