{"id":108615,"date":"2023-02-11T07:11:26","date_gmt":"2023-02-11T06:11:26","guid":{"rendered":"https:\/\/batijournal.com\/?p=108615"},"modified":"2023-02-11T07:11:26","modified_gmt":"2023-02-11T06:11:26","slug":"les-professionnels-du-batiment-et-des-travaux-publics-partent-en-campagne-aupres-des-jeunes","status":"publish","type":"post","link":"https:\/\/batijournal.com\/index.php\/les-professionnels-du-batiment-et-des-travaux-publics-partent-en-campagne-aupres-des-jeunes\/108615\/","title":{"rendered":"Les professionnels du b\u00e2timent et des travaux publics partent en campagne aupr\u00e8s des jeunes"},"content":{"rendered":"<p>\u00ab\u00a0La Construction, la vivre c\u2019est encore mieux\u00a0!\u00a0\u00bb&#8230; Le CCCA-BTP vient de lancer une nouvelle \u00e9dition de la campagne \u00ab La Construction \u00bb, pour faire d\u00e9couvrir la richesse et la diversit\u00e9 des m\u00e9tiers du b\u00e2timent et des travaux publics, susciter de nouvelles vocations aupr\u00e8s des jeunes et leur donner envie de rejoindre un secteur dynamique et innovant, en s\u2019y formant par l\u2019apprentissage. Elle est incarn\u00e9e par six professionnels du b\u00e2timent et des travaux publics de moins de 30 ans (apprentis, salari\u00e9s, chefs d\u2019entreprise), qui sont les meilleurs ambassadeurs pour promouvoir les atouts de leurs m\u00e9tiers et partager leur passion de l\u2019exercer. Elle propose ainsi de d\u00e9couvrir, en immersion, le quotidien de Jimmy Elion, 26 ans, chef d\u2019entreprise, charpentier couvreur, de Jodie Joly, 21 ans, apprentie, chef de chantier travaux publics, de Tarik Mania, 29 ans, chef d\u2019entreprise, serrurier-m\u00e9tallier, d\u2019Ugo Humbert, 21 ans, chef d\u2019\u00e9quipe, constructeur de r\u00e9seaux de canalisations, de Manon Millet, 29 ans, peintre d\u00e9coratrice et de Maxime Rouquet, 21 ans, apprenti ma\u00e7on. Tous les m\u00e9dias en ligne vont relayer cette campagne, un escape game, un quiz de d\u00e9couverte des m\u00e9tiers, Un kit de communication sont disponibles.<\/p>\n<p><a href=\"http:\/\/www.laconstruction.fr\">www.laconstruction.fr<\/a><\/p>\n<p>&nbsp;<\/p>\n","protected":false},"excerpt":{"rendered":"<p>\u00ab\u00a0La Construction, la vivre c\u2019est encore mieux\u00a0!\u00a0\u00bb&#8230; Le CCCA-BTP vient de lancer une nouvelle \u00e9dition de la campagne \u00ab La Construction \u00bb, pour faire d\u00e9couvrir la richesse et la diversit\u00e9 des m\u00e9tiers du b\u00e2timent et des travaux publics, susciter de nouvelles vocations aupr\u00e8s des jeunes et leur donner envie de rejoindre un secteur dynamique et [&hellip;]<\/p>\n","protected":false},"author":17,"featured_media":108616,"comment_status":"closed","ping_status":"closed","sticky":false,"template":"","format":"standard","meta":{"_et_pb_use_builder":"","_et_pb_old_content":"","_et_gb_content_width":"","footnotes":""},"categories":[10530,6362,10771,10775,10769,10764],"tags":[6086,517],"class_list":["post-108615","post","type-post","status-publish","format-standard","has-post-thumbnail","hentry","category-actualites","category-services-equipements","category-5facades","category-actualites-5facades","category-publications","category-woodsurfer","tag-ccca-btp","tag-formation"],"yoast_head":"<!-- This site is optimized with the Yoast SEO plugin v27.4 - https:\/\/yoast.com\/product\/yoast-seo-wordpress\/ -->\n<title>Les professionnels du b\u00e2timent et des travaux publics partent en campagne aupr\u00e8s des jeunes<\/title>\n<meta name=\"robots\" content=\"index, follow, max-snippet:-1, max-image-preview:large, max-video-preview:-1\" \/>\n<link rel=\"canonical\" href=\"https:\/\/batijournal.com\/index.php\/les-professionnels-du-batiment-et-des-travaux-publics-partent-en-campagne-aupres-des-jeunes\/108615\/\" \/>\n<meta property=\"og:locale\" content=\"fr_FR\" \/>\n<meta property=\"og:type\" content=\"article\" \/>\n<meta property=\"og:title\" content=\"Les professionnels du b\u00e2timent et des travaux publics partent en campagne aupr\u00e8s des jeunes\" \/>\n<meta property=\"og:description\" content=\"\u00ab\u00a0La Construction, la vivre c\u2019est encore mieux\u00a0!\u00a0\u00bb&#8230; Le CCCA-BTP vient de lancer une nouvelle \u00e9dition de la campagne \u00ab La Construction \u00bb, pour faire d\u00e9couvrir la richesse et la diversit\u00e9 des m\u00e9tiers du b\u00e2timent et des travaux publics, susciter de nouvelles vocations aupr\u00e8s des jeunes et leur donner envie de rejoindre un secteur dynamique et [&hellip;]\" \/>\n<meta property=\"og:url\" content=\"https:\/\/batijournal.com\/index.php\/les-professionnels-du-batiment-et-des-travaux-publics-partent-en-campagne-aupres-des-jeunes\/108615\/\" \/>\n<meta property=\"og:site_name\" content=\"Batijournal\" \/>\n<meta property=\"article:published_time\" content=\"2023-02-11T06:11:26+00:00\" \/>\n<meta property=\"og:image\" content=\"https:\/\/batijournal.com\/wp-content\/uploads\/2023\/02\/campagne-la-construction-2023-CCCA-BTP.jpg\" \/>\n\t<meta property=\"og:image:width\" content=\"1000\" \/>\n\t<meta property=\"og:image:height\" content=\"563\" \/>\n\t<meta property=\"og:image:type\" content=\"image\/jpeg\" \/>\n<meta name=\"author\" content=\"St\u00e9phane Miget\" \/>\n<meta name=\"twitter:card\" content=\"summary_large_image\" \/>\n<meta name=\"twitter:creator\" content=\"@bati_journal\" \/>\n<meta name=\"twitter:site\" content=\"@bati_journal\" \/>\n<meta name=\"twitter:label1\" content=\"\u00c9crit par\" \/>\n\t<meta name=\"twitter:data1\" content=\"St\u00e9phane Miget\" \/>\n\t<meta name=\"twitter:label2\" content=\"Dur\u00e9e de lecture estim\u00e9e\" \/>\n\t<meta name=\"twitter:data2\" content=\"1 minute\" \/>\n<script type=\"application\/ld+json\" class=\"yoast-schema-graph\">{\"@context\":\"https:\\\/\\\/schema.org\",\"@graph\":[{\"@type\":\"Article\",\"@id\":\"https:\\\/\\\/batijournal.com\\\/index.php\\\/les-professionnels-du-batiment-et-des-travaux-publics-partent-en-campagne-aupres-des-jeunes\\\/108615\\\/#article\",\"isPartOf\":{\"@id\":\"https:\\\/\\\/batijournal.com\\\/index.php\\\/les-professionnels-du-batiment-et-des-travaux-publics-partent-en-campagne-aupres-des-jeunes\\\/108615\\\/\"},\"author\":{\"name\":\"St\u00e9phane Miget\",\"@id\":\"https:\\\/\\\/batijournal.com\\\/#\\\/schema\\\/person\\\/1dc96ec6957aa1ccb25ebe78bb19f100\"},\"headline\":\"Les professionnels du b\u00e2timent et des travaux publics partent en campagne aupr\u00e8s des jeunes\",\"datePublished\":\"2023-02-11T06:11:26+00:00\",\"mainEntityOfPage\":{\"@id\":\"https:\\\/\\\/batijournal.com\\\/index.php\\\/les-professionnels-du-batiment-et-des-travaux-publics-partent-en-campagne-aupres-des-jeunes\\\/108615\\\/\"},\"wordCount\":223,\"image\":{\"@id\":\"https:\\\/\\\/batijournal.com\\\/index.php\\\/les-professionnels-du-batiment-et-des-travaux-publics-partent-en-campagne-aupres-des-jeunes\\\/108615\\\/#primaryimage\"},\"thumbnailUrl\":\"https:\\\/\\\/batijournal.com\\\/wp-content\\\/uploads\\\/2023\\\/02\\\/campagne-la-construction-2023-CCCA-BTP.jpg\",\"keywords\":[\"CCCA-BTP\",\"formation\"],\"articleSection\":[\"Actualit\u00e9s\",\"Divers\",\"zz_5fa\u00e7ades\",\"zz_Actualit\u00e9s - 5fa\u00e7ades\",\"zz_Actualit\u00e9s - Woodsurfer\",\"zz_Woodsurfer\"],\"inLanguage\":\"fr-FR\"},{\"@type\":\"WebPage\",\"@id\":\"https:\\\/\\\/batijournal.com\\\/index.php\\\/les-professionnels-du-batiment-et-des-travaux-publics-partent-en-campagne-aupres-des-jeunes\\\/108615\\\/\",\"url\":\"https:\\\/\\\/batijournal.com\\\/index.php\\\/les-professionnels-du-batiment-et-des-travaux-publics-partent-en-campagne-aupres-des-jeunes\\\/108615\\\/\",\"name\":\"Les professionnels du b\u00e2timent et des travaux publics partent en campagne aupr\u00e8s des jeunes\",\"isPartOf\":{\"@id\":\"https:\\\/\\\/batijournal.com\\\/#website\"},\"primaryImageOfPage\":{\"@id\":\"https:\\\/\\\/batijournal.com\\\/index.php\\\/les-professionnels-du-batiment-et-des-travaux-publics-partent-en-campagne-aupres-des-jeunes\\\/108615\\\/#primaryimage\"},\"image\":{\"@id\":\"https:\\\/\\\/batijournal.com\\\/index.php\\\/les-professionnels-du-batiment-et-des-travaux-publics-partent-en-campagne-aupres-des-jeunes\\\/108615\\\/#primaryimage\"},\"thumbnailUrl\":\"https:\\\/\\\/batijournal.com\\\/wp-content\\\/uploads\\\/2023\\\/02\\\/campagne-la-construction-2023-CCCA-BTP.jpg\",\"datePublished\":\"2023-02-11T06:11:26+00:00\",\"author\":{\"@id\":\"https:\\\/\\\/batijournal.com\\\/#\\\/schema\\\/person\\\/1dc96ec6957aa1ccb25ebe78bb19f100\"},\"breadcrumb\":{\"@id\":\"https:\\\/\\\/batijournal.com\\\/index.php\\\/les-professionnels-du-batiment-et-des-travaux-publics-partent-en-campagne-aupres-des-jeunes\\\/108615\\\/#breadcrumb\"},\"inLanguage\":\"fr-FR\",\"potentialAction\":[{\"@type\":\"ReadAction\",\"target\":[\"https:\\\/\\\/batijournal.com\\\/index.php\\\/les-professionnels-du-batiment-et-des-travaux-publics-partent-en-campagne-aupres-des-jeunes\\\/108615\\\/\"]}]},{\"@type\":\"ImageObject\",\"inLanguage\":\"fr-FR\",\"@id\":\"https:\\\/\\\/batijournal.com\\\/index.php\\\/les-professionnels-du-batiment-et-des-travaux-publics-partent-en-campagne-aupres-des-jeunes\\\/108615\\\/#primaryimage\",\"url\":\"https:\\\/\\\/batijournal.com\\\/wp-content\\\/uploads\\\/2023\\\/02\\\/campagne-la-construction-2023-CCCA-BTP.jpg\",\"contentUrl\":\"https:\\\/\\\/batijournal.com\\\/wp-content\\\/uploads\\\/2023\\\/02\\\/campagne-la-construction-2023-CCCA-BTP.jpg\",\"width\":1000,\"height\":563},{\"@type\":\"BreadcrumbList\",\"@id\":\"https:\\\/\\\/batijournal.com\\\/index.php\\\/les-professionnels-du-batiment-et-des-travaux-publics-partent-en-campagne-aupres-des-jeunes\\\/108615\\\/#breadcrumb\",\"itemListElement\":[{\"@type\":\"ListItem\",\"position\":1,\"name\":\"Accueil\",\"item\":\"https:\\\/\\\/batijournal.com\\\/\"},{\"@type\":\"ListItem\",\"position\":2,\"name\":\"Actualit\u00e9s\",\"item\":\"https:\\\/\\\/batijournal.com\\\/index.php\\\/category\\\/actualites\\\/\"},{\"@type\":\"ListItem\",\"position\":3,\"name\":\"Les professionnels du b\u00e2timent et des travaux publics partent en campagne aupr\u00e8s des jeunes\"}]},{\"@type\":\"WebSite\",\"@id\":\"https:\\\/\\\/batijournal.com\\\/#website\",\"url\":\"https:\\\/\\\/batijournal.com\\\/\",\"name\":\"Batijournal\",\"description\":\"L&#039;actualit\u00e9 du b\u00e2timent\",\"potentialAction\":[{\"@type\":\"SearchAction\",\"target\":{\"@type\":\"EntryPoint\",\"urlTemplate\":\"https:\\\/\\\/batijournal.com\\\/?s={search_term_string}\"},\"query-input\":{\"@type\":\"PropertyValueSpecification\",\"valueRequired\":true,\"valueName\":\"search_term_string\"}}],\"inLanguage\":\"fr-FR\"},{\"@type\":\"Person\",\"@id\":\"https:\\\/\\\/batijournal.com\\\/#\\\/schema\\\/person\\\/1dc96ec6957aa1ccb25ebe78bb19f100\",\"name\":\"St\u00e9phane Miget\",\"image\":{\"@type\":\"ImageObject\",\"inLanguage\":\"fr-FR\",\"@id\":\"https:\\\/\\\/secure.gravatar.com\\\/avatar\\\/89915563d925342126b8ef0281b93d9d7fc337043e8df017f780908eb9644451?s=96&d=mm&r=g\",\"url\":\"https:\\\/\\\/secure.gravatar.com\\\/avatar\\\/89915563d925342126b8ef0281b93d9d7fc337043e8df017f780908eb9644451?s=96&d=mm&r=g\",\"contentUrl\":\"https:\\\/\\\/secure.gravatar.com\\\/avatar\\\/89915563d925342126b8ef0281b93d9d7fc337043e8df017f780908eb9644451?s=96&d=mm&r=g\",\"caption\":\"St\u00e9phane Miget\"},\"url\":\"https:\\\/\\\/batijournal.com\\\/index.php\\\/author\\\/stephane\\\/\"}]}<\/script>\n<!-- \/ Yoast SEO plugin. -->","yoast_head_json":{"title":"Les professionnels du b\u00e2timent et des travaux publics partent en campagne aupr\u00e8s des jeunes","robots":{"index":"index","follow":"follow","max-snippet":"max-snippet:-1","max-image-preview":"max-image-preview:large","max-video-preview":"max-video-preview:-1"},"canonical":"https:\/\/batijournal.com\/index.php\/les-professionnels-du-batiment-et-des-travaux-publics-partent-en-campagne-aupres-des-jeunes\/108615\/","og_locale":"fr_FR","og_type":"article","og_title":"Les professionnels du b\u00e2timent et des travaux publics partent en campagne aupr\u00e8s des jeunes","og_description":"\u00ab\u00a0La Construction, la vivre c\u2019est encore mieux\u00a0!\u00a0\u00bb&#8230; Le CCCA-BTP vient de lancer une nouvelle \u00e9dition de la campagne \u00ab La Construction \u00bb, pour faire d\u00e9couvrir la richesse et la diversit\u00e9 des m\u00e9tiers du b\u00e2timent et des travaux publics, susciter de nouvelles vocations aupr\u00e8s des jeunes et leur donner envie de rejoindre un secteur dynamique et [&hellip;]","og_url":"https:\/\/batijournal.com\/index.php\/les-professionnels-du-batiment-et-des-travaux-publics-partent-en-campagne-aupres-des-jeunes\/108615\/","og_site_name":"Batijournal","article_published_time":"2023-02-11T06:11:26+00:00","og_image":[{"width":1000,"height":563,"url":"https:\/\/batijournal.com\/wp-content\/uploads\/2023\/02\/campagne-la-construction-2023-CCCA-BTP.jpg","type":"image\/jpeg"}],"author":"St\u00e9phane Miget","twitter_card":"summary_large_image","twitter_creator":"@bati_journal","twitter_site":"@bati_journal","twitter_misc":{"\u00c9crit par":"St\u00e9phane Miget","Dur\u00e9e de lecture estim\u00e9e":"1 minute"},"schema":{"@context":"https:\/\/schema.org","@graph":[{"@type":"Article","@id":"https:\/\/batijournal.com\/index.php\/les-professionnels-du-batiment-et-des-travaux-publics-partent-en-campagne-aupres-des-jeunes\/108615\/#article","isPartOf":{"@id":"https:\/\/batijournal.com\/index.php\/les-professionnels-du-batiment-et-des-travaux-publics-partent-en-campagne-aupres-des-jeunes\/108615\/"},"author":{"name":"St\u00e9phane Miget","@id":"https:\/\/batijournal.com\/#\/schema\/person\/1dc96ec6957aa1ccb25ebe78bb19f100"},"headline":"Les professionnels du b\u00e2timent et des travaux publics partent en campagne aupr\u00e8s des jeunes","datePublished":"2023-02-11T06:11:26+00:00","mainEntityOfPage":{"@id":"https:\/\/batijournal.com\/index.php\/les-professionnels-du-batiment-et-des-travaux-publics-partent-en-campagne-aupres-des-jeunes\/108615\/"},"wordCount":223,"image":{"@id":"https:\/\/batijournal.com\/index.php\/les-professionnels-du-batiment-et-des-travaux-publics-partent-en-campagne-aupres-des-jeunes\/108615\/#primaryimage"},"thumbnailUrl":"https:\/\/batijournal.com\/wp-content\/uploads\/2023\/02\/campagne-la-construction-2023-CCCA-BTP.jpg","keywords":["CCCA-BTP","formation"],"articleSection":["Actualit\u00e9s","Divers","zz_5fa\u00e7ades","zz_Actualit\u00e9s - 5fa\u00e7ades","zz_Actualit\u00e9s - Woodsurfer","zz_Woodsurfer"],"inLanguage":"fr-FR"},{"@type":"WebPage","@id":"https:\/\/batijournal.com\/index.php\/les-professionnels-du-batiment-et-des-travaux-publics-partent-en-campagne-aupres-des-jeunes\/108615\/","url":"https:\/\/batijournal.com\/index.php\/les-professionnels-du-batiment-et-des-travaux-publics-partent-en-campagne-aupres-des-jeunes\/108615\/","name":"Les professionnels du b\u00e2timent et des travaux publics partent en campagne aupr\u00e8s des jeunes","isPartOf":{"@id":"https:\/\/batijournal.com\/#website"},"primaryImageOfPage":{"@id":"https:\/\/batijournal.com\/index.php\/les-professionnels-du-batiment-et-des-travaux-publics-partent-en-campagne-aupres-des-jeunes\/108615\/#primaryimage"},"image":{"@id":"https:\/\/batijournal.com\/index.php\/les-professionnels-du-batiment-et-des-travaux-publics-partent-en-campagne-aupres-des-jeunes\/108615\/#primaryimage"},"thumbnailUrl":"https:\/\/batijournal.com\/wp-content\/uploads\/2023\/02\/campagne-la-construction-2023-CCCA-BTP.jpg","datePublished":"2023-02-11T06:11:26+00:00","author":{"@id":"https:\/\/batijournal.com\/#\/schema\/person\/1dc96ec6957aa1ccb25ebe78bb19f100"},"breadcrumb":{"@id":"https:\/\/batijournal.com\/index.php\/les-professionnels-du-batiment-et-des-travaux-publics-partent-en-campagne-aupres-des-jeunes\/108615\/#breadcrumb"},"inLanguage":"fr-FR","potentialAction":[{"@type":"ReadAction","target":["https:\/\/batijournal.com\/index.php\/les-professionnels-du-batiment-et-des-travaux-publics-partent-en-campagne-aupres-des-jeunes\/108615\/"]}]},{"@type":"ImageObject","inLanguage":"fr-FR","@id":"https:\/\/batijournal.com\/index.php\/les-professionnels-du-batiment-et-des-travaux-publics-partent-en-campagne-aupres-des-jeunes\/108615\/#primaryimage","url":"https:\/\/batijournal.com\/wp-content\/uploads\/2023\/02\/campagne-la-construction-2023-CCCA-BTP.jpg","contentUrl":"https:\/\/batijournal.com\/wp-content\/uploads\/2023\/02\/campagne-la-construction-2023-CCCA-BTP.jpg","width":1000,"height":563},{"@type":"BreadcrumbList","@id":"https:\/\/batijournal.com\/index.php\/les-professionnels-du-batiment-et-des-travaux-publics-partent-en-campagne-aupres-des-jeunes\/108615\/#breadcrumb","itemListElement":[{"@type":"ListItem","position":1,"name":"Accueil","item":"https:\/\/batijournal.com\/"},{"@type":"ListItem","position":2,"name":"Actualit\u00e9s","item":"https:\/\/batijournal.com\/index.php\/category\/actualites\/"},{"@type":"ListItem","position":3,"name":"Les professionnels du b\u00e2timent et des travaux publics partent en campagne aupr\u00e8s des jeunes"}]},{"@type":"WebSite","@id":"https:\/\/batijournal.com\/#website","url":"https:\/\/batijournal.com\/","name":"Batijournal","description":"L&#039;actualit\u00e9 du b\u00e2timent","potentialAction":[{"@type":"SearchAction","target":{"@type":"EntryPoint","urlTemplate":"https:\/\/batijournal.com\/?s={search_term_string}"},"query-input":{"@type":"PropertyValueSpecification","valueRequired":true,"valueName":"search_term_string"}}],"inLanguage":"fr-FR"},{"@type":"Person","@id":"https:\/\/batijournal.com\/#\/schema\/person\/1dc96ec6957aa1ccb25ebe78bb19f100","name":"St\u00e9phane Miget","image":{"@type":"ImageObject","inLanguage":"fr-FR","@id":"https:\/\/secure.gravatar.com\/avatar\/89915563d925342126b8ef0281b93d9d7fc337043e8df017f780908eb9644451?s=96&d=mm&r=g","url":"https:\/\/secure.gravatar.com\/avatar\/89915563d925342126b8ef0281b93d9d7fc337043e8df017f780908eb9644451?s=96&d=mm&r=g","contentUrl":"https:\/\/secure.gravatar.com\/avatar\/89915563d925342126b8ef0281b93d9d7fc337043e8df017f780908eb9644451?s=96&d=mm&r=g","caption":"St\u00e9phane Miget"},"url":"https:\/\/batijournal.com\/index.php\/author\/stephane\/"}]}},"_links":{"self":[{"href":"https:\/\/batijournal.com\/index.php\/wp-json\/wp\/v2\/posts\/108615","targetHints":{"allow":["GET"]}}],"collection":[{"href":"https:\/\/batijournal.com\/index.php\/wp-json\/wp\/v2\/posts"}],"about":[{"href":"https:\/\/batijournal.com\/index.php\/wp-json\/wp\/v2\/types\/post"}],"author":[{"embeddable":true,"href":"https:\/\/batijournal.com\/index.php\/wp-json\/wp\/v2\/users\/17"}],"replies":[{"embeddable":true,"href":"https:\/\/batijournal.com\/index.php\/wp-json\/wp\/v2\/comments?post=108615"}],"version-history":[{"count":0,"href":"https:\/\/batijournal.com\/index.php\/wp-json\/wp\/v2\/posts\/108615\/revisions"}],"wp:featuredmedia":[{"embeddable":true,"href":"https:\/\/batijournal.com\/index.php\/wp-json\/wp\/v2\/media\/108616"}],"wp:attachment":[{"href":"https:\/\/batijournal.com\/index.php\/wp-json\/wp\/v2\/media?parent=108615"}],"wp:term":[{"taxonomy":"category","embeddable":true,"href":"https:\/\/batijournal.com\/index.php\/wp-json\/wp\/v2\/categories?post=108615"},{"taxonomy":"post_tag","embeddable":true,"href":"https:\/\/batijournal.com\/index.php\/wp-json\/wp\/v2\/tags?post=108615"}],"curies":[{"name":"wp","href":"https:\/\/api.w.org\/{rel}","templated":true}]}}