{"id":108629,"date":"2023-02-17T09:50:32","date_gmt":"2023-02-17T08:50:32","guid":{"rendered":"https:\/\/batijournal.com\/?p=108629"},"modified":"2023-02-17T09:50:32","modified_gmt":"2023-02-17T08:50:32","slug":"bois-de-france-3-ans-et-des-projets","status":"publish","type":"post","link":"https:\/\/batijournal.com\/index.php\/bois-de-france-3-ans-et-des-projets\/108629\/","title":{"rendered":"BOIS DE FRANCE : 3 ans et des projets !"},"content":{"rendered":"<p>Le label BOIS DE FRANCE vient de f\u00eater ses 3 ans. De 40 entreprises engag\u00e9es en juillet 2020, il compte aujourd\u2019hui 161 entreprises, une progression qui t\u00e9moigne de leur volont\u00e9 de s\u2019engager collectivement pour garantir la p\u00e9rennit\u00e9 de la fili\u00e8re bois fran\u00e7aise. Ces entreprises couvrent une grande diversit\u00e9 de m\u00e9tiers : entreprises souhaitant valoriser leurs produits BOIS DE FRANCE, ma\u00eetres d\u2019ouvrage ou ma\u00eetres d\u2019oeuvre souhaitant mettre en avant des projets int\u00e9grant du BOIS DE FRANCE, organismes souhaitant s\u2019engager dans la promotion du label\u2026 Celui-ci repr\u00e9sente ainsi l\u2019ensemble des parties prenantes de la fili\u00e8re fran\u00e7aise avec des transformateurs (scieurs, fabricants de produits d\u2019am\u00e9nagement int\u00e9rieur et ext\u00e9rieur, secteur du bois \u00e9nergie\u2026), des constructeurs, des distributeurs\u2026 Parmi les scieurs, on peut noter cette ann\u00e9e la progression au sein du label des scieurs de feuillus, qui repr\u00e9sentent une part importante de la ressource fran\u00e7aise.<br \/>\nParmi les projets en cours pour 2023, J\u00e9r\u00f4me Martinez, Responsable du label, \u00e9voque le souhait de travailler sur le r\u00e9f\u00e9rentiel : \u201cnotre objectif est de nous adapter au monde de la construction et d\u2019\u00eatre toujours au plus pr\u00e8s du fonctionnement des entreprises, sans compromis sur les garanties offertes par le label BOIS DE FRANCE\u201d. Il \u00e9voque \u00e9galement la cr\u00e9ation d\u2019une plateforme de mise en relation des entreprises de la fili\u00e8re fran\u00e7aise du bois et des ma\u00eetres d\u2019ouvrage. Cet outil sera ouvert \u00e0 l\u2019ensemble des acteurs de la fili\u00e8re, qu\u2019ils soient ou non engag\u00e9s dans la d\u00e9marche BOIS DE FRANCE et devrait \u00eatre op\u00e9rationnel en fin d\u2019ann\u00e9e.<\/p>\n<p>&nbsp;<\/p>\n<p>Photo : \u00a9 Scierie BONGART-BAZOT<\/p>\n","protected":false},"excerpt":{"rendered":"<p>Le label BOIS DE FRANCE vient de f\u00eater ses 3 ans. De 40 entreprises engag\u00e9es en juillet 2020, il compte aujourd\u2019hui 161 entreprises, une progression qui t\u00e9moigne de leur volont\u00e9 de s\u2019engager collectivement pour garantir la p\u00e9rennit\u00e9 de la fili\u00e8re bois fran\u00e7aise. Ces entreprises couvrent une grande diversit\u00e9 de m\u00e9tiers : entreprises souhaitant valoriser leurs [&hellip;]<\/p>\n","protected":false},"author":17,"featured_media":108630,"comment_status":"closed","ping_status":"closed","sticky":false,"template":"","format":"standard","meta":{"_et_pb_use_builder":"","_et_pb_old_content":"","_et_gb_content_width":"","footnotes":""},"categories":[10530,6345,10769,10764],"tags":[12974,1017],"class_list":["post-108629","post","type-post","status-publish","format-standard","has-post-thumbnail","hentry","category-actualites","category-economie-marches","category-publications","category-woodsurfer","tag-bois-de-france","tag-filiere-bois"],"yoast_head":"<!-- This site is optimized with the Yoast SEO plugin v27.4 - https:\/\/yoast.com\/product\/yoast-seo-wordpress\/ -->\n<title>BOIS DE FRANCE : 3 ans et des projets !<\/title>\n<meta name=\"robots\" content=\"index, follow, max-snippet:-1, max-image-preview:large, max-video-preview:-1\" \/>\n<link rel=\"canonical\" href=\"https:\/\/batijournal.com\/index.php\/bois-de-france-3-ans-et-des-projets\/108629\/\" \/>\n<meta property=\"og:locale\" content=\"fr_FR\" \/>\n<meta property=\"og:type\" content=\"article\" \/>\n<meta property=\"og:title\" content=\"BOIS DE FRANCE : 3 ans et des projets !\" \/>\n<meta property=\"og:description\" content=\"Le label BOIS DE FRANCE vient de f\u00eater ses 3 ans. De 40 entreprises engag\u00e9es en juillet 2020, il compte aujourd\u2019hui 161 entreprises, une progression qui t\u00e9moigne de leur volont\u00e9 de s\u2019engager collectivement pour garantir la p\u00e9rennit\u00e9 de la fili\u00e8re bois fran\u00e7aise. Ces entreprises couvrent une grande diversit\u00e9 de m\u00e9tiers : entreprises souhaitant valoriser leurs [&hellip;]\" \/>\n<meta property=\"og:url\" content=\"https:\/\/batijournal.com\/index.php\/bois-de-france-3-ans-et-des-projets\/108629\/\" \/>\n<meta property=\"og:site_name\" content=\"Batijournal\" \/>\n<meta property=\"article:published_time\" content=\"2023-02-17T08:50:32+00:00\" \/>\n<meta property=\"og:image\" content=\"https:\/\/batijournal.com\/wp-content\/uploads\/2023\/02\/bois-de-combustion-scierie-bois-de-france.jpg\" \/>\n\t<meta property=\"og:image:width\" content=\"1000\" \/>\n\t<meta property=\"og:image:height\" content=\"613\" \/>\n\t<meta property=\"og:image:type\" content=\"image\/jpeg\" \/>\n<meta name=\"author\" content=\"St\u00e9phane Miget\" \/>\n<meta name=\"twitter:card\" content=\"summary_large_image\" \/>\n<meta name=\"twitter:creator\" content=\"@bati_journal\" \/>\n<meta name=\"twitter:site\" content=\"@bati_journal\" \/>\n<meta name=\"twitter:label1\" content=\"\u00c9crit par\" \/>\n\t<meta name=\"twitter:data1\" content=\"St\u00e9phane Miget\" \/>\n\t<meta name=\"twitter:label2\" content=\"Dur\u00e9e de lecture estim\u00e9e\" \/>\n\t<meta name=\"twitter:data2\" content=\"1 minute\" \/>\n<script type=\"application\/ld+json\" class=\"yoast-schema-graph\">{\"@context\":\"https:\\\/\\\/schema.org\",\"@graph\":[{\"@type\":\"Article\",\"@id\":\"https:\\\/\\\/batijournal.com\\\/index.php\\\/bois-de-france-3-ans-et-des-projets\\\/108629\\\/#article\",\"isPartOf\":{\"@id\":\"https:\\\/\\\/batijournal.com\\\/index.php\\\/bois-de-france-3-ans-et-des-projets\\\/108629\\\/\"},\"author\":{\"name\":\"St\u00e9phane Miget\",\"@id\":\"https:\\\/\\\/batijournal.com\\\/#\\\/schema\\\/person\\\/1dc96ec6957aa1ccb25ebe78bb19f100\"},\"headline\":\"BOIS DE FRANCE : 3 ans et des projets !\",\"datePublished\":\"2023-02-17T08:50:32+00:00\",\"mainEntityOfPage\":{\"@id\":\"https:\\\/\\\/batijournal.com\\\/index.php\\\/bois-de-france-3-ans-et-des-projets\\\/108629\\\/\"},\"wordCount\":295,\"image\":{\"@id\":\"https:\\\/\\\/batijournal.com\\\/index.php\\\/bois-de-france-3-ans-et-des-projets\\\/108629\\\/#primaryimage\"},\"thumbnailUrl\":\"https:\\\/\\\/batijournal.com\\\/wp-content\\\/uploads\\\/2023\\\/02\\\/bois-de-combustion-scierie-bois-de-france.jpg\",\"keywords\":[\"bois de france\",\"fili\u00e8re bois\"],\"articleSection\":[\"Actualit\u00e9s\",\"\u00c9conomie &amp; March\u00e9s\",\"zz_Actualit\u00e9s - Woodsurfer\",\"zz_Woodsurfer\"],\"inLanguage\":\"fr-FR\"},{\"@type\":\"WebPage\",\"@id\":\"https:\\\/\\\/batijournal.com\\\/index.php\\\/bois-de-france-3-ans-et-des-projets\\\/108629\\\/\",\"url\":\"https:\\\/\\\/batijournal.com\\\/index.php\\\/bois-de-france-3-ans-et-des-projets\\\/108629\\\/\",\"name\":\"BOIS DE FRANCE : 3 ans et des projets !\",\"isPartOf\":{\"@id\":\"https:\\\/\\\/batijournal.com\\\/#website\"},\"primaryImageOfPage\":{\"@id\":\"https:\\\/\\\/batijournal.com\\\/index.php\\\/bois-de-france-3-ans-et-des-projets\\\/108629\\\/#primaryimage\"},\"image\":{\"@id\":\"https:\\\/\\\/batijournal.com\\\/index.php\\\/bois-de-france-3-ans-et-des-projets\\\/108629\\\/#primaryimage\"},\"thumbnailUrl\":\"https:\\\/\\\/batijournal.com\\\/wp-content\\\/uploads\\\/2023\\\/02\\\/bois-de-combustion-scierie-bois-de-france.jpg\",\"datePublished\":\"2023-02-17T08:50:32+00:00\",\"author\":{\"@id\":\"https:\\\/\\\/batijournal.com\\\/#\\\/schema\\\/person\\\/1dc96ec6957aa1ccb25ebe78bb19f100\"},\"breadcrumb\":{\"@id\":\"https:\\\/\\\/batijournal.com\\\/index.php\\\/bois-de-france-3-ans-et-des-projets\\\/108629\\\/#breadcrumb\"},\"inLanguage\":\"fr-FR\",\"potentialAction\":[{\"@type\":\"ReadAction\",\"target\":[\"https:\\\/\\\/batijournal.com\\\/index.php\\\/bois-de-france-3-ans-et-des-projets\\\/108629\\\/\"]}]},{\"@type\":\"ImageObject\",\"inLanguage\":\"fr-FR\",\"@id\":\"https:\\\/\\\/batijournal.com\\\/index.php\\\/bois-de-france-3-ans-et-des-projets\\\/108629\\\/#primaryimage\",\"url\":\"https:\\\/\\\/batijournal.com\\\/wp-content\\\/uploads\\\/2023\\\/02\\\/bois-de-combustion-scierie-bois-de-france.jpg\",\"contentUrl\":\"https:\\\/\\\/batijournal.com\\\/wp-content\\\/uploads\\\/2023\\\/02\\\/bois-de-combustion-scierie-bois-de-france.jpg\",\"width\":1000,\"height\":613},{\"@type\":\"BreadcrumbList\",\"@id\":\"https:\\\/\\\/batijournal.com\\\/index.php\\\/bois-de-france-3-ans-et-des-projets\\\/108629\\\/#breadcrumb\",\"itemListElement\":[{\"@type\":\"ListItem\",\"position\":1,\"name\":\"Accueil\",\"item\":\"https:\\\/\\\/batijournal.com\\\/\"},{\"@type\":\"ListItem\",\"position\":2,\"name\":\"Actualit\u00e9s\",\"item\":\"https:\\\/\\\/batijournal.com\\\/index.php\\\/category\\\/actualites\\\/\"},{\"@type\":\"ListItem\",\"position\":3,\"name\":\"BOIS DE FRANCE : 3 ans et des projets !\"}]},{\"@type\":\"WebSite\",\"@id\":\"https:\\\/\\\/batijournal.com\\\/#website\",\"url\":\"https:\\\/\\\/batijournal.com\\\/\",\"name\":\"Batijournal\",\"description\":\"L&#039;actualit\u00e9 du b\u00e2timent\",\"potentialAction\":[{\"@type\":\"SearchAction\",\"target\":{\"@type\":\"EntryPoint\",\"urlTemplate\":\"https:\\\/\\\/batijournal.com\\\/?s={search_term_string}\"},\"query-input\":{\"@type\":\"PropertyValueSpecification\",\"valueRequired\":true,\"valueName\":\"search_term_string\"}}],\"inLanguage\":\"fr-FR\"},{\"@type\":\"Person\",\"@id\":\"https:\\\/\\\/batijournal.com\\\/#\\\/schema\\\/person\\\/1dc96ec6957aa1ccb25ebe78bb19f100\",\"name\":\"St\u00e9phane Miget\",\"image\":{\"@type\":\"ImageObject\",\"inLanguage\":\"fr-FR\",\"@id\":\"https:\\\/\\\/secure.gravatar.com\\\/avatar\\\/89915563d925342126b8ef0281b93d9d7fc337043e8df017f780908eb9644451?s=96&d=mm&r=g\",\"url\":\"https:\\\/\\\/secure.gravatar.com\\\/avatar\\\/89915563d925342126b8ef0281b93d9d7fc337043e8df017f780908eb9644451?s=96&d=mm&r=g\",\"contentUrl\":\"https:\\\/\\\/secure.gravatar.com\\\/avatar\\\/89915563d925342126b8ef0281b93d9d7fc337043e8df017f780908eb9644451?s=96&d=mm&r=g\",\"caption\":\"St\u00e9phane Miget\"},\"url\":\"https:\\\/\\\/batijournal.com\\\/index.php\\\/author\\\/stephane\\\/\"}]}<\/script>\n<!-- \/ Yoast SEO plugin. -->","yoast_head_json":{"title":"BOIS DE FRANCE : 3 ans et des projets !","robots":{"index":"index","follow":"follow","max-snippet":"max-snippet:-1","max-image-preview":"max-image-preview:large","max-video-preview":"max-video-preview:-1"},"canonical":"https:\/\/batijournal.com\/index.php\/bois-de-france-3-ans-et-des-projets\/108629\/","og_locale":"fr_FR","og_type":"article","og_title":"BOIS DE FRANCE : 3 ans et des projets !","og_description":"Le label BOIS DE FRANCE vient de f\u00eater ses 3 ans. De 40 entreprises engag\u00e9es en juillet 2020, il compte aujourd\u2019hui 161 entreprises, une progression qui t\u00e9moigne de leur volont\u00e9 de s\u2019engager collectivement pour garantir la p\u00e9rennit\u00e9 de la fili\u00e8re bois fran\u00e7aise. Ces entreprises couvrent une grande diversit\u00e9 de m\u00e9tiers : entreprises souhaitant valoriser leurs [&hellip;]","og_url":"https:\/\/batijournal.com\/index.php\/bois-de-france-3-ans-et-des-projets\/108629\/","og_site_name":"Batijournal","article_published_time":"2023-02-17T08:50:32+00:00","og_image":[{"width":1000,"height":613,"url":"https:\/\/batijournal.com\/wp-content\/uploads\/2023\/02\/bois-de-combustion-scierie-bois-de-france.jpg","type":"image\/jpeg"}],"author":"St\u00e9phane Miget","twitter_card":"summary_large_image","twitter_creator":"@bati_journal","twitter_site":"@bati_journal","twitter_misc":{"\u00c9crit par":"St\u00e9phane Miget","Dur\u00e9e de lecture estim\u00e9e":"1 minute"},"schema":{"@context":"https:\/\/schema.org","@graph":[{"@type":"Article","@id":"https:\/\/batijournal.com\/index.php\/bois-de-france-3-ans-et-des-projets\/108629\/#article","isPartOf":{"@id":"https:\/\/batijournal.com\/index.php\/bois-de-france-3-ans-et-des-projets\/108629\/"},"author":{"name":"St\u00e9phane Miget","@id":"https:\/\/batijournal.com\/#\/schema\/person\/1dc96ec6957aa1ccb25ebe78bb19f100"},"headline":"BOIS DE FRANCE : 3 ans et des projets !","datePublished":"2023-02-17T08:50:32+00:00","mainEntityOfPage":{"@id":"https:\/\/batijournal.com\/index.php\/bois-de-france-3-ans-et-des-projets\/108629\/"},"wordCount":295,"image":{"@id":"https:\/\/batijournal.com\/index.php\/bois-de-france-3-ans-et-des-projets\/108629\/#primaryimage"},"thumbnailUrl":"https:\/\/batijournal.com\/wp-content\/uploads\/2023\/02\/bois-de-combustion-scierie-bois-de-france.jpg","keywords":["bois de france","fili\u00e8re bois"],"articleSection":["Actualit\u00e9s","\u00c9conomie &amp; March\u00e9s","zz_Actualit\u00e9s - Woodsurfer","zz_Woodsurfer"],"inLanguage":"fr-FR"},{"@type":"WebPage","@id":"https:\/\/batijournal.com\/index.php\/bois-de-france-3-ans-et-des-projets\/108629\/","url":"https:\/\/batijournal.com\/index.php\/bois-de-france-3-ans-et-des-projets\/108629\/","name":"BOIS DE FRANCE : 3 ans et des projets !","isPartOf":{"@id":"https:\/\/batijournal.com\/#website"},"primaryImageOfPage":{"@id":"https:\/\/batijournal.com\/index.php\/bois-de-france-3-ans-et-des-projets\/108629\/#primaryimage"},"image":{"@id":"https:\/\/batijournal.com\/index.php\/bois-de-france-3-ans-et-des-projets\/108629\/#primaryimage"},"thumbnailUrl":"https:\/\/batijournal.com\/wp-content\/uploads\/2023\/02\/bois-de-combustion-scierie-bois-de-france.jpg","datePublished":"2023-02-17T08:50:32+00:00","author":{"@id":"https:\/\/batijournal.com\/#\/schema\/person\/1dc96ec6957aa1ccb25ebe78bb19f100"},"breadcrumb":{"@id":"https:\/\/batijournal.com\/index.php\/bois-de-france-3-ans-et-des-projets\/108629\/#breadcrumb"},"inLanguage":"fr-FR","potentialAction":[{"@type":"ReadAction","target":["https:\/\/batijournal.com\/index.php\/bois-de-france-3-ans-et-des-projets\/108629\/"]}]},{"@type":"ImageObject","inLanguage":"fr-FR","@id":"https:\/\/batijournal.com\/index.php\/bois-de-france-3-ans-et-des-projets\/108629\/#primaryimage","url":"https:\/\/batijournal.com\/wp-content\/uploads\/2023\/02\/bois-de-combustion-scierie-bois-de-france.jpg","contentUrl":"https:\/\/batijournal.com\/wp-content\/uploads\/2023\/02\/bois-de-combustion-scierie-bois-de-france.jpg","width":1000,"height":613},{"@type":"BreadcrumbList","@id":"https:\/\/batijournal.com\/index.php\/bois-de-france-3-ans-et-des-projets\/108629\/#breadcrumb","itemListElement":[{"@type":"ListItem","position":1,"name":"Accueil","item":"https:\/\/batijournal.com\/"},{"@type":"ListItem","position":2,"name":"Actualit\u00e9s","item":"https:\/\/batijournal.com\/index.php\/category\/actualites\/"},{"@type":"ListItem","position":3,"name":"BOIS DE FRANCE : 3 ans et des projets !"}]},{"@type":"WebSite","@id":"https:\/\/batijournal.com\/#website","url":"https:\/\/batijournal.com\/","name":"Batijournal","description":"L&#039;actualit\u00e9 du b\u00e2timent","potentialAction":[{"@type":"SearchAction","target":{"@type":"EntryPoint","urlTemplate":"https:\/\/batijournal.com\/?s={search_term_string}"},"query-input":{"@type":"PropertyValueSpecification","valueRequired":true,"valueName":"search_term_string"}}],"inLanguage":"fr-FR"},{"@type":"Person","@id":"https:\/\/batijournal.com\/#\/schema\/person\/1dc96ec6957aa1ccb25ebe78bb19f100","name":"St\u00e9phane Miget","image":{"@type":"ImageObject","inLanguage":"fr-FR","@id":"https:\/\/secure.gravatar.com\/avatar\/89915563d925342126b8ef0281b93d9d7fc337043e8df017f780908eb9644451?s=96&d=mm&r=g","url":"https:\/\/secure.gravatar.com\/avatar\/89915563d925342126b8ef0281b93d9d7fc337043e8df017f780908eb9644451?s=96&d=mm&r=g","contentUrl":"https:\/\/secure.gravatar.com\/avatar\/89915563d925342126b8ef0281b93d9d7fc337043e8df017f780908eb9644451?s=96&d=mm&r=g","caption":"St\u00e9phane Miget"},"url":"https:\/\/batijournal.com\/index.php\/author\/stephane\/"}]}},"_links":{"self":[{"href":"https:\/\/batijournal.com\/index.php\/wp-json\/wp\/v2\/posts\/108629","targetHints":{"allow":["GET"]}}],"collection":[{"href":"https:\/\/batijournal.com\/index.php\/wp-json\/wp\/v2\/posts"}],"about":[{"href":"https:\/\/batijournal.com\/index.php\/wp-json\/wp\/v2\/types\/post"}],"author":[{"embeddable":true,"href":"https:\/\/batijournal.com\/index.php\/wp-json\/wp\/v2\/users\/17"}],"replies":[{"embeddable":true,"href":"https:\/\/batijournal.com\/index.php\/wp-json\/wp\/v2\/comments?post=108629"}],"version-history":[{"count":0,"href":"https:\/\/batijournal.com\/index.php\/wp-json\/wp\/v2\/posts\/108629\/revisions"}],"wp:featuredmedia":[{"embeddable":true,"href":"https:\/\/batijournal.com\/index.php\/wp-json\/wp\/v2\/media\/108630"}],"wp:attachment":[{"href":"https:\/\/batijournal.com\/index.php\/wp-json\/wp\/v2\/media?parent=108629"}],"wp:term":[{"taxonomy":"category","embeddable":true,"href":"https:\/\/batijournal.com\/index.php\/wp-json\/wp\/v2\/categories?post=108629"},{"taxonomy":"post_tag","embeddable":true,"href":"https:\/\/batijournal.com\/index.php\/wp-json\/wp\/v2\/tags?post=108629"}],"curies":[{"name":"wp","href":"https:\/\/api.w.org\/{rel}","templated":true}]}}