{"id":108669,"date":"2023-02-27T09:03:24","date_gmt":"2023-02-27T08:03:24","guid":{"rendered":"https:\/\/batijournal.com\/?p=108669"},"modified":"2023-02-27T09:03:24","modified_gmt":"2023-02-27T08:03:24","slug":"la-federation-des-oph-propose-maprimerenovhlm","status":"publish","type":"post","link":"https:\/\/batijournal.com\/index.php\/la-federation-des-oph-propose-maprimerenovhlm\/108669\/","title":{"rendered":"La F\u00e9d\u00e9ration des OPH propose MaPrimeR\u00e9nov\u2019HLM"},"content":{"rendered":"<p>La F\u00e9d\u00e9ration des OPH vient de pr\u00e9senter ses propositions, \u00e9labor\u00e9es dans le cadre du Conseil national de la refondation (CNR) d\u00e9di\u00e9 au Logement. Elle a pris part aux trois groupes de travail (\u00ab Redonner aux Fran\u00e7ais du pouvoir d\u2019habiter \u00bb, \u00ab R\u00e9concilier les Fran\u00e7ais avec l\u2019acte de construire \u00bb, et \u00ab Le logement \u00e0 l\u2019avant-garde de la transition \u00e9nerg\u00e9tique \u00bb) a mis \u00e0 profit cette grande consultation pour attirer l\u2019attention sur deux sujets cruciaux : la d\u00e9centralisation des politiques de l\u2019habitat, et la r\u00e9novation \u00e9nerg\u00e9tique. En ce qui concerne la r\u00e9novation \u00e9nerg\u00e9tique, elle souhaiterait un partage \u00e9quitable de MaPrimeR\u00e9nov\u2019 pour pouvoir acc\u00e9l\u00e9rer les r\u00e9habilitations. De la m\u00eame mani\u00e8re que le secteur priv\u00e9 est aid\u00e9 dans ses r\u00e9novations, la FOPH propose MaPrimeR\u00e9nov\u2019HLM. \u00ab En 2022, 3,4 Mds\u20ac ont \u00e9t\u00e9 d\u00e9pens\u00e9s pour MaPrimeR\u00e9nov\u2019 ; sachant que les HLM repr\u00e9sentent 17 % des r\u00e9sidences principales, nous demandons que 17 % de ces 3,4 Mds nous soient vers\u00e9s \u00bb, pr\u00e9cise Marcel Rogemont. La FOPH propose \u00e9galement de reconna\u00eetre que les bailleurs sociaux, qui sont au service des collectivit\u00e9s et des \u00e9lus, peuvent r\u00e9pondre aux besoins des territoires au-del\u00e0 de la simple question du logement, et jouer un r\u00f4le majeur en mati\u00e8re de conseil, d\u2019am\u00e9nagement, d\u2019expertise, de d\u00e9veloppement de services et de diversification (maisons de sant\u00e9, accession \u00e0 la propri\u00e9t\u00e9, op\u00e9rations mixtes, am\u00e9nagement, habitats seniors, etc.). En ce qui concerne la massification de la r\u00e9novation, elle propose d\u2019impulser des orientations l\u00e9gislatives pour permettre aux bailleurs sociaux d\u2019intervenir pour le compte de tout syndicat de copropri\u00e9taires dans la r\u00e9alisation des travaux de r\u00e9novations \u00e9nerg\u00e9tiques, et en tant que tiers financeur. Elle voudrait aussi ajouter les \u00e9tablissements publics locaux \u00e0 la liste des op\u00e9rateurs pouvant \u00eatre Accompagnateur R\u00e9nov. Mon Accompagnateur R\u00e9nov&rsquo; est un tiers de confiance, pour un particulier, qui permet de r\u00e9aliser, en confiance, son projet de r\u00e9novation \u00e9nerg\u00e9tique performante ou globale.<\/p>\n","protected":false},"excerpt":{"rendered":"<p>La F\u00e9d\u00e9ration des OPH vient de pr\u00e9senter ses propositions, \u00e9labor\u00e9es dans le cadre du Conseil national de la refondation (CNR) d\u00e9di\u00e9 au Logement. Elle a pris part aux trois groupes de travail (\u00ab Redonner aux Fran\u00e7ais du pouvoir d\u2019habiter \u00bb, \u00ab R\u00e9concilier les Fran\u00e7ais avec l\u2019acte de construire \u00bb, et \u00ab Le logement \u00e0 l\u2019avant-garde [&hellip;]<\/p>\n","protected":false},"author":17,"featured_media":87954,"comment_status":"closed","ping_status":"closed","sticky":false,"template":"","format":"standard","meta":{"_et_pb_use_builder":"","_et_pb_old_content":"","_et_gb_content_width":"","footnotes":""},"categories":[10736,10530,6362],"tags":[1290,12942,12106,1683],"class_list":["post-108669","post","type-post","status-publish","format-standard","has-post-thumbnail","hentry","category-a-la-une","category-actualites","category-services-equipements","tag-hlm","tag-maprimerenov","tag-massification","tag-renovation-energetique"],"yoast_head":"<!-- This site is optimized with the Yoast SEO plugin v27.4 - https:\/\/yoast.com\/product\/yoast-seo-wordpress\/ -->\n<title>La F\u00e9d\u00e9ration des OPH propose MaPrimeR\u00e9nov\u2019HLM<\/title>\n<meta name=\"robots\" content=\"index, follow, max-snippet:-1, max-image-preview:large, max-video-preview:-1\" \/>\n<link rel=\"canonical\" href=\"https:\/\/batijournal.com\/index.php\/la-federation-des-oph-propose-maprimerenovhlm\/108669\/\" \/>\n<meta property=\"og:locale\" content=\"fr_FR\" \/>\n<meta property=\"og:type\" content=\"article\" \/>\n<meta property=\"og:title\" content=\"La F\u00e9d\u00e9ration des OPH propose MaPrimeR\u00e9nov\u2019HLM\" \/>\n<meta property=\"og:description\" content=\"La F\u00e9d\u00e9ration des OPH vient de pr\u00e9senter ses propositions, \u00e9labor\u00e9es dans le cadre du Conseil national de la refondation (CNR) d\u00e9di\u00e9 au Logement. Elle a pris part aux trois groupes de travail (\u00ab Redonner aux Fran\u00e7ais du pouvoir d\u2019habiter \u00bb, \u00ab R\u00e9concilier les Fran\u00e7ais avec l\u2019acte de construire \u00bb, et \u00ab Le logement \u00e0 l\u2019avant-garde [&hellip;]\" \/>\n<meta property=\"og:url\" content=\"https:\/\/batijournal.com\/index.php\/la-federation-des-oph-propose-maprimerenovhlm\/108669\/\" \/>\n<meta property=\"og:site_name\" content=\"Batijournal\" \/>\n<meta property=\"article:published_time\" content=\"2023-02-27T08:03:24+00:00\" \/>\n<meta property=\"og:image\" content=\"https:\/\/batijournal.com\/wp-content\/uploads\/2015\/06\/mouvement-hlm.jpg\" \/>\n\t<meta property=\"og:image:width\" content=\"1000\" \/>\n\t<meta property=\"og:image:height\" content=\"593\" \/>\n\t<meta property=\"og:image:type\" content=\"image\/jpeg\" \/>\n<meta name=\"author\" content=\"St\u00e9phane Miget\" \/>\n<meta name=\"twitter:card\" content=\"summary_large_image\" \/>\n<meta name=\"twitter:creator\" content=\"@bati_journal\" \/>\n<meta name=\"twitter:site\" content=\"@bati_journal\" \/>\n<meta name=\"twitter:label1\" content=\"\u00c9crit par\" \/>\n\t<meta name=\"twitter:data1\" content=\"St\u00e9phane Miget\" \/>\n\t<meta name=\"twitter:label2\" content=\"Dur\u00e9e de lecture estim\u00e9e\" \/>\n\t<meta name=\"twitter:data2\" content=\"2 minutes\" \/>\n<script type=\"application\/ld+json\" class=\"yoast-schema-graph\">{\"@context\":\"https:\\\/\\\/schema.org\",\"@graph\":[{\"@type\":\"Article\",\"@id\":\"https:\\\/\\\/batijournal.com\\\/index.php\\\/la-federation-des-oph-propose-maprimerenovhlm\\\/108669\\\/#article\",\"isPartOf\":{\"@id\":\"https:\\\/\\\/batijournal.com\\\/index.php\\\/la-federation-des-oph-propose-maprimerenovhlm\\\/108669\\\/\"},\"author\":{\"name\":\"St\u00e9phane Miget\",\"@id\":\"https:\\\/\\\/batijournal.com\\\/#\\\/schema\\\/person\\\/1dc96ec6957aa1ccb25ebe78bb19f100\"},\"headline\":\"La F\u00e9d\u00e9ration des OPH propose MaPrimeR\u00e9nov\u2019HLM\",\"datePublished\":\"2023-02-27T08:03:24+00:00\",\"mainEntityOfPage\":{\"@id\":\"https:\\\/\\\/batijournal.com\\\/index.php\\\/la-federation-des-oph-propose-maprimerenovhlm\\\/108669\\\/\"},\"wordCount\":356,\"image\":{\"@id\":\"https:\\\/\\\/batijournal.com\\\/index.php\\\/la-federation-des-oph-propose-maprimerenovhlm\\\/108669\\\/#primaryimage\"},\"thumbnailUrl\":\"https:\\\/\\\/batijournal.com\\\/wp-content\\\/uploads\\\/2015\\\/06\\\/mouvement-hlm.jpg\",\"keywords\":[\"HLM\",\"MaPrimeRenov\",\"massification\",\"renovation energetique\"],\"articleSection\":[\"A la Une\",\"Actualit\u00e9s\",\"Divers\"],\"inLanguage\":\"fr-FR\"},{\"@type\":\"WebPage\",\"@id\":\"https:\\\/\\\/batijournal.com\\\/index.php\\\/la-federation-des-oph-propose-maprimerenovhlm\\\/108669\\\/\",\"url\":\"https:\\\/\\\/batijournal.com\\\/index.php\\\/la-federation-des-oph-propose-maprimerenovhlm\\\/108669\\\/\",\"name\":\"La F\u00e9d\u00e9ration des OPH propose MaPrimeR\u00e9nov\u2019HLM\",\"isPartOf\":{\"@id\":\"https:\\\/\\\/batijournal.com\\\/#website\"},\"primaryImageOfPage\":{\"@id\":\"https:\\\/\\\/batijournal.com\\\/index.php\\\/la-federation-des-oph-propose-maprimerenovhlm\\\/108669\\\/#primaryimage\"},\"image\":{\"@id\":\"https:\\\/\\\/batijournal.com\\\/index.php\\\/la-federation-des-oph-propose-maprimerenovhlm\\\/108669\\\/#primaryimage\"},\"thumbnailUrl\":\"https:\\\/\\\/batijournal.com\\\/wp-content\\\/uploads\\\/2015\\\/06\\\/mouvement-hlm.jpg\",\"datePublished\":\"2023-02-27T08:03:24+00:00\",\"author\":{\"@id\":\"https:\\\/\\\/batijournal.com\\\/#\\\/schema\\\/person\\\/1dc96ec6957aa1ccb25ebe78bb19f100\"},\"breadcrumb\":{\"@id\":\"https:\\\/\\\/batijournal.com\\\/index.php\\\/la-federation-des-oph-propose-maprimerenovhlm\\\/108669\\\/#breadcrumb\"},\"inLanguage\":\"fr-FR\",\"potentialAction\":[{\"@type\":\"ReadAction\",\"target\":[\"https:\\\/\\\/batijournal.com\\\/index.php\\\/la-federation-des-oph-propose-maprimerenovhlm\\\/108669\\\/\"]}]},{\"@type\":\"ImageObject\",\"inLanguage\":\"fr-FR\",\"@id\":\"https:\\\/\\\/batijournal.com\\\/index.php\\\/la-federation-des-oph-propose-maprimerenovhlm\\\/108669\\\/#primaryimage\",\"url\":\"https:\\\/\\\/batijournal.com\\\/wp-content\\\/uploads\\\/2015\\\/06\\\/mouvement-hlm.jpg\",\"contentUrl\":\"https:\\\/\\\/batijournal.com\\\/wp-content\\\/uploads\\\/2015\\\/06\\\/mouvement-hlm.jpg\",\"width\":1000,\"height\":593,\"caption\":\"Offices Publics de l Habitat\"},{\"@type\":\"BreadcrumbList\",\"@id\":\"https:\\\/\\\/batijournal.com\\\/index.php\\\/la-federation-des-oph-propose-maprimerenovhlm\\\/108669\\\/#breadcrumb\",\"itemListElement\":[{\"@type\":\"ListItem\",\"position\":1,\"name\":\"Accueil\",\"item\":\"https:\\\/\\\/batijournal.com\\\/\"},{\"@type\":\"ListItem\",\"position\":2,\"name\":\"Actualit\u00e9s\",\"item\":\"https:\\\/\\\/batijournal.com\\\/index.php\\\/category\\\/actualites\\\/\"},{\"@type\":\"ListItem\",\"position\":3,\"name\":\"La F\u00e9d\u00e9ration des OPH propose MaPrimeR\u00e9nov\u2019HLM\"}]},{\"@type\":\"WebSite\",\"@id\":\"https:\\\/\\\/batijournal.com\\\/#website\",\"url\":\"https:\\\/\\\/batijournal.com\\\/\",\"name\":\"Batijournal\",\"description\":\"L&#039;actualit\u00e9 du b\u00e2timent\",\"potentialAction\":[{\"@type\":\"SearchAction\",\"target\":{\"@type\":\"EntryPoint\",\"urlTemplate\":\"https:\\\/\\\/batijournal.com\\\/?s={search_term_string}\"},\"query-input\":{\"@type\":\"PropertyValueSpecification\",\"valueRequired\":true,\"valueName\":\"search_term_string\"}}],\"inLanguage\":\"fr-FR\"},{\"@type\":\"Person\",\"@id\":\"https:\\\/\\\/batijournal.com\\\/#\\\/schema\\\/person\\\/1dc96ec6957aa1ccb25ebe78bb19f100\",\"name\":\"St\u00e9phane Miget\",\"image\":{\"@type\":\"ImageObject\",\"inLanguage\":\"fr-FR\",\"@id\":\"https:\\\/\\\/secure.gravatar.com\\\/avatar\\\/89915563d925342126b8ef0281b93d9d7fc337043e8df017f780908eb9644451?s=96&d=mm&r=g\",\"url\":\"https:\\\/\\\/secure.gravatar.com\\\/avatar\\\/89915563d925342126b8ef0281b93d9d7fc337043e8df017f780908eb9644451?s=96&d=mm&r=g\",\"contentUrl\":\"https:\\\/\\\/secure.gravatar.com\\\/avatar\\\/89915563d925342126b8ef0281b93d9d7fc337043e8df017f780908eb9644451?s=96&d=mm&r=g\",\"caption\":\"St\u00e9phane Miget\"},\"url\":\"https:\\\/\\\/batijournal.com\\\/index.php\\\/author\\\/stephane\\\/\"}]}<\/script>\n<!-- \/ Yoast SEO plugin. -->","yoast_head_json":{"title":"La F\u00e9d\u00e9ration des OPH propose MaPrimeR\u00e9nov\u2019HLM","robots":{"index":"index","follow":"follow","max-snippet":"max-snippet:-1","max-image-preview":"max-image-preview:large","max-video-preview":"max-video-preview:-1"},"canonical":"https:\/\/batijournal.com\/index.php\/la-federation-des-oph-propose-maprimerenovhlm\/108669\/","og_locale":"fr_FR","og_type":"article","og_title":"La F\u00e9d\u00e9ration des OPH propose MaPrimeR\u00e9nov\u2019HLM","og_description":"La F\u00e9d\u00e9ration des OPH vient de pr\u00e9senter ses propositions, \u00e9labor\u00e9es dans le cadre du Conseil national de la refondation (CNR) d\u00e9di\u00e9 au Logement. Elle a pris part aux trois groupes de travail (\u00ab Redonner aux Fran\u00e7ais du pouvoir d\u2019habiter \u00bb, \u00ab R\u00e9concilier les Fran\u00e7ais avec l\u2019acte de construire \u00bb, et \u00ab Le logement \u00e0 l\u2019avant-garde [&hellip;]","og_url":"https:\/\/batijournal.com\/index.php\/la-federation-des-oph-propose-maprimerenovhlm\/108669\/","og_site_name":"Batijournal","article_published_time":"2023-02-27T08:03:24+00:00","og_image":[{"width":1000,"height":593,"url":"https:\/\/batijournal.com\/wp-content\/uploads\/2015\/06\/mouvement-hlm.jpg","type":"image\/jpeg"}],"author":"St\u00e9phane Miget","twitter_card":"summary_large_image","twitter_creator":"@bati_journal","twitter_site":"@bati_journal","twitter_misc":{"\u00c9crit par":"St\u00e9phane Miget","Dur\u00e9e de lecture estim\u00e9e":"2 minutes"},"schema":{"@context":"https:\/\/schema.org","@graph":[{"@type":"Article","@id":"https:\/\/batijournal.com\/index.php\/la-federation-des-oph-propose-maprimerenovhlm\/108669\/#article","isPartOf":{"@id":"https:\/\/batijournal.com\/index.php\/la-federation-des-oph-propose-maprimerenovhlm\/108669\/"},"author":{"name":"St\u00e9phane Miget","@id":"https:\/\/batijournal.com\/#\/schema\/person\/1dc96ec6957aa1ccb25ebe78bb19f100"},"headline":"La F\u00e9d\u00e9ration des OPH propose MaPrimeR\u00e9nov\u2019HLM","datePublished":"2023-02-27T08:03:24+00:00","mainEntityOfPage":{"@id":"https:\/\/batijournal.com\/index.php\/la-federation-des-oph-propose-maprimerenovhlm\/108669\/"},"wordCount":356,"image":{"@id":"https:\/\/batijournal.com\/index.php\/la-federation-des-oph-propose-maprimerenovhlm\/108669\/#primaryimage"},"thumbnailUrl":"https:\/\/batijournal.com\/wp-content\/uploads\/2015\/06\/mouvement-hlm.jpg","keywords":["HLM","MaPrimeRenov","massification","renovation energetique"],"articleSection":["A la Une","Actualit\u00e9s","Divers"],"inLanguage":"fr-FR"},{"@type":"WebPage","@id":"https:\/\/batijournal.com\/index.php\/la-federation-des-oph-propose-maprimerenovhlm\/108669\/","url":"https:\/\/batijournal.com\/index.php\/la-federation-des-oph-propose-maprimerenovhlm\/108669\/","name":"La F\u00e9d\u00e9ration des OPH propose MaPrimeR\u00e9nov\u2019HLM","isPartOf":{"@id":"https:\/\/batijournal.com\/#website"},"primaryImageOfPage":{"@id":"https:\/\/batijournal.com\/index.php\/la-federation-des-oph-propose-maprimerenovhlm\/108669\/#primaryimage"},"image":{"@id":"https:\/\/batijournal.com\/index.php\/la-federation-des-oph-propose-maprimerenovhlm\/108669\/#primaryimage"},"thumbnailUrl":"https:\/\/batijournal.com\/wp-content\/uploads\/2015\/06\/mouvement-hlm.jpg","datePublished":"2023-02-27T08:03:24+00:00","author":{"@id":"https:\/\/batijournal.com\/#\/schema\/person\/1dc96ec6957aa1ccb25ebe78bb19f100"},"breadcrumb":{"@id":"https:\/\/batijournal.com\/index.php\/la-federation-des-oph-propose-maprimerenovhlm\/108669\/#breadcrumb"},"inLanguage":"fr-FR","potentialAction":[{"@type":"ReadAction","target":["https:\/\/batijournal.com\/index.php\/la-federation-des-oph-propose-maprimerenovhlm\/108669\/"]}]},{"@type":"ImageObject","inLanguage":"fr-FR","@id":"https:\/\/batijournal.com\/index.php\/la-federation-des-oph-propose-maprimerenovhlm\/108669\/#primaryimage","url":"https:\/\/batijournal.com\/wp-content\/uploads\/2015\/06\/mouvement-hlm.jpg","contentUrl":"https:\/\/batijournal.com\/wp-content\/uploads\/2015\/06\/mouvement-hlm.jpg","width":1000,"height":593,"caption":"Offices Publics de l Habitat"},{"@type":"BreadcrumbList","@id":"https:\/\/batijournal.com\/index.php\/la-federation-des-oph-propose-maprimerenovhlm\/108669\/#breadcrumb","itemListElement":[{"@type":"ListItem","position":1,"name":"Accueil","item":"https:\/\/batijournal.com\/"},{"@type":"ListItem","position":2,"name":"Actualit\u00e9s","item":"https:\/\/batijournal.com\/index.php\/category\/actualites\/"},{"@type":"ListItem","position":3,"name":"La F\u00e9d\u00e9ration des OPH propose MaPrimeR\u00e9nov\u2019HLM"}]},{"@type":"WebSite","@id":"https:\/\/batijournal.com\/#website","url":"https:\/\/batijournal.com\/","name":"Batijournal","description":"L&#039;actualit\u00e9 du b\u00e2timent","potentialAction":[{"@type":"SearchAction","target":{"@type":"EntryPoint","urlTemplate":"https:\/\/batijournal.com\/?s={search_term_string}"},"query-input":{"@type":"PropertyValueSpecification","valueRequired":true,"valueName":"search_term_string"}}],"inLanguage":"fr-FR"},{"@type":"Person","@id":"https:\/\/batijournal.com\/#\/schema\/person\/1dc96ec6957aa1ccb25ebe78bb19f100","name":"St\u00e9phane Miget","image":{"@type":"ImageObject","inLanguage":"fr-FR","@id":"https:\/\/secure.gravatar.com\/avatar\/89915563d925342126b8ef0281b93d9d7fc337043e8df017f780908eb9644451?s=96&d=mm&r=g","url":"https:\/\/secure.gravatar.com\/avatar\/89915563d925342126b8ef0281b93d9d7fc337043e8df017f780908eb9644451?s=96&d=mm&r=g","contentUrl":"https:\/\/secure.gravatar.com\/avatar\/89915563d925342126b8ef0281b93d9d7fc337043e8df017f780908eb9644451?s=96&d=mm&r=g","caption":"St\u00e9phane Miget"},"url":"https:\/\/batijournal.com\/index.php\/author\/stephane\/"}]}},"_links":{"self":[{"href":"https:\/\/batijournal.com\/index.php\/wp-json\/wp\/v2\/posts\/108669","targetHints":{"allow":["GET"]}}],"collection":[{"href":"https:\/\/batijournal.com\/index.php\/wp-json\/wp\/v2\/posts"}],"about":[{"href":"https:\/\/batijournal.com\/index.php\/wp-json\/wp\/v2\/types\/post"}],"author":[{"embeddable":true,"href":"https:\/\/batijournal.com\/index.php\/wp-json\/wp\/v2\/users\/17"}],"replies":[{"embeddable":true,"href":"https:\/\/batijournal.com\/index.php\/wp-json\/wp\/v2\/comments?post=108669"}],"version-history":[{"count":0,"href":"https:\/\/batijournal.com\/index.php\/wp-json\/wp\/v2\/posts\/108669\/revisions"}],"wp:featuredmedia":[{"embeddable":true,"href":"https:\/\/batijournal.com\/index.php\/wp-json\/wp\/v2\/media\/87954"}],"wp:attachment":[{"href":"https:\/\/batijournal.com\/index.php\/wp-json\/wp\/v2\/media?parent=108669"}],"wp:term":[{"taxonomy":"category","embeddable":true,"href":"https:\/\/batijournal.com\/index.php\/wp-json\/wp\/v2\/categories?post=108669"},{"taxonomy":"post_tag","embeddable":true,"href":"https:\/\/batijournal.com\/index.php\/wp-json\/wp\/v2\/tags?post=108669"}],"curies":[{"name":"wp","href":"https:\/\/api.w.org\/{rel}","templated":true}]}}