{"id":108728,"date":"2023-03-20T11:10:11","date_gmt":"2023-03-20T10:10:11","guid":{"rendered":"https:\/\/batijournal.com\/?p=108728"},"modified":"2023-03-20T11:10:11","modified_gmt":"2023-03-20T10:10:11","slug":"olivier-salleron-reelu-president-de-la-ffb","status":"publish","type":"post","link":"https:\/\/batijournal.com\/index.php\/olivier-salleron-reelu-president-de-la-ffb\/108728\/","title":{"rendered":"Olivier Salleron r\u00e9\u00e9lu pr\u00e9sident de la FFB"},"content":{"rendered":"<p>Olivier Salleron a \u00e9t\u00e9 r\u00e9\u00e9lu pr\u00e9sident de la FFB pour un second mandat de trois ans, lors du Conseil d\u2019Administration de la FFB du 17 mars 2023. Le large soutien obtenu \u00e0 l\u2019occasion de ce vote renforce sa d\u00e9termination \u00e0 poursuivre son combat pour d\u00e9fendre les artisans et entrepreneurs dans une p\u00e9riode de fortes turbulences. Il agira notamment de d\u00e9velopper les march\u00e9s de la construction neuve et la r\u00e9novation, en accompagnant les transformations issues du num\u00e9rique et de la transition \u00e9cologique ; d&rsquo;am\u00e9liorer la performance et la comp\u00e9titivit\u00e9 des entreprises fragilis\u00e9es par les crises successives\u00a0;<br \/>\nde renforcer le r\u00e9seau de la FFB au service des adh\u00e9rents en s\u2019appuyant sur les valeurs fortes de solidarit\u00e9, de sens du collectif et d\u2019efficacit\u00e9\u00a0et de consolider et \u00e9largir l\u2019influence du b\u00e2timent et de la FFB au sein de la fili\u00e8re de la construction.<\/p>\n","protected":false},"excerpt":{"rendered":"<p>Olivier Salleron a \u00e9t\u00e9 r\u00e9\u00e9lu pr\u00e9sident de la FFB pour un second mandat de trois ans, lors du Conseil d\u2019Administration de la FFB du 17 mars 2023. Le large soutien obtenu \u00e0 l\u2019occasion de ce vote renforce sa d\u00e9termination \u00e0 poursuivre son combat pour d\u00e9fendre les artisans et entrepreneurs dans une p\u00e9riode de fortes turbulences. [&hellip;]<\/p>\n","protected":false},"author":17,"featured_media":103980,"comment_status":"closed","ping_status":"closed","sticky":false,"template":"","format":"standard","meta":{"_et_pb_use_builder":"","_et_pb_old_content":"","_et_gb_content_width":"","footnotes":""},"categories":[10530,6362],"tags":[373],"class_list":["post-108728","post","type-post","status-publish","format-standard","has-post-thumbnail","hentry","category-actualites","category-services-equipements","tag-ffb"],"yoast_head":"<!-- This site is optimized with the Yoast SEO plugin v27.4 - https:\/\/yoast.com\/product\/yoast-seo-wordpress\/ -->\n<title>Olivier Salleron r\u00e9\u00e9lu pr\u00e9sident de la FFB<\/title>\n<meta name=\"robots\" content=\"index, follow, max-snippet:-1, max-image-preview:large, max-video-preview:-1\" \/>\n<link rel=\"canonical\" href=\"https:\/\/batijournal.com\/index.php\/olivier-salleron-reelu-president-de-la-ffb\/108728\/\" \/>\n<meta property=\"og:locale\" content=\"fr_FR\" \/>\n<meta property=\"og:type\" content=\"article\" \/>\n<meta property=\"og:title\" content=\"Olivier Salleron r\u00e9\u00e9lu pr\u00e9sident de la FFB\" \/>\n<meta property=\"og:description\" content=\"Olivier Salleron a \u00e9t\u00e9 r\u00e9\u00e9lu pr\u00e9sident de la FFB pour un second mandat de trois ans, lors du Conseil d\u2019Administration de la FFB du 17 mars 2023. Le large soutien obtenu \u00e0 l\u2019occasion de ce vote renforce sa d\u00e9termination \u00e0 poursuivre son combat pour d\u00e9fendre les artisans et entrepreneurs dans une p\u00e9riode de fortes turbulences. [&hellip;]\" \/>\n<meta property=\"og:url\" content=\"https:\/\/batijournal.com\/index.php\/olivier-salleron-reelu-president-de-la-ffb\/108728\/\" \/>\n<meta property=\"og:site_name\" content=\"Batijournal\" \/>\n<meta property=\"article:published_time\" content=\"2023-03-20T10:10:11+00:00\" \/>\n<meta property=\"og:image\" content=\"https:\/\/batijournal.com\/wp-content\/uploads\/2020\/03\/FFB_Olivier_SALLERON_nouveau-president.jpg\" \/>\n\t<meta property=\"og:image:width\" content=\"1181\" \/>\n\t<meta property=\"og:image:height\" content=\"694\" \/>\n\t<meta property=\"og:image:type\" content=\"image\/jpeg\" \/>\n<meta name=\"author\" content=\"St\u00e9phane Miget\" \/>\n<meta name=\"twitter:card\" content=\"summary_large_image\" \/>\n<meta name=\"twitter:creator\" content=\"@bati_journal\" \/>\n<meta name=\"twitter:site\" content=\"@bati_journal\" \/>\n<meta name=\"twitter:label1\" content=\"\u00c9crit par\" \/>\n\t<meta name=\"twitter:data1\" content=\"St\u00e9phane Miget\" \/>\n\t<meta name=\"twitter:label2\" content=\"Dur\u00e9e de lecture estim\u00e9e\" \/>\n\t<meta name=\"twitter:data2\" content=\"1 minute\" \/>\n<script type=\"application\/ld+json\" class=\"yoast-schema-graph\">{\"@context\":\"https:\\\/\\\/schema.org\",\"@graph\":[{\"@type\":\"Article\",\"@id\":\"https:\\\/\\\/batijournal.com\\\/index.php\\\/olivier-salleron-reelu-president-de-la-ffb\\\/108728\\\/#article\",\"isPartOf\":{\"@id\":\"https:\\\/\\\/batijournal.com\\\/index.php\\\/olivier-salleron-reelu-president-de-la-ffb\\\/108728\\\/\"},\"author\":{\"name\":\"St\u00e9phane Miget\",\"@id\":\"https:\\\/\\\/batijournal.com\\\/#\\\/schema\\\/person\\\/1dc96ec6957aa1ccb25ebe78bb19f100\"},\"headline\":\"Olivier Salleron r\u00e9\u00e9lu pr\u00e9sident de la FFB\",\"datePublished\":\"2023-03-20T10:10:11+00:00\",\"mainEntityOfPage\":{\"@id\":\"https:\\\/\\\/batijournal.com\\\/index.php\\\/olivier-salleron-reelu-president-de-la-ffb\\\/108728\\\/\"},\"wordCount\":166,\"image\":{\"@id\":\"https:\\\/\\\/batijournal.com\\\/index.php\\\/olivier-salleron-reelu-president-de-la-ffb\\\/108728\\\/#primaryimage\"},\"thumbnailUrl\":\"https:\\\/\\\/batijournal.com\\\/wp-content\\\/uploads\\\/2020\\\/03\\\/FFB_Olivier_SALLERON_nouveau-president.jpg\",\"keywords\":[\"ffb\"],\"articleSection\":[\"Actualit\u00e9s\",\"Divers\"],\"inLanguage\":\"fr-FR\"},{\"@type\":\"WebPage\",\"@id\":\"https:\\\/\\\/batijournal.com\\\/index.php\\\/olivier-salleron-reelu-president-de-la-ffb\\\/108728\\\/\",\"url\":\"https:\\\/\\\/batijournal.com\\\/index.php\\\/olivier-salleron-reelu-president-de-la-ffb\\\/108728\\\/\",\"name\":\"Olivier Salleron r\u00e9\u00e9lu pr\u00e9sident de la FFB\",\"isPartOf\":{\"@id\":\"https:\\\/\\\/batijournal.com\\\/#website\"},\"primaryImageOfPage\":{\"@id\":\"https:\\\/\\\/batijournal.com\\\/index.php\\\/olivier-salleron-reelu-president-de-la-ffb\\\/108728\\\/#primaryimage\"},\"image\":{\"@id\":\"https:\\\/\\\/batijournal.com\\\/index.php\\\/olivier-salleron-reelu-president-de-la-ffb\\\/108728\\\/#primaryimage\"},\"thumbnailUrl\":\"https:\\\/\\\/batijournal.com\\\/wp-content\\\/uploads\\\/2020\\\/03\\\/FFB_Olivier_SALLERON_nouveau-president.jpg\",\"datePublished\":\"2023-03-20T10:10:11+00:00\",\"author\":{\"@id\":\"https:\\\/\\\/batijournal.com\\\/#\\\/schema\\\/person\\\/1dc96ec6957aa1ccb25ebe78bb19f100\"},\"breadcrumb\":{\"@id\":\"https:\\\/\\\/batijournal.com\\\/index.php\\\/olivier-salleron-reelu-president-de-la-ffb\\\/108728\\\/#breadcrumb\"},\"inLanguage\":\"fr-FR\",\"potentialAction\":[{\"@type\":\"ReadAction\",\"target\":[\"https:\\\/\\\/batijournal.com\\\/index.php\\\/olivier-salleron-reelu-president-de-la-ffb\\\/108728\\\/\"]}]},{\"@type\":\"ImageObject\",\"inLanguage\":\"fr-FR\",\"@id\":\"https:\\\/\\\/batijournal.com\\\/index.php\\\/olivier-salleron-reelu-president-de-la-ffb\\\/108728\\\/#primaryimage\",\"url\":\"https:\\\/\\\/batijournal.com\\\/wp-content\\\/uploads\\\/2020\\\/03\\\/FFB_Olivier_SALLERON_nouveau-president.jpg\",\"contentUrl\":\"https:\\\/\\\/batijournal.com\\\/wp-content\\\/uploads\\\/2020\\\/03\\\/FFB_Olivier_SALLERON_nouveau-president.jpg\",\"width\":1181,\"height\":694},{\"@type\":\"BreadcrumbList\",\"@id\":\"https:\\\/\\\/batijournal.com\\\/index.php\\\/olivier-salleron-reelu-president-de-la-ffb\\\/108728\\\/#breadcrumb\",\"itemListElement\":[{\"@type\":\"ListItem\",\"position\":1,\"name\":\"Accueil\",\"item\":\"https:\\\/\\\/batijournal.com\\\/\"},{\"@type\":\"ListItem\",\"position\":2,\"name\":\"Actualit\u00e9s\",\"item\":\"https:\\\/\\\/batijournal.com\\\/index.php\\\/category\\\/actualites\\\/\"},{\"@type\":\"ListItem\",\"position\":3,\"name\":\"Olivier Salleron r\u00e9\u00e9lu pr\u00e9sident de la FFB\"}]},{\"@type\":\"WebSite\",\"@id\":\"https:\\\/\\\/batijournal.com\\\/#website\",\"url\":\"https:\\\/\\\/batijournal.com\\\/\",\"name\":\"Batijournal\",\"description\":\"L&#039;actualit\u00e9 du b\u00e2timent\",\"potentialAction\":[{\"@type\":\"SearchAction\",\"target\":{\"@type\":\"EntryPoint\",\"urlTemplate\":\"https:\\\/\\\/batijournal.com\\\/?s={search_term_string}\"},\"query-input\":{\"@type\":\"PropertyValueSpecification\",\"valueRequired\":true,\"valueName\":\"search_term_string\"}}],\"inLanguage\":\"fr-FR\"},{\"@type\":\"Person\",\"@id\":\"https:\\\/\\\/batijournal.com\\\/#\\\/schema\\\/person\\\/1dc96ec6957aa1ccb25ebe78bb19f100\",\"name\":\"St\u00e9phane Miget\",\"image\":{\"@type\":\"ImageObject\",\"inLanguage\":\"fr-FR\",\"@id\":\"https:\\\/\\\/secure.gravatar.com\\\/avatar\\\/89915563d925342126b8ef0281b93d9d7fc337043e8df017f780908eb9644451?s=96&d=mm&r=g\",\"url\":\"https:\\\/\\\/secure.gravatar.com\\\/avatar\\\/89915563d925342126b8ef0281b93d9d7fc337043e8df017f780908eb9644451?s=96&d=mm&r=g\",\"contentUrl\":\"https:\\\/\\\/secure.gravatar.com\\\/avatar\\\/89915563d925342126b8ef0281b93d9d7fc337043e8df017f780908eb9644451?s=96&d=mm&r=g\",\"caption\":\"St\u00e9phane Miget\"},\"url\":\"https:\\\/\\\/batijournal.com\\\/index.php\\\/author\\\/stephane\\\/\"}]}<\/script>\n<!-- \/ Yoast SEO plugin. -->","yoast_head_json":{"title":"Olivier Salleron r\u00e9\u00e9lu pr\u00e9sident de la FFB","robots":{"index":"index","follow":"follow","max-snippet":"max-snippet:-1","max-image-preview":"max-image-preview:large","max-video-preview":"max-video-preview:-1"},"canonical":"https:\/\/batijournal.com\/index.php\/olivier-salleron-reelu-president-de-la-ffb\/108728\/","og_locale":"fr_FR","og_type":"article","og_title":"Olivier Salleron r\u00e9\u00e9lu pr\u00e9sident de la FFB","og_description":"Olivier Salleron a \u00e9t\u00e9 r\u00e9\u00e9lu pr\u00e9sident de la FFB pour un second mandat de trois ans, lors du Conseil d\u2019Administration de la FFB du 17 mars 2023. Le large soutien obtenu \u00e0 l\u2019occasion de ce vote renforce sa d\u00e9termination \u00e0 poursuivre son combat pour d\u00e9fendre les artisans et entrepreneurs dans une p\u00e9riode de fortes turbulences. [&hellip;]","og_url":"https:\/\/batijournal.com\/index.php\/olivier-salleron-reelu-president-de-la-ffb\/108728\/","og_site_name":"Batijournal","article_published_time":"2023-03-20T10:10:11+00:00","og_image":[{"width":1181,"height":694,"url":"https:\/\/batijournal.com\/wp-content\/uploads\/2020\/03\/FFB_Olivier_SALLERON_nouveau-president.jpg","type":"image\/jpeg"}],"author":"St\u00e9phane Miget","twitter_card":"summary_large_image","twitter_creator":"@bati_journal","twitter_site":"@bati_journal","twitter_misc":{"\u00c9crit par":"St\u00e9phane Miget","Dur\u00e9e de lecture estim\u00e9e":"1 minute"},"schema":{"@context":"https:\/\/schema.org","@graph":[{"@type":"Article","@id":"https:\/\/batijournal.com\/index.php\/olivier-salleron-reelu-president-de-la-ffb\/108728\/#article","isPartOf":{"@id":"https:\/\/batijournal.com\/index.php\/olivier-salleron-reelu-president-de-la-ffb\/108728\/"},"author":{"name":"St\u00e9phane Miget","@id":"https:\/\/batijournal.com\/#\/schema\/person\/1dc96ec6957aa1ccb25ebe78bb19f100"},"headline":"Olivier Salleron r\u00e9\u00e9lu pr\u00e9sident de la FFB","datePublished":"2023-03-20T10:10:11+00:00","mainEntityOfPage":{"@id":"https:\/\/batijournal.com\/index.php\/olivier-salleron-reelu-president-de-la-ffb\/108728\/"},"wordCount":166,"image":{"@id":"https:\/\/batijournal.com\/index.php\/olivier-salleron-reelu-president-de-la-ffb\/108728\/#primaryimage"},"thumbnailUrl":"https:\/\/batijournal.com\/wp-content\/uploads\/2020\/03\/FFB_Olivier_SALLERON_nouveau-president.jpg","keywords":["ffb"],"articleSection":["Actualit\u00e9s","Divers"],"inLanguage":"fr-FR"},{"@type":"WebPage","@id":"https:\/\/batijournal.com\/index.php\/olivier-salleron-reelu-president-de-la-ffb\/108728\/","url":"https:\/\/batijournal.com\/index.php\/olivier-salleron-reelu-president-de-la-ffb\/108728\/","name":"Olivier Salleron r\u00e9\u00e9lu pr\u00e9sident de la FFB","isPartOf":{"@id":"https:\/\/batijournal.com\/#website"},"primaryImageOfPage":{"@id":"https:\/\/batijournal.com\/index.php\/olivier-salleron-reelu-president-de-la-ffb\/108728\/#primaryimage"},"image":{"@id":"https:\/\/batijournal.com\/index.php\/olivier-salleron-reelu-president-de-la-ffb\/108728\/#primaryimage"},"thumbnailUrl":"https:\/\/batijournal.com\/wp-content\/uploads\/2020\/03\/FFB_Olivier_SALLERON_nouveau-president.jpg","datePublished":"2023-03-20T10:10:11+00:00","author":{"@id":"https:\/\/batijournal.com\/#\/schema\/person\/1dc96ec6957aa1ccb25ebe78bb19f100"},"breadcrumb":{"@id":"https:\/\/batijournal.com\/index.php\/olivier-salleron-reelu-president-de-la-ffb\/108728\/#breadcrumb"},"inLanguage":"fr-FR","potentialAction":[{"@type":"ReadAction","target":["https:\/\/batijournal.com\/index.php\/olivier-salleron-reelu-president-de-la-ffb\/108728\/"]}]},{"@type":"ImageObject","inLanguage":"fr-FR","@id":"https:\/\/batijournal.com\/index.php\/olivier-salleron-reelu-president-de-la-ffb\/108728\/#primaryimage","url":"https:\/\/batijournal.com\/wp-content\/uploads\/2020\/03\/FFB_Olivier_SALLERON_nouveau-president.jpg","contentUrl":"https:\/\/batijournal.com\/wp-content\/uploads\/2020\/03\/FFB_Olivier_SALLERON_nouveau-president.jpg","width":1181,"height":694},{"@type":"BreadcrumbList","@id":"https:\/\/batijournal.com\/index.php\/olivier-salleron-reelu-president-de-la-ffb\/108728\/#breadcrumb","itemListElement":[{"@type":"ListItem","position":1,"name":"Accueil","item":"https:\/\/batijournal.com\/"},{"@type":"ListItem","position":2,"name":"Actualit\u00e9s","item":"https:\/\/batijournal.com\/index.php\/category\/actualites\/"},{"@type":"ListItem","position":3,"name":"Olivier Salleron r\u00e9\u00e9lu pr\u00e9sident de la FFB"}]},{"@type":"WebSite","@id":"https:\/\/batijournal.com\/#website","url":"https:\/\/batijournal.com\/","name":"Batijournal","description":"L&#039;actualit\u00e9 du b\u00e2timent","potentialAction":[{"@type":"SearchAction","target":{"@type":"EntryPoint","urlTemplate":"https:\/\/batijournal.com\/?s={search_term_string}"},"query-input":{"@type":"PropertyValueSpecification","valueRequired":true,"valueName":"search_term_string"}}],"inLanguage":"fr-FR"},{"@type":"Person","@id":"https:\/\/batijournal.com\/#\/schema\/person\/1dc96ec6957aa1ccb25ebe78bb19f100","name":"St\u00e9phane Miget","image":{"@type":"ImageObject","inLanguage":"fr-FR","@id":"https:\/\/secure.gravatar.com\/avatar\/89915563d925342126b8ef0281b93d9d7fc337043e8df017f780908eb9644451?s=96&d=mm&r=g","url":"https:\/\/secure.gravatar.com\/avatar\/89915563d925342126b8ef0281b93d9d7fc337043e8df017f780908eb9644451?s=96&d=mm&r=g","contentUrl":"https:\/\/secure.gravatar.com\/avatar\/89915563d925342126b8ef0281b93d9d7fc337043e8df017f780908eb9644451?s=96&d=mm&r=g","caption":"St\u00e9phane Miget"},"url":"https:\/\/batijournal.com\/index.php\/author\/stephane\/"}]}},"_links":{"self":[{"href":"https:\/\/batijournal.com\/index.php\/wp-json\/wp\/v2\/posts\/108728","targetHints":{"allow":["GET"]}}],"collection":[{"href":"https:\/\/batijournal.com\/index.php\/wp-json\/wp\/v2\/posts"}],"about":[{"href":"https:\/\/batijournal.com\/index.php\/wp-json\/wp\/v2\/types\/post"}],"author":[{"embeddable":true,"href":"https:\/\/batijournal.com\/index.php\/wp-json\/wp\/v2\/users\/17"}],"replies":[{"embeddable":true,"href":"https:\/\/batijournal.com\/index.php\/wp-json\/wp\/v2\/comments?post=108728"}],"version-history":[{"count":0,"href":"https:\/\/batijournal.com\/index.php\/wp-json\/wp\/v2\/posts\/108728\/revisions"}],"wp:featuredmedia":[{"embeddable":true,"href":"https:\/\/batijournal.com\/index.php\/wp-json\/wp\/v2\/media\/103980"}],"wp:attachment":[{"href":"https:\/\/batijournal.com\/index.php\/wp-json\/wp\/v2\/media?parent=108728"}],"wp:term":[{"taxonomy":"category","embeddable":true,"href":"https:\/\/batijournal.com\/index.php\/wp-json\/wp\/v2\/categories?post=108728"},{"taxonomy":"post_tag","embeddable":true,"href":"https:\/\/batijournal.com\/index.php\/wp-json\/wp\/v2\/tags?post=108728"}],"curies":[{"name":"wp","href":"https:\/\/api.w.org\/{rel}","templated":true}]}}