{"id":108768,"date":"2023-03-31T11:18:20","date_gmt":"2023-03-31T09:18:20","guid":{"rendered":"https:\/\/batijournal.com\/?p=108768"},"modified":"2023-03-31T11:18:20","modified_gmt":"2023-03-31T09:18:20","slug":"la-drac-provence-alpes-cote-dazur-sinteresse-a-la-transition-ecologique","status":"publish","type":"post","link":"https:\/\/batijournal.com\/index.php\/la-drac-provence-alpes-cote-dazur-sinteresse-a-la-transition-ecologique\/108768\/","title":{"rendered":"La Drac Provence-Alpes-C\u00f4te d&rsquo;Azur s&rsquo;int\u00e9resse \u00e0 la transition \u00e9cologique"},"content":{"rendered":"<p>Mardi 14 mars, la DRAC Provence-Alpes-C\u00f4te d&rsquo;Azur a annonc\u00e9 le lancement officiel de son programme de transition \u00e9cologique \u00e0 l&rsquo;amphith\u00e9\u00e2tre de la Manufacture d\u2019Aix-en-Provence. Elle a demand\u00e9 au magazine Usbek &amp; Rica d\u2019organiser un \u00ab tribunal pour les g\u00e9n\u00e9rations futures \u00bb. Pens\u00e9 comme un pas de c\u00f4t\u00e9, le tribunal pour les g\u00e9n\u00e9rations futures reprend les codes de la conf\u00e9rence en y apposant la sc\u00e9nographie d\u2019un proc\u00e8s afin de saisir tous les enjeux d\u2019une grande probl\u00e9matique d\u2019avenir. Ainsi et pendant 1h30, un faux proc\u00e8s s\u2019est tenu autour de la question : \u00ab le patrimoine peut-il s&rsquo;exon\u00e9rer de la transition \u00e9cologique et \u00e9nerg\u00e9tique ? \u00bb. A cette occasion, les travaux du programme \u00ab TransiPat \u00bb sur la transition \u00e9cologique en espace prot\u00e9g\u00e9 (p\u00e9rim\u00e8tre minist\u00e8re de la culture) men\u00e9 en partenariat avec la DREAL PACA, ont \u00e9t\u00e9 pr\u00e9sent\u00e9s. Ils consistent en la mise en place de groupes de travail associant ces deux structures mais \u00e9galement les directions d\u00e9partementales des territoires (DDT) et les Unit\u00e9s d\u00e9partementales de l&rsquo;architecture et du patrimoine (UDAP), les CAUE, le CEREMA, l\u2019ADEME ou encore les agences d\u2019urbanisme. Ces groupes de travail se r\u00e9uniront toute l\u2019ann\u00e9e afin de proposer des orientations communes sur le d\u00e9veloppement des \u00e9nergies renouvelables, le confort thermique des b\u00e2timents ou l\u2019adaptation au r\u00e9chauffement climatique.<\/p>\n","protected":false},"excerpt":{"rendered":"<p>Mardi 14 mars, la DRAC Provence-Alpes-C\u00f4te d&rsquo;Azur a annonc\u00e9 le lancement officiel de son programme de transition \u00e9cologique \u00e0 l&rsquo;amphith\u00e9\u00e2tre de la Manufacture d\u2019Aix-en-Provence. Elle a demand\u00e9 au magazine Usbek &amp; Rica d\u2019organiser un \u00ab tribunal pour les g\u00e9n\u00e9rations futures \u00bb. Pens\u00e9 comme un pas de c\u00f4t\u00e9, le tribunal pour les g\u00e9n\u00e9rations futures reprend les [&hellip;]<\/p>\n","protected":false},"author":17,"featured_media":108769,"comment_status":"closed","ping_status":"closed","sticky":false,"template":"","format":"standard","meta":{"_et_pb_use_builder":"","_et_pb_old_content":"","_et_gb_content_width":"","footnotes":""},"categories":[10530,6362,10789,10781,10785,10778],"tags":[11059],"class_list":["post-108768","post","type-post","status-publish","format-standard","has-post-thumbnail","hentry","category-actualites","category-services-equipements","category-publications-atrium","category-publications-planete","category-atrium","category-planete","tag-transition-energetique"],"yoast_head":"<!-- This site is optimized with the Yoast SEO plugin v27.4 - https:\/\/yoast.com\/product\/yoast-seo-wordpress\/ -->\n<title>La Drac Provence-Alpes-C\u00f4te d&#039;Azur s&#039;int\u00e9resse \u00e0 la transition \u00e9cologique<\/title>\n<meta name=\"robots\" content=\"index, follow, max-snippet:-1, max-image-preview:large, max-video-preview:-1\" \/>\n<link rel=\"canonical\" href=\"https:\/\/batijournal.com\/index.php\/la-drac-provence-alpes-cote-dazur-sinteresse-a-la-transition-ecologique\/108768\/\" \/>\n<meta property=\"og:locale\" content=\"fr_FR\" \/>\n<meta property=\"og:type\" content=\"article\" \/>\n<meta property=\"og:title\" content=\"La Drac Provence-Alpes-C\u00f4te d&#039;Azur s&#039;int\u00e9resse \u00e0 la transition \u00e9cologique\" \/>\n<meta property=\"og:description\" content=\"Mardi 14 mars, la DRAC Provence-Alpes-C\u00f4te d&rsquo;Azur a annonc\u00e9 le lancement officiel de son programme de transition \u00e9cologique \u00e0 l&rsquo;amphith\u00e9\u00e2tre de la Manufacture d\u2019Aix-en-Provence. Elle a demand\u00e9 au magazine Usbek &amp; Rica d\u2019organiser un \u00ab tribunal pour les g\u00e9n\u00e9rations futures \u00bb. Pens\u00e9 comme un pas de c\u00f4t\u00e9, le tribunal pour les g\u00e9n\u00e9rations futures reprend les [&hellip;]\" \/>\n<meta property=\"og:url\" content=\"https:\/\/batijournal.com\/index.php\/la-drac-provence-alpes-cote-dazur-sinteresse-a-la-transition-ecologique\/108768\/\" \/>\n<meta property=\"og:site_name\" content=\"Batijournal\" \/>\n<meta property=\"article:published_time\" content=\"2023-03-31T09:18:20+00:00\" \/>\n<meta property=\"og:image\" content=\"https:\/\/batijournal.com\/wp-content\/uploads\/2023\/03\/transition-ecologique-drac-paca-scaled.jpg\" \/>\n\t<meta property=\"og:image:width\" content=\"2560\" \/>\n\t<meta property=\"og:image:height\" content=\"1440\" \/>\n\t<meta property=\"og:image:type\" content=\"image\/jpeg\" \/>\n<meta name=\"author\" content=\"St\u00e9phane Miget\" \/>\n<meta name=\"twitter:card\" content=\"summary_large_image\" \/>\n<meta name=\"twitter:creator\" content=\"@bati_journal\" \/>\n<meta name=\"twitter:site\" content=\"@bati_journal\" \/>\n<meta name=\"twitter:label1\" content=\"\u00c9crit par\" \/>\n\t<meta name=\"twitter:data1\" content=\"St\u00e9phane Miget\" \/>\n\t<meta name=\"twitter:label2\" content=\"Dur\u00e9e de lecture estim\u00e9e\" \/>\n\t<meta name=\"twitter:data2\" content=\"1 minute\" \/>\n<script type=\"application\/ld+json\" class=\"yoast-schema-graph\">{\"@context\":\"https:\\\/\\\/schema.org\",\"@graph\":[{\"@type\":\"Article\",\"@id\":\"https:\\\/\\\/batijournal.com\\\/index.php\\\/la-drac-provence-alpes-cote-dazur-sinteresse-a-la-transition-ecologique\\\/108768\\\/#article\",\"isPartOf\":{\"@id\":\"https:\\\/\\\/batijournal.com\\\/index.php\\\/la-drac-provence-alpes-cote-dazur-sinteresse-a-la-transition-ecologique\\\/108768\\\/\"},\"author\":{\"name\":\"St\u00e9phane Miget\",\"@id\":\"https:\\\/\\\/batijournal.com\\\/#\\\/schema\\\/person\\\/1dc96ec6957aa1ccb25ebe78bb19f100\"},\"headline\":\"La Drac Provence-Alpes-C\u00f4te d&rsquo;Azur s&rsquo;int\u00e9resse \u00e0 la transition \u00e9cologique\",\"datePublished\":\"2023-03-31T09:18:20+00:00\",\"mainEntityOfPage\":{\"@id\":\"https:\\\/\\\/batijournal.com\\\/index.php\\\/la-drac-provence-alpes-cote-dazur-sinteresse-a-la-transition-ecologique\\\/108768\\\/\"},\"wordCount\":252,\"image\":{\"@id\":\"https:\\\/\\\/batijournal.com\\\/index.php\\\/la-drac-provence-alpes-cote-dazur-sinteresse-a-la-transition-ecologique\\\/108768\\\/#primaryimage\"},\"thumbnailUrl\":\"https:\\\/\\\/batijournal.com\\\/wp-content\\\/uploads\\\/2023\\\/03\\\/transition-ecologique-drac-paca-scaled.jpg\",\"keywords\":[\"transition \u00e9nerg\u00e9tique\"],\"articleSection\":[\"Actualit\u00e9s\",\"Divers\",\"zz_Actualit\u00e9s - Atrium\",\"zz_Actualit\u00e9s - Plan\u00e8te\",\"zz_Atrium Patrimoine\",\"zz_Plan\u00e8te B\u00e2timent\"],\"inLanguage\":\"fr-FR\"},{\"@type\":\"WebPage\",\"@id\":\"https:\\\/\\\/batijournal.com\\\/index.php\\\/la-drac-provence-alpes-cote-dazur-sinteresse-a-la-transition-ecologique\\\/108768\\\/\",\"url\":\"https:\\\/\\\/batijournal.com\\\/index.php\\\/la-drac-provence-alpes-cote-dazur-sinteresse-a-la-transition-ecologique\\\/108768\\\/\",\"name\":\"La Drac Provence-Alpes-C\u00f4te d'Azur s'int\u00e9resse \u00e0 la transition \u00e9cologique\",\"isPartOf\":{\"@id\":\"https:\\\/\\\/batijournal.com\\\/#website\"},\"primaryImageOfPage\":{\"@id\":\"https:\\\/\\\/batijournal.com\\\/index.php\\\/la-drac-provence-alpes-cote-dazur-sinteresse-a-la-transition-ecologique\\\/108768\\\/#primaryimage\"},\"image\":{\"@id\":\"https:\\\/\\\/batijournal.com\\\/index.php\\\/la-drac-provence-alpes-cote-dazur-sinteresse-a-la-transition-ecologique\\\/108768\\\/#primaryimage\"},\"thumbnailUrl\":\"https:\\\/\\\/batijournal.com\\\/wp-content\\\/uploads\\\/2023\\\/03\\\/transition-ecologique-drac-paca-scaled.jpg\",\"datePublished\":\"2023-03-31T09:18:20+00:00\",\"author\":{\"@id\":\"https:\\\/\\\/batijournal.com\\\/#\\\/schema\\\/person\\\/1dc96ec6957aa1ccb25ebe78bb19f100\"},\"breadcrumb\":{\"@id\":\"https:\\\/\\\/batijournal.com\\\/index.php\\\/la-drac-provence-alpes-cote-dazur-sinteresse-a-la-transition-ecologique\\\/108768\\\/#breadcrumb\"},\"inLanguage\":\"fr-FR\",\"potentialAction\":[{\"@type\":\"ReadAction\",\"target\":[\"https:\\\/\\\/batijournal.com\\\/index.php\\\/la-drac-provence-alpes-cote-dazur-sinteresse-a-la-transition-ecologique\\\/108768\\\/\"]}]},{\"@type\":\"ImageObject\",\"inLanguage\":\"fr-FR\",\"@id\":\"https:\\\/\\\/batijournal.com\\\/index.php\\\/la-drac-provence-alpes-cote-dazur-sinteresse-a-la-transition-ecologique\\\/108768\\\/#primaryimage\",\"url\":\"https:\\\/\\\/batijournal.com\\\/wp-content\\\/uploads\\\/2023\\\/03\\\/transition-ecologique-drac-paca-scaled.jpg\",\"contentUrl\":\"https:\\\/\\\/batijournal.com\\\/wp-content\\\/uploads\\\/2023\\\/03\\\/transition-ecologique-drac-paca-scaled.jpg\",\"width\":2560,\"height\":1440},{\"@type\":\"BreadcrumbList\",\"@id\":\"https:\\\/\\\/batijournal.com\\\/index.php\\\/la-drac-provence-alpes-cote-dazur-sinteresse-a-la-transition-ecologique\\\/108768\\\/#breadcrumb\",\"itemListElement\":[{\"@type\":\"ListItem\",\"position\":1,\"name\":\"Accueil\",\"item\":\"https:\\\/\\\/batijournal.com\\\/\"},{\"@type\":\"ListItem\",\"position\":2,\"name\":\"Actualit\u00e9s\",\"item\":\"https:\\\/\\\/batijournal.com\\\/index.php\\\/category\\\/actualites\\\/\"},{\"@type\":\"ListItem\",\"position\":3,\"name\":\"La Drac Provence-Alpes-C\u00f4te d&rsquo;Azur s&rsquo;int\u00e9resse \u00e0 la transition \u00e9cologique\"}]},{\"@type\":\"WebSite\",\"@id\":\"https:\\\/\\\/batijournal.com\\\/#website\",\"url\":\"https:\\\/\\\/batijournal.com\\\/\",\"name\":\"Batijournal\",\"description\":\"L&#039;actualit\u00e9 du b\u00e2timent\",\"potentialAction\":[{\"@type\":\"SearchAction\",\"target\":{\"@type\":\"EntryPoint\",\"urlTemplate\":\"https:\\\/\\\/batijournal.com\\\/?s={search_term_string}\"},\"query-input\":{\"@type\":\"PropertyValueSpecification\",\"valueRequired\":true,\"valueName\":\"search_term_string\"}}],\"inLanguage\":\"fr-FR\"},{\"@type\":\"Person\",\"@id\":\"https:\\\/\\\/batijournal.com\\\/#\\\/schema\\\/person\\\/1dc96ec6957aa1ccb25ebe78bb19f100\",\"name\":\"St\u00e9phane Miget\",\"image\":{\"@type\":\"ImageObject\",\"inLanguage\":\"fr-FR\",\"@id\":\"https:\\\/\\\/secure.gravatar.com\\\/avatar\\\/89915563d925342126b8ef0281b93d9d7fc337043e8df017f780908eb9644451?s=96&d=mm&r=g\",\"url\":\"https:\\\/\\\/secure.gravatar.com\\\/avatar\\\/89915563d925342126b8ef0281b93d9d7fc337043e8df017f780908eb9644451?s=96&d=mm&r=g\",\"contentUrl\":\"https:\\\/\\\/secure.gravatar.com\\\/avatar\\\/89915563d925342126b8ef0281b93d9d7fc337043e8df017f780908eb9644451?s=96&d=mm&r=g\",\"caption\":\"St\u00e9phane Miget\"},\"url\":\"https:\\\/\\\/batijournal.com\\\/index.php\\\/author\\\/stephane\\\/\"}]}<\/script>\n<!-- \/ Yoast SEO plugin. -->","yoast_head_json":{"title":"La Drac Provence-Alpes-C\u00f4te d'Azur s'int\u00e9resse \u00e0 la transition \u00e9cologique","robots":{"index":"index","follow":"follow","max-snippet":"max-snippet:-1","max-image-preview":"max-image-preview:large","max-video-preview":"max-video-preview:-1"},"canonical":"https:\/\/batijournal.com\/index.php\/la-drac-provence-alpes-cote-dazur-sinteresse-a-la-transition-ecologique\/108768\/","og_locale":"fr_FR","og_type":"article","og_title":"La Drac Provence-Alpes-C\u00f4te d'Azur s'int\u00e9resse \u00e0 la transition \u00e9cologique","og_description":"Mardi 14 mars, la DRAC Provence-Alpes-C\u00f4te d&rsquo;Azur a annonc\u00e9 le lancement officiel de son programme de transition \u00e9cologique \u00e0 l&rsquo;amphith\u00e9\u00e2tre de la Manufacture d\u2019Aix-en-Provence. Elle a demand\u00e9 au magazine Usbek &amp; Rica d\u2019organiser un \u00ab tribunal pour les g\u00e9n\u00e9rations futures \u00bb. Pens\u00e9 comme un pas de c\u00f4t\u00e9, le tribunal pour les g\u00e9n\u00e9rations futures reprend les [&hellip;]","og_url":"https:\/\/batijournal.com\/index.php\/la-drac-provence-alpes-cote-dazur-sinteresse-a-la-transition-ecologique\/108768\/","og_site_name":"Batijournal","article_published_time":"2023-03-31T09:18:20+00:00","og_image":[{"width":2560,"height":1440,"url":"https:\/\/batijournal.com\/wp-content\/uploads\/2023\/03\/transition-ecologique-drac-paca-scaled.jpg","type":"image\/jpeg"}],"author":"St\u00e9phane Miget","twitter_card":"summary_large_image","twitter_creator":"@bati_journal","twitter_site":"@bati_journal","twitter_misc":{"\u00c9crit par":"St\u00e9phane Miget","Dur\u00e9e de lecture estim\u00e9e":"1 minute"},"schema":{"@context":"https:\/\/schema.org","@graph":[{"@type":"Article","@id":"https:\/\/batijournal.com\/index.php\/la-drac-provence-alpes-cote-dazur-sinteresse-a-la-transition-ecologique\/108768\/#article","isPartOf":{"@id":"https:\/\/batijournal.com\/index.php\/la-drac-provence-alpes-cote-dazur-sinteresse-a-la-transition-ecologique\/108768\/"},"author":{"name":"St\u00e9phane Miget","@id":"https:\/\/batijournal.com\/#\/schema\/person\/1dc96ec6957aa1ccb25ebe78bb19f100"},"headline":"La Drac Provence-Alpes-C\u00f4te d&rsquo;Azur s&rsquo;int\u00e9resse \u00e0 la transition \u00e9cologique","datePublished":"2023-03-31T09:18:20+00:00","mainEntityOfPage":{"@id":"https:\/\/batijournal.com\/index.php\/la-drac-provence-alpes-cote-dazur-sinteresse-a-la-transition-ecologique\/108768\/"},"wordCount":252,"image":{"@id":"https:\/\/batijournal.com\/index.php\/la-drac-provence-alpes-cote-dazur-sinteresse-a-la-transition-ecologique\/108768\/#primaryimage"},"thumbnailUrl":"https:\/\/batijournal.com\/wp-content\/uploads\/2023\/03\/transition-ecologique-drac-paca-scaled.jpg","keywords":["transition \u00e9nerg\u00e9tique"],"articleSection":["Actualit\u00e9s","Divers","zz_Actualit\u00e9s - Atrium","zz_Actualit\u00e9s - Plan\u00e8te","zz_Atrium Patrimoine","zz_Plan\u00e8te B\u00e2timent"],"inLanguage":"fr-FR"},{"@type":"WebPage","@id":"https:\/\/batijournal.com\/index.php\/la-drac-provence-alpes-cote-dazur-sinteresse-a-la-transition-ecologique\/108768\/","url":"https:\/\/batijournal.com\/index.php\/la-drac-provence-alpes-cote-dazur-sinteresse-a-la-transition-ecologique\/108768\/","name":"La Drac Provence-Alpes-C\u00f4te d'Azur s'int\u00e9resse \u00e0 la transition \u00e9cologique","isPartOf":{"@id":"https:\/\/batijournal.com\/#website"},"primaryImageOfPage":{"@id":"https:\/\/batijournal.com\/index.php\/la-drac-provence-alpes-cote-dazur-sinteresse-a-la-transition-ecologique\/108768\/#primaryimage"},"image":{"@id":"https:\/\/batijournal.com\/index.php\/la-drac-provence-alpes-cote-dazur-sinteresse-a-la-transition-ecologique\/108768\/#primaryimage"},"thumbnailUrl":"https:\/\/batijournal.com\/wp-content\/uploads\/2023\/03\/transition-ecologique-drac-paca-scaled.jpg","datePublished":"2023-03-31T09:18:20+00:00","author":{"@id":"https:\/\/batijournal.com\/#\/schema\/person\/1dc96ec6957aa1ccb25ebe78bb19f100"},"breadcrumb":{"@id":"https:\/\/batijournal.com\/index.php\/la-drac-provence-alpes-cote-dazur-sinteresse-a-la-transition-ecologique\/108768\/#breadcrumb"},"inLanguage":"fr-FR","potentialAction":[{"@type":"ReadAction","target":["https:\/\/batijournal.com\/index.php\/la-drac-provence-alpes-cote-dazur-sinteresse-a-la-transition-ecologique\/108768\/"]}]},{"@type":"ImageObject","inLanguage":"fr-FR","@id":"https:\/\/batijournal.com\/index.php\/la-drac-provence-alpes-cote-dazur-sinteresse-a-la-transition-ecologique\/108768\/#primaryimage","url":"https:\/\/batijournal.com\/wp-content\/uploads\/2023\/03\/transition-ecologique-drac-paca-scaled.jpg","contentUrl":"https:\/\/batijournal.com\/wp-content\/uploads\/2023\/03\/transition-ecologique-drac-paca-scaled.jpg","width":2560,"height":1440},{"@type":"BreadcrumbList","@id":"https:\/\/batijournal.com\/index.php\/la-drac-provence-alpes-cote-dazur-sinteresse-a-la-transition-ecologique\/108768\/#breadcrumb","itemListElement":[{"@type":"ListItem","position":1,"name":"Accueil","item":"https:\/\/batijournal.com\/"},{"@type":"ListItem","position":2,"name":"Actualit\u00e9s","item":"https:\/\/batijournal.com\/index.php\/category\/actualites\/"},{"@type":"ListItem","position":3,"name":"La Drac Provence-Alpes-C\u00f4te d&rsquo;Azur s&rsquo;int\u00e9resse \u00e0 la transition \u00e9cologique"}]},{"@type":"WebSite","@id":"https:\/\/batijournal.com\/#website","url":"https:\/\/batijournal.com\/","name":"Batijournal","description":"L&#039;actualit\u00e9 du b\u00e2timent","potentialAction":[{"@type":"SearchAction","target":{"@type":"EntryPoint","urlTemplate":"https:\/\/batijournal.com\/?s={search_term_string}"},"query-input":{"@type":"PropertyValueSpecification","valueRequired":true,"valueName":"search_term_string"}}],"inLanguage":"fr-FR"},{"@type":"Person","@id":"https:\/\/batijournal.com\/#\/schema\/person\/1dc96ec6957aa1ccb25ebe78bb19f100","name":"St\u00e9phane Miget","image":{"@type":"ImageObject","inLanguage":"fr-FR","@id":"https:\/\/secure.gravatar.com\/avatar\/89915563d925342126b8ef0281b93d9d7fc337043e8df017f780908eb9644451?s=96&d=mm&r=g","url":"https:\/\/secure.gravatar.com\/avatar\/89915563d925342126b8ef0281b93d9d7fc337043e8df017f780908eb9644451?s=96&d=mm&r=g","contentUrl":"https:\/\/secure.gravatar.com\/avatar\/89915563d925342126b8ef0281b93d9d7fc337043e8df017f780908eb9644451?s=96&d=mm&r=g","caption":"St\u00e9phane Miget"},"url":"https:\/\/batijournal.com\/index.php\/author\/stephane\/"}]}},"_links":{"self":[{"href":"https:\/\/batijournal.com\/index.php\/wp-json\/wp\/v2\/posts\/108768","targetHints":{"allow":["GET"]}}],"collection":[{"href":"https:\/\/batijournal.com\/index.php\/wp-json\/wp\/v2\/posts"}],"about":[{"href":"https:\/\/batijournal.com\/index.php\/wp-json\/wp\/v2\/types\/post"}],"author":[{"embeddable":true,"href":"https:\/\/batijournal.com\/index.php\/wp-json\/wp\/v2\/users\/17"}],"replies":[{"embeddable":true,"href":"https:\/\/batijournal.com\/index.php\/wp-json\/wp\/v2\/comments?post=108768"}],"version-history":[{"count":0,"href":"https:\/\/batijournal.com\/index.php\/wp-json\/wp\/v2\/posts\/108768\/revisions"}],"wp:featuredmedia":[{"embeddable":true,"href":"https:\/\/batijournal.com\/index.php\/wp-json\/wp\/v2\/media\/108769"}],"wp:attachment":[{"href":"https:\/\/batijournal.com\/index.php\/wp-json\/wp\/v2\/media?parent=108768"}],"wp:term":[{"taxonomy":"category","embeddable":true,"href":"https:\/\/batijournal.com\/index.php\/wp-json\/wp\/v2\/categories?post=108768"},{"taxonomy":"post_tag","embeddable":true,"href":"https:\/\/batijournal.com\/index.php\/wp-json\/wp\/v2\/tags?post=108768"}],"curies":[{"name":"wp","href":"https:\/\/api.w.org\/{rel}","templated":true}]}}