{"id":108770,"date":"2023-03-31T11:24:14","date_gmt":"2023-03-31T09:24:14","guid":{"rendered":"https:\/\/batijournal.com\/?p=108770"},"modified":"2023-03-31T11:24:14","modified_gmt":"2023-03-31T09:24:14","slug":"renaissance-du-musee-goya-de-castres","status":"publish","type":"post","link":"https:\/\/batijournal.com\/index.php\/renaissance-du-musee-goya-de-castres\/108770\/","title":{"rendered":"Renaissance du mus\u00e9e Goya de Castres"},"content":{"rendered":"<p>Install\u00e9 dans l\u2019ancien palais \u00e9piscopal de Castres, dans le Tarn, \u00e9difi\u00e9 au XVIIe si\u00e8cle, le mus\u00e9e Goya a fait l\u2019objet d\u2019importants travaux de r\u00e9novation et d\u2019une refonte totale du parcours mus\u00e9ographique. Le doublement des surfaces d\u2019exposition va permettre de d\u00e9ployer une remarquable collection d\u2019art sur plus de 1 500 m\u00b2. Une meilleure accessibilit\u00e9 au b\u00e2timent gr\u00e2ce \u00e0 l\u2019installation d\u2019un ascenseur et d\u2019un monte-personne, ainsi qu\u2019une nouvelle pr\u00e9sentation des \u0153uvres sont les atouts de ce mus\u00e9e aux collections exceptionnelles. Le public pourra retrouver, parmi les chefs-d\u2019\u0153uvre du mus\u00e9e, les trois \u0153uvres majeures du ma\u00eetre aragonais, La Junte des Philippines, l\u2019Autoportrait aux lunettes et le Portrait de Francisco del Mazo, ainsi que l\u2019ensemble de ses gravures pr\u00e9sent\u00e9es par roulement. D\u2019autres artistes, non moins importants comme Vel\u00e1zquez, Murillo, Goya, Picasso, Dal\u00ed, Mir\u00f3, Tapi\u00e9s, Barcelo et bien d\u2019autres encore, font \u00e9galement partie du parcours. Projet, port\u00e9, avec le soutien de l\u2019\u00c9tat, par la ville de Castres, Jo\u00eblle Arches, conservatrice des mus\u00e9es, et son \u00e9quipe, confi\u00e9 au cabinet d\u2019architecture Letellier et \u00e0 l\u2019agence de mus\u00e9ographie Saluces-Camargo.<\/p>\n<p>&nbsp;<\/p>\n","protected":false},"excerpt":{"rendered":"<p>Install\u00e9 dans l\u2019ancien palais \u00e9piscopal de Castres, dans le Tarn, \u00e9difi\u00e9 au XVIIe si\u00e8cle, le mus\u00e9e Goya a fait l\u2019objet d\u2019importants travaux de r\u00e9novation et d\u2019une refonte totale du parcours mus\u00e9ographique. Le doublement des surfaces d\u2019exposition va permettre de d\u00e9ployer une remarquable collection d\u2019art sur plus de 1 500 m\u00b2. Une meilleure accessibilit\u00e9 au b\u00e2timent [&hellip;]<\/p>\n","protected":false},"author":17,"featured_media":108771,"comment_status":"closed","ping_status":"closed","sticky":false,"template":"","format":"standard","meta":{"_et_pb_use_builder":"","_et_pb_old_content":"","_et_gb_content_width":"","footnotes":""},"categories":[10530,6340,10789,10785],"tags":[3640],"class_list":["post-108770","post","type-post","status-publish","format-standard","has-post-thumbnail","hentry","category-actualites","category-architecture-conception","category-publications-atrium","category-atrium","tag-musee"],"yoast_head":"<!-- This site is optimized with the Yoast SEO plugin v27.4 - https:\/\/yoast.com\/product\/yoast-seo-wordpress\/ -->\n<title>Renaissance du mus\u00e9e Goya de Castres<\/title>\n<meta name=\"robots\" content=\"index, follow, max-snippet:-1, max-image-preview:large, max-video-preview:-1\" \/>\n<link rel=\"canonical\" href=\"https:\/\/batijournal.com\/index.php\/renaissance-du-musee-goya-de-castres\/108770\/\" \/>\n<meta property=\"og:locale\" content=\"fr_FR\" \/>\n<meta property=\"og:type\" content=\"article\" \/>\n<meta property=\"og:title\" content=\"Renaissance du mus\u00e9e Goya de Castres\" \/>\n<meta property=\"og:description\" content=\"Install\u00e9 dans l\u2019ancien palais \u00e9piscopal de Castres, dans le Tarn, \u00e9difi\u00e9 au XVIIe si\u00e8cle, le mus\u00e9e Goya a fait l\u2019objet d\u2019importants travaux de r\u00e9novation et d\u2019une refonte totale du parcours mus\u00e9ographique. Le doublement des surfaces d\u2019exposition va permettre de d\u00e9ployer une remarquable collection d\u2019art sur plus de 1 500 m\u00b2. Une meilleure accessibilit\u00e9 au b\u00e2timent [&hellip;]\" \/>\n<meta property=\"og:url\" content=\"https:\/\/batijournal.com\/index.php\/renaissance-du-musee-goya-de-castres\/108770\/\" \/>\n<meta property=\"og:site_name\" content=\"Batijournal\" \/>\n<meta property=\"article:published_time\" content=\"2023-03-31T09:24:14+00:00\" \/>\n<meta property=\"og:image\" content=\"https:\/\/batijournal.com\/wp-content\/uploads\/2023\/03\/18fb53acdeb8-Visuel_musee_Goya_Castres.jpg\" \/>\n\t<meta property=\"og:image:width\" content=\"894\" \/>\n\t<meta property=\"og:image:height\" content=\"488\" \/>\n\t<meta property=\"og:image:type\" content=\"image\/jpeg\" \/>\n<meta name=\"author\" content=\"St\u00e9phane Miget\" \/>\n<meta name=\"twitter:card\" content=\"summary_large_image\" \/>\n<meta name=\"twitter:creator\" content=\"@bati_journal\" \/>\n<meta name=\"twitter:site\" content=\"@bati_journal\" \/>\n<meta name=\"twitter:label1\" content=\"\u00c9crit par\" \/>\n\t<meta name=\"twitter:data1\" content=\"St\u00e9phane Miget\" \/>\n\t<meta name=\"twitter:label2\" content=\"Dur\u00e9e de lecture estim\u00e9e\" \/>\n\t<meta name=\"twitter:data2\" content=\"1 minute\" \/>\n<script type=\"application\/ld+json\" class=\"yoast-schema-graph\">{\"@context\":\"https:\\\/\\\/schema.org\",\"@graph\":[{\"@type\":\"Article\",\"@id\":\"https:\\\/\\\/batijournal.com\\\/index.php\\\/renaissance-du-musee-goya-de-castres\\\/108770\\\/#article\",\"isPartOf\":{\"@id\":\"https:\\\/\\\/batijournal.com\\\/index.php\\\/renaissance-du-musee-goya-de-castres\\\/108770\\\/\"},\"author\":{\"name\":\"St\u00e9phane Miget\",\"@id\":\"https:\\\/\\\/batijournal.com\\\/#\\\/schema\\\/person\\\/1dc96ec6957aa1ccb25ebe78bb19f100\"},\"headline\":\"Renaissance du mus\u00e9e Goya de Castres\",\"datePublished\":\"2023-03-31T09:24:14+00:00\",\"mainEntityOfPage\":{\"@id\":\"https:\\\/\\\/batijournal.com\\\/index.php\\\/renaissance-du-musee-goya-de-castres\\\/108770\\\/\"},\"wordCount\":211,\"image\":{\"@id\":\"https:\\\/\\\/batijournal.com\\\/index.php\\\/renaissance-du-musee-goya-de-castres\\\/108770\\\/#primaryimage\"},\"thumbnailUrl\":\"https:\\\/\\\/batijournal.com\\\/wp-content\\\/uploads\\\/2023\\\/03\\\/18fb53acdeb8-Visuel_musee_Goya_Castres.jpg\",\"keywords\":[\"mus\u00e9e\"],\"articleSection\":[\"Actualit\u00e9s\",\"Architecture &amp; Conception\",\"zz_Actualit\u00e9s - Atrium\",\"zz_Atrium Patrimoine\"],\"inLanguage\":\"fr-FR\"},{\"@type\":\"WebPage\",\"@id\":\"https:\\\/\\\/batijournal.com\\\/index.php\\\/renaissance-du-musee-goya-de-castres\\\/108770\\\/\",\"url\":\"https:\\\/\\\/batijournal.com\\\/index.php\\\/renaissance-du-musee-goya-de-castres\\\/108770\\\/\",\"name\":\"Renaissance du mus\u00e9e Goya de Castres\",\"isPartOf\":{\"@id\":\"https:\\\/\\\/batijournal.com\\\/#website\"},\"primaryImageOfPage\":{\"@id\":\"https:\\\/\\\/batijournal.com\\\/index.php\\\/renaissance-du-musee-goya-de-castres\\\/108770\\\/#primaryimage\"},\"image\":{\"@id\":\"https:\\\/\\\/batijournal.com\\\/index.php\\\/renaissance-du-musee-goya-de-castres\\\/108770\\\/#primaryimage\"},\"thumbnailUrl\":\"https:\\\/\\\/batijournal.com\\\/wp-content\\\/uploads\\\/2023\\\/03\\\/18fb53acdeb8-Visuel_musee_Goya_Castres.jpg\",\"datePublished\":\"2023-03-31T09:24:14+00:00\",\"author\":{\"@id\":\"https:\\\/\\\/batijournal.com\\\/#\\\/schema\\\/person\\\/1dc96ec6957aa1ccb25ebe78bb19f100\"},\"breadcrumb\":{\"@id\":\"https:\\\/\\\/batijournal.com\\\/index.php\\\/renaissance-du-musee-goya-de-castres\\\/108770\\\/#breadcrumb\"},\"inLanguage\":\"fr-FR\",\"potentialAction\":[{\"@type\":\"ReadAction\",\"target\":[\"https:\\\/\\\/batijournal.com\\\/index.php\\\/renaissance-du-musee-goya-de-castres\\\/108770\\\/\"]}]},{\"@type\":\"ImageObject\",\"inLanguage\":\"fr-FR\",\"@id\":\"https:\\\/\\\/batijournal.com\\\/index.php\\\/renaissance-du-musee-goya-de-castres\\\/108770\\\/#primaryimage\",\"url\":\"https:\\\/\\\/batijournal.com\\\/wp-content\\\/uploads\\\/2023\\\/03\\\/18fb53acdeb8-Visuel_musee_Goya_Castres.jpg\",\"contentUrl\":\"https:\\\/\\\/batijournal.com\\\/wp-content\\\/uploads\\\/2023\\\/03\\\/18fb53acdeb8-Visuel_musee_Goya_Castres.jpg\",\"width\":894,\"height\":488},{\"@type\":\"BreadcrumbList\",\"@id\":\"https:\\\/\\\/batijournal.com\\\/index.php\\\/renaissance-du-musee-goya-de-castres\\\/108770\\\/#breadcrumb\",\"itemListElement\":[{\"@type\":\"ListItem\",\"position\":1,\"name\":\"Accueil\",\"item\":\"https:\\\/\\\/batijournal.com\\\/\"},{\"@type\":\"ListItem\",\"position\":2,\"name\":\"Actualit\u00e9s\",\"item\":\"https:\\\/\\\/batijournal.com\\\/index.php\\\/category\\\/actualites\\\/\"},{\"@type\":\"ListItem\",\"position\":3,\"name\":\"Renaissance du mus\u00e9e Goya de Castres\"}]},{\"@type\":\"WebSite\",\"@id\":\"https:\\\/\\\/batijournal.com\\\/#website\",\"url\":\"https:\\\/\\\/batijournal.com\\\/\",\"name\":\"Batijournal\",\"description\":\"L&#039;actualit\u00e9 du b\u00e2timent\",\"potentialAction\":[{\"@type\":\"SearchAction\",\"target\":{\"@type\":\"EntryPoint\",\"urlTemplate\":\"https:\\\/\\\/batijournal.com\\\/?s={search_term_string}\"},\"query-input\":{\"@type\":\"PropertyValueSpecification\",\"valueRequired\":true,\"valueName\":\"search_term_string\"}}],\"inLanguage\":\"fr-FR\"},{\"@type\":\"Person\",\"@id\":\"https:\\\/\\\/batijournal.com\\\/#\\\/schema\\\/person\\\/1dc96ec6957aa1ccb25ebe78bb19f100\",\"name\":\"St\u00e9phane Miget\",\"image\":{\"@type\":\"ImageObject\",\"inLanguage\":\"fr-FR\",\"@id\":\"https:\\\/\\\/secure.gravatar.com\\\/avatar\\\/89915563d925342126b8ef0281b93d9d7fc337043e8df017f780908eb9644451?s=96&d=mm&r=g\",\"url\":\"https:\\\/\\\/secure.gravatar.com\\\/avatar\\\/89915563d925342126b8ef0281b93d9d7fc337043e8df017f780908eb9644451?s=96&d=mm&r=g\",\"contentUrl\":\"https:\\\/\\\/secure.gravatar.com\\\/avatar\\\/89915563d925342126b8ef0281b93d9d7fc337043e8df017f780908eb9644451?s=96&d=mm&r=g\",\"caption\":\"St\u00e9phane Miget\"},\"url\":\"https:\\\/\\\/batijournal.com\\\/index.php\\\/author\\\/stephane\\\/\"}]}<\/script>\n<!-- \/ Yoast SEO plugin. -->","yoast_head_json":{"title":"Renaissance du mus\u00e9e Goya de Castres","robots":{"index":"index","follow":"follow","max-snippet":"max-snippet:-1","max-image-preview":"max-image-preview:large","max-video-preview":"max-video-preview:-1"},"canonical":"https:\/\/batijournal.com\/index.php\/renaissance-du-musee-goya-de-castres\/108770\/","og_locale":"fr_FR","og_type":"article","og_title":"Renaissance du mus\u00e9e Goya de Castres","og_description":"Install\u00e9 dans l\u2019ancien palais \u00e9piscopal de Castres, dans le Tarn, \u00e9difi\u00e9 au XVIIe si\u00e8cle, le mus\u00e9e Goya a fait l\u2019objet d\u2019importants travaux de r\u00e9novation et d\u2019une refonte totale du parcours mus\u00e9ographique. Le doublement des surfaces d\u2019exposition va permettre de d\u00e9ployer une remarquable collection d\u2019art sur plus de 1 500 m\u00b2. Une meilleure accessibilit\u00e9 au b\u00e2timent [&hellip;]","og_url":"https:\/\/batijournal.com\/index.php\/renaissance-du-musee-goya-de-castres\/108770\/","og_site_name":"Batijournal","article_published_time":"2023-03-31T09:24:14+00:00","og_image":[{"width":894,"height":488,"url":"https:\/\/batijournal.com\/wp-content\/uploads\/2023\/03\/18fb53acdeb8-Visuel_musee_Goya_Castres.jpg","type":"image\/jpeg"}],"author":"St\u00e9phane Miget","twitter_card":"summary_large_image","twitter_creator":"@bati_journal","twitter_site":"@bati_journal","twitter_misc":{"\u00c9crit par":"St\u00e9phane Miget","Dur\u00e9e de lecture estim\u00e9e":"1 minute"},"schema":{"@context":"https:\/\/schema.org","@graph":[{"@type":"Article","@id":"https:\/\/batijournal.com\/index.php\/renaissance-du-musee-goya-de-castres\/108770\/#article","isPartOf":{"@id":"https:\/\/batijournal.com\/index.php\/renaissance-du-musee-goya-de-castres\/108770\/"},"author":{"name":"St\u00e9phane Miget","@id":"https:\/\/batijournal.com\/#\/schema\/person\/1dc96ec6957aa1ccb25ebe78bb19f100"},"headline":"Renaissance du mus\u00e9e Goya de Castres","datePublished":"2023-03-31T09:24:14+00:00","mainEntityOfPage":{"@id":"https:\/\/batijournal.com\/index.php\/renaissance-du-musee-goya-de-castres\/108770\/"},"wordCount":211,"image":{"@id":"https:\/\/batijournal.com\/index.php\/renaissance-du-musee-goya-de-castres\/108770\/#primaryimage"},"thumbnailUrl":"https:\/\/batijournal.com\/wp-content\/uploads\/2023\/03\/18fb53acdeb8-Visuel_musee_Goya_Castres.jpg","keywords":["mus\u00e9e"],"articleSection":["Actualit\u00e9s","Architecture &amp; Conception","zz_Actualit\u00e9s - Atrium","zz_Atrium Patrimoine"],"inLanguage":"fr-FR"},{"@type":"WebPage","@id":"https:\/\/batijournal.com\/index.php\/renaissance-du-musee-goya-de-castres\/108770\/","url":"https:\/\/batijournal.com\/index.php\/renaissance-du-musee-goya-de-castres\/108770\/","name":"Renaissance du mus\u00e9e Goya de Castres","isPartOf":{"@id":"https:\/\/batijournal.com\/#website"},"primaryImageOfPage":{"@id":"https:\/\/batijournal.com\/index.php\/renaissance-du-musee-goya-de-castres\/108770\/#primaryimage"},"image":{"@id":"https:\/\/batijournal.com\/index.php\/renaissance-du-musee-goya-de-castres\/108770\/#primaryimage"},"thumbnailUrl":"https:\/\/batijournal.com\/wp-content\/uploads\/2023\/03\/18fb53acdeb8-Visuel_musee_Goya_Castres.jpg","datePublished":"2023-03-31T09:24:14+00:00","author":{"@id":"https:\/\/batijournal.com\/#\/schema\/person\/1dc96ec6957aa1ccb25ebe78bb19f100"},"breadcrumb":{"@id":"https:\/\/batijournal.com\/index.php\/renaissance-du-musee-goya-de-castres\/108770\/#breadcrumb"},"inLanguage":"fr-FR","potentialAction":[{"@type":"ReadAction","target":["https:\/\/batijournal.com\/index.php\/renaissance-du-musee-goya-de-castres\/108770\/"]}]},{"@type":"ImageObject","inLanguage":"fr-FR","@id":"https:\/\/batijournal.com\/index.php\/renaissance-du-musee-goya-de-castres\/108770\/#primaryimage","url":"https:\/\/batijournal.com\/wp-content\/uploads\/2023\/03\/18fb53acdeb8-Visuel_musee_Goya_Castres.jpg","contentUrl":"https:\/\/batijournal.com\/wp-content\/uploads\/2023\/03\/18fb53acdeb8-Visuel_musee_Goya_Castres.jpg","width":894,"height":488},{"@type":"BreadcrumbList","@id":"https:\/\/batijournal.com\/index.php\/renaissance-du-musee-goya-de-castres\/108770\/#breadcrumb","itemListElement":[{"@type":"ListItem","position":1,"name":"Accueil","item":"https:\/\/batijournal.com\/"},{"@type":"ListItem","position":2,"name":"Actualit\u00e9s","item":"https:\/\/batijournal.com\/index.php\/category\/actualites\/"},{"@type":"ListItem","position":3,"name":"Renaissance du mus\u00e9e Goya de Castres"}]},{"@type":"WebSite","@id":"https:\/\/batijournal.com\/#website","url":"https:\/\/batijournal.com\/","name":"Batijournal","description":"L&#039;actualit\u00e9 du b\u00e2timent","potentialAction":[{"@type":"SearchAction","target":{"@type":"EntryPoint","urlTemplate":"https:\/\/batijournal.com\/?s={search_term_string}"},"query-input":{"@type":"PropertyValueSpecification","valueRequired":true,"valueName":"search_term_string"}}],"inLanguage":"fr-FR"},{"@type":"Person","@id":"https:\/\/batijournal.com\/#\/schema\/person\/1dc96ec6957aa1ccb25ebe78bb19f100","name":"St\u00e9phane Miget","image":{"@type":"ImageObject","inLanguage":"fr-FR","@id":"https:\/\/secure.gravatar.com\/avatar\/89915563d925342126b8ef0281b93d9d7fc337043e8df017f780908eb9644451?s=96&d=mm&r=g","url":"https:\/\/secure.gravatar.com\/avatar\/89915563d925342126b8ef0281b93d9d7fc337043e8df017f780908eb9644451?s=96&d=mm&r=g","contentUrl":"https:\/\/secure.gravatar.com\/avatar\/89915563d925342126b8ef0281b93d9d7fc337043e8df017f780908eb9644451?s=96&d=mm&r=g","caption":"St\u00e9phane Miget"},"url":"https:\/\/batijournal.com\/index.php\/author\/stephane\/"}]}},"_links":{"self":[{"href":"https:\/\/batijournal.com\/index.php\/wp-json\/wp\/v2\/posts\/108770","targetHints":{"allow":["GET"]}}],"collection":[{"href":"https:\/\/batijournal.com\/index.php\/wp-json\/wp\/v2\/posts"}],"about":[{"href":"https:\/\/batijournal.com\/index.php\/wp-json\/wp\/v2\/types\/post"}],"author":[{"embeddable":true,"href":"https:\/\/batijournal.com\/index.php\/wp-json\/wp\/v2\/users\/17"}],"replies":[{"embeddable":true,"href":"https:\/\/batijournal.com\/index.php\/wp-json\/wp\/v2\/comments?post=108770"}],"version-history":[{"count":0,"href":"https:\/\/batijournal.com\/index.php\/wp-json\/wp\/v2\/posts\/108770\/revisions"}],"wp:featuredmedia":[{"embeddable":true,"href":"https:\/\/batijournal.com\/index.php\/wp-json\/wp\/v2\/media\/108771"}],"wp:attachment":[{"href":"https:\/\/batijournal.com\/index.php\/wp-json\/wp\/v2\/media?parent=108770"}],"wp:term":[{"taxonomy":"category","embeddable":true,"href":"https:\/\/batijournal.com\/index.php\/wp-json\/wp\/v2\/categories?post=108770"},{"taxonomy":"post_tag","embeddable":true,"href":"https:\/\/batijournal.com\/index.php\/wp-json\/wp\/v2\/tags?post=108770"}],"curies":[{"name":"wp","href":"https:\/\/api.w.org\/{rel}","templated":true}]}}