{"id":108804,"date":"2023-04-12T14:17:53","date_gmt":"2023-04-12T12:17:53","guid":{"rendered":"https:\/\/batijournal.com\/?p=108804"},"modified":"2023-04-12T14:17:53","modified_gmt":"2023-04-12T12:17:53","slug":"la-crise-du-logement-neuf-est-amorcee","status":"publish","type":"post","link":"https:\/\/batijournal.com\/index.php\/la-crise-du-logement-neuf-est-amorcee\/108804\/","title":{"rendered":"La crise du logement neuf est amorc\u00e9e"},"content":{"rendered":"<p><strong>La crise continue de se pr\u00e9parer dans le logement neuf, la FFB qui tenait ce jour une conf\u00e9rence de presse, est alarmiste et elle rappelle ses propositions pour limiter la casse.<\/strong><\/p>\n<p>En glissement annuel sur trois mois \u00e0 fin f\u00e9vrier 2023, les mises en chantier dans l\u2019individuel chutent de 8,6\u00a0%, alors que le collectif progresse encore de 4,4\u00a0%. Les permis de construire plongent de 26,7\u00a0% en globalisant les deux segments. Les perspectives de mises en chantier exprim\u00e9es par les promoteurs restent mal orient\u00e9es et leurs ventes chutent, comme celles des constructeurs de maisons individuelles, respectivement de 16,2\u00a0% en 2022 et 28,3\u00a0% en glissement annuel sur trois mois \u00e0 fin f\u00e9vrier 2023. S\u2019en suivront une accentuation de la chute des permis, puis des mises en chantier courant 2023.<br \/>\nL\u2019activit\u00e9 en am\u00e9lioration-entretien progresse de 2,1\u00a0% \u00e0 prix constants en 2022, avec toutefois un score de seulement +1,9\u00a0% pour la r\u00e9novation \u00e9nerg\u00e9tique. On rel\u00e8ve \u00e9galement un ralentissement entre les quatri\u00e8mes trimestres 2021 et 2022 \u00e0 +1,8\u00a0% pour l\u2019ensemble et des perspectives \u00e0 l\u2019horizon du printemps 2023 peu encourageantes, malgr\u00e9 des carnets de commandes en r\u00e9novation au bon niveau de 3,6 mois \u00e0 fin d\u00e9cembre.<\/p>\n<p>Pour pallier ce risque aujourd\u2019hui tr\u00e8s r\u00e9el, la FFB rappelle les mesures qu\u2019elle propose depuis l\u2019ann\u00e9e derni\u00e8re.<br \/>\nTout d\u2019abord, elle souhaite un assouplissement des r\u00e8gles du Haut Conseil de stabilit\u00e9 financi\u00e8re (HCSF) en mati\u00e8re de cr\u00e9dit immobilier sur lesquelles butent aujourd\u2019hui les \u00e9tablissements distributeurs, et int\u00e9gration du reste \u00e0 vivre dans les r\u00e8gles de d\u00e9cision. Elle souhaite aussi un assouplissement du ZAN, au-moins dans la lign\u00e9e de ce qui a \u00e9t\u00e9 propos\u00e9 au S\u00e9nat.<br \/>\nConcernant les march\u00e9s du logement neuf, la FFB formule tout d\u2019abord deux demandes pour l\u2019accession\u00a0: le r\u00e9tablissement du PTZ neuf \u00e0 40\u00a0% en zones B2 et C, ainsi que la r\u00e9vision de ses bar\u00e8mes et leur indexation par la suite, d\u2019une part\u00a0; la mise en place d\u2019un cr\u00e9dit d\u2019imp\u00f4t RE2020 sur les annuit\u00e9s d\u2019emprunt, d\u2019autre part. Ensuite, pour l\u2019investissement locatif, compte tenu de l\u2019effondrement du march\u00e9, il y a urgence \u00e0 red\u00e9ployer un dispositif au-moins aussi puissant que le \u00ab\u00a0Pinel\u00a0\u00bb version 2022. Cela permettra de poursuivre plus sereinement les \u00e9changes sur le statut du bailleur priv\u00e9 que nous appelons de nos v\u0153ux \u00e0 moyen terme.<br \/>\nEnfin, pour permettre une v\u00e9ritable acc\u00e9l\u00e9ration de la transition \u00e9cologique, la FFB demande que le budget allou\u00e9 \u00e0 MaPrimeR\u00e9nov\u2019 soit major\u00e9 d\u2019un milliard d\u2019euros chaque ann\u00e9e pendant cinq ans de fa\u00e7on \u00e0 accompagner le d\u00e9ploiement de la r\u00e9novation globale, en une fois ou par tranches. Elle souhaite \u00e9galement une simplification assez radicale avec la cr\u00e9ation d\u2019un dossier unique demande pour MaPrimeR\u00e9nov\u2019 et les CEE. La FFB appelle aussi \u00e0 la p\u00e9rennisation du cr\u00e9dit d\u2019imp\u00f4t en faveur de la r\u00e9novation \u00e9nerg\u00e9tique des locaux des TPE et PME, pour donner de la visibilit\u00e9 aux acteurs.<\/p>\n","protected":false},"excerpt":{"rendered":"<p>La crise continue de se pr\u00e9parer dans le logement neuf, la FFB qui tenait ce jour une conf\u00e9rence de presse, est alarmiste et elle rappelle ses propositions pour limiter la casse. En glissement annuel sur trois mois \u00e0 fin f\u00e9vrier 2023, les mises en chantier dans l\u2019individuel chutent de 8,6\u00a0%, alors que le collectif progresse [&hellip;]<\/p>\n","protected":false},"author":17,"featured_media":108805,"comment_status":"closed","ping_status":"closed","sticky":false,"template":"","format":"standard","meta":{"_et_pb_use_builder":"","_et_pb_old_content":"","_et_gb_content_width":"","footnotes":""},"categories":[10736,10530,6345,10771,10775],"tags":[13095,373,2020,1338],"class_list":["post-108804","post","type-post","status-publish","format-standard","has-post-thumbnail","hentry","category-a-la-une","category-actualites","category-economie-marches","category-5facades","category-actualites-5facades","tag-crise","tag-ffb","tag-logement","tag-statistiques"],"yoast_head":"<!-- This site is optimized with the Yoast SEO plugin v27.4 - https:\/\/yoast.com\/product\/yoast-seo-wordpress\/ -->\n<title>La crise du logement neuf est amorc\u00e9e<\/title>\n<meta name=\"robots\" content=\"index, follow, max-snippet:-1, max-image-preview:large, max-video-preview:-1\" \/>\n<link rel=\"canonical\" href=\"https:\/\/batijournal.com\/index.php\/la-crise-du-logement-neuf-est-amorcee\/108804\/\" \/>\n<meta property=\"og:locale\" content=\"fr_FR\" \/>\n<meta property=\"og:type\" content=\"article\" \/>\n<meta property=\"og:title\" content=\"La crise du logement neuf est amorc\u00e9e\" \/>\n<meta property=\"og:description\" content=\"La crise continue de se pr\u00e9parer dans le logement neuf, la FFB qui tenait ce jour une conf\u00e9rence de presse, est alarmiste et elle rappelle ses propositions pour limiter la casse. En glissement annuel sur trois mois \u00e0 fin f\u00e9vrier 2023, les mises en chantier dans l\u2019individuel chutent de 8,6\u00a0%, alors que le collectif progresse [&hellip;]\" \/>\n<meta property=\"og:url\" content=\"https:\/\/batijournal.com\/index.php\/la-crise-du-logement-neuf-est-amorcee\/108804\/\" \/>\n<meta property=\"og:site_name\" content=\"Batijournal\" \/>\n<meta property=\"article:published_time\" content=\"2023-04-12T12:17:53+00:00\" \/>\n<meta property=\"og:image\" content=\"https:\/\/batijournal.com\/wp-content\/uploads\/2023\/04\/crise-du-logement-neuf-2023-FFB.png\" \/>\n\t<meta property=\"og:image:width\" content=\"819\" \/>\n\t<meta property=\"og:image:height\" content=\"448\" \/>\n\t<meta property=\"og:image:type\" content=\"image\/png\" \/>\n<meta name=\"author\" content=\"St\u00e9phane Miget\" \/>\n<meta name=\"twitter:card\" content=\"summary_large_image\" \/>\n<meta name=\"twitter:creator\" content=\"@bati_journal\" \/>\n<meta name=\"twitter:site\" content=\"@bati_journal\" \/>\n<meta name=\"twitter:label1\" content=\"\u00c9crit par\" \/>\n\t<meta name=\"twitter:data1\" content=\"St\u00e9phane Miget\" \/>\n\t<meta name=\"twitter:label2\" content=\"Dur\u00e9e de lecture estim\u00e9e\" \/>\n\t<meta name=\"twitter:data2\" content=\"3 minutes\" \/>\n<script type=\"application\/ld+json\" class=\"yoast-schema-graph\">{\"@context\":\"https:\\\/\\\/schema.org\",\"@graph\":[{\"@type\":\"Article\",\"@id\":\"https:\\\/\\\/batijournal.com\\\/index.php\\\/la-crise-du-logement-neuf-est-amorcee\\\/108804\\\/#article\",\"isPartOf\":{\"@id\":\"https:\\\/\\\/batijournal.com\\\/index.php\\\/la-crise-du-logement-neuf-est-amorcee\\\/108804\\\/\"},\"author\":{\"name\":\"St\u00e9phane Miget\",\"@id\":\"https:\\\/\\\/batijournal.com\\\/#\\\/schema\\\/person\\\/1dc96ec6957aa1ccb25ebe78bb19f100\"},\"headline\":\"La crise du logement neuf est amorc\u00e9e\",\"datePublished\":\"2023-04-12T12:17:53+00:00\",\"mainEntityOfPage\":{\"@id\":\"https:\\\/\\\/batijournal.com\\\/index.php\\\/la-crise-du-logement-neuf-est-amorcee\\\/108804\\\/\"},\"wordCount\":512,\"image\":{\"@id\":\"https:\\\/\\\/batijournal.com\\\/index.php\\\/la-crise-du-logement-neuf-est-amorcee\\\/108804\\\/#primaryimage\"},\"thumbnailUrl\":\"https:\\\/\\\/batijournal.com\\\/wp-content\\\/uploads\\\/2023\\\/04\\\/crise-du-logement-neuf-2023-FFB.png\",\"keywords\":[\"crise\",\"ffb\",\"logement\",\"statistiques\"],\"articleSection\":[\"A la Une\",\"Actualit\u00e9s\",\"\u00c9conomie &amp; March\u00e9s\",\"zz_5fa\u00e7ades\",\"zz_Actualit\u00e9s - 5fa\u00e7ades\"],\"inLanguage\":\"fr-FR\"},{\"@type\":\"WebPage\",\"@id\":\"https:\\\/\\\/batijournal.com\\\/index.php\\\/la-crise-du-logement-neuf-est-amorcee\\\/108804\\\/\",\"url\":\"https:\\\/\\\/batijournal.com\\\/index.php\\\/la-crise-du-logement-neuf-est-amorcee\\\/108804\\\/\",\"name\":\"La crise du logement neuf est amorc\u00e9e\",\"isPartOf\":{\"@id\":\"https:\\\/\\\/batijournal.com\\\/#website\"},\"primaryImageOfPage\":{\"@id\":\"https:\\\/\\\/batijournal.com\\\/index.php\\\/la-crise-du-logement-neuf-est-amorcee\\\/108804\\\/#primaryimage\"},\"image\":{\"@id\":\"https:\\\/\\\/batijournal.com\\\/index.php\\\/la-crise-du-logement-neuf-est-amorcee\\\/108804\\\/#primaryimage\"},\"thumbnailUrl\":\"https:\\\/\\\/batijournal.com\\\/wp-content\\\/uploads\\\/2023\\\/04\\\/crise-du-logement-neuf-2023-FFB.png\",\"datePublished\":\"2023-04-12T12:17:53+00:00\",\"author\":{\"@id\":\"https:\\\/\\\/batijournal.com\\\/#\\\/schema\\\/person\\\/1dc96ec6957aa1ccb25ebe78bb19f100\"},\"breadcrumb\":{\"@id\":\"https:\\\/\\\/batijournal.com\\\/index.php\\\/la-crise-du-logement-neuf-est-amorcee\\\/108804\\\/#breadcrumb\"},\"inLanguage\":\"fr-FR\",\"potentialAction\":[{\"@type\":\"ReadAction\",\"target\":[\"https:\\\/\\\/batijournal.com\\\/index.php\\\/la-crise-du-logement-neuf-est-amorcee\\\/108804\\\/\"]}]},{\"@type\":\"ImageObject\",\"inLanguage\":\"fr-FR\",\"@id\":\"https:\\\/\\\/batijournal.com\\\/index.php\\\/la-crise-du-logement-neuf-est-amorcee\\\/108804\\\/#primaryimage\",\"url\":\"https:\\\/\\\/batijournal.com\\\/wp-content\\\/uploads\\\/2023\\\/04\\\/crise-du-logement-neuf-2023-FFB.png\",\"contentUrl\":\"https:\\\/\\\/batijournal.com\\\/wp-content\\\/uploads\\\/2023\\\/04\\\/crise-du-logement-neuf-2023-FFB.png\",\"width\":819,\"height\":448},{\"@type\":\"BreadcrumbList\",\"@id\":\"https:\\\/\\\/batijournal.com\\\/index.php\\\/la-crise-du-logement-neuf-est-amorcee\\\/108804\\\/#breadcrumb\",\"itemListElement\":[{\"@type\":\"ListItem\",\"position\":1,\"name\":\"Accueil\",\"item\":\"https:\\\/\\\/batijournal.com\\\/\"},{\"@type\":\"ListItem\",\"position\":2,\"name\":\"A la Une\",\"item\":\"https:\\\/\\\/batijournal.com\\\/index.php\\\/category\\\/a-la-une\\\/\"},{\"@type\":\"ListItem\",\"position\":3,\"name\":\"La crise du logement neuf est amorc\u00e9e\"}]},{\"@type\":\"WebSite\",\"@id\":\"https:\\\/\\\/batijournal.com\\\/#website\",\"url\":\"https:\\\/\\\/batijournal.com\\\/\",\"name\":\"Batijournal\",\"description\":\"L&#039;actualit\u00e9 du b\u00e2timent\",\"potentialAction\":[{\"@type\":\"SearchAction\",\"target\":{\"@type\":\"EntryPoint\",\"urlTemplate\":\"https:\\\/\\\/batijournal.com\\\/?s={search_term_string}\"},\"query-input\":{\"@type\":\"PropertyValueSpecification\",\"valueRequired\":true,\"valueName\":\"search_term_string\"}}],\"inLanguage\":\"fr-FR\"},{\"@type\":\"Person\",\"@id\":\"https:\\\/\\\/batijournal.com\\\/#\\\/schema\\\/person\\\/1dc96ec6957aa1ccb25ebe78bb19f100\",\"name\":\"St\u00e9phane Miget\",\"image\":{\"@type\":\"ImageObject\",\"inLanguage\":\"fr-FR\",\"@id\":\"https:\\\/\\\/secure.gravatar.com\\\/avatar\\\/89915563d925342126b8ef0281b93d9d7fc337043e8df017f780908eb9644451?s=96&d=mm&r=g\",\"url\":\"https:\\\/\\\/secure.gravatar.com\\\/avatar\\\/89915563d925342126b8ef0281b93d9d7fc337043e8df017f780908eb9644451?s=96&d=mm&r=g\",\"contentUrl\":\"https:\\\/\\\/secure.gravatar.com\\\/avatar\\\/89915563d925342126b8ef0281b93d9d7fc337043e8df017f780908eb9644451?s=96&d=mm&r=g\",\"caption\":\"St\u00e9phane Miget\"},\"url\":\"https:\\\/\\\/batijournal.com\\\/index.php\\\/author\\\/stephane\\\/\"}]}<\/script>\n<!-- \/ Yoast SEO plugin. -->","yoast_head_json":{"title":"La crise du logement neuf est amorc\u00e9e","robots":{"index":"index","follow":"follow","max-snippet":"max-snippet:-1","max-image-preview":"max-image-preview:large","max-video-preview":"max-video-preview:-1"},"canonical":"https:\/\/batijournal.com\/index.php\/la-crise-du-logement-neuf-est-amorcee\/108804\/","og_locale":"fr_FR","og_type":"article","og_title":"La crise du logement neuf est amorc\u00e9e","og_description":"La crise continue de se pr\u00e9parer dans le logement neuf, la FFB qui tenait ce jour une conf\u00e9rence de presse, est alarmiste et elle rappelle ses propositions pour limiter la casse. En glissement annuel sur trois mois \u00e0 fin f\u00e9vrier 2023, les mises en chantier dans l\u2019individuel chutent de 8,6\u00a0%, alors que le collectif progresse [&hellip;]","og_url":"https:\/\/batijournal.com\/index.php\/la-crise-du-logement-neuf-est-amorcee\/108804\/","og_site_name":"Batijournal","article_published_time":"2023-04-12T12:17:53+00:00","og_image":[{"width":819,"height":448,"url":"https:\/\/batijournal.com\/wp-content\/uploads\/2023\/04\/crise-du-logement-neuf-2023-FFB.png","type":"image\/png"}],"author":"St\u00e9phane Miget","twitter_card":"summary_large_image","twitter_creator":"@bati_journal","twitter_site":"@bati_journal","twitter_misc":{"\u00c9crit par":"St\u00e9phane Miget","Dur\u00e9e de lecture estim\u00e9e":"3 minutes"},"schema":{"@context":"https:\/\/schema.org","@graph":[{"@type":"Article","@id":"https:\/\/batijournal.com\/index.php\/la-crise-du-logement-neuf-est-amorcee\/108804\/#article","isPartOf":{"@id":"https:\/\/batijournal.com\/index.php\/la-crise-du-logement-neuf-est-amorcee\/108804\/"},"author":{"name":"St\u00e9phane Miget","@id":"https:\/\/batijournal.com\/#\/schema\/person\/1dc96ec6957aa1ccb25ebe78bb19f100"},"headline":"La crise du logement neuf est amorc\u00e9e","datePublished":"2023-04-12T12:17:53+00:00","mainEntityOfPage":{"@id":"https:\/\/batijournal.com\/index.php\/la-crise-du-logement-neuf-est-amorcee\/108804\/"},"wordCount":512,"image":{"@id":"https:\/\/batijournal.com\/index.php\/la-crise-du-logement-neuf-est-amorcee\/108804\/#primaryimage"},"thumbnailUrl":"https:\/\/batijournal.com\/wp-content\/uploads\/2023\/04\/crise-du-logement-neuf-2023-FFB.png","keywords":["crise","ffb","logement","statistiques"],"articleSection":["A la Une","Actualit\u00e9s","\u00c9conomie &amp; March\u00e9s","zz_5fa\u00e7ades","zz_Actualit\u00e9s - 5fa\u00e7ades"],"inLanguage":"fr-FR"},{"@type":"WebPage","@id":"https:\/\/batijournal.com\/index.php\/la-crise-du-logement-neuf-est-amorcee\/108804\/","url":"https:\/\/batijournal.com\/index.php\/la-crise-du-logement-neuf-est-amorcee\/108804\/","name":"La crise du logement neuf est amorc\u00e9e","isPartOf":{"@id":"https:\/\/batijournal.com\/#website"},"primaryImageOfPage":{"@id":"https:\/\/batijournal.com\/index.php\/la-crise-du-logement-neuf-est-amorcee\/108804\/#primaryimage"},"image":{"@id":"https:\/\/batijournal.com\/index.php\/la-crise-du-logement-neuf-est-amorcee\/108804\/#primaryimage"},"thumbnailUrl":"https:\/\/batijournal.com\/wp-content\/uploads\/2023\/04\/crise-du-logement-neuf-2023-FFB.png","datePublished":"2023-04-12T12:17:53+00:00","author":{"@id":"https:\/\/batijournal.com\/#\/schema\/person\/1dc96ec6957aa1ccb25ebe78bb19f100"},"breadcrumb":{"@id":"https:\/\/batijournal.com\/index.php\/la-crise-du-logement-neuf-est-amorcee\/108804\/#breadcrumb"},"inLanguage":"fr-FR","potentialAction":[{"@type":"ReadAction","target":["https:\/\/batijournal.com\/index.php\/la-crise-du-logement-neuf-est-amorcee\/108804\/"]}]},{"@type":"ImageObject","inLanguage":"fr-FR","@id":"https:\/\/batijournal.com\/index.php\/la-crise-du-logement-neuf-est-amorcee\/108804\/#primaryimage","url":"https:\/\/batijournal.com\/wp-content\/uploads\/2023\/04\/crise-du-logement-neuf-2023-FFB.png","contentUrl":"https:\/\/batijournal.com\/wp-content\/uploads\/2023\/04\/crise-du-logement-neuf-2023-FFB.png","width":819,"height":448},{"@type":"BreadcrumbList","@id":"https:\/\/batijournal.com\/index.php\/la-crise-du-logement-neuf-est-amorcee\/108804\/#breadcrumb","itemListElement":[{"@type":"ListItem","position":1,"name":"Accueil","item":"https:\/\/batijournal.com\/"},{"@type":"ListItem","position":2,"name":"A la Une","item":"https:\/\/batijournal.com\/index.php\/category\/a-la-une\/"},{"@type":"ListItem","position":3,"name":"La crise du logement neuf est amorc\u00e9e"}]},{"@type":"WebSite","@id":"https:\/\/batijournal.com\/#website","url":"https:\/\/batijournal.com\/","name":"Batijournal","description":"L&#039;actualit\u00e9 du b\u00e2timent","potentialAction":[{"@type":"SearchAction","target":{"@type":"EntryPoint","urlTemplate":"https:\/\/batijournal.com\/?s={search_term_string}"},"query-input":{"@type":"PropertyValueSpecification","valueRequired":true,"valueName":"search_term_string"}}],"inLanguage":"fr-FR"},{"@type":"Person","@id":"https:\/\/batijournal.com\/#\/schema\/person\/1dc96ec6957aa1ccb25ebe78bb19f100","name":"St\u00e9phane Miget","image":{"@type":"ImageObject","inLanguage":"fr-FR","@id":"https:\/\/secure.gravatar.com\/avatar\/89915563d925342126b8ef0281b93d9d7fc337043e8df017f780908eb9644451?s=96&d=mm&r=g","url":"https:\/\/secure.gravatar.com\/avatar\/89915563d925342126b8ef0281b93d9d7fc337043e8df017f780908eb9644451?s=96&d=mm&r=g","contentUrl":"https:\/\/secure.gravatar.com\/avatar\/89915563d925342126b8ef0281b93d9d7fc337043e8df017f780908eb9644451?s=96&d=mm&r=g","caption":"St\u00e9phane Miget"},"url":"https:\/\/batijournal.com\/index.php\/author\/stephane\/"}]}},"_links":{"self":[{"href":"https:\/\/batijournal.com\/index.php\/wp-json\/wp\/v2\/posts\/108804","targetHints":{"allow":["GET"]}}],"collection":[{"href":"https:\/\/batijournal.com\/index.php\/wp-json\/wp\/v2\/posts"}],"about":[{"href":"https:\/\/batijournal.com\/index.php\/wp-json\/wp\/v2\/types\/post"}],"author":[{"embeddable":true,"href":"https:\/\/batijournal.com\/index.php\/wp-json\/wp\/v2\/users\/17"}],"replies":[{"embeddable":true,"href":"https:\/\/batijournal.com\/index.php\/wp-json\/wp\/v2\/comments?post=108804"}],"version-history":[{"count":0,"href":"https:\/\/batijournal.com\/index.php\/wp-json\/wp\/v2\/posts\/108804\/revisions"}],"wp:featuredmedia":[{"embeddable":true,"href":"https:\/\/batijournal.com\/index.php\/wp-json\/wp\/v2\/media\/108805"}],"wp:attachment":[{"href":"https:\/\/batijournal.com\/index.php\/wp-json\/wp\/v2\/media?parent=108804"}],"wp:term":[{"taxonomy":"category","embeddable":true,"href":"https:\/\/batijournal.com\/index.php\/wp-json\/wp\/v2\/categories?post=108804"},{"taxonomy":"post_tag","embeddable":true,"href":"https:\/\/batijournal.com\/index.php\/wp-json\/wp\/v2\/tags?post=108804"}],"curies":[{"name":"wp","href":"https:\/\/api.w.org\/{rel}","templated":true}]}}