{"id":108806,"date":"2023-04-12T14:27:27","date_gmt":"2023-04-12T12:27:27","guid":{"rendered":"https:\/\/batijournal.com\/?p=108806"},"modified":"2023-04-12T14:27:27","modified_gmt":"2023-04-12T12:27:27","slug":"nomination-de-marie-lavandier-a-la-presidence-du-centre-des-monuments-nationaux","status":"publish","type":"post","link":"https:\/\/batijournal.com\/index.php\/nomination-de-marie-lavandier-a-la-presidence-du-centre-des-monuments-nationaux\/108806\/","title":{"rendered":"Nomination de Marie Lavandier \u00e0 la pr\u00e9sidence du Centre des monuments nationaux"},"content":{"rendered":"<p>Sur proposition de Rima Abdul Malak, ministre de la Culture, le Pr\u00e9sident de la R\u00e9publique a nomm\u00e9 Marie Lavandier \u00e0 la pr\u00e9sidence du Centre des monuments nationaux.<\/p>\n<p>Avec trente ans d\u2019exp\u00e9riences r\u00e9ussies de direction d\u2019\u00e9tablissements culturels, le parcours de Marie Lavandier t\u00e9moigne d\u2019une attention port\u00e9e aux publics et \u00e0 l\u2019ancrage local, de l\u2019exigence d\u2019une politique d\u2019excellence artistique et scientifique, de la conduite de projets dans les domaines de la restauration et la conservation du patrimoine \u00e0 l\u2019\u00e9chelle nationale et internationale.<\/p>\n<p>Conservatrice g\u00e9n\u00e9rale du patrimoine, historienne d\u2019art et anthropologue, ancienne \u00e9l\u00e8ve de l\u2019\u00c9cole nationale du patrimoine, Marie Lavandier a \u00e9t\u00e9 conservatrice du mus\u00e9e d\u2019Art et d\u2019histoire de Dreux de 1993 \u00e0 2000, avant de participer \u00e0 la cr\u00e9ation du mus\u00e9e du pr\u00e9sident Jacques Chirac, \u00e0 Sarran en Corr\u00e8ze, dont elle assure la direction entre 2000 et 2006. Directrice adjointe du patrimoine et des collections au mus\u00e9e du Quai Branly de 2006 \u00e0 2010, elle est ensuite nomm\u00e9e \u00e0 la t\u00eate du Centre de recherche et de restauration des mus\u00e9es de France jusqu\u2019en 2014, o\u00f9 elle engage, entre autres, le chantier de restauration de la Sainte Anne de L\u00e9onard de Vinci, avec le mus\u00e9e du Louvre, ainsi que celui de l\u2019antichambre du Grand Couvert du ch\u00e2teau de Versailles. Prenant la direction des mus\u00e9es de la ville de Nice de 2014 \u00e0 2016, elle pr\u00e9side \u00e9galement le Conseil de l\u2019ICCROM (Centre International d\u2019\u00c9tudes pour la Conservation et la Restauration des biens Culturels, \u00e0 Rome) de 2013 \u00e0 2017.<\/p>\n<p>Directrice du Louvre-Lens depuis septembre 2016, elle s\u2019y est distingu\u00e9e par l\u2019\u00e9nergie f\u00e9d\u00e9ratrice avec laquelle elle a su faire du mus\u00e9e un lieu de d\u00e9couverte et d\u2019\u00e9change pour tous les publics. En prenant le pari d\u2019expositions th\u00e9matiques m\u00ealant les arts, les disciplines et les \u00e9poques, elle y r\u00e9ussit \u00e0 conqu\u00e9rir un public nombreux et diversifi\u00e9, notamment dans le bassin minier. Convaincue de la n\u00e9cessit\u00e9 de s\u2019engager dans les politiques publiques et le d\u00e9veloppement territorial, Marie Lavandier s\u2019est empar\u00e9e de th\u00e9matiques sociales telles que la lutte contre la pauvret\u00e9, l\u2019exclusion et le d\u00e9crochage scolaire et pour l\u2019acc\u00e8s aux dipl\u00f4mes et \u00e0 l\u2019emploi.<\/p>\n<p>Par son action \u00e0 la direction du Louvre-Lens, Marie Lavandier a contribu\u00e9 \u00e0 transformer le territoire sur les plans culturel et \u00e9conomique, gr\u00e2ce \u00e0 une dynamique de collaboration entre le mus\u00e9e, ses partenaires institutionnels et des dizaines d\u2019acteurs locaux.<\/p>\n<p>Marie Lavandier prendra ses fonctions le 2 mai prochain, pour un mandat de cinq ans. Elle succ\u00e9dera \u00e0 Philippe B\u00e9laval, dont Rima Abdul Malak salue l\u2019action pendant plus de dix ann\u00e9es \u00e0 la pr\u00e9sidence du CMN et plus largement son implication pour pr\u00e9server et valoriser notre patrimoine pour les g\u00e9n\u00e9rations actuelles et futures. Les mandats de Philippe B\u00e9laval auront \u00e9t\u00e9 marqu\u00e9s par des innovations majeures, dans le champ du num\u00e9rique, le d\u00e9veloppement de la programmation artistique, la r\u00e9alisation de grands projets embl\u00e9matiques comme la restauration de l\u2019H\u00f4tel de la Marine ou du Ch\u00e2teau de Villers-Cotter\u00eats.<\/p>\n<p>Marie Lavandier poursuivra la dynamique initi\u00e9e par Philippe B\u00e9laval, et pilotera, dans un premier temps, l\u2019ouverture de la Cit\u00e9 internationale de la langue fran\u00e7aise \u00e0 Villers-Cotter\u00eats, qui mobilisera le CMN dans toutes ses dimensions. Elle portera une attention particuli\u00e8re aux politiques de restauration, d\u2019ameublement, d\u2019acquisition, d\u2019accessibilit\u00e9 des plus de 100 monuments du r\u00e9seau du CMN. Marie Lavandier entend \u00e9galement faire du CMN une r\u00e9f\u00e9rence pour r\u00e9pondre aux mutations d\u2019un tourisme \u00e9coresponsable, contribuer \u00e0 la citoyennet\u00e9 et au r\u00e9cit national et d\u00e9velopper les coop\u00e9rations internationales.<\/p>\n<p>Communiqu\u00e9 du minist\u00e8re de la culture<\/p>\n","protected":false},"excerpt":{"rendered":"<p>Sur proposition de Rima Abdul Malak, ministre de la Culture, le Pr\u00e9sident de la R\u00e9publique a nomm\u00e9 Marie Lavandier \u00e0 la pr\u00e9sidence du Centre des monuments nationaux. Avec trente ans d\u2019exp\u00e9riences r\u00e9ussies de direction d\u2019\u00e9tablissements culturels, le parcours de Marie Lavandier t\u00e9moigne d\u2019une attention port\u00e9e aux publics et \u00e0 l\u2019ancrage local, de l\u2019exigence d\u2019une politique [&hellip;]<\/p>\n","protected":false},"author":17,"featured_media":108807,"comment_status":"closed","ping_status":"closed","sticky":false,"template":"","format":"standard","meta":{"_et_pb_use_builder":"","_et_pb_old_content":"","_et_gb_content_width":"","footnotes":""},"categories":[10530,10789,10785],"tags":[8651],"class_list":["post-108806","post","type-post","status-publish","format-standard","has-post-thumbnail","hentry","category-actualites","category-publications-atrium","category-atrium","tag-cmn"],"yoast_head":"<!-- This site is optimized with the Yoast SEO plugin v27.4 - https:\/\/yoast.com\/product\/yoast-seo-wordpress\/ -->\n<title>Nomination de Marie Lavandier \u00e0 la pr\u00e9sidence du Centre des monuments nationaux<\/title>\n<meta name=\"robots\" content=\"index, follow, max-snippet:-1, max-image-preview:large, max-video-preview:-1\" \/>\n<link rel=\"canonical\" href=\"https:\/\/batijournal.com\/index.php\/nomination-de-marie-lavandier-a-la-presidence-du-centre-des-monuments-nationaux\/108806\/\" \/>\n<meta property=\"og:locale\" content=\"fr_FR\" \/>\n<meta property=\"og:type\" content=\"article\" \/>\n<meta property=\"og:title\" content=\"Nomination de Marie Lavandier \u00e0 la pr\u00e9sidence du Centre des monuments nationaux\" \/>\n<meta property=\"og:description\" content=\"Sur proposition de Rima Abdul Malak, ministre de la Culture, le Pr\u00e9sident de la R\u00e9publique a nomm\u00e9 Marie Lavandier \u00e0 la pr\u00e9sidence du Centre des monuments nationaux. Avec trente ans d\u2019exp\u00e9riences r\u00e9ussies de direction d\u2019\u00e9tablissements culturels, le parcours de Marie Lavandier t\u00e9moigne d\u2019une attention port\u00e9e aux publics et \u00e0 l\u2019ancrage local, de l\u2019exigence d\u2019une politique [&hellip;]\" \/>\n<meta property=\"og:url\" content=\"https:\/\/batijournal.com\/index.php\/nomination-de-marie-lavandier-a-la-presidence-du-centre-des-monuments-nationaux\/108806\/\" \/>\n<meta property=\"og:site_name\" content=\"Batijournal\" \/>\n<meta property=\"article:published_time\" content=\"2023-04-12T12:27:27+00:00\" \/>\n<meta property=\"og:image\" content=\"https:\/\/batijournal.com\/wp-content\/uploads\/2023\/04\/Logo_Monuments_Nationaux_France.jpg\" \/>\n\t<meta property=\"og:image:width\" content=\"591\" \/>\n\t<meta property=\"og:image:height\" content=\"346\" \/>\n\t<meta property=\"og:image:type\" content=\"image\/jpeg\" \/>\n<meta name=\"author\" content=\"St\u00e9phane Miget\" \/>\n<meta name=\"twitter:card\" content=\"summary_large_image\" \/>\n<meta name=\"twitter:creator\" content=\"@bati_journal\" \/>\n<meta name=\"twitter:site\" content=\"@bati_journal\" \/>\n<meta name=\"twitter:label1\" content=\"\u00c9crit par\" \/>\n\t<meta name=\"twitter:data1\" content=\"St\u00e9phane Miget\" \/>\n\t<meta name=\"twitter:label2\" content=\"Dur\u00e9e de lecture estim\u00e9e\" \/>\n\t<meta name=\"twitter:data2\" content=\"3 minutes\" \/>\n<script type=\"application\/ld+json\" class=\"yoast-schema-graph\">{\"@context\":\"https:\\\/\\\/schema.org\",\"@graph\":[{\"@type\":\"Article\",\"@id\":\"https:\\\/\\\/batijournal.com\\\/index.php\\\/nomination-de-marie-lavandier-a-la-presidence-du-centre-des-monuments-nationaux\\\/108806\\\/#article\",\"isPartOf\":{\"@id\":\"https:\\\/\\\/batijournal.com\\\/index.php\\\/nomination-de-marie-lavandier-a-la-presidence-du-centre-des-monuments-nationaux\\\/108806\\\/\"},\"author\":{\"name\":\"St\u00e9phane Miget\",\"@id\":\"https:\\\/\\\/batijournal.com\\\/#\\\/schema\\\/person\\\/1dc96ec6957aa1ccb25ebe78bb19f100\"},\"headline\":\"Nomination de Marie Lavandier \u00e0 la pr\u00e9sidence du Centre des monuments nationaux\",\"datePublished\":\"2023-04-12T12:27:27+00:00\",\"mainEntityOfPage\":{\"@id\":\"https:\\\/\\\/batijournal.com\\\/index.php\\\/nomination-de-marie-lavandier-a-la-presidence-du-centre-des-monuments-nationaux\\\/108806\\\/\"},\"wordCount\":652,\"image\":{\"@id\":\"https:\\\/\\\/batijournal.com\\\/index.php\\\/nomination-de-marie-lavandier-a-la-presidence-du-centre-des-monuments-nationaux\\\/108806\\\/#primaryimage\"},\"thumbnailUrl\":\"https:\\\/\\\/batijournal.com\\\/wp-content\\\/uploads\\\/2023\\\/04\\\/Logo_Monuments_Nationaux_France.jpg\",\"keywords\":[\"cmn\"],\"articleSection\":[\"Actualit\u00e9s\",\"zz_Actualit\u00e9s - Atrium\",\"zz_Atrium Patrimoine\"],\"inLanguage\":\"fr-FR\"},{\"@type\":\"WebPage\",\"@id\":\"https:\\\/\\\/batijournal.com\\\/index.php\\\/nomination-de-marie-lavandier-a-la-presidence-du-centre-des-monuments-nationaux\\\/108806\\\/\",\"url\":\"https:\\\/\\\/batijournal.com\\\/index.php\\\/nomination-de-marie-lavandier-a-la-presidence-du-centre-des-monuments-nationaux\\\/108806\\\/\",\"name\":\"Nomination de Marie Lavandier \u00e0 la pr\u00e9sidence du Centre des monuments nationaux\",\"isPartOf\":{\"@id\":\"https:\\\/\\\/batijournal.com\\\/#website\"},\"primaryImageOfPage\":{\"@id\":\"https:\\\/\\\/batijournal.com\\\/index.php\\\/nomination-de-marie-lavandier-a-la-presidence-du-centre-des-monuments-nationaux\\\/108806\\\/#primaryimage\"},\"image\":{\"@id\":\"https:\\\/\\\/batijournal.com\\\/index.php\\\/nomination-de-marie-lavandier-a-la-presidence-du-centre-des-monuments-nationaux\\\/108806\\\/#primaryimage\"},\"thumbnailUrl\":\"https:\\\/\\\/batijournal.com\\\/wp-content\\\/uploads\\\/2023\\\/04\\\/Logo_Monuments_Nationaux_France.jpg\",\"datePublished\":\"2023-04-12T12:27:27+00:00\",\"author\":{\"@id\":\"https:\\\/\\\/batijournal.com\\\/#\\\/schema\\\/person\\\/1dc96ec6957aa1ccb25ebe78bb19f100\"},\"breadcrumb\":{\"@id\":\"https:\\\/\\\/batijournal.com\\\/index.php\\\/nomination-de-marie-lavandier-a-la-presidence-du-centre-des-monuments-nationaux\\\/108806\\\/#breadcrumb\"},\"inLanguage\":\"fr-FR\",\"potentialAction\":[{\"@type\":\"ReadAction\",\"target\":[\"https:\\\/\\\/batijournal.com\\\/index.php\\\/nomination-de-marie-lavandier-a-la-presidence-du-centre-des-monuments-nationaux\\\/108806\\\/\"]}]},{\"@type\":\"ImageObject\",\"inLanguage\":\"fr-FR\",\"@id\":\"https:\\\/\\\/batijournal.com\\\/index.php\\\/nomination-de-marie-lavandier-a-la-presidence-du-centre-des-monuments-nationaux\\\/108806\\\/#primaryimage\",\"url\":\"https:\\\/\\\/batijournal.com\\\/wp-content\\\/uploads\\\/2023\\\/04\\\/Logo_Monuments_Nationaux_France.jpg\",\"contentUrl\":\"https:\\\/\\\/batijournal.com\\\/wp-content\\\/uploads\\\/2023\\\/04\\\/Logo_Monuments_Nationaux_France.jpg\",\"width\":591,\"height\":346},{\"@type\":\"BreadcrumbList\",\"@id\":\"https:\\\/\\\/batijournal.com\\\/index.php\\\/nomination-de-marie-lavandier-a-la-presidence-du-centre-des-monuments-nationaux\\\/108806\\\/#breadcrumb\",\"itemListElement\":[{\"@type\":\"ListItem\",\"position\":1,\"name\":\"Accueil\",\"item\":\"https:\\\/\\\/batijournal.com\\\/\"},{\"@type\":\"ListItem\",\"position\":2,\"name\":\"Actualit\u00e9s\",\"item\":\"https:\\\/\\\/batijournal.com\\\/index.php\\\/category\\\/actualites\\\/\"},{\"@type\":\"ListItem\",\"position\":3,\"name\":\"Nomination de Marie Lavandier \u00e0 la pr\u00e9sidence du Centre des monuments nationaux\"}]},{\"@type\":\"WebSite\",\"@id\":\"https:\\\/\\\/batijournal.com\\\/#website\",\"url\":\"https:\\\/\\\/batijournal.com\\\/\",\"name\":\"Batijournal\",\"description\":\"L&#039;actualit\u00e9 du b\u00e2timent\",\"potentialAction\":[{\"@type\":\"SearchAction\",\"target\":{\"@type\":\"EntryPoint\",\"urlTemplate\":\"https:\\\/\\\/batijournal.com\\\/?s={search_term_string}\"},\"query-input\":{\"@type\":\"PropertyValueSpecification\",\"valueRequired\":true,\"valueName\":\"search_term_string\"}}],\"inLanguage\":\"fr-FR\"},{\"@type\":\"Person\",\"@id\":\"https:\\\/\\\/batijournal.com\\\/#\\\/schema\\\/person\\\/1dc96ec6957aa1ccb25ebe78bb19f100\",\"name\":\"St\u00e9phane Miget\",\"image\":{\"@type\":\"ImageObject\",\"inLanguage\":\"fr-FR\",\"@id\":\"https:\\\/\\\/secure.gravatar.com\\\/avatar\\\/89915563d925342126b8ef0281b93d9d7fc337043e8df017f780908eb9644451?s=96&d=mm&r=g\",\"url\":\"https:\\\/\\\/secure.gravatar.com\\\/avatar\\\/89915563d925342126b8ef0281b93d9d7fc337043e8df017f780908eb9644451?s=96&d=mm&r=g\",\"contentUrl\":\"https:\\\/\\\/secure.gravatar.com\\\/avatar\\\/89915563d925342126b8ef0281b93d9d7fc337043e8df017f780908eb9644451?s=96&d=mm&r=g\",\"caption\":\"St\u00e9phane Miget\"},\"url\":\"https:\\\/\\\/batijournal.com\\\/index.php\\\/author\\\/stephane\\\/\"}]}<\/script>\n<!-- \/ Yoast SEO plugin. -->","yoast_head_json":{"title":"Nomination de Marie Lavandier \u00e0 la pr\u00e9sidence du Centre des monuments nationaux","robots":{"index":"index","follow":"follow","max-snippet":"max-snippet:-1","max-image-preview":"max-image-preview:large","max-video-preview":"max-video-preview:-1"},"canonical":"https:\/\/batijournal.com\/index.php\/nomination-de-marie-lavandier-a-la-presidence-du-centre-des-monuments-nationaux\/108806\/","og_locale":"fr_FR","og_type":"article","og_title":"Nomination de Marie Lavandier \u00e0 la pr\u00e9sidence du Centre des monuments nationaux","og_description":"Sur proposition de Rima Abdul Malak, ministre de la Culture, le Pr\u00e9sident de la R\u00e9publique a nomm\u00e9 Marie Lavandier \u00e0 la pr\u00e9sidence du Centre des monuments nationaux. Avec trente ans d\u2019exp\u00e9riences r\u00e9ussies de direction d\u2019\u00e9tablissements culturels, le parcours de Marie Lavandier t\u00e9moigne d\u2019une attention port\u00e9e aux publics et \u00e0 l\u2019ancrage local, de l\u2019exigence d\u2019une politique [&hellip;]","og_url":"https:\/\/batijournal.com\/index.php\/nomination-de-marie-lavandier-a-la-presidence-du-centre-des-monuments-nationaux\/108806\/","og_site_name":"Batijournal","article_published_time":"2023-04-12T12:27:27+00:00","og_image":[{"width":591,"height":346,"url":"https:\/\/batijournal.com\/wp-content\/uploads\/2023\/04\/Logo_Monuments_Nationaux_France.jpg","type":"image\/jpeg"}],"author":"St\u00e9phane Miget","twitter_card":"summary_large_image","twitter_creator":"@bati_journal","twitter_site":"@bati_journal","twitter_misc":{"\u00c9crit par":"St\u00e9phane Miget","Dur\u00e9e de lecture estim\u00e9e":"3 minutes"},"schema":{"@context":"https:\/\/schema.org","@graph":[{"@type":"Article","@id":"https:\/\/batijournal.com\/index.php\/nomination-de-marie-lavandier-a-la-presidence-du-centre-des-monuments-nationaux\/108806\/#article","isPartOf":{"@id":"https:\/\/batijournal.com\/index.php\/nomination-de-marie-lavandier-a-la-presidence-du-centre-des-monuments-nationaux\/108806\/"},"author":{"name":"St\u00e9phane Miget","@id":"https:\/\/batijournal.com\/#\/schema\/person\/1dc96ec6957aa1ccb25ebe78bb19f100"},"headline":"Nomination de Marie Lavandier \u00e0 la pr\u00e9sidence du Centre des monuments nationaux","datePublished":"2023-04-12T12:27:27+00:00","mainEntityOfPage":{"@id":"https:\/\/batijournal.com\/index.php\/nomination-de-marie-lavandier-a-la-presidence-du-centre-des-monuments-nationaux\/108806\/"},"wordCount":652,"image":{"@id":"https:\/\/batijournal.com\/index.php\/nomination-de-marie-lavandier-a-la-presidence-du-centre-des-monuments-nationaux\/108806\/#primaryimage"},"thumbnailUrl":"https:\/\/batijournal.com\/wp-content\/uploads\/2023\/04\/Logo_Monuments_Nationaux_France.jpg","keywords":["cmn"],"articleSection":["Actualit\u00e9s","zz_Actualit\u00e9s - Atrium","zz_Atrium Patrimoine"],"inLanguage":"fr-FR"},{"@type":"WebPage","@id":"https:\/\/batijournal.com\/index.php\/nomination-de-marie-lavandier-a-la-presidence-du-centre-des-monuments-nationaux\/108806\/","url":"https:\/\/batijournal.com\/index.php\/nomination-de-marie-lavandier-a-la-presidence-du-centre-des-monuments-nationaux\/108806\/","name":"Nomination de Marie Lavandier \u00e0 la pr\u00e9sidence du Centre des monuments nationaux","isPartOf":{"@id":"https:\/\/batijournal.com\/#website"},"primaryImageOfPage":{"@id":"https:\/\/batijournal.com\/index.php\/nomination-de-marie-lavandier-a-la-presidence-du-centre-des-monuments-nationaux\/108806\/#primaryimage"},"image":{"@id":"https:\/\/batijournal.com\/index.php\/nomination-de-marie-lavandier-a-la-presidence-du-centre-des-monuments-nationaux\/108806\/#primaryimage"},"thumbnailUrl":"https:\/\/batijournal.com\/wp-content\/uploads\/2023\/04\/Logo_Monuments_Nationaux_France.jpg","datePublished":"2023-04-12T12:27:27+00:00","author":{"@id":"https:\/\/batijournal.com\/#\/schema\/person\/1dc96ec6957aa1ccb25ebe78bb19f100"},"breadcrumb":{"@id":"https:\/\/batijournal.com\/index.php\/nomination-de-marie-lavandier-a-la-presidence-du-centre-des-monuments-nationaux\/108806\/#breadcrumb"},"inLanguage":"fr-FR","potentialAction":[{"@type":"ReadAction","target":["https:\/\/batijournal.com\/index.php\/nomination-de-marie-lavandier-a-la-presidence-du-centre-des-monuments-nationaux\/108806\/"]}]},{"@type":"ImageObject","inLanguage":"fr-FR","@id":"https:\/\/batijournal.com\/index.php\/nomination-de-marie-lavandier-a-la-presidence-du-centre-des-monuments-nationaux\/108806\/#primaryimage","url":"https:\/\/batijournal.com\/wp-content\/uploads\/2023\/04\/Logo_Monuments_Nationaux_France.jpg","contentUrl":"https:\/\/batijournal.com\/wp-content\/uploads\/2023\/04\/Logo_Monuments_Nationaux_France.jpg","width":591,"height":346},{"@type":"BreadcrumbList","@id":"https:\/\/batijournal.com\/index.php\/nomination-de-marie-lavandier-a-la-presidence-du-centre-des-monuments-nationaux\/108806\/#breadcrumb","itemListElement":[{"@type":"ListItem","position":1,"name":"Accueil","item":"https:\/\/batijournal.com\/"},{"@type":"ListItem","position":2,"name":"Actualit\u00e9s","item":"https:\/\/batijournal.com\/index.php\/category\/actualites\/"},{"@type":"ListItem","position":3,"name":"Nomination de Marie Lavandier \u00e0 la pr\u00e9sidence du Centre des monuments nationaux"}]},{"@type":"WebSite","@id":"https:\/\/batijournal.com\/#website","url":"https:\/\/batijournal.com\/","name":"Batijournal","description":"L&#039;actualit\u00e9 du b\u00e2timent","potentialAction":[{"@type":"SearchAction","target":{"@type":"EntryPoint","urlTemplate":"https:\/\/batijournal.com\/?s={search_term_string}"},"query-input":{"@type":"PropertyValueSpecification","valueRequired":true,"valueName":"search_term_string"}}],"inLanguage":"fr-FR"},{"@type":"Person","@id":"https:\/\/batijournal.com\/#\/schema\/person\/1dc96ec6957aa1ccb25ebe78bb19f100","name":"St\u00e9phane Miget","image":{"@type":"ImageObject","inLanguage":"fr-FR","@id":"https:\/\/secure.gravatar.com\/avatar\/89915563d925342126b8ef0281b93d9d7fc337043e8df017f780908eb9644451?s=96&d=mm&r=g","url":"https:\/\/secure.gravatar.com\/avatar\/89915563d925342126b8ef0281b93d9d7fc337043e8df017f780908eb9644451?s=96&d=mm&r=g","contentUrl":"https:\/\/secure.gravatar.com\/avatar\/89915563d925342126b8ef0281b93d9d7fc337043e8df017f780908eb9644451?s=96&d=mm&r=g","caption":"St\u00e9phane Miget"},"url":"https:\/\/batijournal.com\/index.php\/author\/stephane\/"}]}},"_links":{"self":[{"href":"https:\/\/batijournal.com\/index.php\/wp-json\/wp\/v2\/posts\/108806","targetHints":{"allow":["GET"]}}],"collection":[{"href":"https:\/\/batijournal.com\/index.php\/wp-json\/wp\/v2\/posts"}],"about":[{"href":"https:\/\/batijournal.com\/index.php\/wp-json\/wp\/v2\/types\/post"}],"author":[{"embeddable":true,"href":"https:\/\/batijournal.com\/index.php\/wp-json\/wp\/v2\/users\/17"}],"replies":[{"embeddable":true,"href":"https:\/\/batijournal.com\/index.php\/wp-json\/wp\/v2\/comments?post=108806"}],"version-history":[{"count":0,"href":"https:\/\/batijournal.com\/index.php\/wp-json\/wp\/v2\/posts\/108806\/revisions"}],"wp:featuredmedia":[{"embeddable":true,"href":"https:\/\/batijournal.com\/index.php\/wp-json\/wp\/v2\/media\/108807"}],"wp:attachment":[{"href":"https:\/\/batijournal.com\/index.php\/wp-json\/wp\/v2\/media?parent=108806"}],"wp:term":[{"taxonomy":"category","embeddable":true,"href":"https:\/\/batijournal.com\/index.php\/wp-json\/wp\/v2\/categories?post=108806"},{"taxonomy":"post_tag","embeddable":true,"href":"https:\/\/batijournal.com\/index.php\/wp-json\/wp\/v2\/tags?post=108806"}],"curies":[{"name":"wp","href":"https:\/\/api.w.org\/{rel}","templated":true}]}}