{"id":108808,"date":"2023-04-12T14:33:28","date_gmt":"2023-04-12T12:33:28","guid":{"rendered":"https:\/\/batijournal.com\/?p=108808"},"modified":"2023-04-12T14:33:28","modified_gmt":"2023-04-12T12:33:28","slug":"amplification-du-plan-securite-des-cathedrales","status":"publish","type":"post","link":"https:\/\/batijournal.com\/index.php\/amplification-du-plan-securite-des-cathedrales\/108808\/","title":{"rendered":"Amplification du plan \u00ab s\u00e9curit\u00e9 des cath\u00e9drales \u00bb"},"content":{"rendered":"<p>Apr\u00e8s l&rsquo;incendie de la cath\u00e9drale Notre-Dame de Paris, le 15 avril 2019, le minist\u00e8re de la Culture a d\u00e9cid\u00e9 de renforcer la s\u00e9curit\u00e9 des 87 cath\u00e9drales dont l\u2019Etat est propri\u00e9taire. Il a d\u00e9termin\u00e9 une s\u00e9rie de mesures pour accro\u00eetre le niveau de s\u00e9curit\u00e9 mises en \u0153uvre par les Drac. A partir de 2020, des travaux d\u2019envergure ont \u00e9t\u00e9 engag\u00e9s. L\u2019effort de restauration des cath\u00e9drales se traduit par exemple concr\u00e8tement \u00e0 Orl\u00e9ans, \u00e0 Rodez, au Puy-en-Velay ou encore \u00e0 Dijon o\u00f9 d\u2019importantes campagnes de travaux se terminent ; le niveau global de s\u00e9curit\u00e9 des cath\u00e9drales a \u00e9t\u00e9 nettement relev\u00e9 : installation d\u2019\u00e9quipements techniques tels que les colonnes s\u00e8ches facilitant l\u2019intervention des pompiers, recoupement des combles par des parois coupe-feu, installation ou am\u00e9lioration des syst\u00e8mes de s\u00e9curit\u00e9 incendie, etc. ; la prise de conscience des risques est d\u00e9sormais acquise par les diff\u00e9rents acteurs (dioc\u00e8se, pompiers, Drac) ; l\u2019\u00e9vacuation et la protection des \u0153uvres en cas de sinistre sont aujourd\u2019hui facilit\u00e9es gr\u00e2ce \u00e0 la formalisation de 66 plans de sauvegarde des biens culturels (PSBC), contre 13 en 2019. D\u2019autres suivront dans les prochains mois. Ce travail, men\u00e9 en lien avec le dioc\u00e8se et les pompiers (SDIS), s\u2019accompagne d\u2019exercice d\u2019intervention, en voie de g\u00e9n\u00e9ralisation ; le nombre de visites dans les cath\u00e9drales des conseillers s\u00e9curit\u00e9-s\u00fbret\u00e9 du Minist\u00e8re de la Culture a doubl\u00e9 de 2020 \u00e0 2022.<\/p>\n<p>En 2023, prenant appui sur les retours de terrain, la ministre de la Culture a d\u00e9cid\u00e9 de compl\u00e9ter le plan \u00ab s\u00e9curit\u00e9 des cath\u00e9drales \u00bb par de nouvelles actions :<br \/>\n&#8211; l\u2019installation g\u00e9n\u00e9ralis\u00e9e de cam\u00e9ras thermiques dans les cath\u00e9drales, \u00e0 la suite de leur exp\u00e9rimentation \u00e0 Notre-Dame de Paris et \u00e0 Saint-Pierre de Beauvais. Ces cam\u00e9ras thermiques permettent de d\u00e9tecter les zones de chaleur avant l\u2019apparition des fum\u00e9es d\u2019incendie, donc d\u2019intervenir plus rapidement, ainsi que de d\u00e9tecter les intrusions ;<br \/>\n&#8211; la mise en place de dispositifs pour am\u00e9liorer de la s\u00e9curit\u00e9 en p\u00e9riode de travaux (d\u00e9tection incendie sp\u00e9cifique, intensification des rondes de contr\u00f4le, t\u00e9l\u00e9surveillance) ;<br \/>\n&#8211; la suppression des installations \u00e9lectriques \u00e0 risques, non n\u00e9cessaires \u00e0 la conservation ou au fonctionnement des cath\u00e9drales (antennes t\u00e9l\u00e9phoniques, installations de chauffage \u00e9lectrique, certains r\u00e9seaux d\u2019\u00e9clairage ext\u00e9rieur) ;<br \/>\n&#8211; le renforcement du plan \u00ab s\u00e9curit\u00e9 des cath\u00e9drales \u00bb passe \u00e9galement par l\u2019approfondissement des audits de s\u00e9curit\u00e9 et s\u00fbret\u00e9, sur le mod\u00e8le des audits complets r\u00e9alis\u00e9s en Auvergne-Rh\u00f4ne-Alpes, en Occitanie et en Ile-de-France ;<br \/>\n&#8211; l\u2019appui d\u2019experts externes, aupr\u00e8s des DRAC, pour accompagner les Architectes des b\u00e2timents de France dans leur r\u00f4le de responsable unique de s\u00e9curit\u00e9 en raison de 2 jours et demi par mois pour chaque cath\u00e9drale.<br \/>\nPour porter cette \u00e9tape nouvelle de restauration et de s\u00e9curisation renforc\u00e9e des cath\u00e9drales, la ministre de la Culture mobilise en 2023 un budget de 52 millions d\u2019euros pour les cath\u00e9drales (hors Notre-Dame de Paris), soit + 23 % de plus qu\u2019en 2022 (hors plan de relance). Au sein de ce budget, 40 millions seront consacr\u00e9s aux travaux de restauration (des cath\u00e9drales de Clermont-Ferrand et de Beauvais par exemple) et 12 millions pour la s\u00e9curit\u00e9 incendie.<\/p>\n","protected":false},"excerpt":{"rendered":"<p>Apr\u00e8s l&rsquo;incendie de la cath\u00e9drale Notre-Dame de Paris, le 15 avril 2019, le minist\u00e8re de la Culture a d\u00e9cid\u00e9 de renforcer la s\u00e9curit\u00e9 des 87 cath\u00e9drales dont l\u2019Etat est propri\u00e9taire. Il a d\u00e9termin\u00e9 une s\u00e9rie de mesures pour accro\u00eetre le niveau de s\u00e9curit\u00e9 mises en \u0153uvre par les Drac. A partir de 2020, des travaux [&hellip;]<\/p>\n","protected":false},"author":17,"featured_media":108448,"comment_status":"closed","ping_status":"closed","sticky":false,"template":"","format":"standard","meta":{"_et_pb_use_builder":"","_et_pb_old_content":"","_et_gb_content_width":"","footnotes":""},"categories":[10530,6362,10789,10785],"tags":[6758],"class_list":["post-108808","post","type-post","status-publish","format-standard","has-post-thumbnail","hentry","category-actualites","category-services-equipements","category-publications-atrium","category-atrium","tag-cathedrale"],"yoast_head":"<!-- This site is optimized with the Yoast SEO plugin v27.4 - https:\/\/yoast.com\/product\/yoast-seo-wordpress\/ -->\n<title>Amplification du plan \u00ab s\u00e9curit\u00e9 des cath\u00e9drales \u00bb<\/title>\n<meta name=\"robots\" content=\"index, follow, max-snippet:-1, max-image-preview:large, max-video-preview:-1\" \/>\n<link rel=\"canonical\" href=\"https:\/\/batijournal.com\/index.php\/amplification-du-plan-securite-des-cathedrales\/108808\/\" \/>\n<meta property=\"og:locale\" content=\"fr_FR\" \/>\n<meta property=\"og:type\" content=\"article\" \/>\n<meta property=\"og:title\" content=\"Amplification du plan \u00ab s\u00e9curit\u00e9 des cath\u00e9drales \u00bb\" \/>\n<meta property=\"og:description\" content=\"Apr\u00e8s l&rsquo;incendie de la cath\u00e9drale Notre-Dame de Paris, le 15 avril 2019, le minist\u00e8re de la Culture a d\u00e9cid\u00e9 de renforcer la s\u00e9curit\u00e9 des 87 cath\u00e9drales dont l\u2019Etat est propri\u00e9taire. Il a d\u00e9termin\u00e9 une s\u00e9rie de mesures pour accro\u00eetre le niveau de s\u00e9curit\u00e9 mises en \u0153uvre par les Drac. A partir de 2020, des travaux [&hellip;]\" \/>\n<meta property=\"og:url\" content=\"https:\/\/batijournal.com\/index.php\/amplification-du-plan-securite-des-cathedrales\/108808\/\" \/>\n<meta property=\"og:site_name\" content=\"Batijournal\" \/>\n<meta property=\"article:published_time\" content=\"2023-04-12T12:33:28+00:00\" \/>\n<meta property=\"og:image\" content=\"https:\/\/batijournal.com\/wp-content\/uploads\/2022\/12\/cathedrale-aix-en-provence.jpg\" \/>\n\t<meta property=\"og:image:width\" content=\"1000\" \/>\n\t<meta property=\"og:image:height\" content=\"624\" \/>\n\t<meta property=\"og:image:type\" content=\"image\/jpeg\" \/>\n<meta name=\"author\" content=\"St\u00e9phane Miget\" \/>\n<meta name=\"twitter:card\" content=\"summary_large_image\" \/>\n<meta name=\"twitter:creator\" content=\"@bati_journal\" \/>\n<meta name=\"twitter:site\" content=\"@bati_journal\" \/>\n<meta name=\"twitter:label1\" content=\"\u00c9crit par\" \/>\n\t<meta name=\"twitter:data1\" content=\"St\u00e9phane Miget\" \/>\n\t<meta name=\"twitter:label2\" content=\"Dur\u00e9e de lecture estim\u00e9e\" \/>\n\t<meta name=\"twitter:data2\" content=\"3 minutes\" \/>\n<script type=\"application\/ld+json\" class=\"yoast-schema-graph\">{\"@context\":\"https:\\\/\\\/schema.org\",\"@graph\":[{\"@type\":\"Article\",\"@id\":\"https:\\\/\\\/batijournal.com\\\/index.php\\\/amplification-du-plan-securite-des-cathedrales\\\/108808\\\/#article\",\"isPartOf\":{\"@id\":\"https:\\\/\\\/batijournal.com\\\/index.php\\\/amplification-du-plan-securite-des-cathedrales\\\/108808\\\/\"},\"author\":{\"name\":\"St\u00e9phane Miget\",\"@id\":\"https:\\\/\\\/batijournal.com\\\/#\\\/schema\\\/person\\\/1dc96ec6957aa1ccb25ebe78bb19f100\"},\"headline\":\"Amplification du plan \u00ab s\u00e9curit\u00e9 des cath\u00e9drales \u00bb\",\"datePublished\":\"2023-04-12T12:33:28+00:00\",\"mainEntityOfPage\":{\"@id\":\"https:\\\/\\\/batijournal.com\\\/index.php\\\/amplification-du-plan-securite-des-cathedrales\\\/108808\\\/\"},\"wordCount\":572,\"image\":{\"@id\":\"https:\\\/\\\/batijournal.com\\\/index.php\\\/amplification-du-plan-securite-des-cathedrales\\\/108808\\\/#primaryimage\"},\"thumbnailUrl\":\"https:\\\/\\\/batijournal.com\\\/wp-content\\\/uploads\\\/2022\\\/12\\\/cathedrale-aix-en-provence.jpg\",\"keywords\":[\"cathedrale\"],\"articleSection\":[\"Actualit\u00e9s\",\"Divers\",\"zz_Actualit\u00e9s - Atrium\",\"zz_Atrium Patrimoine\"],\"inLanguage\":\"fr-FR\"},{\"@type\":\"WebPage\",\"@id\":\"https:\\\/\\\/batijournal.com\\\/index.php\\\/amplification-du-plan-securite-des-cathedrales\\\/108808\\\/\",\"url\":\"https:\\\/\\\/batijournal.com\\\/index.php\\\/amplification-du-plan-securite-des-cathedrales\\\/108808\\\/\",\"name\":\"Amplification du plan \u00ab s\u00e9curit\u00e9 des cath\u00e9drales \u00bb\",\"isPartOf\":{\"@id\":\"https:\\\/\\\/batijournal.com\\\/#website\"},\"primaryImageOfPage\":{\"@id\":\"https:\\\/\\\/batijournal.com\\\/index.php\\\/amplification-du-plan-securite-des-cathedrales\\\/108808\\\/#primaryimage\"},\"image\":{\"@id\":\"https:\\\/\\\/batijournal.com\\\/index.php\\\/amplification-du-plan-securite-des-cathedrales\\\/108808\\\/#primaryimage\"},\"thumbnailUrl\":\"https:\\\/\\\/batijournal.com\\\/wp-content\\\/uploads\\\/2022\\\/12\\\/cathedrale-aix-en-provence.jpg\",\"datePublished\":\"2023-04-12T12:33:28+00:00\",\"author\":{\"@id\":\"https:\\\/\\\/batijournal.com\\\/#\\\/schema\\\/person\\\/1dc96ec6957aa1ccb25ebe78bb19f100\"},\"breadcrumb\":{\"@id\":\"https:\\\/\\\/batijournal.com\\\/index.php\\\/amplification-du-plan-securite-des-cathedrales\\\/108808\\\/#breadcrumb\"},\"inLanguage\":\"fr-FR\",\"potentialAction\":[{\"@type\":\"ReadAction\",\"target\":[\"https:\\\/\\\/batijournal.com\\\/index.php\\\/amplification-du-plan-securite-des-cathedrales\\\/108808\\\/\"]}]},{\"@type\":\"ImageObject\",\"inLanguage\":\"fr-FR\",\"@id\":\"https:\\\/\\\/batijournal.com\\\/index.php\\\/amplification-du-plan-securite-des-cathedrales\\\/108808\\\/#primaryimage\",\"url\":\"https:\\\/\\\/batijournal.com\\\/wp-content\\\/uploads\\\/2022\\\/12\\\/cathedrale-aix-en-provence.jpg\",\"contentUrl\":\"https:\\\/\\\/batijournal.com\\\/wp-content\\\/uploads\\\/2022\\\/12\\\/cathedrale-aix-en-provence.jpg\",\"width\":1000,\"height\":624},{\"@type\":\"BreadcrumbList\",\"@id\":\"https:\\\/\\\/batijournal.com\\\/index.php\\\/amplification-du-plan-securite-des-cathedrales\\\/108808\\\/#breadcrumb\",\"itemListElement\":[{\"@type\":\"ListItem\",\"position\":1,\"name\":\"Accueil\",\"item\":\"https:\\\/\\\/batijournal.com\\\/\"},{\"@type\":\"ListItem\",\"position\":2,\"name\":\"Actualit\u00e9s\",\"item\":\"https:\\\/\\\/batijournal.com\\\/index.php\\\/category\\\/actualites\\\/\"},{\"@type\":\"ListItem\",\"position\":3,\"name\":\"Amplification du plan \u00ab s\u00e9curit\u00e9 des cath\u00e9drales \u00bb\"}]},{\"@type\":\"WebSite\",\"@id\":\"https:\\\/\\\/batijournal.com\\\/#website\",\"url\":\"https:\\\/\\\/batijournal.com\\\/\",\"name\":\"Batijournal\",\"description\":\"L&#039;actualit\u00e9 du b\u00e2timent\",\"potentialAction\":[{\"@type\":\"SearchAction\",\"target\":{\"@type\":\"EntryPoint\",\"urlTemplate\":\"https:\\\/\\\/batijournal.com\\\/?s={search_term_string}\"},\"query-input\":{\"@type\":\"PropertyValueSpecification\",\"valueRequired\":true,\"valueName\":\"search_term_string\"}}],\"inLanguage\":\"fr-FR\"},{\"@type\":\"Person\",\"@id\":\"https:\\\/\\\/batijournal.com\\\/#\\\/schema\\\/person\\\/1dc96ec6957aa1ccb25ebe78bb19f100\",\"name\":\"St\u00e9phane Miget\",\"image\":{\"@type\":\"ImageObject\",\"inLanguage\":\"fr-FR\",\"@id\":\"https:\\\/\\\/secure.gravatar.com\\\/avatar\\\/89915563d925342126b8ef0281b93d9d7fc337043e8df017f780908eb9644451?s=96&d=mm&r=g\",\"url\":\"https:\\\/\\\/secure.gravatar.com\\\/avatar\\\/89915563d925342126b8ef0281b93d9d7fc337043e8df017f780908eb9644451?s=96&d=mm&r=g\",\"contentUrl\":\"https:\\\/\\\/secure.gravatar.com\\\/avatar\\\/89915563d925342126b8ef0281b93d9d7fc337043e8df017f780908eb9644451?s=96&d=mm&r=g\",\"caption\":\"St\u00e9phane Miget\"},\"url\":\"https:\\\/\\\/batijournal.com\\\/index.php\\\/author\\\/stephane\\\/\"}]}<\/script>\n<!-- \/ Yoast SEO plugin. -->","yoast_head_json":{"title":"Amplification du plan \u00ab s\u00e9curit\u00e9 des cath\u00e9drales \u00bb","robots":{"index":"index","follow":"follow","max-snippet":"max-snippet:-1","max-image-preview":"max-image-preview:large","max-video-preview":"max-video-preview:-1"},"canonical":"https:\/\/batijournal.com\/index.php\/amplification-du-plan-securite-des-cathedrales\/108808\/","og_locale":"fr_FR","og_type":"article","og_title":"Amplification du plan \u00ab s\u00e9curit\u00e9 des cath\u00e9drales \u00bb","og_description":"Apr\u00e8s l&rsquo;incendie de la cath\u00e9drale Notre-Dame de Paris, le 15 avril 2019, le minist\u00e8re de la Culture a d\u00e9cid\u00e9 de renforcer la s\u00e9curit\u00e9 des 87 cath\u00e9drales dont l\u2019Etat est propri\u00e9taire. Il a d\u00e9termin\u00e9 une s\u00e9rie de mesures pour accro\u00eetre le niveau de s\u00e9curit\u00e9 mises en \u0153uvre par les Drac. A partir de 2020, des travaux [&hellip;]","og_url":"https:\/\/batijournal.com\/index.php\/amplification-du-plan-securite-des-cathedrales\/108808\/","og_site_name":"Batijournal","article_published_time":"2023-04-12T12:33:28+00:00","og_image":[{"width":1000,"height":624,"url":"https:\/\/batijournal.com\/wp-content\/uploads\/2022\/12\/cathedrale-aix-en-provence.jpg","type":"image\/jpeg"}],"author":"St\u00e9phane Miget","twitter_card":"summary_large_image","twitter_creator":"@bati_journal","twitter_site":"@bati_journal","twitter_misc":{"\u00c9crit par":"St\u00e9phane Miget","Dur\u00e9e de lecture estim\u00e9e":"3 minutes"},"schema":{"@context":"https:\/\/schema.org","@graph":[{"@type":"Article","@id":"https:\/\/batijournal.com\/index.php\/amplification-du-plan-securite-des-cathedrales\/108808\/#article","isPartOf":{"@id":"https:\/\/batijournal.com\/index.php\/amplification-du-plan-securite-des-cathedrales\/108808\/"},"author":{"name":"St\u00e9phane Miget","@id":"https:\/\/batijournal.com\/#\/schema\/person\/1dc96ec6957aa1ccb25ebe78bb19f100"},"headline":"Amplification du plan \u00ab s\u00e9curit\u00e9 des cath\u00e9drales \u00bb","datePublished":"2023-04-12T12:33:28+00:00","mainEntityOfPage":{"@id":"https:\/\/batijournal.com\/index.php\/amplification-du-plan-securite-des-cathedrales\/108808\/"},"wordCount":572,"image":{"@id":"https:\/\/batijournal.com\/index.php\/amplification-du-plan-securite-des-cathedrales\/108808\/#primaryimage"},"thumbnailUrl":"https:\/\/batijournal.com\/wp-content\/uploads\/2022\/12\/cathedrale-aix-en-provence.jpg","keywords":["cathedrale"],"articleSection":["Actualit\u00e9s","Divers","zz_Actualit\u00e9s - Atrium","zz_Atrium Patrimoine"],"inLanguage":"fr-FR"},{"@type":"WebPage","@id":"https:\/\/batijournal.com\/index.php\/amplification-du-plan-securite-des-cathedrales\/108808\/","url":"https:\/\/batijournal.com\/index.php\/amplification-du-plan-securite-des-cathedrales\/108808\/","name":"Amplification du plan \u00ab s\u00e9curit\u00e9 des cath\u00e9drales \u00bb","isPartOf":{"@id":"https:\/\/batijournal.com\/#website"},"primaryImageOfPage":{"@id":"https:\/\/batijournal.com\/index.php\/amplification-du-plan-securite-des-cathedrales\/108808\/#primaryimage"},"image":{"@id":"https:\/\/batijournal.com\/index.php\/amplification-du-plan-securite-des-cathedrales\/108808\/#primaryimage"},"thumbnailUrl":"https:\/\/batijournal.com\/wp-content\/uploads\/2022\/12\/cathedrale-aix-en-provence.jpg","datePublished":"2023-04-12T12:33:28+00:00","author":{"@id":"https:\/\/batijournal.com\/#\/schema\/person\/1dc96ec6957aa1ccb25ebe78bb19f100"},"breadcrumb":{"@id":"https:\/\/batijournal.com\/index.php\/amplification-du-plan-securite-des-cathedrales\/108808\/#breadcrumb"},"inLanguage":"fr-FR","potentialAction":[{"@type":"ReadAction","target":["https:\/\/batijournal.com\/index.php\/amplification-du-plan-securite-des-cathedrales\/108808\/"]}]},{"@type":"ImageObject","inLanguage":"fr-FR","@id":"https:\/\/batijournal.com\/index.php\/amplification-du-plan-securite-des-cathedrales\/108808\/#primaryimage","url":"https:\/\/batijournal.com\/wp-content\/uploads\/2022\/12\/cathedrale-aix-en-provence.jpg","contentUrl":"https:\/\/batijournal.com\/wp-content\/uploads\/2022\/12\/cathedrale-aix-en-provence.jpg","width":1000,"height":624},{"@type":"BreadcrumbList","@id":"https:\/\/batijournal.com\/index.php\/amplification-du-plan-securite-des-cathedrales\/108808\/#breadcrumb","itemListElement":[{"@type":"ListItem","position":1,"name":"Accueil","item":"https:\/\/batijournal.com\/"},{"@type":"ListItem","position":2,"name":"Actualit\u00e9s","item":"https:\/\/batijournal.com\/index.php\/category\/actualites\/"},{"@type":"ListItem","position":3,"name":"Amplification du plan \u00ab s\u00e9curit\u00e9 des cath\u00e9drales \u00bb"}]},{"@type":"WebSite","@id":"https:\/\/batijournal.com\/#website","url":"https:\/\/batijournal.com\/","name":"Batijournal","description":"L&#039;actualit\u00e9 du b\u00e2timent","potentialAction":[{"@type":"SearchAction","target":{"@type":"EntryPoint","urlTemplate":"https:\/\/batijournal.com\/?s={search_term_string}"},"query-input":{"@type":"PropertyValueSpecification","valueRequired":true,"valueName":"search_term_string"}}],"inLanguage":"fr-FR"},{"@type":"Person","@id":"https:\/\/batijournal.com\/#\/schema\/person\/1dc96ec6957aa1ccb25ebe78bb19f100","name":"St\u00e9phane Miget","image":{"@type":"ImageObject","inLanguage":"fr-FR","@id":"https:\/\/secure.gravatar.com\/avatar\/89915563d925342126b8ef0281b93d9d7fc337043e8df017f780908eb9644451?s=96&d=mm&r=g","url":"https:\/\/secure.gravatar.com\/avatar\/89915563d925342126b8ef0281b93d9d7fc337043e8df017f780908eb9644451?s=96&d=mm&r=g","contentUrl":"https:\/\/secure.gravatar.com\/avatar\/89915563d925342126b8ef0281b93d9d7fc337043e8df017f780908eb9644451?s=96&d=mm&r=g","caption":"St\u00e9phane Miget"},"url":"https:\/\/batijournal.com\/index.php\/author\/stephane\/"}]}},"_links":{"self":[{"href":"https:\/\/batijournal.com\/index.php\/wp-json\/wp\/v2\/posts\/108808","targetHints":{"allow":["GET"]}}],"collection":[{"href":"https:\/\/batijournal.com\/index.php\/wp-json\/wp\/v2\/posts"}],"about":[{"href":"https:\/\/batijournal.com\/index.php\/wp-json\/wp\/v2\/types\/post"}],"author":[{"embeddable":true,"href":"https:\/\/batijournal.com\/index.php\/wp-json\/wp\/v2\/users\/17"}],"replies":[{"embeddable":true,"href":"https:\/\/batijournal.com\/index.php\/wp-json\/wp\/v2\/comments?post=108808"}],"version-history":[{"count":0,"href":"https:\/\/batijournal.com\/index.php\/wp-json\/wp\/v2\/posts\/108808\/revisions"}],"wp:featuredmedia":[{"embeddable":true,"href":"https:\/\/batijournal.com\/index.php\/wp-json\/wp\/v2\/media\/108448"}],"wp:attachment":[{"href":"https:\/\/batijournal.com\/index.php\/wp-json\/wp\/v2\/media?parent=108808"}],"wp:term":[{"taxonomy":"category","embeddable":true,"href":"https:\/\/batijournal.com\/index.php\/wp-json\/wp\/v2\/categories?post=108808"},{"taxonomy":"post_tag","embeddable":true,"href":"https:\/\/batijournal.com\/index.php\/wp-json\/wp\/v2\/tags?post=108808"}],"curies":[{"name":"wp","href":"https:\/\/api.w.org\/{rel}","templated":true}]}}