{"id":108822,"date":"2023-04-13T11:18:14","date_gmt":"2023-04-13T09:18:14","guid":{"rendered":"https:\/\/batijournal.com\/?p=108822"},"modified":"2023-04-13T11:19:09","modified_gmt":"2023-04-13T09:19:09","slug":"une-meteo-des-forets","status":"publish","type":"post","link":"https:\/\/batijournal.com\/index.php\/une-meteo-des-forets\/108822\/","title":{"rendered":"Une m\u00e9t\u00e9o des for\u00eats"},"content":{"rendered":"<p>Suite des incendies de l\u2019\u00e9t\u00e9 2022 le gouvernement a d\u00e9cid\u00e9 la mise en service d\u2019une \u00ab m\u00e9t\u00e9o des for\u00eats \u00bb. Elle vise \u00e0 informer les citoyens sur le risque de feux de for\u00eat et de v\u00e9g\u00e9tation afin qu\u2019ils adoptent les bons comportements pour \u00e9viter les incendies et s\u2019en prot\u00e9ger. La m\u00e9t\u00e9o des for\u00eats apportera une information synth\u00e9tique sur la s\u00e9v\u00e9rit\u00e9 du\u00a0risque feu, pour les deux prochains jours, \u00e0 partir des pr\u00e9visions des conditions propices\u00a0\u00e0 l\u2019\u00e9closion et \u00e0 la propagation de feux de for\u00eats et de v\u00e9g\u00e9tation : pluie, humidit\u00e9 et\u00a0temp\u00e9rature de l\u2019air, force du vent, \u00e9tat de s\u00e9cheresse de la v\u00e9g\u00e9tation. L\u2019information cartographique se pr\u00e9sentera sous la forme d\u2019un niveau de risque par d\u00e9partement, sur une \u00e9chelle de 4 niveaux. Des messages de pr\u00e9vention accompagneront les niveaux de risque les plus \u00e9lev\u00e9s, afin de rappeler les bons r\u00e9flexes et \u00e9viter les comportements \u00e0 risque.\u00a0L\u2019information cartographique sera produite tous les jours par M\u00e9t\u00e9o-France en fin d\u2019apr\u00e8smidi, de mi-mai \u00e0 fin septembre, avec une premi\u00e8re carte qui pr\u00e9sente le niveau de risque pour la journ\u00e9e du lendemain, et une seconde carte pour le surlendemain. Elle sera diffus\u00e9e par M\u00e9t\u00e9o-France sur ses supports digitaux et a vocation \u00e0 \u00eatre relay\u00e9e par les m\u00e9dias.<\/p>\n","protected":false},"excerpt":{"rendered":"<p>Suite des incendies de l\u2019\u00e9t\u00e9 2022 le gouvernement a d\u00e9cid\u00e9 la mise en service d\u2019une \u00ab m\u00e9t\u00e9o des for\u00eats \u00bb. Elle vise \u00e0 informer les citoyens sur le risque de feux de for\u00eat et de v\u00e9g\u00e9tation afin qu\u2019ils adoptent les bons comportements pour \u00e9viter les incendies et s\u2019en prot\u00e9ger. La m\u00e9t\u00e9o des for\u00eats apportera une [&hellip;]<\/p>\n","protected":false},"author":17,"featured_media":108823,"comment_status":"closed","ping_status":"closed","sticky":false,"template":"","format":"standard","meta":{"_et_pb_use_builder":"","_et_pb_old_content":"","_et_gb_content_width":"","footnotes":""},"categories":[10530,6362],"tags":[13153,6018],"class_list":["post-108822","post","type-post","status-publish","format-standard","has-post-thumbnail","hentry","category-actualites","category-services-equipements","tag-meteo","tag-protection-incendie"],"yoast_head":"<!-- This site is optimized with the Yoast SEO plugin v27.4 - https:\/\/yoast.com\/product\/yoast-seo-wordpress\/ -->\n<title>Une m\u00e9t\u00e9o des for\u00eats<\/title>\n<meta name=\"robots\" content=\"index, follow, max-snippet:-1, max-image-preview:large, max-video-preview:-1\" \/>\n<link rel=\"canonical\" href=\"https:\/\/batijournal.com\/index.php\/une-meteo-des-forets\/108822\/\" \/>\n<meta property=\"og:locale\" content=\"fr_FR\" \/>\n<meta property=\"og:type\" content=\"article\" \/>\n<meta property=\"og:title\" content=\"Une m\u00e9t\u00e9o des for\u00eats\" \/>\n<meta property=\"og:description\" content=\"Suite des incendies de l\u2019\u00e9t\u00e9 2022 le gouvernement a d\u00e9cid\u00e9 la mise en service d\u2019une \u00ab m\u00e9t\u00e9o des for\u00eats \u00bb. Elle vise \u00e0 informer les citoyens sur le risque de feux de for\u00eat et de v\u00e9g\u00e9tation afin qu\u2019ils adoptent les bons comportements pour \u00e9viter les incendies et s\u2019en prot\u00e9ger. La m\u00e9t\u00e9o des for\u00eats apportera une [&hellip;]\" \/>\n<meta property=\"og:url\" content=\"https:\/\/batijournal.com\/index.php\/une-meteo-des-forets\/108822\/\" \/>\n<meta property=\"og:site_name\" content=\"Batijournal\" \/>\n<meta property=\"article:published_time\" content=\"2023-04-13T09:18:14+00:00\" \/>\n<meta property=\"article:modified_time\" content=\"2023-04-13T09:19:09+00:00\" \/>\n<meta property=\"og:image\" content=\"https:\/\/batijournal.com\/wp-content\/uploads\/2023\/04\/meteo-foret.jpg\" \/>\n\t<meta property=\"og:image:width\" content=\"1000\" \/>\n\t<meta property=\"og:image:height\" content=\"693\" \/>\n\t<meta property=\"og:image:type\" content=\"image\/jpeg\" \/>\n<meta name=\"author\" content=\"St\u00e9phane Miget\" \/>\n<meta name=\"twitter:card\" content=\"summary_large_image\" \/>\n<meta name=\"twitter:creator\" content=\"@bati_journal\" \/>\n<meta name=\"twitter:site\" content=\"@bati_journal\" \/>\n<meta name=\"twitter:label1\" content=\"\u00c9crit par\" \/>\n\t<meta name=\"twitter:data1\" content=\"St\u00e9phane Miget\" \/>\n\t<meta name=\"twitter:label2\" content=\"Dur\u00e9e de lecture estim\u00e9e\" \/>\n\t<meta name=\"twitter:data2\" content=\"1 minute\" \/>\n<script type=\"application\/ld+json\" class=\"yoast-schema-graph\">{\"@context\":\"https:\\\/\\\/schema.org\",\"@graph\":[{\"@type\":\"Article\",\"@id\":\"https:\\\/\\\/batijournal.com\\\/index.php\\\/une-meteo-des-forets\\\/108822\\\/#article\",\"isPartOf\":{\"@id\":\"https:\\\/\\\/batijournal.com\\\/index.php\\\/une-meteo-des-forets\\\/108822\\\/\"},\"author\":{\"name\":\"St\u00e9phane Miget\",\"@id\":\"https:\\\/\\\/batijournal.com\\\/#\\\/schema\\\/person\\\/1dc96ec6957aa1ccb25ebe78bb19f100\"},\"headline\":\"Une m\u00e9t\u00e9o des for\u00eats\",\"datePublished\":\"2023-04-13T09:18:14+00:00\",\"dateModified\":\"2023-04-13T09:19:09+00:00\",\"mainEntityOfPage\":{\"@id\":\"https:\\\/\\\/batijournal.com\\\/index.php\\\/une-meteo-des-forets\\\/108822\\\/\"},\"wordCount\":247,\"image\":{\"@id\":\"https:\\\/\\\/batijournal.com\\\/index.php\\\/une-meteo-des-forets\\\/108822\\\/#primaryimage\"},\"thumbnailUrl\":\"https:\\\/\\\/batijournal.com\\\/wp-content\\\/uploads\\\/2023\\\/04\\\/meteo-foret.jpg\",\"keywords\":[\"meteo\",\"protection incendie\"],\"articleSection\":[\"Actualit\u00e9s\",\"Divers\"],\"inLanguage\":\"fr-FR\"},{\"@type\":\"WebPage\",\"@id\":\"https:\\\/\\\/batijournal.com\\\/index.php\\\/une-meteo-des-forets\\\/108822\\\/\",\"url\":\"https:\\\/\\\/batijournal.com\\\/index.php\\\/une-meteo-des-forets\\\/108822\\\/\",\"name\":\"Une m\u00e9t\u00e9o des for\u00eats\",\"isPartOf\":{\"@id\":\"https:\\\/\\\/batijournal.com\\\/#website\"},\"primaryImageOfPage\":{\"@id\":\"https:\\\/\\\/batijournal.com\\\/index.php\\\/une-meteo-des-forets\\\/108822\\\/#primaryimage\"},\"image\":{\"@id\":\"https:\\\/\\\/batijournal.com\\\/index.php\\\/une-meteo-des-forets\\\/108822\\\/#primaryimage\"},\"thumbnailUrl\":\"https:\\\/\\\/batijournal.com\\\/wp-content\\\/uploads\\\/2023\\\/04\\\/meteo-foret.jpg\",\"datePublished\":\"2023-04-13T09:18:14+00:00\",\"dateModified\":\"2023-04-13T09:19:09+00:00\",\"author\":{\"@id\":\"https:\\\/\\\/batijournal.com\\\/#\\\/schema\\\/person\\\/1dc96ec6957aa1ccb25ebe78bb19f100\"},\"breadcrumb\":{\"@id\":\"https:\\\/\\\/batijournal.com\\\/index.php\\\/une-meteo-des-forets\\\/108822\\\/#breadcrumb\"},\"inLanguage\":\"fr-FR\",\"potentialAction\":[{\"@type\":\"ReadAction\",\"target\":[\"https:\\\/\\\/batijournal.com\\\/index.php\\\/une-meteo-des-forets\\\/108822\\\/\"]}]},{\"@type\":\"ImageObject\",\"inLanguage\":\"fr-FR\",\"@id\":\"https:\\\/\\\/batijournal.com\\\/index.php\\\/une-meteo-des-forets\\\/108822\\\/#primaryimage\",\"url\":\"https:\\\/\\\/batijournal.com\\\/wp-content\\\/uploads\\\/2023\\\/04\\\/meteo-foret.jpg\",\"contentUrl\":\"https:\\\/\\\/batijournal.com\\\/wp-content\\\/uploads\\\/2023\\\/04\\\/meteo-foret.jpg\",\"width\":1000,\"height\":693},{\"@type\":\"BreadcrumbList\",\"@id\":\"https:\\\/\\\/batijournal.com\\\/index.php\\\/une-meteo-des-forets\\\/108822\\\/#breadcrumb\",\"itemListElement\":[{\"@type\":\"ListItem\",\"position\":1,\"name\":\"Accueil\",\"item\":\"https:\\\/\\\/batijournal.com\\\/\"},{\"@type\":\"ListItem\",\"position\":2,\"name\":\"Actualit\u00e9s\",\"item\":\"https:\\\/\\\/batijournal.com\\\/index.php\\\/category\\\/actualites\\\/\"},{\"@type\":\"ListItem\",\"position\":3,\"name\":\"Une m\u00e9t\u00e9o des for\u00eats\"}]},{\"@type\":\"WebSite\",\"@id\":\"https:\\\/\\\/batijournal.com\\\/#website\",\"url\":\"https:\\\/\\\/batijournal.com\\\/\",\"name\":\"Batijournal\",\"description\":\"L&#039;actualit\u00e9 du b\u00e2timent\",\"potentialAction\":[{\"@type\":\"SearchAction\",\"target\":{\"@type\":\"EntryPoint\",\"urlTemplate\":\"https:\\\/\\\/batijournal.com\\\/?s={search_term_string}\"},\"query-input\":{\"@type\":\"PropertyValueSpecification\",\"valueRequired\":true,\"valueName\":\"search_term_string\"}}],\"inLanguage\":\"fr-FR\"},{\"@type\":\"Person\",\"@id\":\"https:\\\/\\\/batijournal.com\\\/#\\\/schema\\\/person\\\/1dc96ec6957aa1ccb25ebe78bb19f100\",\"name\":\"St\u00e9phane Miget\",\"image\":{\"@type\":\"ImageObject\",\"inLanguage\":\"fr-FR\",\"@id\":\"https:\\\/\\\/secure.gravatar.com\\\/avatar\\\/89915563d925342126b8ef0281b93d9d7fc337043e8df017f780908eb9644451?s=96&d=mm&r=g\",\"url\":\"https:\\\/\\\/secure.gravatar.com\\\/avatar\\\/89915563d925342126b8ef0281b93d9d7fc337043e8df017f780908eb9644451?s=96&d=mm&r=g\",\"contentUrl\":\"https:\\\/\\\/secure.gravatar.com\\\/avatar\\\/89915563d925342126b8ef0281b93d9d7fc337043e8df017f780908eb9644451?s=96&d=mm&r=g\",\"caption\":\"St\u00e9phane Miget\"},\"url\":\"https:\\\/\\\/batijournal.com\\\/index.php\\\/author\\\/stephane\\\/\"}]}<\/script>\n<!-- \/ Yoast SEO plugin. -->","yoast_head_json":{"title":"Une m\u00e9t\u00e9o des for\u00eats","robots":{"index":"index","follow":"follow","max-snippet":"max-snippet:-1","max-image-preview":"max-image-preview:large","max-video-preview":"max-video-preview:-1"},"canonical":"https:\/\/batijournal.com\/index.php\/une-meteo-des-forets\/108822\/","og_locale":"fr_FR","og_type":"article","og_title":"Une m\u00e9t\u00e9o des for\u00eats","og_description":"Suite des incendies de l\u2019\u00e9t\u00e9 2022 le gouvernement a d\u00e9cid\u00e9 la mise en service d\u2019une \u00ab m\u00e9t\u00e9o des for\u00eats \u00bb. Elle vise \u00e0 informer les citoyens sur le risque de feux de for\u00eat et de v\u00e9g\u00e9tation afin qu\u2019ils adoptent les bons comportements pour \u00e9viter les incendies et s\u2019en prot\u00e9ger. La m\u00e9t\u00e9o des for\u00eats apportera une [&hellip;]","og_url":"https:\/\/batijournal.com\/index.php\/une-meteo-des-forets\/108822\/","og_site_name":"Batijournal","article_published_time":"2023-04-13T09:18:14+00:00","article_modified_time":"2023-04-13T09:19:09+00:00","og_image":[{"width":1000,"height":693,"url":"https:\/\/batijournal.com\/wp-content\/uploads\/2023\/04\/meteo-foret.jpg","type":"image\/jpeg"}],"author":"St\u00e9phane Miget","twitter_card":"summary_large_image","twitter_creator":"@bati_journal","twitter_site":"@bati_journal","twitter_misc":{"\u00c9crit par":"St\u00e9phane Miget","Dur\u00e9e de lecture estim\u00e9e":"1 minute"},"schema":{"@context":"https:\/\/schema.org","@graph":[{"@type":"Article","@id":"https:\/\/batijournal.com\/index.php\/une-meteo-des-forets\/108822\/#article","isPartOf":{"@id":"https:\/\/batijournal.com\/index.php\/une-meteo-des-forets\/108822\/"},"author":{"name":"St\u00e9phane Miget","@id":"https:\/\/batijournal.com\/#\/schema\/person\/1dc96ec6957aa1ccb25ebe78bb19f100"},"headline":"Une m\u00e9t\u00e9o des for\u00eats","datePublished":"2023-04-13T09:18:14+00:00","dateModified":"2023-04-13T09:19:09+00:00","mainEntityOfPage":{"@id":"https:\/\/batijournal.com\/index.php\/une-meteo-des-forets\/108822\/"},"wordCount":247,"image":{"@id":"https:\/\/batijournal.com\/index.php\/une-meteo-des-forets\/108822\/#primaryimage"},"thumbnailUrl":"https:\/\/batijournal.com\/wp-content\/uploads\/2023\/04\/meteo-foret.jpg","keywords":["meteo","protection incendie"],"articleSection":["Actualit\u00e9s","Divers"],"inLanguage":"fr-FR"},{"@type":"WebPage","@id":"https:\/\/batijournal.com\/index.php\/une-meteo-des-forets\/108822\/","url":"https:\/\/batijournal.com\/index.php\/une-meteo-des-forets\/108822\/","name":"Une m\u00e9t\u00e9o des for\u00eats","isPartOf":{"@id":"https:\/\/batijournal.com\/#website"},"primaryImageOfPage":{"@id":"https:\/\/batijournal.com\/index.php\/une-meteo-des-forets\/108822\/#primaryimage"},"image":{"@id":"https:\/\/batijournal.com\/index.php\/une-meteo-des-forets\/108822\/#primaryimage"},"thumbnailUrl":"https:\/\/batijournal.com\/wp-content\/uploads\/2023\/04\/meteo-foret.jpg","datePublished":"2023-04-13T09:18:14+00:00","dateModified":"2023-04-13T09:19:09+00:00","author":{"@id":"https:\/\/batijournal.com\/#\/schema\/person\/1dc96ec6957aa1ccb25ebe78bb19f100"},"breadcrumb":{"@id":"https:\/\/batijournal.com\/index.php\/une-meteo-des-forets\/108822\/#breadcrumb"},"inLanguage":"fr-FR","potentialAction":[{"@type":"ReadAction","target":["https:\/\/batijournal.com\/index.php\/une-meteo-des-forets\/108822\/"]}]},{"@type":"ImageObject","inLanguage":"fr-FR","@id":"https:\/\/batijournal.com\/index.php\/une-meteo-des-forets\/108822\/#primaryimage","url":"https:\/\/batijournal.com\/wp-content\/uploads\/2023\/04\/meteo-foret.jpg","contentUrl":"https:\/\/batijournal.com\/wp-content\/uploads\/2023\/04\/meteo-foret.jpg","width":1000,"height":693},{"@type":"BreadcrumbList","@id":"https:\/\/batijournal.com\/index.php\/une-meteo-des-forets\/108822\/#breadcrumb","itemListElement":[{"@type":"ListItem","position":1,"name":"Accueil","item":"https:\/\/batijournal.com\/"},{"@type":"ListItem","position":2,"name":"Actualit\u00e9s","item":"https:\/\/batijournal.com\/index.php\/category\/actualites\/"},{"@type":"ListItem","position":3,"name":"Une m\u00e9t\u00e9o des for\u00eats"}]},{"@type":"WebSite","@id":"https:\/\/batijournal.com\/#website","url":"https:\/\/batijournal.com\/","name":"Batijournal","description":"L&#039;actualit\u00e9 du b\u00e2timent","potentialAction":[{"@type":"SearchAction","target":{"@type":"EntryPoint","urlTemplate":"https:\/\/batijournal.com\/?s={search_term_string}"},"query-input":{"@type":"PropertyValueSpecification","valueRequired":true,"valueName":"search_term_string"}}],"inLanguage":"fr-FR"},{"@type":"Person","@id":"https:\/\/batijournal.com\/#\/schema\/person\/1dc96ec6957aa1ccb25ebe78bb19f100","name":"St\u00e9phane Miget","image":{"@type":"ImageObject","inLanguage":"fr-FR","@id":"https:\/\/secure.gravatar.com\/avatar\/89915563d925342126b8ef0281b93d9d7fc337043e8df017f780908eb9644451?s=96&d=mm&r=g","url":"https:\/\/secure.gravatar.com\/avatar\/89915563d925342126b8ef0281b93d9d7fc337043e8df017f780908eb9644451?s=96&d=mm&r=g","contentUrl":"https:\/\/secure.gravatar.com\/avatar\/89915563d925342126b8ef0281b93d9d7fc337043e8df017f780908eb9644451?s=96&d=mm&r=g","caption":"St\u00e9phane Miget"},"url":"https:\/\/batijournal.com\/index.php\/author\/stephane\/"}]}},"_links":{"self":[{"href":"https:\/\/batijournal.com\/index.php\/wp-json\/wp\/v2\/posts\/108822","targetHints":{"allow":["GET"]}}],"collection":[{"href":"https:\/\/batijournal.com\/index.php\/wp-json\/wp\/v2\/posts"}],"about":[{"href":"https:\/\/batijournal.com\/index.php\/wp-json\/wp\/v2\/types\/post"}],"author":[{"embeddable":true,"href":"https:\/\/batijournal.com\/index.php\/wp-json\/wp\/v2\/users\/17"}],"replies":[{"embeddable":true,"href":"https:\/\/batijournal.com\/index.php\/wp-json\/wp\/v2\/comments?post=108822"}],"version-history":[{"count":0,"href":"https:\/\/batijournal.com\/index.php\/wp-json\/wp\/v2\/posts\/108822\/revisions"}],"wp:featuredmedia":[{"embeddable":true,"href":"https:\/\/batijournal.com\/index.php\/wp-json\/wp\/v2\/media\/108823"}],"wp:attachment":[{"href":"https:\/\/batijournal.com\/index.php\/wp-json\/wp\/v2\/media?parent=108822"}],"wp:term":[{"taxonomy":"category","embeddable":true,"href":"https:\/\/batijournal.com\/index.php\/wp-json\/wp\/v2\/categories?post=108822"},{"taxonomy":"post_tag","embeddable":true,"href":"https:\/\/batijournal.com\/index.php\/wp-json\/wp\/v2\/tags?post=108822"}],"curies":[{"name":"wp","href":"https:\/\/api.w.org\/{rel}","templated":true}]}}