{"id":108856,"date":"2023-04-14T17:45:49","date_gmt":"2023-04-14T15:45:49","guid":{"rendered":"https:\/\/batijournal.com\/?p=108856"},"modified":"2023-04-14T17:45:49","modified_gmt":"2023-04-14T15:45:49","slug":"campagne-ma-terrasse-mon-bardage-bois-forum-bois-construction-2023","status":"publish","type":"post","link":"https:\/\/batijournal.com\/index.php\/campagne-ma-terrasse-mon-bardage-bois-forum-bois-construction-2023\/108856\/","title":{"rendered":"Campagne Ma terrasse, Mon bardage bois &#8211; Forum Bois Construction 2023"},"content":{"rendered":"<p><iframe loading=\"lazy\" title=\"Campagne Ma terrasse, Mon bardage bois\" width=\"1080\" height=\"608\" src=\"https:\/\/www.youtube.com\/embed\/LVaXMT3s7qE?feature=oembed\"  allow=\"accelerometer; autoplay; clipboard-write; encrypted-media; gyroscope; picture-in-picture; web-share\" referrerpolicy=\"strict-origin-when-cross-origin\" allowfullscreen><\/iframe><\/p>\n<p>Avec Sarah LAROUSSI (directrice g\u00e9n\u00e9rale du CNDB) et Arnaud Hetroit (directeur du Commerce du bois)<\/p>\n<p>\u00c0 l\u2019occasion du <a href=\"https:\/\/www.forum-boisconstruction.com\/\" target=\"_blank\" rel=\"noopener\">Forum Bois Construction<\/a>, les \u00e9quipes de <a href=\"https:\/\/batijournal.com\/\" target=\"_blank\" rel=\"noopener\">Bati-Journal<\/a> sont pr\u00e9sentes avec leur plateau TV. Cet \u00e9v\u00e9nement est organis\u00e9 par <a href=\"https:\/\/www.woodsurfer.com\/\" target=\"_blank\" rel=\"noopener\">Wood Surfer<\/a> et le <a href=\"https:\/\/www.forum-boisconstruction.com\/\" target=\"_blank\" rel=\"noopener\">Forum Bois Construction<\/a>, avec le soutien de l\u2019Interprofession nationale France Bois For\u00eat et est anim\u00e9 par St\u00e9phane Miget, journaliste sp\u00e9cialiste b\u00e2timent construction.<\/p>\n","protected":false},"excerpt":{"rendered":"<p>Avec Sarah LAROUSSI (directrice g\u00e9n\u00e9rale du CNDB) et Arnaud Hetroit (directeur du Commerce du bois) \u00c0 l\u2019occasion du Forum Bois Construction, les \u00e9quipes de Bati-Journal sont pr\u00e9sentes avec leur plateau TV. Cet \u00e9v\u00e9nement est organis\u00e9 par Wood Surfer et le Forum Bois Construction, avec le soutien de l\u2019Interprofession nationale France Bois For\u00eat et est anim\u00e9 [&hellip;]<\/p>\n","protected":false},"author":17,"featured_media":108857,"comment_status":"closed","ping_status":"closed","sticky":false,"template":"","format":"standard","meta":{"_et_pb_use_builder":"","_et_pb_old_content":"","_et_gb_content_width":"","footnotes":""},"categories":[10530,11200,6345,10769,10764],"tags":[12885,11505,11046,5543,13132,1541],"class_list":["post-108856","post","type-post","status-publish","format-standard","has-post-thumbnail","hentry","category-actualites","category-batijournal-tv","category-economie-marches","category-publications","category-woodsurfer","tag-bardage","tag-batijournal-tv","tag-cndb","tag-commerce-du-bois","tag-forum-bois-construction-2023","tag-terrasse-bois"],"yoast_head":"<!-- This site is optimized with the Yoast SEO plugin v27.4 - https:\/\/yoast.com\/product\/yoast-seo-wordpress\/ -->\n<title>Campagne Ma terrasse, Mon bardage bois - Forum Bois Construction 2023<\/title>\n<meta name=\"robots\" content=\"index, follow, max-snippet:-1, max-image-preview:large, max-video-preview:-1\" \/>\n<link rel=\"canonical\" href=\"https:\/\/batijournal.com\/index.php\/campagne-ma-terrasse-mon-bardage-bois-forum-bois-construction-2023\/108856\/\" \/>\n<meta property=\"og:locale\" content=\"fr_FR\" \/>\n<meta property=\"og:type\" content=\"article\" \/>\n<meta property=\"og:title\" content=\"Campagne Ma terrasse, Mon bardage bois - Forum Bois Construction 2023\" \/>\n<meta property=\"og:description\" content=\"Avec Sarah LAROUSSI (directrice g\u00e9n\u00e9rale du CNDB) et Arnaud Hetroit (directeur du Commerce du bois) \u00c0 l\u2019occasion du Forum Bois Construction, les \u00e9quipes de Bati-Journal sont pr\u00e9sentes avec leur plateau TV. Cet \u00e9v\u00e9nement est organis\u00e9 par Wood Surfer et le Forum Bois Construction, avec le soutien de l\u2019Interprofession nationale France Bois For\u00eat et est anim\u00e9 [&hellip;]\" \/>\n<meta property=\"og:url\" content=\"https:\/\/batijournal.com\/index.php\/campagne-ma-terrasse-mon-bardage-bois-forum-bois-construction-2023\/108856\/\" \/>\n<meta property=\"og:site_name\" content=\"Batijournal\" \/>\n<meta property=\"article:published_time\" content=\"2023-04-14T15:45:49+00:00\" \/>\n<meta property=\"og:image\" content=\"https:\/\/batijournal.com\/wp-content\/uploads\/2023\/04\/Campagne-Ma-terrasse-Mon-bardage-bois.jpg\" \/>\n\t<meta property=\"og:image:width\" content=\"800\" \/>\n\t<meta property=\"og:image:height\" content=\"600\" \/>\n\t<meta property=\"og:image:type\" content=\"image\/jpeg\" \/>\n<meta name=\"author\" content=\"St\u00e9phane Miget\" \/>\n<meta name=\"twitter:card\" content=\"summary_large_image\" \/>\n<meta name=\"twitter:creator\" content=\"@bati_journal\" \/>\n<meta name=\"twitter:site\" content=\"@bati_journal\" \/>\n<meta name=\"twitter:label1\" content=\"\u00c9crit par\" \/>\n\t<meta name=\"twitter:data1\" content=\"St\u00e9phane Miget\" \/>\n<script type=\"application\/ld+json\" class=\"yoast-schema-graph\">{\"@context\":\"https:\\\/\\\/schema.org\",\"@graph\":[{\"@type\":\"Article\",\"@id\":\"https:\\\/\\\/batijournal.com\\\/index.php\\\/campagne-ma-terrasse-mon-bardage-bois-forum-bois-construction-2023\\\/108856\\\/#article\",\"isPartOf\":{\"@id\":\"https:\\\/\\\/batijournal.com\\\/index.php\\\/campagne-ma-terrasse-mon-bardage-bois-forum-bois-construction-2023\\\/108856\\\/\"},\"author\":{\"name\":\"St\u00e9phane Miget\",\"@id\":\"https:\\\/\\\/batijournal.com\\\/#\\\/schema\\\/person\\\/1dc96ec6957aa1ccb25ebe78bb19f100\"},\"headline\":\"Campagne Ma terrasse, Mon bardage bois &#8211; Forum Bois Construction 2023\",\"datePublished\":\"2023-04-14T15:45:49+00:00\",\"mainEntityOfPage\":{\"@id\":\"https:\\\/\\\/batijournal.com\\\/index.php\\\/campagne-ma-terrasse-mon-bardage-bois-forum-bois-construction-2023\\\/108856\\\/\"},\"wordCount\":90,\"image\":{\"@id\":\"https:\\\/\\\/batijournal.com\\\/index.php\\\/campagne-ma-terrasse-mon-bardage-bois-forum-bois-construction-2023\\\/108856\\\/#primaryimage\"},\"thumbnailUrl\":\"https:\\\/\\\/batijournal.com\\\/wp-content\\\/uploads\\\/2023\\\/04\\\/Campagne-Ma-terrasse-Mon-bardage-bois.jpg\",\"keywords\":[\"bardage\",\"batijournal TV\",\"CNDB\",\"commerce du bois\",\"Forum Bois Construction 2023\",\"Terrasse bois\"],\"articleSection\":[\"Actualit\u00e9s\",\"batijournal TV\",\"\u00c9conomie &amp; March\u00e9s\",\"zz_Actualit\u00e9s - Woodsurfer\",\"zz_Woodsurfer\"],\"inLanguage\":\"fr-FR\"},{\"@type\":\"WebPage\",\"@id\":\"https:\\\/\\\/batijournal.com\\\/index.php\\\/campagne-ma-terrasse-mon-bardage-bois-forum-bois-construction-2023\\\/108856\\\/\",\"url\":\"https:\\\/\\\/batijournal.com\\\/index.php\\\/campagne-ma-terrasse-mon-bardage-bois-forum-bois-construction-2023\\\/108856\\\/\",\"name\":\"Campagne Ma terrasse, Mon bardage bois - Forum Bois Construction 2023\",\"isPartOf\":{\"@id\":\"https:\\\/\\\/batijournal.com\\\/#website\"},\"primaryImageOfPage\":{\"@id\":\"https:\\\/\\\/batijournal.com\\\/index.php\\\/campagne-ma-terrasse-mon-bardage-bois-forum-bois-construction-2023\\\/108856\\\/#primaryimage\"},\"image\":{\"@id\":\"https:\\\/\\\/batijournal.com\\\/index.php\\\/campagne-ma-terrasse-mon-bardage-bois-forum-bois-construction-2023\\\/108856\\\/#primaryimage\"},\"thumbnailUrl\":\"https:\\\/\\\/batijournal.com\\\/wp-content\\\/uploads\\\/2023\\\/04\\\/Campagne-Ma-terrasse-Mon-bardage-bois.jpg\",\"datePublished\":\"2023-04-14T15:45:49+00:00\",\"author\":{\"@id\":\"https:\\\/\\\/batijournal.com\\\/#\\\/schema\\\/person\\\/1dc96ec6957aa1ccb25ebe78bb19f100\"},\"breadcrumb\":{\"@id\":\"https:\\\/\\\/batijournal.com\\\/index.php\\\/campagne-ma-terrasse-mon-bardage-bois-forum-bois-construction-2023\\\/108856\\\/#breadcrumb\"},\"inLanguage\":\"fr-FR\",\"potentialAction\":[{\"@type\":\"ReadAction\",\"target\":[\"https:\\\/\\\/batijournal.com\\\/index.php\\\/campagne-ma-terrasse-mon-bardage-bois-forum-bois-construction-2023\\\/108856\\\/\"]}]},{\"@type\":\"ImageObject\",\"inLanguage\":\"fr-FR\",\"@id\":\"https:\\\/\\\/batijournal.com\\\/index.php\\\/campagne-ma-terrasse-mon-bardage-bois-forum-bois-construction-2023\\\/108856\\\/#primaryimage\",\"url\":\"https:\\\/\\\/batijournal.com\\\/wp-content\\\/uploads\\\/2023\\\/04\\\/Campagne-Ma-terrasse-Mon-bardage-bois.jpg\",\"contentUrl\":\"https:\\\/\\\/batijournal.com\\\/wp-content\\\/uploads\\\/2023\\\/04\\\/Campagne-Ma-terrasse-Mon-bardage-bois.jpg\",\"width\":800,\"height\":600},{\"@type\":\"BreadcrumbList\",\"@id\":\"https:\\\/\\\/batijournal.com\\\/index.php\\\/campagne-ma-terrasse-mon-bardage-bois-forum-bois-construction-2023\\\/108856\\\/#breadcrumb\",\"itemListElement\":[{\"@type\":\"ListItem\",\"position\":1,\"name\":\"Accueil\",\"item\":\"https:\\\/\\\/batijournal.com\\\/\"},{\"@type\":\"ListItem\",\"position\":2,\"name\":\"Actualit\u00e9s\",\"item\":\"https:\\\/\\\/batijournal.com\\\/index.php\\\/category\\\/actualites\\\/\"},{\"@type\":\"ListItem\",\"position\":3,\"name\":\"Campagne Ma terrasse, Mon bardage bois &#8211; Forum Bois Construction 2023\"}]},{\"@type\":\"WebSite\",\"@id\":\"https:\\\/\\\/batijournal.com\\\/#website\",\"url\":\"https:\\\/\\\/batijournal.com\\\/\",\"name\":\"Batijournal\",\"description\":\"L&#039;actualit\u00e9 du b\u00e2timent\",\"potentialAction\":[{\"@type\":\"SearchAction\",\"target\":{\"@type\":\"EntryPoint\",\"urlTemplate\":\"https:\\\/\\\/batijournal.com\\\/?s={search_term_string}\"},\"query-input\":{\"@type\":\"PropertyValueSpecification\",\"valueRequired\":true,\"valueName\":\"search_term_string\"}}],\"inLanguage\":\"fr-FR\"},{\"@type\":\"Person\",\"@id\":\"https:\\\/\\\/batijournal.com\\\/#\\\/schema\\\/person\\\/1dc96ec6957aa1ccb25ebe78bb19f100\",\"name\":\"St\u00e9phane Miget\",\"image\":{\"@type\":\"ImageObject\",\"inLanguage\":\"fr-FR\",\"@id\":\"https:\\\/\\\/secure.gravatar.com\\\/avatar\\\/89915563d925342126b8ef0281b93d9d7fc337043e8df017f780908eb9644451?s=96&d=mm&r=g\",\"url\":\"https:\\\/\\\/secure.gravatar.com\\\/avatar\\\/89915563d925342126b8ef0281b93d9d7fc337043e8df017f780908eb9644451?s=96&d=mm&r=g\",\"contentUrl\":\"https:\\\/\\\/secure.gravatar.com\\\/avatar\\\/89915563d925342126b8ef0281b93d9d7fc337043e8df017f780908eb9644451?s=96&d=mm&r=g\",\"caption\":\"St\u00e9phane Miget\"},\"url\":\"https:\\\/\\\/batijournal.com\\\/index.php\\\/author\\\/stephane\\\/\"}]}<\/script>\n<!-- \/ Yoast SEO plugin. -->","yoast_head_json":{"title":"Campagne Ma terrasse, Mon bardage bois - Forum Bois Construction 2023","robots":{"index":"index","follow":"follow","max-snippet":"max-snippet:-1","max-image-preview":"max-image-preview:large","max-video-preview":"max-video-preview:-1"},"canonical":"https:\/\/batijournal.com\/index.php\/campagne-ma-terrasse-mon-bardage-bois-forum-bois-construction-2023\/108856\/","og_locale":"fr_FR","og_type":"article","og_title":"Campagne Ma terrasse, Mon bardage bois - Forum Bois Construction 2023","og_description":"Avec Sarah LAROUSSI (directrice g\u00e9n\u00e9rale du CNDB) et Arnaud Hetroit (directeur du Commerce du bois) \u00c0 l\u2019occasion du Forum Bois Construction, les \u00e9quipes de Bati-Journal sont pr\u00e9sentes avec leur plateau TV. Cet \u00e9v\u00e9nement est organis\u00e9 par Wood Surfer et le Forum Bois Construction, avec le soutien de l\u2019Interprofession nationale France Bois For\u00eat et est anim\u00e9 [&hellip;]","og_url":"https:\/\/batijournal.com\/index.php\/campagne-ma-terrasse-mon-bardage-bois-forum-bois-construction-2023\/108856\/","og_site_name":"Batijournal","article_published_time":"2023-04-14T15:45:49+00:00","og_image":[{"width":800,"height":600,"url":"https:\/\/batijournal.com\/wp-content\/uploads\/2023\/04\/Campagne-Ma-terrasse-Mon-bardage-bois.jpg","type":"image\/jpeg"}],"author":"St\u00e9phane Miget","twitter_card":"summary_large_image","twitter_creator":"@bati_journal","twitter_site":"@bati_journal","twitter_misc":{"\u00c9crit par":"St\u00e9phane Miget"},"schema":{"@context":"https:\/\/schema.org","@graph":[{"@type":"Article","@id":"https:\/\/batijournal.com\/index.php\/campagne-ma-terrasse-mon-bardage-bois-forum-bois-construction-2023\/108856\/#article","isPartOf":{"@id":"https:\/\/batijournal.com\/index.php\/campagne-ma-terrasse-mon-bardage-bois-forum-bois-construction-2023\/108856\/"},"author":{"name":"St\u00e9phane Miget","@id":"https:\/\/batijournal.com\/#\/schema\/person\/1dc96ec6957aa1ccb25ebe78bb19f100"},"headline":"Campagne Ma terrasse, Mon bardage bois &#8211; Forum Bois Construction 2023","datePublished":"2023-04-14T15:45:49+00:00","mainEntityOfPage":{"@id":"https:\/\/batijournal.com\/index.php\/campagne-ma-terrasse-mon-bardage-bois-forum-bois-construction-2023\/108856\/"},"wordCount":90,"image":{"@id":"https:\/\/batijournal.com\/index.php\/campagne-ma-terrasse-mon-bardage-bois-forum-bois-construction-2023\/108856\/#primaryimage"},"thumbnailUrl":"https:\/\/batijournal.com\/wp-content\/uploads\/2023\/04\/Campagne-Ma-terrasse-Mon-bardage-bois.jpg","keywords":["bardage","batijournal TV","CNDB","commerce du bois","Forum Bois Construction 2023","Terrasse bois"],"articleSection":["Actualit\u00e9s","batijournal TV","\u00c9conomie &amp; March\u00e9s","zz_Actualit\u00e9s - Woodsurfer","zz_Woodsurfer"],"inLanguage":"fr-FR"},{"@type":"WebPage","@id":"https:\/\/batijournal.com\/index.php\/campagne-ma-terrasse-mon-bardage-bois-forum-bois-construction-2023\/108856\/","url":"https:\/\/batijournal.com\/index.php\/campagne-ma-terrasse-mon-bardage-bois-forum-bois-construction-2023\/108856\/","name":"Campagne Ma terrasse, Mon bardage bois - Forum Bois Construction 2023","isPartOf":{"@id":"https:\/\/batijournal.com\/#website"},"primaryImageOfPage":{"@id":"https:\/\/batijournal.com\/index.php\/campagne-ma-terrasse-mon-bardage-bois-forum-bois-construction-2023\/108856\/#primaryimage"},"image":{"@id":"https:\/\/batijournal.com\/index.php\/campagne-ma-terrasse-mon-bardage-bois-forum-bois-construction-2023\/108856\/#primaryimage"},"thumbnailUrl":"https:\/\/batijournal.com\/wp-content\/uploads\/2023\/04\/Campagne-Ma-terrasse-Mon-bardage-bois.jpg","datePublished":"2023-04-14T15:45:49+00:00","author":{"@id":"https:\/\/batijournal.com\/#\/schema\/person\/1dc96ec6957aa1ccb25ebe78bb19f100"},"breadcrumb":{"@id":"https:\/\/batijournal.com\/index.php\/campagne-ma-terrasse-mon-bardage-bois-forum-bois-construction-2023\/108856\/#breadcrumb"},"inLanguage":"fr-FR","potentialAction":[{"@type":"ReadAction","target":["https:\/\/batijournal.com\/index.php\/campagne-ma-terrasse-mon-bardage-bois-forum-bois-construction-2023\/108856\/"]}]},{"@type":"ImageObject","inLanguage":"fr-FR","@id":"https:\/\/batijournal.com\/index.php\/campagne-ma-terrasse-mon-bardage-bois-forum-bois-construction-2023\/108856\/#primaryimage","url":"https:\/\/batijournal.com\/wp-content\/uploads\/2023\/04\/Campagne-Ma-terrasse-Mon-bardage-bois.jpg","contentUrl":"https:\/\/batijournal.com\/wp-content\/uploads\/2023\/04\/Campagne-Ma-terrasse-Mon-bardage-bois.jpg","width":800,"height":600},{"@type":"BreadcrumbList","@id":"https:\/\/batijournal.com\/index.php\/campagne-ma-terrasse-mon-bardage-bois-forum-bois-construction-2023\/108856\/#breadcrumb","itemListElement":[{"@type":"ListItem","position":1,"name":"Accueil","item":"https:\/\/batijournal.com\/"},{"@type":"ListItem","position":2,"name":"Actualit\u00e9s","item":"https:\/\/batijournal.com\/index.php\/category\/actualites\/"},{"@type":"ListItem","position":3,"name":"Campagne Ma terrasse, Mon bardage bois &#8211; Forum Bois Construction 2023"}]},{"@type":"WebSite","@id":"https:\/\/batijournal.com\/#website","url":"https:\/\/batijournal.com\/","name":"Batijournal","description":"L&#039;actualit\u00e9 du b\u00e2timent","potentialAction":[{"@type":"SearchAction","target":{"@type":"EntryPoint","urlTemplate":"https:\/\/batijournal.com\/?s={search_term_string}"},"query-input":{"@type":"PropertyValueSpecification","valueRequired":true,"valueName":"search_term_string"}}],"inLanguage":"fr-FR"},{"@type":"Person","@id":"https:\/\/batijournal.com\/#\/schema\/person\/1dc96ec6957aa1ccb25ebe78bb19f100","name":"St\u00e9phane Miget","image":{"@type":"ImageObject","inLanguage":"fr-FR","@id":"https:\/\/secure.gravatar.com\/avatar\/89915563d925342126b8ef0281b93d9d7fc337043e8df017f780908eb9644451?s=96&d=mm&r=g","url":"https:\/\/secure.gravatar.com\/avatar\/89915563d925342126b8ef0281b93d9d7fc337043e8df017f780908eb9644451?s=96&d=mm&r=g","contentUrl":"https:\/\/secure.gravatar.com\/avatar\/89915563d925342126b8ef0281b93d9d7fc337043e8df017f780908eb9644451?s=96&d=mm&r=g","caption":"St\u00e9phane Miget"},"url":"https:\/\/batijournal.com\/index.php\/author\/stephane\/"}]}},"_links":{"self":[{"href":"https:\/\/batijournal.com\/index.php\/wp-json\/wp\/v2\/posts\/108856","targetHints":{"allow":["GET"]}}],"collection":[{"href":"https:\/\/batijournal.com\/index.php\/wp-json\/wp\/v2\/posts"}],"about":[{"href":"https:\/\/batijournal.com\/index.php\/wp-json\/wp\/v2\/types\/post"}],"author":[{"embeddable":true,"href":"https:\/\/batijournal.com\/index.php\/wp-json\/wp\/v2\/users\/17"}],"replies":[{"embeddable":true,"href":"https:\/\/batijournal.com\/index.php\/wp-json\/wp\/v2\/comments?post=108856"}],"version-history":[{"count":0,"href":"https:\/\/batijournal.com\/index.php\/wp-json\/wp\/v2\/posts\/108856\/revisions"}],"wp:featuredmedia":[{"embeddable":true,"href":"https:\/\/batijournal.com\/index.php\/wp-json\/wp\/v2\/media\/108857"}],"wp:attachment":[{"href":"https:\/\/batijournal.com\/index.php\/wp-json\/wp\/v2\/media?parent=108856"}],"wp:term":[{"taxonomy":"category","embeddable":true,"href":"https:\/\/batijournal.com\/index.php\/wp-json\/wp\/v2\/categories?post=108856"},{"taxonomy":"post_tag","embeddable":true,"href":"https:\/\/batijournal.com\/index.php\/wp-json\/wp\/v2\/tags?post=108856"}],"curies":[{"name":"wp","href":"https:\/\/api.w.org\/{rel}","templated":true}]}}