{"id":108881,"date":"2023-04-17T17:01:26","date_gmt":"2023-04-17T15:01:26","guid":{"rendered":"https:\/\/batijournal.com\/?p=108881"},"modified":"2023-04-17T17:01:26","modified_gmt":"2023-04-17T15:01:26","slug":"edilians-distribue-les-ecrans-de-sous-toiture-tyvek-et-les-pare-vapeurs-airguard","status":"publish","type":"post","link":"https:\/\/batijournal.com\/index.php\/edilians-distribue-les-ecrans-de-sous-toiture-tyvek-et-les-pare-vapeurs-airguard\/108881\/","title":{"rendered":"EDILIANS distribue les \u00e9crans de sous-toiture Tyvek et les pare-vapeurs AirGuard"},"content":{"rendered":"<p>EDILIANS devient distributeur officiel de la gamme DuPont sur le march\u00e9 fran\u00e7ais pour les \u00e9crans de sous-toiture DuPontTM Tyvek\u00ae et pare-vapeurs AirGuard. EDILIANS \u00e9toffe ainsi sa gamme \u00e9tanch\u00e9it\u00e9 \u00e0 l\u2019air avec trois \u00e9crans de sous-toiture respirants HPV (Hautement Perm\u00e9able \u00e0 la Vapeur d\u2019eau) qui permettent une r\u00e9gulation optimale de l\u2019humidit\u00e9 et minimisent ainsi le risque de condensation. Parmi eux, citons le Tyvek\u00ae Toiture 90 qui se compose d\u2019une membrane fonctionnelle en poly\u00e9thyl\u00e8ne Haute Densit\u00e9 renforc\u00e9e par une couche de polypropyl\u00e8ne. Avec ou sans bande adh\u00e9sive int\u00e9gr\u00e9e pour une \u00e9tanch\u00e9it\u00e9 au vent garantie, Il se pose directement tendu sur les chevrons avec un entraxe maximum de 90 cm, sur l\u2019isolation ou un platelage. Quatre pare-pluie HPV, rejoignent les produits, parmi lesquels le Tyvek\u00ae FireCurb avec retardateur de flammes. Auto-extinguible, il associe une couche en PEHD \u00e0 un rev\u00eatement ignifuge. Int\u00e9grant toutes les caract\u00e9ristiques bien connues du Tyvek\u00ae. Cinq pare-vapeur sont aussi commercialis\u00e9s dont l\u2019Airguard A2 FR, syst\u00e8me complet compos\u00e9 d\u2019un stratifi\u00e9 en filet de fibre de verre avec feuille d\u2019aluminium laqu\u00e9e et d\u2019une bande adh\u00e9sive. Ignifuge, l\u2019ensemble est class\u00e9 au feu A2-s1-d0 autorisant ainsi son installation dans tous types de b\u00e2timents. Outre des performances exceptionnelles d\u2019\u00e9tanch\u00e9it\u00e9 \u00e0 l\u2019air et de participer \u00e0 l\u2019am\u00e9lioration de l\u2019isolation thermique, il offre une haute r\u00e9sistance \u00e0 la vapeur d\u2019eau en limitant la condensation interstitielle, ce qui le rend particuli\u00e8rement adapt\u00e9 pour des applications o\u00f9 il y a un taux \u00e9lev\u00e9 d\u2019humidit\u00e9 (piscines&#8230;).<\/p>\n","protected":false},"excerpt":{"rendered":"<p>EDILIANS devient distributeur officiel de la gamme DuPont sur le march\u00e9 fran\u00e7ais pour les \u00e9crans de sous-toiture DuPontTM Tyvek\u00ae et pare-vapeurs AirGuard. EDILIANS \u00e9toffe ainsi sa gamme \u00e9tanch\u00e9it\u00e9 \u00e0 l\u2019air avec trois \u00e9crans de sous-toiture respirants HPV (Hautement Perm\u00e9able \u00e0 la Vapeur d\u2019eau) qui permettent une r\u00e9gulation optimale de l\u2019humidit\u00e9 et minimisent ainsi le risque [&hellip;]<\/p>\n","protected":false},"author":17,"featured_media":108882,"comment_status":"closed","ping_status":"closed","sticky":false,"template":"","format":"standard","meta":{"_et_pb_use_builder":"","_et_pb_old_content":"","_et_gb_content_width":"","footnotes":""},"categories":[10530,6345,10771,10775,10769,10764],"tags":[981,12903,8841],"class_list":["post-108881","post","type-post","status-publish","format-standard","has-post-thumbnail","hentry","category-actualites","category-economie-marches","category-5facades","category-actualites-5facades","category-publications","category-woodsurfer","tag-ecran-de-sous-toiture","tag-edilians","tag-pare-vapeur"],"yoast_head":"<!-- This site is optimized with the Yoast SEO plugin v27.4 - https:\/\/yoast.com\/product\/yoast-seo-wordpress\/ -->\n<title>EDILIANS distribue les \u00e9crans de sous-toiture Tyvek et les pare-vapeurs AirGuard<\/title>\n<meta name=\"robots\" content=\"index, follow, max-snippet:-1, max-image-preview:large, max-video-preview:-1\" \/>\n<link rel=\"canonical\" href=\"https:\/\/batijournal.com\/index.php\/edilians-distribue-les-ecrans-de-sous-toiture-tyvek-et-les-pare-vapeurs-airguard\/108881\/\" \/>\n<meta property=\"og:locale\" content=\"fr_FR\" \/>\n<meta property=\"og:type\" content=\"article\" \/>\n<meta property=\"og:title\" content=\"EDILIANS distribue les \u00e9crans de sous-toiture Tyvek et les pare-vapeurs AirGuard\" \/>\n<meta property=\"og:description\" content=\"EDILIANS devient distributeur officiel de la gamme DuPont sur le march\u00e9 fran\u00e7ais pour les \u00e9crans de sous-toiture DuPontTM Tyvek\u00ae et pare-vapeurs AirGuard. EDILIANS \u00e9toffe ainsi sa gamme \u00e9tanch\u00e9it\u00e9 \u00e0 l\u2019air avec trois \u00e9crans de sous-toiture respirants HPV (Hautement Perm\u00e9able \u00e0 la Vapeur d\u2019eau) qui permettent une r\u00e9gulation optimale de l\u2019humidit\u00e9 et minimisent ainsi le risque [&hellip;]\" \/>\n<meta property=\"og:url\" content=\"https:\/\/batijournal.com\/index.php\/edilians-distribue-les-ecrans-de-sous-toiture-tyvek-et-les-pare-vapeurs-airguard\/108881\/\" \/>\n<meta property=\"og:site_name\" content=\"Batijournal\" \/>\n<meta property=\"article:published_time\" content=\"2023-04-17T15:01:26+00:00\" \/>\n<meta property=\"og:image\" content=\"https:\/\/batijournal.com\/wp-content\/uploads\/2023\/04\/EDILIANS_DuPont_Tyvek.jpg\" \/>\n\t<meta property=\"og:image:width\" content=\"1200\" \/>\n\t<meta property=\"og:image:height\" content=\"791\" \/>\n\t<meta property=\"og:image:type\" content=\"image\/jpeg\" \/>\n<meta name=\"author\" content=\"St\u00e9phane Miget\" \/>\n<meta name=\"twitter:card\" content=\"summary_large_image\" \/>\n<meta name=\"twitter:creator\" content=\"@bati_journal\" \/>\n<meta name=\"twitter:site\" content=\"@bati_journal\" \/>\n<meta name=\"twitter:label1\" content=\"\u00c9crit par\" \/>\n\t<meta name=\"twitter:data1\" content=\"St\u00e9phane Miget\" \/>\n\t<meta name=\"twitter:label2\" content=\"Dur\u00e9e de lecture estim\u00e9e\" \/>\n\t<meta name=\"twitter:data2\" content=\"1 minute\" \/>\n<script type=\"application\/ld+json\" class=\"yoast-schema-graph\">{\"@context\":\"https:\\\/\\\/schema.org\",\"@graph\":[{\"@type\":\"Article\",\"@id\":\"https:\\\/\\\/batijournal.com\\\/index.php\\\/edilians-distribue-les-ecrans-de-sous-toiture-tyvek-et-les-pare-vapeurs-airguard\\\/108881\\\/#article\",\"isPartOf\":{\"@id\":\"https:\\\/\\\/batijournal.com\\\/index.php\\\/edilians-distribue-les-ecrans-de-sous-toiture-tyvek-et-les-pare-vapeurs-airguard\\\/108881\\\/\"},\"author\":{\"name\":\"St\u00e9phane Miget\",\"@id\":\"https:\\\/\\\/batijournal.com\\\/#\\\/schema\\\/person\\\/1dc96ec6957aa1ccb25ebe78bb19f100\"},\"headline\":\"EDILIANS distribue les \u00e9crans de sous-toiture Tyvek et les pare-vapeurs AirGuard\",\"datePublished\":\"2023-04-17T15:01:26+00:00\",\"mainEntityOfPage\":{\"@id\":\"https:\\\/\\\/batijournal.com\\\/index.php\\\/edilians-distribue-les-ecrans-de-sous-toiture-tyvek-et-les-pare-vapeurs-airguard\\\/108881\\\/\"},\"wordCount\":282,\"image\":{\"@id\":\"https:\\\/\\\/batijournal.com\\\/index.php\\\/edilians-distribue-les-ecrans-de-sous-toiture-tyvek-et-les-pare-vapeurs-airguard\\\/108881\\\/#primaryimage\"},\"thumbnailUrl\":\"https:\\\/\\\/batijournal.com\\\/wp-content\\\/uploads\\\/2023\\\/04\\\/EDILIANS_DuPont_Tyvek.jpg\",\"keywords\":[\"\u00e9cran de sous-toiture\",\"Edilians\",\"pare vapeur\"],\"articleSection\":[\"Actualit\u00e9s\",\"\u00c9conomie &amp; March\u00e9s\",\"zz_5fa\u00e7ades\",\"zz_Actualit\u00e9s - 5fa\u00e7ades\",\"zz_Actualit\u00e9s - Woodsurfer\",\"zz_Woodsurfer\"],\"inLanguage\":\"fr-FR\"},{\"@type\":\"WebPage\",\"@id\":\"https:\\\/\\\/batijournal.com\\\/index.php\\\/edilians-distribue-les-ecrans-de-sous-toiture-tyvek-et-les-pare-vapeurs-airguard\\\/108881\\\/\",\"url\":\"https:\\\/\\\/batijournal.com\\\/index.php\\\/edilians-distribue-les-ecrans-de-sous-toiture-tyvek-et-les-pare-vapeurs-airguard\\\/108881\\\/\",\"name\":\"EDILIANS distribue les \u00e9crans de sous-toiture Tyvek et les pare-vapeurs AirGuard\",\"isPartOf\":{\"@id\":\"https:\\\/\\\/batijournal.com\\\/#website\"},\"primaryImageOfPage\":{\"@id\":\"https:\\\/\\\/batijournal.com\\\/index.php\\\/edilians-distribue-les-ecrans-de-sous-toiture-tyvek-et-les-pare-vapeurs-airguard\\\/108881\\\/#primaryimage\"},\"image\":{\"@id\":\"https:\\\/\\\/batijournal.com\\\/index.php\\\/edilians-distribue-les-ecrans-de-sous-toiture-tyvek-et-les-pare-vapeurs-airguard\\\/108881\\\/#primaryimage\"},\"thumbnailUrl\":\"https:\\\/\\\/batijournal.com\\\/wp-content\\\/uploads\\\/2023\\\/04\\\/EDILIANS_DuPont_Tyvek.jpg\",\"datePublished\":\"2023-04-17T15:01:26+00:00\",\"author\":{\"@id\":\"https:\\\/\\\/batijournal.com\\\/#\\\/schema\\\/person\\\/1dc96ec6957aa1ccb25ebe78bb19f100\"},\"breadcrumb\":{\"@id\":\"https:\\\/\\\/batijournal.com\\\/index.php\\\/edilians-distribue-les-ecrans-de-sous-toiture-tyvek-et-les-pare-vapeurs-airguard\\\/108881\\\/#breadcrumb\"},\"inLanguage\":\"fr-FR\",\"potentialAction\":[{\"@type\":\"ReadAction\",\"target\":[\"https:\\\/\\\/batijournal.com\\\/index.php\\\/edilians-distribue-les-ecrans-de-sous-toiture-tyvek-et-les-pare-vapeurs-airguard\\\/108881\\\/\"]}]},{\"@type\":\"ImageObject\",\"inLanguage\":\"fr-FR\",\"@id\":\"https:\\\/\\\/batijournal.com\\\/index.php\\\/edilians-distribue-les-ecrans-de-sous-toiture-tyvek-et-les-pare-vapeurs-airguard\\\/108881\\\/#primaryimage\",\"url\":\"https:\\\/\\\/batijournal.com\\\/wp-content\\\/uploads\\\/2023\\\/04\\\/EDILIANS_DuPont_Tyvek.jpg\",\"contentUrl\":\"https:\\\/\\\/batijournal.com\\\/wp-content\\\/uploads\\\/2023\\\/04\\\/EDILIANS_DuPont_Tyvek.jpg\",\"width\":1200,\"height\":791},{\"@type\":\"BreadcrumbList\",\"@id\":\"https:\\\/\\\/batijournal.com\\\/index.php\\\/edilians-distribue-les-ecrans-de-sous-toiture-tyvek-et-les-pare-vapeurs-airguard\\\/108881\\\/#breadcrumb\",\"itemListElement\":[{\"@type\":\"ListItem\",\"position\":1,\"name\":\"Accueil\",\"item\":\"https:\\\/\\\/batijournal.com\\\/\"},{\"@type\":\"ListItem\",\"position\":2,\"name\":\"Actualit\u00e9s\",\"item\":\"https:\\\/\\\/batijournal.com\\\/index.php\\\/category\\\/actualites\\\/\"},{\"@type\":\"ListItem\",\"position\":3,\"name\":\"EDILIANS distribue les \u00e9crans de sous-toiture Tyvek et les pare-vapeurs AirGuard\"}]},{\"@type\":\"WebSite\",\"@id\":\"https:\\\/\\\/batijournal.com\\\/#website\",\"url\":\"https:\\\/\\\/batijournal.com\\\/\",\"name\":\"Batijournal\",\"description\":\"L&#039;actualit\u00e9 du b\u00e2timent\",\"potentialAction\":[{\"@type\":\"SearchAction\",\"target\":{\"@type\":\"EntryPoint\",\"urlTemplate\":\"https:\\\/\\\/batijournal.com\\\/?s={search_term_string}\"},\"query-input\":{\"@type\":\"PropertyValueSpecification\",\"valueRequired\":true,\"valueName\":\"search_term_string\"}}],\"inLanguage\":\"fr-FR\"},{\"@type\":\"Person\",\"@id\":\"https:\\\/\\\/batijournal.com\\\/#\\\/schema\\\/person\\\/1dc96ec6957aa1ccb25ebe78bb19f100\",\"name\":\"St\u00e9phane Miget\",\"image\":{\"@type\":\"ImageObject\",\"inLanguage\":\"fr-FR\",\"@id\":\"https:\\\/\\\/secure.gravatar.com\\\/avatar\\\/89915563d925342126b8ef0281b93d9d7fc337043e8df017f780908eb9644451?s=96&d=mm&r=g\",\"url\":\"https:\\\/\\\/secure.gravatar.com\\\/avatar\\\/89915563d925342126b8ef0281b93d9d7fc337043e8df017f780908eb9644451?s=96&d=mm&r=g\",\"contentUrl\":\"https:\\\/\\\/secure.gravatar.com\\\/avatar\\\/89915563d925342126b8ef0281b93d9d7fc337043e8df017f780908eb9644451?s=96&d=mm&r=g\",\"caption\":\"St\u00e9phane Miget\"},\"url\":\"https:\\\/\\\/batijournal.com\\\/index.php\\\/author\\\/stephane\\\/\"}]}<\/script>\n<!-- \/ Yoast SEO plugin. -->","yoast_head_json":{"title":"EDILIANS distribue les \u00e9crans de sous-toiture Tyvek et les pare-vapeurs AirGuard","robots":{"index":"index","follow":"follow","max-snippet":"max-snippet:-1","max-image-preview":"max-image-preview:large","max-video-preview":"max-video-preview:-1"},"canonical":"https:\/\/batijournal.com\/index.php\/edilians-distribue-les-ecrans-de-sous-toiture-tyvek-et-les-pare-vapeurs-airguard\/108881\/","og_locale":"fr_FR","og_type":"article","og_title":"EDILIANS distribue les \u00e9crans de sous-toiture Tyvek et les pare-vapeurs AirGuard","og_description":"EDILIANS devient distributeur officiel de la gamme DuPont sur le march\u00e9 fran\u00e7ais pour les \u00e9crans de sous-toiture DuPontTM Tyvek\u00ae et pare-vapeurs AirGuard. EDILIANS \u00e9toffe ainsi sa gamme \u00e9tanch\u00e9it\u00e9 \u00e0 l\u2019air avec trois \u00e9crans de sous-toiture respirants HPV (Hautement Perm\u00e9able \u00e0 la Vapeur d\u2019eau) qui permettent une r\u00e9gulation optimale de l\u2019humidit\u00e9 et minimisent ainsi le risque [&hellip;]","og_url":"https:\/\/batijournal.com\/index.php\/edilians-distribue-les-ecrans-de-sous-toiture-tyvek-et-les-pare-vapeurs-airguard\/108881\/","og_site_name":"Batijournal","article_published_time":"2023-04-17T15:01:26+00:00","og_image":[{"width":1200,"height":791,"url":"https:\/\/batijournal.com\/wp-content\/uploads\/2023\/04\/EDILIANS_DuPont_Tyvek.jpg","type":"image\/jpeg"}],"author":"St\u00e9phane Miget","twitter_card":"summary_large_image","twitter_creator":"@bati_journal","twitter_site":"@bati_journal","twitter_misc":{"\u00c9crit par":"St\u00e9phane Miget","Dur\u00e9e de lecture estim\u00e9e":"1 minute"},"schema":{"@context":"https:\/\/schema.org","@graph":[{"@type":"Article","@id":"https:\/\/batijournal.com\/index.php\/edilians-distribue-les-ecrans-de-sous-toiture-tyvek-et-les-pare-vapeurs-airguard\/108881\/#article","isPartOf":{"@id":"https:\/\/batijournal.com\/index.php\/edilians-distribue-les-ecrans-de-sous-toiture-tyvek-et-les-pare-vapeurs-airguard\/108881\/"},"author":{"name":"St\u00e9phane Miget","@id":"https:\/\/batijournal.com\/#\/schema\/person\/1dc96ec6957aa1ccb25ebe78bb19f100"},"headline":"EDILIANS distribue les \u00e9crans de sous-toiture Tyvek et les pare-vapeurs AirGuard","datePublished":"2023-04-17T15:01:26+00:00","mainEntityOfPage":{"@id":"https:\/\/batijournal.com\/index.php\/edilians-distribue-les-ecrans-de-sous-toiture-tyvek-et-les-pare-vapeurs-airguard\/108881\/"},"wordCount":282,"image":{"@id":"https:\/\/batijournal.com\/index.php\/edilians-distribue-les-ecrans-de-sous-toiture-tyvek-et-les-pare-vapeurs-airguard\/108881\/#primaryimage"},"thumbnailUrl":"https:\/\/batijournal.com\/wp-content\/uploads\/2023\/04\/EDILIANS_DuPont_Tyvek.jpg","keywords":["\u00e9cran de sous-toiture","Edilians","pare vapeur"],"articleSection":["Actualit\u00e9s","\u00c9conomie &amp; March\u00e9s","zz_5fa\u00e7ades","zz_Actualit\u00e9s - 5fa\u00e7ades","zz_Actualit\u00e9s - Woodsurfer","zz_Woodsurfer"],"inLanguage":"fr-FR"},{"@type":"WebPage","@id":"https:\/\/batijournal.com\/index.php\/edilians-distribue-les-ecrans-de-sous-toiture-tyvek-et-les-pare-vapeurs-airguard\/108881\/","url":"https:\/\/batijournal.com\/index.php\/edilians-distribue-les-ecrans-de-sous-toiture-tyvek-et-les-pare-vapeurs-airguard\/108881\/","name":"EDILIANS distribue les \u00e9crans de sous-toiture Tyvek et les pare-vapeurs AirGuard","isPartOf":{"@id":"https:\/\/batijournal.com\/#website"},"primaryImageOfPage":{"@id":"https:\/\/batijournal.com\/index.php\/edilians-distribue-les-ecrans-de-sous-toiture-tyvek-et-les-pare-vapeurs-airguard\/108881\/#primaryimage"},"image":{"@id":"https:\/\/batijournal.com\/index.php\/edilians-distribue-les-ecrans-de-sous-toiture-tyvek-et-les-pare-vapeurs-airguard\/108881\/#primaryimage"},"thumbnailUrl":"https:\/\/batijournal.com\/wp-content\/uploads\/2023\/04\/EDILIANS_DuPont_Tyvek.jpg","datePublished":"2023-04-17T15:01:26+00:00","author":{"@id":"https:\/\/batijournal.com\/#\/schema\/person\/1dc96ec6957aa1ccb25ebe78bb19f100"},"breadcrumb":{"@id":"https:\/\/batijournal.com\/index.php\/edilians-distribue-les-ecrans-de-sous-toiture-tyvek-et-les-pare-vapeurs-airguard\/108881\/#breadcrumb"},"inLanguage":"fr-FR","potentialAction":[{"@type":"ReadAction","target":["https:\/\/batijournal.com\/index.php\/edilians-distribue-les-ecrans-de-sous-toiture-tyvek-et-les-pare-vapeurs-airguard\/108881\/"]}]},{"@type":"ImageObject","inLanguage":"fr-FR","@id":"https:\/\/batijournal.com\/index.php\/edilians-distribue-les-ecrans-de-sous-toiture-tyvek-et-les-pare-vapeurs-airguard\/108881\/#primaryimage","url":"https:\/\/batijournal.com\/wp-content\/uploads\/2023\/04\/EDILIANS_DuPont_Tyvek.jpg","contentUrl":"https:\/\/batijournal.com\/wp-content\/uploads\/2023\/04\/EDILIANS_DuPont_Tyvek.jpg","width":1200,"height":791},{"@type":"BreadcrumbList","@id":"https:\/\/batijournal.com\/index.php\/edilians-distribue-les-ecrans-de-sous-toiture-tyvek-et-les-pare-vapeurs-airguard\/108881\/#breadcrumb","itemListElement":[{"@type":"ListItem","position":1,"name":"Accueil","item":"https:\/\/batijournal.com\/"},{"@type":"ListItem","position":2,"name":"Actualit\u00e9s","item":"https:\/\/batijournal.com\/index.php\/category\/actualites\/"},{"@type":"ListItem","position":3,"name":"EDILIANS distribue les \u00e9crans de sous-toiture Tyvek et les pare-vapeurs AirGuard"}]},{"@type":"WebSite","@id":"https:\/\/batijournal.com\/#website","url":"https:\/\/batijournal.com\/","name":"Batijournal","description":"L&#039;actualit\u00e9 du b\u00e2timent","potentialAction":[{"@type":"SearchAction","target":{"@type":"EntryPoint","urlTemplate":"https:\/\/batijournal.com\/?s={search_term_string}"},"query-input":{"@type":"PropertyValueSpecification","valueRequired":true,"valueName":"search_term_string"}}],"inLanguage":"fr-FR"},{"@type":"Person","@id":"https:\/\/batijournal.com\/#\/schema\/person\/1dc96ec6957aa1ccb25ebe78bb19f100","name":"St\u00e9phane Miget","image":{"@type":"ImageObject","inLanguage":"fr-FR","@id":"https:\/\/secure.gravatar.com\/avatar\/89915563d925342126b8ef0281b93d9d7fc337043e8df017f780908eb9644451?s=96&d=mm&r=g","url":"https:\/\/secure.gravatar.com\/avatar\/89915563d925342126b8ef0281b93d9d7fc337043e8df017f780908eb9644451?s=96&d=mm&r=g","contentUrl":"https:\/\/secure.gravatar.com\/avatar\/89915563d925342126b8ef0281b93d9d7fc337043e8df017f780908eb9644451?s=96&d=mm&r=g","caption":"St\u00e9phane Miget"},"url":"https:\/\/batijournal.com\/index.php\/author\/stephane\/"}]}},"_links":{"self":[{"href":"https:\/\/batijournal.com\/index.php\/wp-json\/wp\/v2\/posts\/108881","targetHints":{"allow":["GET"]}}],"collection":[{"href":"https:\/\/batijournal.com\/index.php\/wp-json\/wp\/v2\/posts"}],"about":[{"href":"https:\/\/batijournal.com\/index.php\/wp-json\/wp\/v2\/types\/post"}],"author":[{"embeddable":true,"href":"https:\/\/batijournal.com\/index.php\/wp-json\/wp\/v2\/users\/17"}],"replies":[{"embeddable":true,"href":"https:\/\/batijournal.com\/index.php\/wp-json\/wp\/v2\/comments?post=108881"}],"version-history":[{"count":0,"href":"https:\/\/batijournal.com\/index.php\/wp-json\/wp\/v2\/posts\/108881\/revisions"}],"wp:featuredmedia":[{"embeddable":true,"href":"https:\/\/batijournal.com\/index.php\/wp-json\/wp\/v2\/media\/108882"}],"wp:attachment":[{"href":"https:\/\/batijournal.com\/index.php\/wp-json\/wp\/v2\/media?parent=108881"}],"wp:term":[{"taxonomy":"category","embeddable":true,"href":"https:\/\/batijournal.com\/index.php\/wp-json\/wp\/v2\/categories?post=108881"},{"taxonomy":"post_tag","embeddable":true,"href":"https:\/\/batijournal.com\/index.php\/wp-json\/wp\/v2\/tags?post=108881"}],"curies":[{"name":"wp","href":"https:\/\/api.w.org\/{rel}","templated":true}]}}