{"id":108904,"date":"2023-04-28T07:09:21","date_gmt":"2023-04-28T05:09:21","guid":{"rendered":"https:\/\/batijournal.com\/?p=108904"},"modified":"2023-04-28T07:10:25","modified_gmt":"2023-04-28T05:10:25","slug":"jean-christophe-repon-reconduit-a-la-presidence-de-la-capeb","status":"publish","type":"post","link":"https:\/\/batijournal.com\/index.php\/jean-christophe-repon-reconduit-a-la-presidence-de-la-capeb\/108904\/","title":{"rendered":"Jean-Christophe Repon reconduit \u00e0 la pr\u00e9sidence de la Capeb"},"content":{"rendered":"<p>Le Conseil d\u2019administration de la Capeb a proc\u00e9d\u00e9 ce jeudi 27 avril 2023 \u00e0 l\u2019\u00e9lection du nouveau Bureau conf\u00e9d\u00e9ral. Jean-Christophe Repon a \u00e9t\u00e9 \u00e9lu \u00e0 l\u2019unanimit\u00e9 pour un 2\u00e8me mandat \u00e0 la pr\u00e9sidence de la CAPEB. Cette \u00e9lection fait suite \u00e0 la tenue de l\u2019Assembl\u00e9e g\u00e9n\u00e9rale du 13 avril dernier qui a \u00e9lu 4 nouveaux membres au Conseil d\u2019administration.\u00a0Au cours de son premier mandat, Jean-Christophe Repon s\u2019est employ\u00e9 \u00e0 pr\u00e9server l\u2019activit\u00e9 des entreprises artisanales du b\u00e2timent, confront\u00e9es \u00e0 une situation d\u2019incertitude \u00e9conomique in\u00e9dite marqu\u00e9e par la crise covid, la hausse des prix des mati\u00e8res premi\u00e8res, du co\u00fbt de l\u2019\u00e9nergie, les difficult\u00e9s d\u2019approvisionnement. Il entend d\u00e9sormais poursuivre son action avec le Conseil d\u2019administration, pour que le r\u00f4le d\u00e9terminant que jouent ces entreprises face aux grands d\u00e9fis que nous devons relever soit enfin reconnu. Il \u0153uvrera \u00e0 la prise de conscience que le mod\u00e8le de l\u2019entreprise artisanale du b\u00e2timent est un mod\u00e8le d\u2019avenir. Il s\u2019emploiera \u00e0 d\u00e9fendre haut et fort les conditions d\u2019activit\u00e9 dont elles ont besoin pour leur permettre de lib\u00e9rer tout leur potentiel. Condition sine qua non pour attirer les nouvelles g\u00e9n\u00e9rations, avec lesquelles elles partagent nombre de valeurs et d\u2019objectifs, en leur sein. Enjeu qui fait partie des priorit\u00e9s du pr\u00e9sident r\u00e9\u00e9lu.<\/p>\n","protected":false},"excerpt":{"rendered":"<p>Le Conseil d\u2019administration de la Capeb a proc\u00e9d\u00e9 ce jeudi 27 avril 2023 \u00e0 l\u2019\u00e9lection du nouveau Bureau conf\u00e9d\u00e9ral. Jean-Christophe Repon a \u00e9t\u00e9 \u00e9lu \u00e0 l\u2019unanimit\u00e9 pour un 2\u00e8me mandat \u00e0 la pr\u00e9sidence de la CAPEB. Cette \u00e9lection fait suite \u00e0 la tenue de l\u2019Assembl\u00e9e g\u00e9n\u00e9rale du 13 avril dernier qui a \u00e9lu 4 nouveaux [&hellip;]<\/p>\n","protected":false},"author":17,"featured_media":93270,"comment_status":"closed","ping_status":"closed","sticky":false,"template":"","format":"standard","meta":{"_et_pb_use_builder":"","_et_pb_old_content":"","_et_gb_content_width":"","footnotes":""},"categories":[10530,6362,10771,10775,10789,10769,10785,10764],"tags":[647],"class_list":["post-108904","post","type-post","status-publish","format-standard","has-post-thumbnail","hentry","category-actualites","category-services-equipements","category-5facades","category-actualites-5facades","category-publications-atrium","category-publications","category-atrium","category-woodsurfer","tag-capeb"],"yoast_head":"<!-- This site is optimized with the Yoast SEO plugin v27.4 - https:\/\/yoast.com\/product\/yoast-seo-wordpress\/ -->\n<title>Jean-Christophe Repon reconduit \u00e0 la pr\u00e9sidence de la Capeb<\/title>\n<meta name=\"robots\" content=\"index, follow, max-snippet:-1, max-image-preview:large, max-video-preview:-1\" \/>\n<link rel=\"canonical\" href=\"https:\/\/batijournal.com\/index.php\/jean-christophe-repon-reconduit-a-la-presidence-de-la-capeb\/108904\/\" \/>\n<meta property=\"og:locale\" content=\"fr_FR\" \/>\n<meta property=\"og:type\" content=\"article\" \/>\n<meta property=\"og:title\" content=\"Jean-Christophe Repon reconduit \u00e0 la pr\u00e9sidence de la Capeb\" \/>\n<meta property=\"og:description\" content=\"Le Conseil d\u2019administration de la Capeb a proc\u00e9d\u00e9 ce jeudi 27 avril 2023 \u00e0 l\u2019\u00e9lection du nouveau Bureau conf\u00e9d\u00e9ral. Jean-Christophe Repon a \u00e9t\u00e9 \u00e9lu \u00e0 l\u2019unanimit\u00e9 pour un 2\u00e8me mandat \u00e0 la pr\u00e9sidence de la CAPEB. Cette \u00e9lection fait suite \u00e0 la tenue de l\u2019Assembl\u00e9e g\u00e9n\u00e9rale du 13 avril dernier qui a \u00e9lu 4 nouveaux [&hellip;]\" \/>\n<meta property=\"og:url\" content=\"https:\/\/batijournal.com\/index.php\/jean-christophe-repon-reconduit-a-la-presidence-de-la-capeb\/108904\/\" \/>\n<meta property=\"og:site_name\" content=\"Batijournal\" \/>\n<meta property=\"article:published_time\" content=\"2023-04-28T05:09:21+00:00\" \/>\n<meta property=\"article:modified_time\" content=\"2023-04-28T05:10:25+00:00\" \/>\n<meta property=\"og:image\" content=\"https:\/\/batijournal.com\/wp-content\/uploads\/2016\/06\/JC-REPON-CCCA-BTP.jpg\" \/>\n\t<meta property=\"og:image:width\" content=\"1063\" \/>\n\t<meta property=\"og:image:height\" content=\"771\" \/>\n\t<meta property=\"og:image:type\" content=\"image\/jpeg\" \/>\n<meta name=\"author\" content=\"St\u00e9phane Miget\" \/>\n<meta name=\"twitter:card\" content=\"summary_large_image\" \/>\n<meta name=\"twitter:creator\" content=\"@bati_journal\" \/>\n<meta name=\"twitter:site\" content=\"@bati_journal\" \/>\n<meta name=\"twitter:label1\" content=\"\u00c9crit par\" \/>\n\t<meta name=\"twitter:data1\" content=\"St\u00e9phane Miget\" \/>\n\t<meta name=\"twitter:label2\" content=\"Dur\u00e9e de lecture estim\u00e9e\" \/>\n\t<meta name=\"twitter:data2\" content=\"1 minute\" \/>\n<script type=\"application\/ld+json\" class=\"yoast-schema-graph\">{\"@context\":\"https:\\\/\\\/schema.org\",\"@graph\":[{\"@type\":\"Article\",\"@id\":\"https:\\\/\\\/batijournal.com\\\/index.php\\\/jean-christophe-repon-reconduit-a-la-presidence-de-la-capeb\\\/108904\\\/#article\",\"isPartOf\":{\"@id\":\"https:\\\/\\\/batijournal.com\\\/index.php\\\/jean-christophe-repon-reconduit-a-la-presidence-de-la-capeb\\\/108904\\\/\"},\"author\":{\"name\":\"St\u00e9phane Miget\",\"@id\":\"https:\\\/\\\/batijournal.com\\\/#\\\/schema\\\/person\\\/1dc96ec6957aa1ccb25ebe78bb19f100\"},\"headline\":\"Jean-Christophe Repon reconduit \u00e0 la pr\u00e9sidence de la Capeb\",\"datePublished\":\"2023-04-28T05:09:21+00:00\",\"dateModified\":\"2023-04-28T05:10:25+00:00\",\"mainEntityOfPage\":{\"@id\":\"https:\\\/\\\/batijournal.com\\\/index.php\\\/jean-christophe-repon-reconduit-a-la-presidence-de-la-capeb\\\/108904\\\/\"},\"wordCount\":247,\"image\":{\"@id\":\"https:\\\/\\\/batijournal.com\\\/index.php\\\/jean-christophe-repon-reconduit-a-la-presidence-de-la-capeb\\\/108904\\\/#primaryimage\"},\"thumbnailUrl\":\"https:\\\/\\\/batijournal.com\\\/wp-content\\\/uploads\\\/2016\\\/06\\\/JC-REPON-CCCA-BTP.jpg\",\"keywords\":[\"CAPEB\"],\"articleSection\":[\"Actualit\u00e9s\",\"Divers\",\"zz_5fa\u00e7ades\",\"zz_Actualit\u00e9s - 5fa\u00e7ades\",\"zz_Actualit\u00e9s - Atrium\",\"zz_Actualit\u00e9s - Woodsurfer\",\"zz_Atrium Patrimoine\",\"zz_Woodsurfer\"],\"inLanguage\":\"fr-FR\"},{\"@type\":\"WebPage\",\"@id\":\"https:\\\/\\\/batijournal.com\\\/index.php\\\/jean-christophe-repon-reconduit-a-la-presidence-de-la-capeb\\\/108904\\\/\",\"url\":\"https:\\\/\\\/batijournal.com\\\/index.php\\\/jean-christophe-repon-reconduit-a-la-presidence-de-la-capeb\\\/108904\\\/\",\"name\":\"Jean-Christophe Repon reconduit \u00e0 la pr\u00e9sidence de la Capeb\",\"isPartOf\":{\"@id\":\"https:\\\/\\\/batijournal.com\\\/#website\"},\"primaryImageOfPage\":{\"@id\":\"https:\\\/\\\/batijournal.com\\\/index.php\\\/jean-christophe-repon-reconduit-a-la-presidence-de-la-capeb\\\/108904\\\/#primaryimage\"},\"image\":{\"@id\":\"https:\\\/\\\/batijournal.com\\\/index.php\\\/jean-christophe-repon-reconduit-a-la-presidence-de-la-capeb\\\/108904\\\/#primaryimage\"},\"thumbnailUrl\":\"https:\\\/\\\/batijournal.com\\\/wp-content\\\/uploads\\\/2016\\\/06\\\/JC-REPON-CCCA-BTP.jpg\",\"datePublished\":\"2023-04-28T05:09:21+00:00\",\"dateModified\":\"2023-04-28T05:10:25+00:00\",\"author\":{\"@id\":\"https:\\\/\\\/batijournal.com\\\/#\\\/schema\\\/person\\\/1dc96ec6957aa1ccb25ebe78bb19f100\"},\"breadcrumb\":{\"@id\":\"https:\\\/\\\/batijournal.com\\\/index.php\\\/jean-christophe-repon-reconduit-a-la-presidence-de-la-capeb\\\/108904\\\/#breadcrumb\"},\"inLanguage\":\"fr-FR\",\"potentialAction\":[{\"@type\":\"ReadAction\",\"target\":[\"https:\\\/\\\/batijournal.com\\\/index.php\\\/jean-christophe-repon-reconduit-a-la-presidence-de-la-capeb\\\/108904\\\/\"]}]},{\"@type\":\"ImageObject\",\"inLanguage\":\"fr-FR\",\"@id\":\"https:\\\/\\\/batijournal.com\\\/index.php\\\/jean-christophe-repon-reconduit-a-la-presidence-de-la-capeb\\\/108904\\\/#primaryimage\",\"url\":\"https:\\\/\\\/batijournal.com\\\/wp-content\\\/uploads\\\/2016\\\/06\\\/JC-REPON-CCCA-BTP.jpg\",\"contentUrl\":\"https:\\\/\\\/batijournal.com\\\/wp-content\\\/uploads\\\/2016\\\/06\\\/JC-REPON-CCCA-BTP.jpg\",\"width\":1063,\"height\":771},{\"@type\":\"BreadcrumbList\",\"@id\":\"https:\\\/\\\/batijournal.com\\\/index.php\\\/jean-christophe-repon-reconduit-a-la-presidence-de-la-capeb\\\/108904\\\/#breadcrumb\",\"itemListElement\":[{\"@type\":\"ListItem\",\"position\":1,\"name\":\"Accueil\",\"item\":\"https:\\\/\\\/batijournal.com\\\/\"},{\"@type\":\"ListItem\",\"position\":2,\"name\":\"Actualit\u00e9s\",\"item\":\"https:\\\/\\\/batijournal.com\\\/index.php\\\/category\\\/actualites\\\/\"},{\"@type\":\"ListItem\",\"position\":3,\"name\":\"Jean-Christophe Repon reconduit \u00e0 la pr\u00e9sidence de la Capeb\"}]},{\"@type\":\"WebSite\",\"@id\":\"https:\\\/\\\/batijournal.com\\\/#website\",\"url\":\"https:\\\/\\\/batijournal.com\\\/\",\"name\":\"Batijournal\",\"description\":\"L&#039;actualit\u00e9 du b\u00e2timent\",\"potentialAction\":[{\"@type\":\"SearchAction\",\"target\":{\"@type\":\"EntryPoint\",\"urlTemplate\":\"https:\\\/\\\/batijournal.com\\\/?s={search_term_string}\"},\"query-input\":{\"@type\":\"PropertyValueSpecification\",\"valueRequired\":true,\"valueName\":\"search_term_string\"}}],\"inLanguage\":\"fr-FR\"},{\"@type\":\"Person\",\"@id\":\"https:\\\/\\\/batijournal.com\\\/#\\\/schema\\\/person\\\/1dc96ec6957aa1ccb25ebe78bb19f100\",\"name\":\"St\u00e9phane Miget\",\"image\":{\"@type\":\"ImageObject\",\"inLanguage\":\"fr-FR\",\"@id\":\"https:\\\/\\\/secure.gravatar.com\\\/avatar\\\/89915563d925342126b8ef0281b93d9d7fc337043e8df017f780908eb9644451?s=96&d=mm&r=g\",\"url\":\"https:\\\/\\\/secure.gravatar.com\\\/avatar\\\/89915563d925342126b8ef0281b93d9d7fc337043e8df017f780908eb9644451?s=96&d=mm&r=g\",\"contentUrl\":\"https:\\\/\\\/secure.gravatar.com\\\/avatar\\\/89915563d925342126b8ef0281b93d9d7fc337043e8df017f780908eb9644451?s=96&d=mm&r=g\",\"caption\":\"St\u00e9phane Miget\"},\"url\":\"https:\\\/\\\/batijournal.com\\\/index.php\\\/author\\\/stephane\\\/\"}]}<\/script>\n<!-- \/ Yoast SEO plugin. -->","yoast_head_json":{"title":"Jean-Christophe Repon reconduit \u00e0 la pr\u00e9sidence de la Capeb","robots":{"index":"index","follow":"follow","max-snippet":"max-snippet:-1","max-image-preview":"max-image-preview:large","max-video-preview":"max-video-preview:-1"},"canonical":"https:\/\/batijournal.com\/index.php\/jean-christophe-repon-reconduit-a-la-presidence-de-la-capeb\/108904\/","og_locale":"fr_FR","og_type":"article","og_title":"Jean-Christophe Repon reconduit \u00e0 la pr\u00e9sidence de la Capeb","og_description":"Le Conseil d\u2019administration de la Capeb a proc\u00e9d\u00e9 ce jeudi 27 avril 2023 \u00e0 l\u2019\u00e9lection du nouveau Bureau conf\u00e9d\u00e9ral. Jean-Christophe Repon a \u00e9t\u00e9 \u00e9lu \u00e0 l\u2019unanimit\u00e9 pour un 2\u00e8me mandat \u00e0 la pr\u00e9sidence de la CAPEB. Cette \u00e9lection fait suite \u00e0 la tenue de l\u2019Assembl\u00e9e g\u00e9n\u00e9rale du 13 avril dernier qui a \u00e9lu 4 nouveaux [&hellip;]","og_url":"https:\/\/batijournal.com\/index.php\/jean-christophe-repon-reconduit-a-la-presidence-de-la-capeb\/108904\/","og_site_name":"Batijournal","article_published_time":"2023-04-28T05:09:21+00:00","article_modified_time":"2023-04-28T05:10:25+00:00","og_image":[{"width":1063,"height":771,"url":"https:\/\/batijournal.com\/wp-content\/uploads\/2016\/06\/JC-REPON-CCCA-BTP.jpg","type":"image\/jpeg"}],"author":"St\u00e9phane Miget","twitter_card":"summary_large_image","twitter_creator":"@bati_journal","twitter_site":"@bati_journal","twitter_misc":{"\u00c9crit par":"St\u00e9phane Miget","Dur\u00e9e de lecture estim\u00e9e":"1 minute"},"schema":{"@context":"https:\/\/schema.org","@graph":[{"@type":"Article","@id":"https:\/\/batijournal.com\/index.php\/jean-christophe-repon-reconduit-a-la-presidence-de-la-capeb\/108904\/#article","isPartOf":{"@id":"https:\/\/batijournal.com\/index.php\/jean-christophe-repon-reconduit-a-la-presidence-de-la-capeb\/108904\/"},"author":{"name":"St\u00e9phane Miget","@id":"https:\/\/batijournal.com\/#\/schema\/person\/1dc96ec6957aa1ccb25ebe78bb19f100"},"headline":"Jean-Christophe Repon reconduit \u00e0 la pr\u00e9sidence de la Capeb","datePublished":"2023-04-28T05:09:21+00:00","dateModified":"2023-04-28T05:10:25+00:00","mainEntityOfPage":{"@id":"https:\/\/batijournal.com\/index.php\/jean-christophe-repon-reconduit-a-la-presidence-de-la-capeb\/108904\/"},"wordCount":247,"image":{"@id":"https:\/\/batijournal.com\/index.php\/jean-christophe-repon-reconduit-a-la-presidence-de-la-capeb\/108904\/#primaryimage"},"thumbnailUrl":"https:\/\/batijournal.com\/wp-content\/uploads\/2016\/06\/JC-REPON-CCCA-BTP.jpg","keywords":["CAPEB"],"articleSection":["Actualit\u00e9s","Divers","zz_5fa\u00e7ades","zz_Actualit\u00e9s - 5fa\u00e7ades","zz_Actualit\u00e9s - Atrium","zz_Actualit\u00e9s - Woodsurfer","zz_Atrium Patrimoine","zz_Woodsurfer"],"inLanguage":"fr-FR"},{"@type":"WebPage","@id":"https:\/\/batijournal.com\/index.php\/jean-christophe-repon-reconduit-a-la-presidence-de-la-capeb\/108904\/","url":"https:\/\/batijournal.com\/index.php\/jean-christophe-repon-reconduit-a-la-presidence-de-la-capeb\/108904\/","name":"Jean-Christophe Repon reconduit \u00e0 la pr\u00e9sidence de la Capeb","isPartOf":{"@id":"https:\/\/batijournal.com\/#website"},"primaryImageOfPage":{"@id":"https:\/\/batijournal.com\/index.php\/jean-christophe-repon-reconduit-a-la-presidence-de-la-capeb\/108904\/#primaryimage"},"image":{"@id":"https:\/\/batijournal.com\/index.php\/jean-christophe-repon-reconduit-a-la-presidence-de-la-capeb\/108904\/#primaryimage"},"thumbnailUrl":"https:\/\/batijournal.com\/wp-content\/uploads\/2016\/06\/JC-REPON-CCCA-BTP.jpg","datePublished":"2023-04-28T05:09:21+00:00","dateModified":"2023-04-28T05:10:25+00:00","author":{"@id":"https:\/\/batijournal.com\/#\/schema\/person\/1dc96ec6957aa1ccb25ebe78bb19f100"},"breadcrumb":{"@id":"https:\/\/batijournal.com\/index.php\/jean-christophe-repon-reconduit-a-la-presidence-de-la-capeb\/108904\/#breadcrumb"},"inLanguage":"fr-FR","potentialAction":[{"@type":"ReadAction","target":["https:\/\/batijournal.com\/index.php\/jean-christophe-repon-reconduit-a-la-presidence-de-la-capeb\/108904\/"]}]},{"@type":"ImageObject","inLanguage":"fr-FR","@id":"https:\/\/batijournal.com\/index.php\/jean-christophe-repon-reconduit-a-la-presidence-de-la-capeb\/108904\/#primaryimage","url":"https:\/\/batijournal.com\/wp-content\/uploads\/2016\/06\/JC-REPON-CCCA-BTP.jpg","contentUrl":"https:\/\/batijournal.com\/wp-content\/uploads\/2016\/06\/JC-REPON-CCCA-BTP.jpg","width":1063,"height":771},{"@type":"BreadcrumbList","@id":"https:\/\/batijournal.com\/index.php\/jean-christophe-repon-reconduit-a-la-presidence-de-la-capeb\/108904\/#breadcrumb","itemListElement":[{"@type":"ListItem","position":1,"name":"Accueil","item":"https:\/\/batijournal.com\/"},{"@type":"ListItem","position":2,"name":"Actualit\u00e9s","item":"https:\/\/batijournal.com\/index.php\/category\/actualites\/"},{"@type":"ListItem","position":3,"name":"Jean-Christophe Repon reconduit \u00e0 la pr\u00e9sidence de la Capeb"}]},{"@type":"WebSite","@id":"https:\/\/batijournal.com\/#website","url":"https:\/\/batijournal.com\/","name":"Batijournal","description":"L&#039;actualit\u00e9 du b\u00e2timent","potentialAction":[{"@type":"SearchAction","target":{"@type":"EntryPoint","urlTemplate":"https:\/\/batijournal.com\/?s={search_term_string}"},"query-input":{"@type":"PropertyValueSpecification","valueRequired":true,"valueName":"search_term_string"}}],"inLanguage":"fr-FR"},{"@type":"Person","@id":"https:\/\/batijournal.com\/#\/schema\/person\/1dc96ec6957aa1ccb25ebe78bb19f100","name":"St\u00e9phane Miget","image":{"@type":"ImageObject","inLanguage":"fr-FR","@id":"https:\/\/secure.gravatar.com\/avatar\/89915563d925342126b8ef0281b93d9d7fc337043e8df017f780908eb9644451?s=96&d=mm&r=g","url":"https:\/\/secure.gravatar.com\/avatar\/89915563d925342126b8ef0281b93d9d7fc337043e8df017f780908eb9644451?s=96&d=mm&r=g","contentUrl":"https:\/\/secure.gravatar.com\/avatar\/89915563d925342126b8ef0281b93d9d7fc337043e8df017f780908eb9644451?s=96&d=mm&r=g","caption":"St\u00e9phane Miget"},"url":"https:\/\/batijournal.com\/index.php\/author\/stephane\/"}]}},"_links":{"self":[{"href":"https:\/\/batijournal.com\/index.php\/wp-json\/wp\/v2\/posts\/108904","targetHints":{"allow":["GET"]}}],"collection":[{"href":"https:\/\/batijournal.com\/index.php\/wp-json\/wp\/v2\/posts"}],"about":[{"href":"https:\/\/batijournal.com\/index.php\/wp-json\/wp\/v2\/types\/post"}],"author":[{"embeddable":true,"href":"https:\/\/batijournal.com\/index.php\/wp-json\/wp\/v2\/users\/17"}],"replies":[{"embeddable":true,"href":"https:\/\/batijournal.com\/index.php\/wp-json\/wp\/v2\/comments?post=108904"}],"version-history":[{"count":0,"href":"https:\/\/batijournal.com\/index.php\/wp-json\/wp\/v2\/posts\/108904\/revisions"}],"wp:featuredmedia":[{"embeddable":true,"href":"https:\/\/batijournal.com\/index.php\/wp-json\/wp\/v2\/media\/93270"}],"wp:attachment":[{"href":"https:\/\/batijournal.com\/index.php\/wp-json\/wp\/v2\/media?parent=108904"}],"wp:term":[{"taxonomy":"category","embeddable":true,"href":"https:\/\/batijournal.com\/index.php\/wp-json\/wp\/v2\/categories?post=108904"},{"taxonomy":"post_tag","embeddable":true,"href":"https:\/\/batijournal.com\/index.php\/wp-json\/wp\/v2\/tags?post=108904"}],"curies":[{"name":"wp","href":"https:\/\/api.w.org\/{rel}","templated":true}]}}