{"id":108914,"date":"2023-05-04T04:54:38","date_gmt":"2023-05-04T02:54:38","guid":{"rendered":"https:\/\/batijournal.com\/?p=108914"},"modified":"2023-05-04T04:54:38","modified_gmt":"2023-05-04T02:54:38","slug":"convention-sur-la-valorisation-des-ouvrages-maritimes","status":"publish","type":"post","link":"https:\/\/batijournal.com\/index.php\/convention-sur-la-valorisation-des-ouvrages-maritimes\/108914\/","title":{"rendered":"Convention sur la valorisation des ouvrages maritimes"},"content":{"rendered":"<p>Le rapport de la mission sur le patrimoine maritime a \u00e9t\u00e9 remis \u00e0 Rima Abdul Malak, ministre de la Culture, et Herv\u00e9 Berville, secr\u00e9taire d&rsquo;\u00c9tat charg\u00e9 de la Mer, par Henry Masson, architecte et urbaniste g\u00e9n\u00e9ral de l\u2019\u00c9tat. Issu d\u2019un travail m\u00e9thodique men\u00e9 en lien avec pr\u00e8s de 300 acteurs locaux, le rapport met en \u00e9vidence le r\u00f4le de l\u2019\u00c9tat en mati\u00e8re de conservation, de restauration et de transmission du patrimoine maritime. Il permet de structurer ce patrimoine en trois cat\u00e9gories principales que sont les bateaux, les mus\u00e9es maritimes et les phares, tout en mettant \u00e9galement en valeur un patrimoine immat\u00e9riel riche. Une convention entre le minist\u00e8re de la Culture et le secr\u00e9tariat d\u2019\u00c9tat \u00e0 la Mer a \u00e9t\u00e9 sign\u00e9e \u00e0 cette occasion pour arr\u00eater une strat\u00e9gie commune de valorisation du patrimoine maritime. Sur la base des recommandations issues du rapport, cette convention a pour objet d\u2019harmoniser les pratiques sur l\u2019ensemble du territoire et de d\u00e9finir les r\u00e8gles et r\u00f4le de chaque minist\u00e8re dans le processus de connaissance et de mise en valeur de ces \u00e9difices et objets.<\/p>\n<p>Photo : phare de Cordouan<\/p>\n<p>&nbsp;<\/p>\n","protected":false},"excerpt":{"rendered":"<p>Le rapport de la mission sur le patrimoine maritime a \u00e9t\u00e9 remis \u00e0 Rima Abdul Malak, ministre de la Culture, et Herv\u00e9 Berville, secr\u00e9taire d&rsquo;\u00c9tat charg\u00e9 de la Mer, par Henry Masson, architecte et urbaniste g\u00e9n\u00e9ral de l\u2019\u00c9tat. Issu d\u2019un travail m\u00e9thodique men\u00e9 en lien avec pr\u00e8s de 300 acteurs locaux, le rapport met en [&hellip;]<\/p>\n","protected":false},"author":17,"featured_media":92454,"comment_status":"closed","ping_status":"closed","sticky":false,"template":"","format":"standard","meta":{"_et_pb_use_builder":"","_et_pb_old_content":"","_et_gb_content_width":"","footnotes":""},"categories":[10530,6362,10789,10785],"tags":[11042,8412],"class_list":["post-108914","post","type-post","status-publish","format-standard","has-post-thumbnail","hentry","category-actualites","category-services-equipements","category-publications-atrium","category-atrium","tag-patrimoine","tag-phare"],"yoast_head":"<!-- This site is optimized with the Yoast SEO plugin v27.4 - https:\/\/yoast.com\/product\/yoast-seo-wordpress\/ -->\n<title>Convention sur la valorisation des ouvrages maritimes<\/title>\n<meta name=\"robots\" content=\"index, follow, max-snippet:-1, max-image-preview:large, max-video-preview:-1\" \/>\n<link rel=\"canonical\" href=\"https:\/\/batijournal.com\/index.php\/convention-sur-la-valorisation-des-ouvrages-maritimes\/108914\/\" \/>\n<meta property=\"og:locale\" content=\"fr_FR\" \/>\n<meta property=\"og:type\" content=\"article\" \/>\n<meta property=\"og:title\" content=\"Convention sur la valorisation des ouvrages maritimes\" \/>\n<meta property=\"og:description\" content=\"Le rapport de la mission sur le patrimoine maritime a \u00e9t\u00e9 remis \u00e0 Rima Abdul Malak, ministre de la Culture, et Herv\u00e9 Berville, secr\u00e9taire d&rsquo;\u00c9tat charg\u00e9 de la Mer, par Henry Masson, architecte et urbaniste g\u00e9n\u00e9ral de l\u2019\u00c9tat. Issu d\u2019un travail m\u00e9thodique men\u00e9 en lien avec pr\u00e8s de 300 acteurs locaux, le rapport met en [&hellip;]\" \/>\n<meta property=\"og:url\" content=\"https:\/\/batijournal.com\/index.php\/convention-sur-la-valorisation-des-ouvrages-maritimes\/108914\/\" \/>\n<meta property=\"og:site_name\" content=\"Batijournal\" \/>\n<meta property=\"article:published_time\" content=\"2023-05-04T02:54:38+00:00\" \/>\n<meta property=\"og:image\" content=\"https:\/\/batijournal.com\/wp-content\/uploads\/2016\/04\/phare-de-cordouan-1.jpg\" \/>\n\t<meta property=\"og:image:width\" content=\"1000\" \/>\n\t<meta property=\"og:image:height\" content=\"667\" \/>\n\t<meta property=\"og:image:type\" content=\"image\/jpeg\" \/>\n<meta name=\"author\" content=\"St\u00e9phane Miget\" \/>\n<meta name=\"twitter:card\" content=\"summary_large_image\" \/>\n<meta name=\"twitter:creator\" content=\"@bati_journal\" \/>\n<meta name=\"twitter:site\" content=\"@bati_journal\" \/>\n<meta name=\"twitter:label1\" content=\"\u00c9crit par\" \/>\n\t<meta name=\"twitter:data1\" content=\"St\u00e9phane Miget\" \/>\n\t<meta name=\"twitter:label2\" content=\"Dur\u00e9e de lecture estim\u00e9e\" \/>\n\t<meta name=\"twitter:data2\" content=\"1 minute\" \/>\n<script type=\"application\/ld+json\" class=\"yoast-schema-graph\">{\"@context\":\"https:\\\/\\\/schema.org\",\"@graph\":[{\"@type\":\"Article\",\"@id\":\"https:\\\/\\\/batijournal.com\\\/index.php\\\/convention-sur-la-valorisation-des-ouvrages-maritimes\\\/108914\\\/#article\",\"isPartOf\":{\"@id\":\"https:\\\/\\\/batijournal.com\\\/index.php\\\/convention-sur-la-valorisation-des-ouvrages-maritimes\\\/108914\\\/\"},\"author\":{\"name\":\"St\u00e9phane Miget\",\"@id\":\"https:\\\/\\\/batijournal.com\\\/#\\\/schema\\\/person\\\/1dc96ec6957aa1ccb25ebe78bb19f100\"},\"headline\":\"Convention sur la valorisation des ouvrages maritimes\",\"datePublished\":\"2023-05-04T02:54:38+00:00\",\"mainEntityOfPage\":{\"@id\":\"https:\\\/\\\/batijournal.com\\\/index.php\\\/convention-sur-la-valorisation-des-ouvrages-maritimes\\\/108914\\\/\"},\"wordCount\":212,\"image\":{\"@id\":\"https:\\\/\\\/batijournal.com\\\/index.php\\\/convention-sur-la-valorisation-des-ouvrages-maritimes\\\/108914\\\/#primaryimage\"},\"thumbnailUrl\":\"https:\\\/\\\/batijournal.com\\\/wp-content\\\/uploads\\\/2016\\\/04\\\/phare-de-cordouan-1.jpg\",\"keywords\":[\"patrimoine\",\"phare\"],\"articleSection\":[\"Actualit\u00e9s\",\"Divers\",\"zz_Actualit\u00e9s - Atrium\",\"zz_Atrium Patrimoine\"],\"inLanguage\":\"fr-FR\"},{\"@type\":\"WebPage\",\"@id\":\"https:\\\/\\\/batijournal.com\\\/index.php\\\/convention-sur-la-valorisation-des-ouvrages-maritimes\\\/108914\\\/\",\"url\":\"https:\\\/\\\/batijournal.com\\\/index.php\\\/convention-sur-la-valorisation-des-ouvrages-maritimes\\\/108914\\\/\",\"name\":\"Convention sur la valorisation des ouvrages maritimes\",\"isPartOf\":{\"@id\":\"https:\\\/\\\/batijournal.com\\\/#website\"},\"primaryImageOfPage\":{\"@id\":\"https:\\\/\\\/batijournal.com\\\/index.php\\\/convention-sur-la-valorisation-des-ouvrages-maritimes\\\/108914\\\/#primaryimage\"},\"image\":{\"@id\":\"https:\\\/\\\/batijournal.com\\\/index.php\\\/convention-sur-la-valorisation-des-ouvrages-maritimes\\\/108914\\\/#primaryimage\"},\"thumbnailUrl\":\"https:\\\/\\\/batijournal.com\\\/wp-content\\\/uploads\\\/2016\\\/04\\\/phare-de-cordouan-1.jpg\",\"datePublished\":\"2023-05-04T02:54:38+00:00\",\"author\":{\"@id\":\"https:\\\/\\\/batijournal.com\\\/#\\\/schema\\\/person\\\/1dc96ec6957aa1ccb25ebe78bb19f100\"},\"breadcrumb\":{\"@id\":\"https:\\\/\\\/batijournal.com\\\/index.php\\\/convention-sur-la-valorisation-des-ouvrages-maritimes\\\/108914\\\/#breadcrumb\"},\"inLanguage\":\"fr-FR\",\"potentialAction\":[{\"@type\":\"ReadAction\",\"target\":[\"https:\\\/\\\/batijournal.com\\\/index.php\\\/convention-sur-la-valorisation-des-ouvrages-maritimes\\\/108914\\\/\"]}]},{\"@type\":\"ImageObject\",\"inLanguage\":\"fr-FR\",\"@id\":\"https:\\\/\\\/batijournal.com\\\/index.php\\\/convention-sur-la-valorisation-des-ouvrages-maritimes\\\/108914\\\/#primaryimage\",\"url\":\"https:\\\/\\\/batijournal.com\\\/wp-content\\\/uploads\\\/2016\\\/04\\\/phare-de-cordouan-1.jpg\",\"contentUrl\":\"https:\\\/\\\/batijournal.com\\\/wp-content\\\/uploads\\\/2016\\\/04\\\/phare-de-cordouan-1.jpg\",\"width\":1000,\"height\":667,\"caption\":\"phare-de-cordouan-1\"},{\"@type\":\"BreadcrumbList\",\"@id\":\"https:\\\/\\\/batijournal.com\\\/index.php\\\/convention-sur-la-valorisation-des-ouvrages-maritimes\\\/108914\\\/#breadcrumb\",\"itemListElement\":[{\"@type\":\"ListItem\",\"position\":1,\"name\":\"Accueil\",\"item\":\"https:\\\/\\\/batijournal.com\\\/\"},{\"@type\":\"ListItem\",\"position\":2,\"name\":\"Actualit\u00e9s\",\"item\":\"https:\\\/\\\/batijournal.com\\\/index.php\\\/category\\\/actualites\\\/\"},{\"@type\":\"ListItem\",\"position\":3,\"name\":\"Convention sur la valorisation des ouvrages maritimes\"}]},{\"@type\":\"WebSite\",\"@id\":\"https:\\\/\\\/batijournal.com\\\/#website\",\"url\":\"https:\\\/\\\/batijournal.com\\\/\",\"name\":\"Batijournal\",\"description\":\"L&#039;actualit\u00e9 du b\u00e2timent\",\"potentialAction\":[{\"@type\":\"SearchAction\",\"target\":{\"@type\":\"EntryPoint\",\"urlTemplate\":\"https:\\\/\\\/batijournal.com\\\/?s={search_term_string}\"},\"query-input\":{\"@type\":\"PropertyValueSpecification\",\"valueRequired\":true,\"valueName\":\"search_term_string\"}}],\"inLanguage\":\"fr-FR\"},{\"@type\":\"Person\",\"@id\":\"https:\\\/\\\/batijournal.com\\\/#\\\/schema\\\/person\\\/1dc96ec6957aa1ccb25ebe78bb19f100\",\"name\":\"St\u00e9phane Miget\",\"image\":{\"@type\":\"ImageObject\",\"inLanguage\":\"fr-FR\",\"@id\":\"https:\\\/\\\/secure.gravatar.com\\\/avatar\\\/89915563d925342126b8ef0281b93d9d7fc337043e8df017f780908eb9644451?s=96&d=mm&r=g\",\"url\":\"https:\\\/\\\/secure.gravatar.com\\\/avatar\\\/89915563d925342126b8ef0281b93d9d7fc337043e8df017f780908eb9644451?s=96&d=mm&r=g\",\"contentUrl\":\"https:\\\/\\\/secure.gravatar.com\\\/avatar\\\/89915563d925342126b8ef0281b93d9d7fc337043e8df017f780908eb9644451?s=96&d=mm&r=g\",\"caption\":\"St\u00e9phane Miget\"},\"url\":\"https:\\\/\\\/batijournal.com\\\/index.php\\\/author\\\/stephane\\\/\"}]}<\/script>\n<!-- \/ Yoast SEO plugin. -->","yoast_head_json":{"title":"Convention sur la valorisation des ouvrages maritimes","robots":{"index":"index","follow":"follow","max-snippet":"max-snippet:-1","max-image-preview":"max-image-preview:large","max-video-preview":"max-video-preview:-1"},"canonical":"https:\/\/batijournal.com\/index.php\/convention-sur-la-valorisation-des-ouvrages-maritimes\/108914\/","og_locale":"fr_FR","og_type":"article","og_title":"Convention sur la valorisation des ouvrages maritimes","og_description":"Le rapport de la mission sur le patrimoine maritime a \u00e9t\u00e9 remis \u00e0 Rima Abdul Malak, ministre de la Culture, et Herv\u00e9 Berville, secr\u00e9taire d&rsquo;\u00c9tat charg\u00e9 de la Mer, par Henry Masson, architecte et urbaniste g\u00e9n\u00e9ral de l\u2019\u00c9tat. Issu d\u2019un travail m\u00e9thodique men\u00e9 en lien avec pr\u00e8s de 300 acteurs locaux, le rapport met en [&hellip;]","og_url":"https:\/\/batijournal.com\/index.php\/convention-sur-la-valorisation-des-ouvrages-maritimes\/108914\/","og_site_name":"Batijournal","article_published_time":"2023-05-04T02:54:38+00:00","og_image":[{"width":1000,"height":667,"url":"https:\/\/batijournal.com\/wp-content\/uploads\/2016\/04\/phare-de-cordouan-1.jpg","type":"image\/jpeg"}],"author":"St\u00e9phane Miget","twitter_card":"summary_large_image","twitter_creator":"@bati_journal","twitter_site":"@bati_journal","twitter_misc":{"\u00c9crit par":"St\u00e9phane Miget","Dur\u00e9e de lecture estim\u00e9e":"1 minute"},"schema":{"@context":"https:\/\/schema.org","@graph":[{"@type":"Article","@id":"https:\/\/batijournal.com\/index.php\/convention-sur-la-valorisation-des-ouvrages-maritimes\/108914\/#article","isPartOf":{"@id":"https:\/\/batijournal.com\/index.php\/convention-sur-la-valorisation-des-ouvrages-maritimes\/108914\/"},"author":{"name":"St\u00e9phane Miget","@id":"https:\/\/batijournal.com\/#\/schema\/person\/1dc96ec6957aa1ccb25ebe78bb19f100"},"headline":"Convention sur la valorisation des ouvrages maritimes","datePublished":"2023-05-04T02:54:38+00:00","mainEntityOfPage":{"@id":"https:\/\/batijournal.com\/index.php\/convention-sur-la-valorisation-des-ouvrages-maritimes\/108914\/"},"wordCount":212,"image":{"@id":"https:\/\/batijournal.com\/index.php\/convention-sur-la-valorisation-des-ouvrages-maritimes\/108914\/#primaryimage"},"thumbnailUrl":"https:\/\/batijournal.com\/wp-content\/uploads\/2016\/04\/phare-de-cordouan-1.jpg","keywords":["patrimoine","phare"],"articleSection":["Actualit\u00e9s","Divers","zz_Actualit\u00e9s - Atrium","zz_Atrium Patrimoine"],"inLanguage":"fr-FR"},{"@type":"WebPage","@id":"https:\/\/batijournal.com\/index.php\/convention-sur-la-valorisation-des-ouvrages-maritimes\/108914\/","url":"https:\/\/batijournal.com\/index.php\/convention-sur-la-valorisation-des-ouvrages-maritimes\/108914\/","name":"Convention sur la valorisation des ouvrages maritimes","isPartOf":{"@id":"https:\/\/batijournal.com\/#website"},"primaryImageOfPage":{"@id":"https:\/\/batijournal.com\/index.php\/convention-sur-la-valorisation-des-ouvrages-maritimes\/108914\/#primaryimage"},"image":{"@id":"https:\/\/batijournal.com\/index.php\/convention-sur-la-valorisation-des-ouvrages-maritimes\/108914\/#primaryimage"},"thumbnailUrl":"https:\/\/batijournal.com\/wp-content\/uploads\/2016\/04\/phare-de-cordouan-1.jpg","datePublished":"2023-05-04T02:54:38+00:00","author":{"@id":"https:\/\/batijournal.com\/#\/schema\/person\/1dc96ec6957aa1ccb25ebe78bb19f100"},"breadcrumb":{"@id":"https:\/\/batijournal.com\/index.php\/convention-sur-la-valorisation-des-ouvrages-maritimes\/108914\/#breadcrumb"},"inLanguage":"fr-FR","potentialAction":[{"@type":"ReadAction","target":["https:\/\/batijournal.com\/index.php\/convention-sur-la-valorisation-des-ouvrages-maritimes\/108914\/"]}]},{"@type":"ImageObject","inLanguage":"fr-FR","@id":"https:\/\/batijournal.com\/index.php\/convention-sur-la-valorisation-des-ouvrages-maritimes\/108914\/#primaryimage","url":"https:\/\/batijournal.com\/wp-content\/uploads\/2016\/04\/phare-de-cordouan-1.jpg","contentUrl":"https:\/\/batijournal.com\/wp-content\/uploads\/2016\/04\/phare-de-cordouan-1.jpg","width":1000,"height":667,"caption":"phare-de-cordouan-1"},{"@type":"BreadcrumbList","@id":"https:\/\/batijournal.com\/index.php\/convention-sur-la-valorisation-des-ouvrages-maritimes\/108914\/#breadcrumb","itemListElement":[{"@type":"ListItem","position":1,"name":"Accueil","item":"https:\/\/batijournal.com\/"},{"@type":"ListItem","position":2,"name":"Actualit\u00e9s","item":"https:\/\/batijournal.com\/index.php\/category\/actualites\/"},{"@type":"ListItem","position":3,"name":"Convention sur la valorisation des ouvrages maritimes"}]},{"@type":"WebSite","@id":"https:\/\/batijournal.com\/#website","url":"https:\/\/batijournal.com\/","name":"Batijournal","description":"L&#039;actualit\u00e9 du b\u00e2timent","potentialAction":[{"@type":"SearchAction","target":{"@type":"EntryPoint","urlTemplate":"https:\/\/batijournal.com\/?s={search_term_string}"},"query-input":{"@type":"PropertyValueSpecification","valueRequired":true,"valueName":"search_term_string"}}],"inLanguage":"fr-FR"},{"@type":"Person","@id":"https:\/\/batijournal.com\/#\/schema\/person\/1dc96ec6957aa1ccb25ebe78bb19f100","name":"St\u00e9phane Miget","image":{"@type":"ImageObject","inLanguage":"fr-FR","@id":"https:\/\/secure.gravatar.com\/avatar\/89915563d925342126b8ef0281b93d9d7fc337043e8df017f780908eb9644451?s=96&d=mm&r=g","url":"https:\/\/secure.gravatar.com\/avatar\/89915563d925342126b8ef0281b93d9d7fc337043e8df017f780908eb9644451?s=96&d=mm&r=g","contentUrl":"https:\/\/secure.gravatar.com\/avatar\/89915563d925342126b8ef0281b93d9d7fc337043e8df017f780908eb9644451?s=96&d=mm&r=g","caption":"St\u00e9phane Miget"},"url":"https:\/\/batijournal.com\/index.php\/author\/stephane\/"}]}},"_links":{"self":[{"href":"https:\/\/batijournal.com\/index.php\/wp-json\/wp\/v2\/posts\/108914","targetHints":{"allow":["GET"]}}],"collection":[{"href":"https:\/\/batijournal.com\/index.php\/wp-json\/wp\/v2\/posts"}],"about":[{"href":"https:\/\/batijournal.com\/index.php\/wp-json\/wp\/v2\/types\/post"}],"author":[{"embeddable":true,"href":"https:\/\/batijournal.com\/index.php\/wp-json\/wp\/v2\/users\/17"}],"replies":[{"embeddable":true,"href":"https:\/\/batijournal.com\/index.php\/wp-json\/wp\/v2\/comments?post=108914"}],"version-history":[{"count":0,"href":"https:\/\/batijournal.com\/index.php\/wp-json\/wp\/v2\/posts\/108914\/revisions"}],"wp:featuredmedia":[{"embeddable":true,"href":"https:\/\/batijournal.com\/index.php\/wp-json\/wp\/v2\/media\/92454"}],"wp:attachment":[{"href":"https:\/\/batijournal.com\/index.php\/wp-json\/wp\/v2\/media?parent=108914"}],"wp:term":[{"taxonomy":"category","embeddable":true,"href":"https:\/\/batijournal.com\/index.php\/wp-json\/wp\/v2\/categories?post=108914"},{"taxonomy":"post_tag","embeddable":true,"href":"https:\/\/batijournal.com\/index.php\/wp-json\/wp\/v2\/tags?post=108914"}],"curies":[{"name":"wp","href":"https:\/\/api.w.org\/{rel}","templated":true}]}}