{"id":108915,"date":"2023-05-04T05:01:48","date_gmt":"2023-05-04T03:01:48","guid":{"rendered":"https:\/\/batijournal.com\/?p=108915"},"modified":"2023-05-04T05:01:48","modified_gmt":"2023-05-04T03:01:48","slug":"restauration-de-laile-sarcus-du-chateau-de-bussy-rabutin","status":"publish","type":"post","link":"https:\/\/batijournal.com\/index.php\/restauration-de-laile-sarcus-du-chateau-de-bussy-rabutin\/108915\/","title":{"rendered":"Restauration de l&rsquo;aile Sarcus du ch\u00e2teau de Bussy-Rabutin"},"content":{"rendered":"<p>Le ch\u00e2teau de Bussy-Rabutin, class\u00e9 au titre des monuments historiques, a b\u00e9n\u00e9fici\u00e9 d\u2019un vaste plan de restauration de 2019 \u00e0 2023. L\u2019aile Sarcus, encore jamais ouverte au public, a \u00e9t\u00e9 inaugur\u00e9e le 4 avril 2023, et permet aujourd\u2019hui aux visiteurs de d\u00e9couvrir un nouveau parcours de visite. Gr\u00e2ce aux fonds vers\u00e9s par l\u2019Etat dans le cadre notamment du plan de relance du gouvernement, \u00e0 l\u2019appui de la Mission Patrimoine et avec l\u2019apport du conseil r\u00e9gional de Bourgogne-Franche-Comt\u00e9, le centre des monuments nationaux (CMN) a entrepris un important chantier de restauration de l\u2019aile Sarcus. Sous la maitrise d\u2019\u0153uvre de Martin Bacot, architecte en chef des monuments historiques, les appartements et pi\u00e8ces de services, d\u00e9j\u00e0 r\u00e9am\u00e9nag\u00e9es au XIXe si\u00e8cle, ont pu b\u00e9n\u00e9ficier d\u2019une restauration compl\u00e8te. Menuisiers, peintres, ma\u00e7ons, \u00e9lectriciens\u2026 Une dizaine de corps de m\u00e9tiers se sont relay\u00e9s durant cinq ans pour redonner \u00e0 cette partie du ch\u00e2teau son \u00e2me d\u2019origine.<\/p>\n<p>L\u2019aile Sarcus comprend au rez-de-chauss\u00e9e un vestibule, une salle \u00e0 manger, un salon, un boudoir, ainsi que des pi\u00e8ces destin\u00e9es \u00e0 la domesticit\u00e9, cuisine, office, fruitier, ainsi qu\u2019une pi\u00e8ce de bains. Nous retrouvons \u00e9galement un salon, deux chambres et une biblioth\u00e8que. Gr\u00e2ce aux inventaires descriptifs et aux repr\u00e9sentations peintes ou grav\u00e9es d\u2019espaces \u00e9quivalents, le CMN a cherch\u00e9 \u00e0 recr\u00e9er un espace aussi authentique que possible. Ainsi, le d\u00e9cor des murs, des textiles, le mobilier et les objets permettent aux pi\u00e8ces de prendre vie, notamment gr\u00e2ce aux luminaires et aux petits objets. Les collections anciennes du ch\u00e2teau ont \u00e9t\u00e9 red\u00e9ploy\u00e9es, et sont venues s\u2019ajouter aux g\u00e9n\u00e9reux d\u00e9p\u00f4ts du Mobilier national de plus d\u2019une quarantaine d\u2019\u0153uvres. Les joints et enduits de la galerie ext\u00e9rieure ont \u00e9t\u00e9 restaur\u00e9s \u00e0 l\u2019identique. Les volumes originels des appartements du rez-de-chauss\u00e9e ont \u00e9t\u00e9 restitu\u00e9s. Le contr\u00f4le scientifique et technique des travaux sur ce monument class\u00e9 a \u00e9t\u00e9 assur\u00e9 par la Drac de Bourgogne-Franche-Comt\u00e9.<\/p>\n","protected":false},"excerpt":{"rendered":"<p>Le ch\u00e2teau de Bussy-Rabutin, class\u00e9 au titre des monuments historiques, a b\u00e9n\u00e9fici\u00e9 d\u2019un vaste plan de restauration de 2019 \u00e0 2023. L\u2019aile Sarcus, encore jamais ouverte au public, a \u00e9t\u00e9 inaugur\u00e9e le 4 avril 2023, et permet aujourd\u2019hui aux visiteurs de d\u00e9couvrir un nouveau parcours de visite. Gr\u00e2ce aux fonds vers\u00e9s par l\u2019Etat dans le [&hellip;]<\/p>\n","protected":false},"author":17,"featured_media":108916,"comment_status":"closed","ping_status":"closed","sticky":false,"template":"","format":"standard","meta":{"_et_pb_use_builder":"","_et_pb_old_content":"","_et_gb_content_width":"","footnotes":""},"categories":[10530,6340,10789,10785],"tags":[6376],"class_list":["post-108915","post","type-post","status-publish","format-standard","has-post-thumbnail","hentry","category-actualites","category-architecture-conception","category-publications-atrium","category-atrium","tag-monument-historique"],"yoast_head":"<!-- This site is optimized with the Yoast SEO plugin v27.4 - https:\/\/yoast.com\/product\/yoast-seo-wordpress\/ -->\n<title>Restauration de l&#039;aile Sarcus du ch\u00e2teau de Bussy-Rabutin<\/title>\n<meta name=\"robots\" content=\"index, follow, max-snippet:-1, max-image-preview:large, max-video-preview:-1\" \/>\n<link rel=\"canonical\" href=\"https:\/\/batijournal.com\/index.php\/restauration-de-laile-sarcus-du-chateau-de-bussy-rabutin\/108915\/\" \/>\n<meta property=\"og:locale\" content=\"fr_FR\" \/>\n<meta property=\"og:type\" content=\"article\" \/>\n<meta property=\"og:title\" content=\"Restauration de l&#039;aile Sarcus du ch\u00e2teau de Bussy-Rabutin\" \/>\n<meta property=\"og:description\" content=\"Le ch\u00e2teau de Bussy-Rabutin, class\u00e9 au titre des monuments historiques, a b\u00e9n\u00e9fici\u00e9 d\u2019un vaste plan de restauration de 2019 \u00e0 2023. L\u2019aile Sarcus, encore jamais ouverte au public, a \u00e9t\u00e9 inaugur\u00e9e le 4 avril 2023, et permet aujourd\u2019hui aux visiteurs de d\u00e9couvrir un nouveau parcours de visite. Gr\u00e2ce aux fonds vers\u00e9s par l\u2019Etat dans le [&hellip;]\" \/>\n<meta property=\"og:url\" content=\"https:\/\/batijournal.com\/index.php\/restauration-de-laile-sarcus-du-chateau-de-bussy-rabutin\/108915\/\" \/>\n<meta property=\"og:site_name\" content=\"Batijournal\" \/>\n<meta property=\"article:published_time\" content=\"2023-05-04T03:01:48+00:00\" \/>\n<meta property=\"og:image\" content=\"https:\/\/batijournal.com\/wp-content\/uploads\/2023\/05\/chateau-de-Bussy-Rabutin-scaled.jpg\" \/>\n\t<meta property=\"og:image:width\" content=\"2560\" \/>\n\t<meta property=\"og:image:height\" content=\"1707\" \/>\n\t<meta property=\"og:image:type\" content=\"image\/jpeg\" \/>\n<meta name=\"author\" content=\"St\u00e9phane Miget\" \/>\n<meta name=\"twitter:card\" content=\"summary_large_image\" \/>\n<meta name=\"twitter:creator\" content=\"@bati_journal\" \/>\n<meta name=\"twitter:site\" content=\"@bati_journal\" \/>\n<meta name=\"twitter:label1\" content=\"\u00c9crit par\" \/>\n\t<meta name=\"twitter:data1\" content=\"St\u00e9phane Miget\" \/>\n\t<meta name=\"twitter:label2\" content=\"Dur\u00e9e de lecture estim\u00e9e\" \/>\n\t<meta name=\"twitter:data2\" content=\"2 minutes\" \/>\n<script type=\"application\/ld+json\" class=\"yoast-schema-graph\">{\"@context\":\"https:\\\/\\\/schema.org\",\"@graph\":[{\"@type\":\"Article\",\"@id\":\"https:\\\/\\\/batijournal.com\\\/index.php\\\/restauration-de-laile-sarcus-du-chateau-de-bussy-rabutin\\\/108915\\\/#article\",\"isPartOf\":{\"@id\":\"https:\\\/\\\/batijournal.com\\\/index.php\\\/restauration-de-laile-sarcus-du-chateau-de-bussy-rabutin\\\/108915\\\/\"},\"author\":{\"name\":\"St\u00e9phane Miget\",\"@id\":\"https:\\\/\\\/batijournal.com\\\/#\\\/schema\\\/person\\\/1dc96ec6957aa1ccb25ebe78bb19f100\"},\"headline\":\"Restauration de l&rsquo;aile Sarcus du ch\u00e2teau de Bussy-Rabutin\",\"datePublished\":\"2023-05-04T03:01:48+00:00\",\"mainEntityOfPage\":{\"@id\":\"https:\\\/\\\/batijournal.com\\\/index.php\\\/restauration-de-laile-sarcus-du-chateau-de-bussy-rabutin\\\/108915\\\/\"},\"wordCount\":366,\"image\":{\"@id\":\"https:\\\/\\\/batijournal.com\\\/index.php\\\/restauration-de-laile-sarcus-du-chateau-de-bussy-rabutin\\\/108915\\\/#primaryimage\"},\"thumbnailUrl\":\"https:\\\/\\\/batijournal.com\\\/wp-content\\\/uploads\\\/2023\\\/05\\\/chateau-de-Bussy-Rabutin-scaled.jpg\",\"keywords\":[\"monument historique\"],\"articleSection\":[\"Actualit\u00e9s\",\"Architecture &amp; Conception\",\"zz_Actualit\u00e9s - Atrium\",\"zz_Atrium Patrimoine\"],\"inLanguage\":\"fr-FR\"},{\"@type\":\"WebPage\",\"@id\":\"https:\\\/\\\/batijournal.com\\\/index.php\\\/restauration-de-laile-sarcus-du-chateau-de-bussy-rabutin\\\/108915\\\/\",\"url\":\"https:\\\/\\\/batijournal.com\\\/index.php\\\/restauration-de-laile-sarcus-du-chateau-de-bussy-rabutin\\\/108915\\\/\",\"name\":\"Restauration de l'aile Sarcus du ch\u00e2teau de Bussy-Rabutin\",\"isPartOf\":{\"@id\":\"https:\\\/\\\/batijournal.com\\\/#website\"},\"primaryImageOfPage\":{\"@id\":\"https:\\\/\\\/batijournal.com\\\/index.php\\\/restauration-de-laile-sarcus-du-chateau-de-bussy-rabutin\\\/108915\\\/#primaryimage\"},\"image\":{\"@id\":\"https:\\\/\\\/batijournal.com\\\/index.php\\\/restauration-de-laile-sarcus-du-chateau-de-bussy-rabutin\\\/108915\\\/#primaryimage\"},\"thumbnailUrl\":\"https:\\\/\\\/batijournal.com\\\/wp-content\\\/uploads\\\/2023\\\/05\\\/chateau-de-Bussy-Rabutin-scaled.jpg\",\"datePublished\":\"2023-05-04T03:01:48+00:00\",\"author\":{\"@id\":\"https:\\\/\\\/batijournal.com\\\/#\\\/schema\\\/person\\\/1dc96ec6957aa1ccb25ebe78bb19f100\"},\"breadcrumb\":{\"@id\":\"https:\\\/\\\/batijournal.com\\\/index.php\\\/restauration-de-laile-sarcus-du-chateau-de-bussy-rabutin\\\/108915\\\/#breadcrumb\"},\"inLanguage\":\"fr-FR\",\"potentialAction\":[{\"@type\":\"ReadAction\",\"target\":[\"https:\\\/\\\/batijournal.com\\\/index.php\\\/restauration-de-laile-sarcus-du-chateau-de-bussy-rabutin\\\/108915\\\/\"]}]},{\"@type\":\"ImageObject\",\"inLanguage\":\"fr-FR\",\"@id\":\"https:\\\/\\\/batijournal.com\\\/index.php\\\/restauration-de-laile-sarcus-du-chateau-de-bussy-rabutin\\\/108915\\\/#primaryimage\",\"url\":\"https:\\\/\\\/batijournal.com\\\/wp-content\\\/uploads\\\/2023\\\/05\\\/chateau-de-Bussy-Rabutin-scaled.jpg\",\"contentUrl\":\"https:\\\/\\\/batijournal.com\\\/wp-content\\\/uploads\\\/2023\\\/05\\\/chateau-de-Bussy-Rabutin-scaled.jpg\",\"width\":2560,\"height\":1707},{\"@type\":\"BreadcrumbList\",\"@id\":\"https:\\\/\\\/batijournal.com\\\/index.php\\\/restauration-de-laile-sarcus-du-chateau-de-bussy-rabutin\\\/108915\\\/#breadcrumb\",\"itemListElement\":[{\"@type\":\"ListItem\",\"position\":1,\"name\":\"Accueil\",\"item\":\"https:\\\/\\\/batijournal.com\\\/\"},{\"@type\":\"ListItem\",\"position\":2,\"name\":\"Actualit\u00e9s\",\"item\":\"https:\\\/\\\/batijournal.com\\\/index.php\\\/category\\\/actualites\\\/\"},{\"@type\":\"ListItem\",\"position\":3,\"name\":\"Restauration de l&rsquo;aile Sarcus du ch\u00e2teau de Bussy-Rabutin\"}]},{\"@type\":\"WebSite\",\"@id\":\"https:\\\/\\\/batijournal.com\\\/#website\",\"url\":\"https:\\\/\\\/batijournal.com\\\/\",\"name\":\"Batijournal\",\"description\":\"L&#039;actualit\u00e9 du b\u00e2timent\",\"potentialAction\":[{\"@type\":\"SearchAction\",\"target\":{\"@type\":\"EntryPoint\",\"urlTemplate\":\"https:\\\/\\\/batijournal.com\\\/?s={search_term_string}\"},\"query-input\":{\"@type\":\"PropertyValueSpecification\",\"valueRequired\":true,\"valueName\":\"search_term_string\"}}],\"inLanguage\":\"fr-FR\"},{\"@type\":\"Person\",\"@id\":\"https:\\\/\\\/batijournal.com\\\/#\\\/schema\\\/person\\\/1dc96ec6957aa1ccb25ebe78bb19f100\",\"name\":\"St\u00e9phane Miget\",\"image\":{\"@type\":\"ImageObject\",\"inLanguage\":\"fr-FR\",\"@id\":\"https:\\\/\\\/secure.gravatar.com\\\/avatar\\\/89915563d925342126b8ef0281b93d9d7fc337043e8df017f780908eb9644451?s=96&d=mm&r=g\",\"url\":\"https:\\\/\\\/secure.gravatar.com\\\/avatar\\\/89915563d925342126b8ef0281b93d9d7fc337043e8df017f780908eb9644451?s=96&d=mm&r=g\",\"contentUrl\":\"https:\\\/\\\/secure.gravatar.com\\\/avatar\\\/89915563d925342126b8ef0281b93d9d7fc337043e8df017f780908eb9644451?s=96&d=mm&r=g\",\"caption\":\"St\u00e9phane Miget\"},\"url\":\"https:\\\/\\\/batijournal.com\\\/index.php\\\/author\\\/stephane\\\/\"}]}<\/script>\n<!-- \/ Yoast SEO plugin. -->","yoast_head_json":{"title":"Restauration de l'aile Sarcus du ch\u00e2teau de Bussy-Rabutin","robots":{"index":"index","follow":"follow","max-snippet":"max-snippet:-1","max-image-preview":"max-image-preview:large","max-video-preview":"max-video-preview:-1"},"canonical":"https:\/\/batijournal.com\/index.php\/restauration-de-laile-sarcus-du-chateau-de-bussy-rabutin\/108915\/","og_locale":"fr_FR","og_type":"article","og_title":"Restauration de l'aile Sarcus du ch\u00e2teau de Bussy-Rabutin","og_description":"Le ch\u00e2teau de Bussy-Rabutin, class\u00e9 au titre des monuments historiques, a b\u00e9n\u00e9fici\u00e9 d\u2019un vaste plan de restauration de 2019 \u00e0 2023. L\u2019aile Sarcus, encore jamais ouverte au public, a \u00e9t\u00e9 inaugur\u00e9e le 4 avril 2023, et permet aujourd\u2019hui aux visiteurs de d\u00e9couvrir un nouveau parcours de visite. Gr\u00e2ce aux fonds vers\u00e9s par l\u2019Etat dans le [&hellip;]","og_url":"https:\/\/batijournal.com\/index.php\/restauration-de-laile-sarcus-du-chateau-de-bussy-rabutin\/108915\/","og_site_name":"Batijournal","article_published_time":"2023-05-04T03:01:48+00:00","og_image":[{"width":2560,"height":1707,"url":"https:\/\/batijournal.com\/wp-content\/uploads\/2023\/05\/chateau-de-Bussy-Rabutin-scaled.jpg","type":"image\/jpeg"}],"author":"St\u00e9phane Miget","twitter_card":"summary_large_image","twitter_creator":"@bati_journal","twitter_site":"@bati_journal","twitter_misc":{"\u00c9crit par":"St\u00e9phane Miget","Dur\u00e9e de lecture estim\u00e9e":"2 minutes"},"schema":{"@context":"https:\/\/schema.org","@graph":[{"@type":"Article","@id":"https:\/\/batijournal.com\/index.php\/restauration-de-laile-sarcus-du-chateau-de-bussy-rabutin\/108915\/#article","isPartOf":{"@id":"https:\/\/batijournal.com\/index.php\/restauration-de-laile-sarcus-du-chateau-de-bussy-rabutin\/108915\/"},"author":{"name":"St\u00e9phane Miget","@id":"https:\/\/batijournal.com\/#\/schema\/person\/1dc96ec6957aa1ccb25ebe78bb19f100"},"headline":"Restauration de l&rsquo;aile Sarcus du ch\u00e2teau de Bussy-Rabutin","datePublished":"2023-05-04T03:01:48+00:00","mainEntityOfPage":{"@id":"https:\/\/batijournal.com\/index.php\/restauration-de-laile-sarcus-du-chateau-de-bussy-rabutin\/108915\/"},"wordCount":366,"image":{"@id":"https:\/\/batijournal.com\/index.php\/restauration-de-laile-sarcus-du-chateau-de-bussy-rabutin\/108915\/#primaryimage"},"thumbnailUrl":"https:\/\/batijournal.com\/wp-content\/uploads\/2023\/05\/chateau-de-Bussy-Rabutin-scaled.jpg","keywords":["monument historique"],"articleSection":["Actualit\u00e9s","Architecture &amp; Conception","zz_Actualit\u00e9s - Atrium","zz_Atrium Patrimoine"],"inLanguage":"fr-FR"},{"@type":"WebPage","@id":"https:\/\/batijournal.com\/index.php\/restauration-de-laile-sarcus-du-chateau-de-bussy-rabutin\/108915\/","url":"https:\/\/batijournal.com\/index.php\/restauration-de-laile-sarcus-du-chateau-de-bussy-rabutin\/108915\/","name":"Restauration de l'aile Sarcus du ch\u00e2teau de Bussy-Rabutin","isPartOf":{"@id":"https:\/\/batijournal.com\/#website"},"primaryImageOfPage":{"@id":"https:\/\/batijournal.com\/index.php\/restauration-de-laile-sarcus-du-chateau-de-bussy-rabutin\/108915\/#primaryimage"},"image":{"@id":"https:\/\/batijournal.com\/index.php\/restauration-de-laile-sarcus-du-chateau-de-bussy-rabutin\/108915\/#primaryimage"},"thumbnailUrl":"https:\/\/batijournal.com\/wp-content\/uploads\/2023\/05\/chateau-de-Bussy-Rabutin-scaled.jpg","datePublished":"2023-05-04T03:01:48+00:00","author":{"@id":"https:\/\/batijournal.com\/#\/schema\/person\/1dc96ec6957aa1ccb25ebe78bb19f100"},"breadcrumb":{"@id":"https:\/\/batijournal.com\/index.php\/restauration-de-laile-sarcus-du-chateau-de-bussy-rabutin\/108915\/#breadcrumb"},"inLanguage":"fr-FR","potentialAction":[{"@type":"ReadAction","target":["https:\/\/batijournal.com\/index.php\/restauration-de-laile-sarcus-du-chateau-de-bussy-rabutin\/108915\/"]}]},{"@type":"ImageObject","inLanguage":"fr-FR","@id":"https:\/\/batijournal.com\/index.php\/restauration-de-laile-sarcus-du-chateau-de-bussy-rabutin\/108915\/#primaryimage","url":"https:\/\/batijournal.com\/wp-content\/uploads\/2023\/05\/chateau-de-Bussy-Rabutin-scaled.jpg","contentUrl":"https:\/\/batijournal.com\/wp-content\/uploads\/2023\/05\/chateau-de-Bussy-Rabutin-scaled.jpg","width":2560,"height":1707},{"@type":"BreadcrumbList","@id":"https:\/\/batijournal.com\/index.php\/restauration-de-laile-sarcus-du-chateau-de-bussy-rabutin\/108915\/#breadcrumb","itemListElement":[{"@type":"ListItem","position":1,"name":"Accueil","item":"https:\/\/batijournal.com\/"},{"@type":"ListItem","position":2,"name":"Actualit\u00e9s","item":"https:\/\/batijournal.com\/index.php\/category\/actualites\/"},{"@type":"ListItem","position":3,"name":"Restauration de l&rsquo;aile Sarcus du ch\u00e2teau de Bussy-Rabutin"}]},{"@type":"WebSite","@id":"https:\/\/batijournal.com\/#website","url":"https:\/\/batijournal.com\/","name":"Batijournal","description":"L&#039;actualit\u00e9 du b\u00e2timent","potentialAction":[{"@type":"SearchAction","target":{"@type":"EntryPoint","urlTemplate":"https:\/\/batijournal.com\/?s={search_term_string}"},"query-input":{"@type":"PropertyValueSpecification","valueRequired":true,"valueName":"search_term_string"}}],"inLanguage":"fr-FR"},{"@type":"Person","@id":"https:\/\/batijournal.com\/#\/schema\/person\/1dc96ec6957aa1ccb25ebe78bb19f100","name":"St\u00e9phane Miget","image":{"@type":"ImageObject","inLanguage":"fr-FR","@id":"https:\/\/secure.gravatar.com\/avatar\/89915563d925342126b8ef0281b93d9d7fc337043e8df017f780908eb9644451?s=96&d=mm&r=g","url":"https:\/\/secure.gravatar.com\/avatar\/89915563d925342126b8ef0281b93d9d7fc337043e8df017f780908eb9644451?s=96&d=mm&r=g","contentUrl":"https:\/\/secure.gravatar.com\/avatar\/89915563d925342126b8ef0281b93d9d7fc337043e8df017f780908eb9644451?s=96&d=mm&r=g","caption":"St\u00e9phane Miget"},"url":"https:\/\/batijournal.com\/index.php\/author\/stephane\/"}]}},"_links":{"self":[{"href":"https:\/\/batijournal.com\/index.php\/wp-json\/wp\/v2\/posts\/108915","targetHints":{"allow":["GET"]}}],"collection":[{"href":"https:\/\/batijournal.com\/index.php\/wp-json\/wp\/v2\/posts"}],"about":[{"href":"https:\/\/batijournal.com\/index.php\/wp-json\/wp\/v2\/types\/post"}],"author":[{"embeddable":true,"href":"https:\/\/batijournal.com\/index.php\/wp-json\/wp\/v2\/users\/17"}],"replies":[{"embeddable":true,"href":"https:\/\/batijournal.com\/index.php\/wp-json\/wp\/v2\/comments?post=108915"}],"version-history":[{"count":0,"href":"https:\/\/batijournal.com\/index.php\/wp-json\/wp\/v2\/posts\/108915\/revisions"}],"wp:featuredmedia":[{"embeddable":true,"href":"https:\/\/batijournal.com\/index.php\/wp-json\/wp\/v2\/media\/108916"}],"wp:attachment":[{"href":"https:\/\/batijournal.com\/index.php\/wp-json\/wp\/v2\/media?parent=108915"}],"wp:term":[{"taxonomy":"category","embeddable":true,"href":"https:\/\/batijournal.com\/index.php\/wp-json\/wp\/v2\/categories?post=108915"},{"taxonomy":"post_tag","embeddable":true,"href":"https:\/\/batijournal.com\/index.php\/wp-json\/wp\/v2\/tags?post=108915"}],"curies":[{"name":"wp","href":"https:\/\/api.w.org\/{rel}","templated":true}]}}