{"id":108925,"date":"2023-05-10T06:56:15","date_gmt":"2023-05-10T04:56:15","guid":{"rendered":"https:\/\/batijournal.com\/?p=108925"},"modified":"2023-05-10T06:56:15","modified_gmt":"2023-05-10T04:56:15","slug":"accelerer-la-transformation-numerique-de-la-formation-professionnelle-aux-metiers-du-batiment","status":"publish","type":"post","link":"https:\/\/batijournal.com\/index.php\/accelerer-la-transformation-numerique-de-la-formation-professionnelle-aux-metiers-du-batiment\/108925\/","title":{"rendered":"Acc\u00e9l\u00e9rer la transformation num\u00e9rique de la formation professionnelle aux m\u00e9tiers du b\u00e2timent"},"content":{"rendered":"<p>Le consortium national du projet \u00ab\u00a0Cr\u00e9er, innover pour hybrider dans les m\u00e9tiers du b\u00e2timent\u00a0\u00bb con\u00e7u et port\u00e9 par le CCCA-BTP, en qualit\u00e9 d\u2019acc\u00e9l\u00e9rateur d\u2019innovation dans la formation aux m\u00e9tiers du BTP, associe 18 organismes de formation aux m\u00e9tiers du BTP par l\u2019apprentissage repr\u00e9sentant 61 sites de formation. Il b\u00e9n\u00e9ficie d\u2019une subvention de pr\u00e8s de 10,5 M\u20ac, apport\u00e9e par la Banque des Territoires pour le compte de l\u2019Etat, en sa qualit\u00e9 d\u2019op\u00e9rateur du programme France 2030.<br \/>\nLe projet du CCCA-BTP \u00ab\u00a0Cr\u00e9er, innover pour hybrider dans les m\u00e9tiers du b\u00e2timent\u00a0\u00bb, qui vise \u00e0 faire \u00e9voluer les modalit\u00e9s de formation professionnelle aux m\u00e9tiers du b\u00e2timent vers un usage num\u00e9rique, r\u00e9pond au double objectif\u00a0d&rsquo;int\u00e9grer les modalit\u00e9s de formation immersives dans les pratiques de formation professionnelle des apprentis du b\u00e2timent pour hybrider et personnaliser leurs parcours de formation et d&rsquo;assurer l\u2019interop\u00e9rabilit\u00e9 des m\u00e9tiers, dans l\u2019optique de l\u2019am\u00e9lioration de la qualit\u00e9 du b\u00e2ti et de l\u2019efficacit\u00e9 \u00e9nerg\u00e9tique. Il permettra de mobiliser plus de 350 personnels p\u00e9dagogiques sur trois ann\u00e9es de concevoir pr\u00e8s de 700 ressources, dont 83 modules en r\u00e9alit\u00e9 virtuelle et d&rsquo;associer 5 000 apprentis aux m\u00e9tiers du b\u00e2timent \u00e0 la conception et au test des ressources.<\/p>\n<p>Photo : le 18 avril 2023, Christophe Poss\u00e9m\u00e9, pr\u00e9sident du CCCA-BTP, et Beno\u00eet S\u00e9n\u00e9chal, responsable du p\u00f4le Formation et Investissements directs et des Programmes PIA-PIC \u00e0 la Banque des Territoires, ont officiellement sign\u00e9 la convention de financement du projet \u00ab\u00a0Cr\u00e9er, innover pour hybrider dans les m\u00e9tiers du b\u00e2timent\u00a0\u00bb du CCCA-BTP.<\/p>\n","protected":false},"excerpt":{"rendered":"<p>Le consortium national du projet \u00ab\u00a0Cr\u00e9er, innover pour hybrider dans les m\u00e9tiers du b\u00e2timent\u00a0\u00bb con\u00e7u et port\u00e9 par le CCCA-BTP, en qualit\u00e9 d\u2019acc\u00e9l\u00e9rateur d\u2019innovation dans la formation aux m\u00e9tiers du BTP, associe 18 organismes de formation aux m\u00e9tiers du BTP par l\u2019apprentissage repr\u00e9sentant 61 sites de formation. Il b\u00e9n\u00e9ficie d\u2019une subvention de pr\u00e8s de 10,5 [&hellip;]<\/p>\n","protected":false},"author":17,"featured_media":108926,"comment_status":"closed","ping_status":"closed","sticky":false,"template":"","format":"standard","meta":{"_et_pb_use_builder":"","_et_pb_old_content":"","_et_gb_content_width":"","footnotes":""},"categories":[10530,6362,10781,10778],"tags":[6086,517],"class_list":["post-108925","post","type-post","status-publish","format-standard","has-post-thumbnail","hentry","category-actualites","category-services-equipements","category-publications-planete","category-planete","tag-ccca-btp","tag-formation"],"yoast_head":"<!-- This site is optimized with the Yoast SEO plugin v27.4 - https:\/\/yoast.com\/product\/yoast-seo-wordpress\/ -->\n<title>Acc\u00e9l\u00e9rer la transformation num\u00e9rique de la formation professionnelle aux m\u00e9tiers du b\u00e2timent<\/title>\n<meta name=\"robots\" content=\"index, follow, max-snippet:-1, max-image-preview:large, max-video-preview:-1\" \/>\n<link rel=\"canonical\" href=\"https:\/\/batijournal.com\/index.php\/accelerer-la-transformation-numerique-de-la-formation-professionnelle-aux-metiers-du-batiment\/108925\/\" \/>\n<meta property=\"og:locale\" content=\"fr_FR\" \/>\n<meta property=\"og:type\" content=\"article\" \/>\n<meta property=\"og:title\" content=\"Acc\u00e9l\u00e9rer la transformation num\u00e9rique de la formation professionnelle aux m\u00e9tiers du b\u00e2timent\" \/>\n<meta property=\"og:description\" content=\"Le consortium national du projet \u00ab\u00a0Cr\u00e9er, innover pour hybrider dans les m\u00e9tiers du b\u00e2timent\u00a0\u00bb con\u00e7u et port\u00e9 par le CCCA-BTP, en qualit\u00e9 d\u2019acc\u00e9l\u00e9rateur d\u2019innovation dans la formation aux m\u00e9tiers du BTP, associe 18 organismes de formation aux m\u00e9tiers du BTP par l\u2019apprentissage repr\u00e9sentant 61 sites de formation. Il b\u00e9n\u00e9ficie d\u2019une subvention de pr\u00e8s de 10,5 [&hellip;]\" \/>\n<meta property=\"og:url\" content=\"https:\/\/batijournal.com\/index.php\/accelerer-la-transformation-numerique-de-la-formation-professionnelle-aux-metiers-du-batiment\/108925\/\" \/>\n<meta property=\"og:site_name\" content=\"Batijournal\" \/>\n<meta property=\"article:published_time\" content=\"2023-05-10T04:56:15+00:00\" \/>\n<meta property=\"og:image\" content=\"https:\/\/batijournal.com\/wp-content\/uploads\/2023\/05\/Transformation-numerique-de-la-formation-aux-metiers-du-batiment-.jpg\" \/>\n\t<meta property=\"og:image:width\" content=\"800\" \/>\n\t<meta property=\"og:image:height\" content=\"561\" \/>\n\t<meta property=\"og:image:type\" content=\"image\/jpeg\" \/>\n<meta name=\"author\" content=\"St\u00e9phane Miget\" \/>\n<meta name=\"twitter:card\" content=\"summary_large_image\" \/>\n<meta name=\"twitter:creator\" content=\"@bati_journal\" \/>\n<meta name=\"twitter:site\" content=\"@bati_journal\" \/>\n<meta name=\"twitter:label1\" content=\"\u00c9crit par\" \/>\n\t<meta name=\"twitter:data1\" content=\"St\u00e9phane Miget\" \/>\n\t<meta name=\"twitter:label2\" content=\"Dur\u00e9e de lecture estim\u00e9e\" \/>\n\t<meta name=\"twitter:data2\" content=\"1 minute\" \/>\n<script type=\"application\/ld+json\" class=\"yoast-schema-graph\">{\"@context\":\"https:\\\/\\\/schema.org\",\"@graph\":[{\"@type\":\"Article\",\"@id\":\"https:\\\/\\\/batijournal.com\\\/index.php\\\/accelerer-la-transformation-numerique-de-la-formation-professionnelle-aux-metiers-du-batiment\\\/108925\\\/#article\",\"isPartOf\":{\"@id\":\"https:\\\/\\\/batijournal.com\\\/index.php\\\/accelerer-la-transformation-numerique-de-la-formation-professionnelle-aux-metiers-du-batiment\\\/108925\\\/\"},\"author\":{\"name\":\"St\u00e9phane Miget\",\"@id\":\"https:\\\/\\\/batijournal.com\\\/#\\\/schema\\\/person\\\/1dc96ec6957aa1ccb25ebe78bb19f100\"},\"headline\":\"Acc\u00e9l\u00e9rer la transformation num\u00e9rique de la formation professionnelle aux m\u00e9tiers du b\u00e2timent\",\"datePublished\":\"2023-05-10T04:56:15+00:00\",\"mainEntityOfPage\":{\"@id\":\"https:\\\/\\\/batijournal.com\\\/index.php\\\/accelerer-la-transformation-numerique-de-la-formation-professionnelle-aux-metiers-du-batiment\\\/108925\\\/\"},\"wordCount\":303,\"image\":{\"@id\":\"https:\\\/\\\/batijournal.com\\\/index.php\\\/accelerer-la-transformation-numerique-de-la-formation-professionnelle-aux-metiers-du-batiment\\\/108925\\\/#primaryimage\"},\"thumbnailUrl\":\"https:\\\/\\\/batijournal.com\\\/wp-content\\\/uploads\\\/2023\\\/05\\\/Transformation-numerique-de-la-formation-aux-metiers-du-batiment-.jpg\",\"keywords\":[\"CCCA-BTP\",\"formation\"],\"articleSection\":[\"Actualit\u00e9s\",\"Divers\",\"zz_Actualit\u00e9s - Plan\u00e8te\",\"zz_Plan\u00e8te B\u00e2timent\"],\"inLanguage\":\"fr-FR\"},{\"@type\":\"WebPage\",\"@id\":\"https:\\\/\\\/batijournal.com\\\/index.php\\\/accelerer-la-transformation-numerique-de-la-formation-professionnelle-aux-metiers-du-batiment\\\/108925\\\/\",\"url\":\"https:\\\/\\\/batijournal.com\\\/index.php\\\/accelerer-la-transformation-numerique-de-la-formation-professionnelle-aux-metiers-du-batiment\\\/108925\\\/\",\"name\":\"Acc\u00e9l\u00e9rer la transformation num\u00e9rique de la formation professionnelle aux m\u00e9tiers du b\u00e2timent\",\"isPartOf\":{\"@id\":\"https:\\\/\\\/batijournal.com\\\/#website\"},\"primaryImageOfPage\":{\"@id\":\"https:\\\/\\\/batijournal.com\\\/index.php\\\/accelerer-la-transformation-numerique-de-la-formation-professionnelle-aux-metiers-du-batiment\\\/108925\\\/#primaryimage\"},\"image\":{\"@id\":\"https:\\\/\\\/batijournal.com\\\/index.php\\\/accelerer-la-transformation-numerique-de-la-formation-professionnelle-aux-metiers-du-batiment\\\/108925\\\/#primaryimage\"},\"thumbnailUrl\":\"https:\\\/\\\/batijournal.com\\\/wp-content\\\/uploads\\\/2023\\\/05\\\/Transformation-numerique-de-la-formation-aux-metiers-du-batiment-.jpg\",\"datePublished\":\"2023-05-10T04:56:15+00:00\",\"author\":{\"@id\":\"https:\\\/\\\/batijournal.com\\\/#\\\/schema\\\/person\\\/1dc96ec6957aa1ccb25ebe78bb19f100\"},\"breadcrumb\":{\"@id\":\"https:\\\/\\\/batijournal.com\\\/index.php\\\/accelerer-la-transformation-numerique-de-la-formation-professionnelle-aux-metiers-du-batiment\\\/108925\\\/#breadcrumb\"},\"inLanguage\":\"fr-FR\",\"potentialAction\":[{\"@type\":\"ReadAction\",\"target\":[\"https:\\\/\\\/batijournal.com\\\/index.php\\\/accelerer-la-transformation-numerique-de-la-formation-professionnelle-aux-metiers-du-batiment\\\/108925\\\/\"]}]},{\"@type\":\"ImageObject\",\"inLanguage\":\"fr-FR\",\"@id\":\"https:\\\/\\\/batijournal.com\\\/index.php\\\/accelerer-la-transformation-numerique-de-la-formation-professionnelle-aux-metiers-du-batiment\\\/108925\\\/#primaryimage\",\"url\":\"https:\\\/\\\/batijournal.com\\\/wp-content\\\/uploads\\\/2023\\\/05\\\/Transformation-numerique-de-la-formation-aux-metiers-du-batiment-.jpg\",\"contentUrl\":\"https:\\\/\\\/batijournal.com\\\/wp-content\\\/uploads\\\/2023\\\/05\\\/Transformation-numerique-de-la-formation-aux-metiers-du-batiment-.jpg\",\"width\":800,\"height\":561},{\"@type\":\"BreadcrumbList\",\"@id\":\"https:\\\/\\\/batijournal.com\\\/index.php\\\/accelerer-la-transformation-numerique-de-la-formation-professionnelle-aux-metiers-du-batiment\\\/108925\\\/#breadcrumb\",\"itemListElement\":[{\"@type\":\"ListItem\",\"position\":1,\"name\":\"Accueil\",\"item\":\"https:\\\/\\\/batijournal.com\\\/\"},{\"@type\":\"ListItem\",\"position\":2,\"name\":\"Actualit\u00e9s\",\"item\":\"https:\\\/\\\/batijournal.com\\\/index.php\\\/category\\\/actualites\\\/\"},{\"@type\":\"ListItem\",\"position\":3,\"name\":\"Acc\u00e9l\u00e9rer la transformation num\u00e9rique de la formation professionnelle aux m\u00e9tiers du b\u00e2timent\"}]},{\"@type\":\"WebSite\",\"@id\":\"https:\\\/\\\/batijournal.com\\\/#website\",\"url\":\"https:\\\/\\\/batijournal.com\\\/\",\"name\":\"Batijournal\",\"description\":\"L&#039;actualit\u00e9 du b\u00e2timent\",\"potentialAction\":[{\"@type\":\"SearchAction\",\"target\":{\"@type\":\"EntryPoint\",\"urlTemplate\":\"https:\\\/\\\/batijournal.com\\\/?s={search_term_string}\"},\"query-input\":{\"@type\":\"PropertyValueSpecification\",\"valueRequired\":true,\"valueName\":\"search_term_string\"}}],\"inLanguage\":\"fr-FR\"},{\"@type\":\"Person\",\"@id\":\"https:\\\/\\\/batijournal.com\\\/#\\\/schema\\\/person\\\/1dc96ec6957aa1ccb25ebe78bb19f100\",\"name\":\"St\u00e9phane Miget\",\"image\":{\"@type\":\"ImageObject\",\"inLanguage\":\"fr-FR\",\"@id\":\"https:\\\/\\\/secure.gravatar.com\\\/avatar\\\/89915563d925342126b8ef0281b93d9d7fc337043e8df017f780908eb9644451?s=96&d=mm&r=g\",\"url\":\"https:\\\/\\\/secure.gravatar.com\\\/avatar\\\/89915563d925342126b8ef0281b93d9d7fc337043e8df017f780908eb9644451?s=96&d=mm&r=g\",\"contentUrl\":\"https:\\\/\\\/secure.gravatar.com\\\/avatar\\\/89915563d925342126b8ef0281b93d9d7fc337043e8df017f780908eb9644451?s=96&d=mm&r=g\",\"caption\":\"St\u00e9phane Miget\"},\"url\":\"https:\\\/\\\/batijournal.com\\\/index.php\\\/author\\\/stephane\\\/\"}]}<\/script>\n<!-- \/ Yoast SEO plugin. -->","yoast_head_json":{"title":"Acc\u00e9l\u00e9rer la transformation num\u00e9rique de la formation professionnelle aux m\u00e9tiers du b\u00e2timent","robots":{"index":"index","follow":"follow","max-snippet":"max-snippet:-1","max-image-preview":"max-image-preview:large","max-video-preview":"max-video-preview:-1"},"canonical":"https:\/\/batijournal.com\/index.php\/accelerer-la-transformation-numerique-de-la-formation-professionnelle-aux-metiers-du-batiment\/108925\/","og_locale":"fr_FR","og_type":"article","og_title":"Acc\u00e9l\u00e9rer la transformation num\u00e9rique de la formation professionnelle aux m\u00e9tiers du b\u00e2timent","og_description":"Le consortium national du projet \u00ab\u00a0Cr\u00e9er, innover pour hybrider dans les m\u00e9tiers du b\u00e2timent\u00a0\u00bb con\u00e7u et port\u00e9 par le CCCA-BTP, en qualit\u00e9 d\u2019acc\u00e9l\u00e9rateur d\u2019innovation dans la formation aux m\u00e9tiers du BTP, associe 18 organismes de formation aux m\u00e9tiers du BTP par l\u2019apprentissage repr\u00e9sentant 61 sites de formation. Il b\u00e9n\u00e9ficie d\u2019une subvention de pr\u00e8s de 10,5 [&hellip;]","og_url":"https:\/\/batijournal.com\/index.php\/accelerer-la-transformation-numerique-de-la-formation-professionnelle-aux-metiers-du-batiment\/108925\/","og_site_name":"Batijournal","article_published_time":"2023-05-10T04:56:15+00:00","og_image":[{"width":800,"height":561,"url":"https:\/\/batijournal.com\/wp-content\/uploads\/2023\/05\/Transformation-numerique-de-la-formation-aux-metiers-du-batiment-.jpg","type":"image\/jpeg"}],"author":"St\u00e9phane Miget","twitter_card":"summary_large_image","twitter_creator":"@bati_journal","twitter_site":"@bati_journal","twitter_misc":{"\u00c9crit par":"St\u00e9phane Miget","Dur\u00e9e de lecture estim\u00e9e":"1 minute"},"schema":{"@context":"https:\/\/schema.org","@graph":[{"@type":"Article","@id":"https:\/\/batijournal.com\/index.php\/accelerer-la-transformation-numerique-de-la-formation-professionnelle-aux-metiers-du-batiment\/108925\/#article","isPartOf":{"@id":"https:\/\/batijournal.com\/index.php\/accelerer-la-transformation-numerique-de-la-formation-professionnelle-aux-metiers-du-batiment\/108925\/"},"author":{"name":"St\u00e9phane Miget","@id":"https:\/\/batijournal.com\/#\/schema\/person\/1dc96ec6957aa1ccb25ebe78bb19f100"},"headline":"Acc\u00e9l\u00e9rer la transformation num\u00e9rique de la formation professionnelle aux m\u00e9tiers du b\u00e2timent","datePublished":"2023-05-10T04:56:15+00:00","mainEntityOfPage":{"@id":"https:\/\/batijournal.com\/index.php\/accelerer-la-transformation-numerique-de-la-formation-professionnelle-aux-metiers-du-batiment\/108925\/"},"wordCount":303,"image":{"@id":"https:\/\/batijournal.com\/index.php\/accelerer-la-transformation-numerique-de-la-formation-professionnelle-aux-metiers-du-batiment\/108925\/#primaryimage"},"thumbnailUrl":"https:\/\/batijournal.com\/wp-content\/uploads\/2023\/05\/Transformation-numerique-de-la-formation-aux-metiers-du-batiment-.jpg","keywords":["CCCA-BTP","formation"],"articleSection":["Actualit\u00e9s","Divers","zz_Actualit\u00e9s - Plan\u00e8te","zz_Plan\u00e8te B\u00e2timent"],"inLanguage":"fr-FR"},{"@type":"WebPage","@id":"https:\/\/batijournal.com\/index.php\/accelerer-la-transformation-numerique-de-la-formation-professionnelle-aux-metiers-du-batiment\/108925\/","url":"https:\/\/batijournal.com\/index.php\/accelerer-la-transformation-numerique-de-la-formation-professionnelle-aux-metiers-du-batiment\/108925\/","name":"Acc\u00e9l\u00e9rer la transformation num\u00e9rique de la formation professionnelle aux m\u00e9tiers du b\u00e2timent","isPartOf":{"@id":"https:\/\/batijournal.com\/#website"},"primaryImageOfPage":{"@id":"https:\/\/batijournal.com\/index.php\/accelerer-la-transformation-numerique-de-la-formation-professionnelle-aux-metiers-du-batiment\/108925\/#primaryimage"},"image":{"@id":"https:\/\/batijournal.com\/index.php\/accelerer-la-transformation-numerique-de-la-formation-professionnelle-aux-metiers-du-batiment\/108925\/#primaryimage"},"thumbnailUrl":"https:\/\/batijournal.com\/wp-content\/uploads\/2023\/05\/Transformation-numerique-de-la-formation-aux-metiers-du-batiment-.jpg","datePublished":"2023-05-10T04:56:15+00:00","author":{"@id":"https:\/\/batijournal.com\/#\/schema\/person\/1dc96ec6957aa1ccb25ebe78bb19f100"},"breadcrumb":{"@id":"https:\/\/batijournal.com\/index.php\/accelerer-la-transformation-numerique-de-la-formation-professionnelle-aux-metiers-du-batiment\/108925\/#breadcrumb"},"inLanguage":"fr-FR","potentialAction":[{"@type":"ReadAction","target":["https:\/\/batijournal.com\/index.php\/accelerer-la-transformation-numerique-de-la-formation-professionnelle-aux-metiers-du-batiment\/108925\/"]}]},{"@type":"ImageObject","inLanguage":"fr-FR","@id":"https:\/\/batijournal.com\/index.php\/accelerer-la-transformation-numerique-de-la-formation-professionnelle-aux-metiers-du-batiment\/108925\/#primaryimage","url":"https:\/\/batijournal.com\/wp-content\/uploads\/2023\/05\/Transformation-numerique-de-la-formation-aux-metiers-du-batiment-.jpg","contentUrl":"https:\/\/batijournal.com\/wp-content\/uploads\/2023\/05\/Transformation-numerique-de-la-formation-aux-metiers-du-batiment-.jpg","width":800,"height":561},{"@type":"BreadcrumbList","@id":"https:\/\/batijournal.com\/index.php\/accelerer-la-transformation-numerique-de-la-formation-professionnelle-aux-metiers-du-batiment\/108925\/#breadcrumb","itemListElement":[{"@type":"ListItem","position":1,"name":"Accueil","item":"https:\/\/batijournal.com\/"},{"@type":"ListItem","position":2,"name":"Actualit\u00e9s","item":"https:\/\/batijournal.com\/index.php\/category\/actualites\/"},{"@type":"ListItem","position":3,"name":"Acc\u00e9l\u00e9rer la transformation num\u00e9rique de la formation professionnelle aux m\u00e9tiers du b\u00e2timent"}]},{"@type":"WebSite","@id":"https:\/\/batijournal.com\/#website","url":"https:\/\/batijournal.com\/","name":"Batijournal","description":"L&#039;actualit\u00e9 du b\u00e2timent","potentialAction":[{"@type":"SearchAction","target":{"@type":"EntryPoint","urlTemplate":"https:\/\/batijournal.com\/?s={search_term_string}"},"query-input":{"@type":"PropertyValueSpecification","valueRequired":true,"valueName":"search_term_string"}}],"inLanguage":"fr-FR"},{"@type":"Person","@id":"https:\/\/batijournal.com\/#\/schema\/person\/1dc96ec6957aa1ccb25ebe78bb19f100","name":"St\u00e9phane Miget","image":{"@type":"ImageObject","inLanguage":"fr-FR","@id":"https:\/\/secure.gravatar.com\/avatar\/89915563d925342126b8ef0281b93d9d7fc337043e8df017f780908eb9644451?s=96&d=mm&r=g","url":"https:\/\/secure.gravatar.com\/avatar\/89915563d925342126b8ef0281b93d9d7fc337043e8df017f780908eb9644451?s=96&d=mm&r=g","contentUrl":"https:\/\/secure.gravatar.com\/avatar\/89915563d925342126b8ef0281b93d9d7fc337043e8df017f780908eb9644451?s=96&d=mm&r=g","caption":"St\u00e9phane Miget"},"url":"https:\/\/batijournal.com\/index.php\/author\/stephane\/"}]}},"_links":{"self":[{"href":"https:\/\/batijournal.com\/index.php\/wp-json\/wp\/v2\/posts\/108925","targetHints":{"allow":["GET"]}}],"collection":[{"href":"https:\/\/batijournal.com\/index.php\/wp-json\/wp\/v2\/posts"}],"about":[{"href":"https:\/\/batijournal.com\/index.php\/wp-json\/wp\/v2\/types\/post"}],"author":[{"embeddable":true,"href":"https:\/\/batijournal.com\/index.php\/wp-json\/wp\/v2\/users\/17"}],"replies":[{"embeddable":true,"href":"https:\/\/batijournal.com\/index.php\/wp-json\/wp\/v2\/comments?post=108925"}],"version-history":[{"count":0,"href":"https:\/\/batijournal.com\/index.php\/wp-json\/wp\/v2\/posts\/108925\/revisions"}],"wp:featuredmedia":[{"embeddable":true,"href":"https:\/\/batijournal.com\/index.php\/wp-json\/wp\/v2\/media\/108926"}],"wp:attachment":[{"href":"https:\/\/batijournal.com\/index.php\/wp-json\/wp\/v2\/media?parent=108925"}],"wp:term":[{"taxonomy":"category","embeddable":true,"href":"https:\/\/batijournal.com\/index.php\/wp-json\/wp\/v2\/categories?post=108925"},{"taxonomy":"post_tag","embeddable":true,"href":"https:\/\/batijournal.com\/index.php\/wp-json\/wp\/v2\/tags?post=108925"}],"curies":[{"name":"wp","href":"https:\/\/api.w.org\/{rel}","templated":true}]}}