{"id":108938,"date":"2023-05-17T19:12:43","date_gmt":"2023-05-17T17:12:43","guid":{"rendered":"https:\/\/batijournal.com\/?p=108938"},"modified":"2023-05-17T19:12:43","modified_gmt":"2023-05-17T17:12:43","slug":"e-tresor-le-tresor-de-la-cathedrale-damiens-revele-sur-le-web","status":"publish","type":"post","link":"https:\/\/batijournal.com\/index.php\/e-tresor-le-tresor-de-la-cathedrale-damiens-revele-sur-le-web\/108938\/","title":{"rendered":"e.Tr\u00e9sor : le tr\u00e9sor de la Cath\u00e9drale d&rsquo;Amiens r\u00e9v\u00e9l\u00e9 sur le web"},"content":{"rendered":"<p>Le site internet patrimonial \u00ab e.Tr\u00e9sor : Du tr\u00e9sor cach\u00e9 au tr\u00e9sor r\u00e9v\u00e9l\u00e9 \u00bb, consacr\u00e9 au tr\u00e9sor de la Cath\u00e9drale Notre-Dame d&rsquo;Amiens a \u00e9t\u00e9 lanc\u00e9 mi-avril. Il permet de d\u00e9couvrir l\u2019int\u00e9gralit\u00e9 d&rsquo;un corpus de 97 objets constituant le Tr\u00e9sor de l\u2019\u00e9difice. Sept pi\u00e8ces parmi les plus embl\u00e9matiques du Tr\u00e9sor, le Chef de Saint Jean-Baptiste, la Couronne du Paraclet, la Chasse de Saint Fursy notamment, ont \u00e9t\u00e9 int\u00e9gr\u00e9es sous forme de repr\u00e9sentation en 3 dimensions, et acquises num\u00e9riquement \u00e0 partir de prises de vue photogramm\u00e9trique. L\u2019internaute peut virtuellement manipuler les objets patrimoniaux, en faire varier l&rsquo;\u00e9clairage, le d\u00e9couvrir dans leur d\u00e9tails \u00e9chappant au regard. les objets sont \u00e9galement pr\u00e9sent\u00e9s sous forme de notices illustr\u00e9es et d\u00e9taill\u00e9es, r\u00e9dig\u00e9es par le service des archives dioc\u00e9saines d\u2019Amiens et de la conservation des antiquit\u00e9s et objets d\u2019arts de la Somme.<\/p>\n<p><a href=\"https:\/\/tresor-cathedrale-amiens.culture.gouv.fr\">https:\/\/tresor-cathedrale-amiens.culture.gouv.fr<\/a><\/p>\n","protected":false},"excerpt":{"rendered":"<p>Le site internet patrimonial \u00ab e.Tr\u00e9sor : Du tr\u00e9sor cach\u00e9 au tr\u00e9sor r\u00e9v\u00e9l\u00e9 \u00bb, consacr\u00e9 au tr\u00e9sor de la Cath\u00e9drale Notre-Dame d&rsquo;Amiens a \u00e9t\u00e9 lanc\u00e9 mi-avril. Il permet de d\u00e9couvrir l\u2019int\u00e9gralit\u00e9 d&rsquo;un corpus de 97 objets constituant le Tr\u00e9sor de l\u2019\u00e9difice. Sept pi\u00e8ces parmi les plus embl\u00e9matiques du Tr\u00e9sor, le Chef de Saint Jean-Baptiste, la [&hellip;]<\/p>\n","protected":false},"author":17,"featured_media":108939,"comment_status":"closed","ping_status":"closed","sticky":false,"template":"","format":"standard","meta":{"_et_pb_use_builder":"","_et_pb_old_content":"","_et_gb_content_width":"","footnotes":""},"categories":[10530,6362,10789,10785],"tags":[6758],"class_list":["post-108938","post","type-post","status-publish","format-standard","has-post-thumbnail","hentry","category-actualites","category-services-equipements","category-publications-atrium","category-atrium","tag-cathedrale"],"yoast_head":"<!-- This site is optimized with the Yoast SEO plugin v27.4 - https:\/\/yoast.com\/product\/yoast-seo-wordpress\/ -->\n<title>e.Tr\u00e9sor : le tr\u00e9sor de la Cath\u00e9drale d&#039;Amiens r\u00e9v\u00e9l\u00e9 sur le web<\/title>\n<meta name=\"robots\" content=\"index, follow, max-snippet:-1, max-image-preview:large, max-video-preview:-1\" \/>\n<link rel=\"canonical\" href=\"https:\/\/batijournal.com\/index.php\/e-tresor-le-tresor-de-la-cathedrale-damiens-revele-sur-le-web\/108938\/\" \/>\n<meta property=\"og:locale\" content=\"fr_FR\" \/>\n<meta property=\"og:type\" content=\"article\" \/>\n<meta property=\"og:title\" content=\"e.Tr\u00e9sor : le tr\u00e9sor de la Cath\u00e9drale d&#039;Amiens r\u00e9v\u00e9l\u00e9 sur le web\" \/>\n<meta property=\"og:description\" content=\"Le site internet patrimonial \u00ab e.Tr\u00e9sor : Du tr\u00e9sor cach\u00e9 au tr\u00e9sor r\u00e9v\u00e9l\u00e9 \u00bb, consacr\u00e9 au tr\u00e9sor de la Cath\u00e9drale Notre-Dame d&rsquo;Amiens a \u00e9t\u00e9 lanc\u00e9 mi-avril. Il permet de d\u00e9couvrir l\u2019int\u00e9gralit\u00e9 d&rsquo;un corpus de 97 objets constituant le Tr\u00e9sor de l\u2019\u00e9difice. Sept pi\u00e8ces parmi les plus embl\u00e9matiques du Tr\u00e9sor, le Chef de Saint Jean-Baptiste, la [&hellip;]\" \/>\n<meta property=\"og:url\" content=\"https:\/\/batijournal.com\/index.php\/e-tresor-le-tresor-de-la-cathedrale-damiens-revele-sur-le-web\/108938\/\" \/>\n<meta property=\"og:site_name\" content=\"Batijournal\" \/>\n<meta property=\"article:published_time\" content=\"2023-05-17T17:12:43+00:00\" \/>\n<meta property=\"og:image\" content=\"https:\/\/batijournal.com\/wp-content\/uploads\/2023\/05\/e-tresor-cathedrale-amiens.png\" \/>\n\t<meta property=\"og:image:width\" content=\"1012\" \/>\n\t<meta property=\"og:image:height\" content=\"648\" \/>\n\t<meta property=\"og:image:type\" content=\"image\/png\" \/>\n<meta name=\"author\" content=\"St\u00e9phane Miget\" \/>\n<meta name=\"twitter:card\" content=\"summary_large_image\" \/>\n<meta name=\"twitter:creator\" content=\"@bati_journal\" \/>\n<meta name=\"twitter:site\" content=\"@bati_journal\" \/>\n<meta name=\"twitter:label1\" content=\"\u00c9crit par\" \/>\n\t<meta name=\"twitter:data1\" content=\"St\u00e9phane Miget\" \/>\n\t<meta name=\"twitter:label2\" content=\"Dur\u00e9e de lecture estim\u00e9e\" \/>\n\t<meta name=\"twitter:data2\" content=\"1 minute\" \/>\n<script type=\"application\/ld+json\" class=\"yoast-schema-graph\">{\"@context\":\"https:\\\/\\\/schema.org\",\"@graph\":[{\"@type\":\"Article\",\"@id\":\"https:\\\/\\\/batijournal.com\\\/index.php\\\/e-tresor-le-tresor-de-la-cathedrale-damiens-revele-sur-le-web\\\/108938\\\/#article\",\"isPartOf\":{\"@id\":\"https:\\\/\\\/batijournal.com\\\/index.php\\\/e-tresor-le-tresor-de-la-cathedrale-damiens-revele-sur-le-web\\\/108938\\\/\"},\"author\":{\"name\":\"St\u00e9phane Miget\",\"@id\":\"https:\\\/\\\/batijournal.com\\\/#\\\/schema\\\/person\\\/1dc96ec6957aa1ccb25ebe78bb19f100\"},\"headline\":\"e.Tr\u00e9sor : le tr\u00e9sor de la Cath\u00e9drale d&rsquo;Amiens r\u00e9v\u00e9l\u00e9 sur le web\",\"datePublished\":\"2023-05-17T17:12:43+00:00\",\"mainEntityOfPage\":{\"@id\":\"https:\\\/\\\/batijournal.com\\\/index.php\\\/e-tresor-le-tresor-de-la-cathedrale-damiens-revele-sur-le-web\\\/108938\\\/\"},\"wordCount\":190,\"image\":{\"@id\":\"https:\\\/\\\/batijournal.com\\\/index.php\\\/e-tresor-le-tresor-de-la-cathedrale-damiens-revele-sur-le-web\\\/108938\\\/#primaryimage\"},\"thumbnailUrl\":\"https:\\\/\\\/batijournal.com\\\/wp-content\\\/uploads\\\/2023\\\/05\\\/e-tresor-cathedrale-amiens.png\",\"keywords\":[\"cathedrale\"],\"articleSection\":[\"Actualit\u00e9s\",\"Divers\",\"zz_Actualit\u00e9s - Atrium\",\"zz_Atrium Patrimoine\"],\"inLanguage\":\"fr-FR\"},{\"@type\":\"WebPage\",\"@id\":\"https:\\\/\\\/batijournal.com\\\/index.php\\\/e-tresor-le-tresor-de-la-cathedrale-damiens-revele-sur-le-web\\\/108938\\\/\",\"url\":\"https:\\\/\\\/batijournal.com\\\/index.php\\\/e-tresor-le-tresor-de-la-cathedrale-damiens-revele-sur-le-web\\\/108938\\\/\",\"name\":\"e.Tr\u00e9sor : le tr\u00e9sor de la Cath\u00e9drale d'Amiens r\u00e9v\u00e9l\u00e9 sur le web\",\"isPartOf\":{\"@id\":\"https:\\\/\\\/batijournal.com\\\/#website\"},\"primaryImageOfPage\":{\"@id\":\"https:\\\/\\\/batijournal.com\\\/index.php\\\/e-tresor-le-tresor-de-la-cathedrale-damiens-revele-sur-le-web\\\/108938\\\/#primaryimage\"},\"image\":{\"@id\":\"https:\\\/\\\/batijournal.com\\\/index.php\\\/e-tresor-le-tresor-de-la-cathedrale-damiens-revele-sur-le-web\\\/108938\\\/#primaryimage\"},\"thumbnailUrl\":\"https:\\\/\\\/batijournal.com\\\/wp-content\\\/uploads\\\/2023\\\/05\\\/e-tresor-cathedrale-amiens.png\",\"datePublished\":\"2023-05-17T17:12:43+00:00\",\"author\":{\"@id\":\"https:\\\/\\\/batijournal.com\\\/#\\\/schema\\\/person\\\/1dc96ec6957aa1ccb25ebe78bb19f100\"},\"breadcrumb\":{\"@id\":\"https:\\\/\\\/batijournal.com\\\/index.php\\\/e-tresor-le-tresor-de-la-cathedrale-damiens-revele-sur-le-web\\\/108938\\\/#breadcrumb\"},\"inLanguage\":\"fr-FR\",\"potentialAction\":[{\"@type\":\"ReadAction\",\"target\":[\"https:\\\/\\\/batijournal.com\\\/index.php\\\/e-tresor-le-tresor-de-la-cathedrale-damiens-revele-sur-le-web\\\/108938\\\/\"]}]},{\"@type\":\"ImageObject\",\"inLanguage\":\"fr-FR\",\"@id\":\"https:\\\/\\\/batijournal.com\\\/index.php\\\/e-tresor-le-tresor-de-la-cathedrale-damiens-revele-sur-le-web\\\/108938\\\/#primaryimage\",\"url\":\"https:\\\/\\\/batijournal.com\\\/wp-content\\\/uploads\\\/2023\\\/05\\\/e-tresor-cathedrale-amiens.png\",\"contentUrl\":\"https:\\\/\\\/batijournal.com\\\/wp-content\\\/uploads\\\/2023\\\/05\\\/e-tresor-cathedrale-amiens.png\",\"width\":1012,\"height\":648},{\"@type\":\"BreadcrumbList\",\"@id\":\"https:\\\/\\\/batijournal.com\\\/index.php\\\/e-tresor-le-tresor-de-la-cathedrale-damiens-revele-sur-le-web\\\/108938\\\/#breadcrumb\",\"itemListElement\":[{\"@type\":\"ListItem\",\"position\":1,\"name\":\"Accueil\",\"item\":\"https:\\\/\\\/batijournal.com\\\/\"},{\"@type\":\"ListItem\",\"position\":2,\"name\":\"Actualit\u00e9s\",\"item\":\"https:\\\/\\\/batijournal.com\\\/index.php\\\/category\\\/actualites\\\/\"},{\"@type\":\"ListItem\",\"position\":3,\"name\":\"e.Tr\u00e9sor : le tr\u00e9sor de la Cath\u00e9drale d&rsquo;Amiens r\u00e9v\u00e9l\u00e9 sur le web\"}]},{\"@type\":\"WebSite\",\"@id\":\"https:\\\/\\\/batijournal.com\\\/#website\",\"url\":\"https:\\\/\\\/batijournal.com\\\/\",\"name\":\"Batijournal\",\"description\":\"L&#039;actualit\u00e9 du b\u00e2timent\",\"potentialAction\":[{\"@type\":\"SearchAction\",\"target\":{\"@type\":\"EntryPoint\",\"urlTemplate\":\"https:\\\/\\\/batijournal.com\\\/?s={search_term_string}\"},\"query-input\":{\"@type\":\"PropertyValueSpecification\",\"valueRequired\":true,\"valueName\":\"search_term_string\"}}],\"inLanguage\":\"fr-FR\"},{\"@type\":\"Person\",\"@id\":\"https:\\\/\\\/batijournal.com\\\/#\\\/schema\\\/person\\\/1dc96ec6957aa1ccb25ebe78bb19f100\",\"name\":\"St\u00e9phane Miget\",\"image\":{\"@type\":\"ImageObject\",\"inLanguage\":\"fr-FR\",\"@id\":\"https:\\\/\\\/secure.gravatar.com\\\/avatar\\\/89915563d925342126b8ef0281b93d9d7fc337043e8df017f780908eb9644451?s=96&d=mm&r=g\",\"url\":\"https:\\\/\\\/secure.gravatar.com\\\/avatar\\\/89915563d925342126b8ef0281b93d9d7fc337043e8df017f780908eb9644451?s=96&d=mm&r=g\",\"contentUrl\":\"https:\\\/\\\/secure.gravatar.com\\\/avatar\\\/89915563d925342126b8ef0281b93d9d7fc337043e8df017f780908eb9644451?s=96&d=mm&r=g\",\"caption\":\"St\u00e9phane Miget\"},\"url\":\"https:\\\/\\\/batijournal.com\\\/index.php\\\/author\\\/stephane\\\/\"}]}<\/script>\n<!-- \/ Yoast SEO plugin. -->","yoast_head_json":{"title":"e.Tr\u00e9sor : le tr\u00e9sor de la Cath\u00e9drale d'Amiens r\u00e9v\u00e9l\u00e9 sur le web","robots":{"index":"index","follow":"follow","max-snippet":"max-snippet:-1","max-image-preview":"max-image-preview:large","max-video-preview":"max-video-preview:-1"},"canonical":"https:\/\/batijournal.com\/index.php\/e-tresor-le-tresor-de-la-cathedrale-damiens-revele-sur-le-web\/108938\/","og_locale":"fr_FR","og_type":"article","og_title":"e.Tr\u00e9sor : le tr\u00e9sor de la Cath\u00e9drale d'Amiens r\u00e9v\u00e9l\u00e9 sur le web","og_description":"Le site internet patrimonial \u00ab e.Tr\u00e9sor : Du tr\u00e9sor cach\u00e9 au tr\u00e9sor r\u00e9v\u00e9l\u00e9 \u00bb, consacr\u00e9 au tr\u00e9sor de la Cath\u00e9drale Notre-Dame d&rsquo;Amiens a \u00e9t\u00e9 lanc\u00e9 mi-avril. Il permet de d\u00e9couvrir l\u2019int\u00e9gralit\u00e9 d&rsquo;un corpus de 97 objets constituant le Tr\u00e9sor de l\u2019\u00e9difice. Sept pi\u00e8ces parmi les plus embl\u00e9matiques du Tr\u00e9sor, le Chef de Saint Jean-Baptiste, la [&hellip;]","og_url":"https:\/\/batijournal.com\/index.php\/e-tresor-le-tresor-de-la-cathedrale-damiens-revele-sur-le-web\/108938\/","og_site_name":"Batijournal","article_published_time":"2023-05-17T17:12:43+00:00","og_image":[{"width":1012,"height":648,"url":"https:\/\/batijournal.com\/wp-content\/uploads\/2023\/05\/e-tresor-cathedrale-amiens.png","type":"image\/png"}],"author":"St\u00e9phane Miget","twitter_card":"summary_large_image","twitter_creator":"@bati_journal","twitter_site":"@bati_journal","twitter_misc":{"\u00c9crit par":"St\u00e9phane Miget","Dur\u00e9e de lecture estim\u00e9e":"1 minute"},"schema":{"@context":"https:\/\/schema.org","@graph":[{"@type":"Article","@id":"https:\/\/batijournal.com\/index.php\/e-tresor-le-tresor-de-la-cathedrale-damiens-revele-sur-le-web\/108938\/#article","isPartOf":{"@id":"https:\/\/batijournal.com\/index.php\/e-tresor-le-tresor-de-la-cathedrale-damiens-revele-sur-le-web\/108938\/"},"author":{"name":"St\u00e9phane Miget","@id":"https:\/\/batijournal.com\/#\/schema\/person\/1dc96ec6957aa1ccb25ebe78bb19f100"},"headline":"e.Tr\u00e9sor : le tr\u00e9sor de la Cath\u00e9drale d&rsquo;Amiens r\u00e9v\u00e9l\u00e9 sur le web","datePublished":"2023-05-17T17:12:43+00:00","mainEntityOfPage":{"@id":"https:\/\/batijournal.com\/index.php\/e-tresor-le-tresor-de-la-cathedrale-damiens-revele-sur-le-web\/108938\/"},"wordCount":190,"image":{"@id":"https:\/\/batijournal.com\/index.php\/e-tresor-le-tresor-de-la-cathedrale-damiens-revele-sur-le-web\/108938\/#primaryimage"},"thumbnailUrl":"https:\/\/batijournal.com\/wp-content\/uploads\/2023\/05\/e-tresor-cathedrale-amiens.png","keywords":["cathedrale"],"articleSection":["Actualit\u00e9s","Divers","zz_Actualit\u00e9s - Atrium","zz_Atrium Patrimoine"],"inLanguage":"fr-FR"},{"@type":"WebPage","@id":"https:\/\/batijournal.com\/index.php\/e-tresor-le-tresor-de-la-cathedrale-damiens-revele-sur-le-web\/108938\/","url":"https:\/\/batijournal.com\/index.php\/e-tresor-le-tresor-de-la-cathedrale-damiens-revele-sur-le-web\/108938\/","name":"e.Tr\u00e9sor : le tr\u00e9sor de la Cath\u00e9drale d'Amiens r\u00e9v\u00e9l\u00e9 sur le web","isPartOf":{"@id":"https:\/\/batijournal.com\/#website"},"primaryImageOfPage":{"@id":"https:\/\/batijournal.com\/index.php\/e-tresor-le-tresor-de-la-cathedrale-damiens-revele-sur-le-web\/108938\/#primaryimage"},"image":{"@id":"https:\/\/batijournal.com\/index.php\/e-tresor-le-tresor-de-la-cathedrale-damiens-revele-sur-le-web\/108938\/#primaryimage"},"thumbnailUrl":"https:\/\/batijournal.com\/wp-content\/uploads\/2023\/05\/e-tresor-cathedrale-amiens.png","datePublished":"2023-05-17T17:12:43+00:00","author":{"@id":"https:\/\/batijournal.com\/#\/schema\/person\/1dc96ec6957aa1ccb25ebe78bb19f100"},"breadcrumb":{"@id":"https:\/\/batijournal.com\/index.php\/e-tresor-le-tresor-de-la-cathedrale-damiens-revele-sur-le-web\/108938\/#breadcrumb"},"inLanguage":"fr-FR","potentialAction":[{"@type":"ReadAction","target":["https:\/\/batijournal.com\/index.php\/e-tresor-le-tresor-de-la-cathedrale-damiens-revele-sur-le-web\/108938\/"]}]},{"@type":"ImageObject","inLanguage":"fr-FR","@id":"https:\/\/batijournal.com\/index.php\/e-tresor-le-tresor-de-la-cathedrale-damiens-revele-sur-le-web\/108938\/#primaryimage","url":"https:\/\/batijournal.com\/wp-content\/uploads\/2023\/05\/e-tresor-cathedrale-amiens.png","contentUrl":"https:\/\/batijournal.com\/wp-content\/uploads\/2023\/05\/e-tresor-cathedrale-amiens.png","width":1012,"height":648},{"@type":"BreadcrumbList","@id":"https:\/\/batijournal.com\/index.php\/e-tresor-le-tresor-de-la-cathedrale-damiens-revele-sur-le-web\/108938\/#breadcrumb","itemListElement":[{"@type":"ListItem","position":1,"name":"Accueil","item":"https:\/\/batijournal.com\/"},{"@type":"ListItem","position":2,"name":"Actualit\u00e9s","item":"https:\/\/batijournal.com\/index.php\/category\/actualites\/"},{"@type":"ListItem","position":3,"name":"e.Tr\u00e9sor : le tr\u00e9sor de la Cath\u00e9drale d&rsquo;Amiens r\u00e9v\u00e9l\u00e9 sur le web"}]},{"@type":"WebSite","@id":"https:\/\/batijournal.com\/#website","url":"https:\/\/batijournal.com\/","name":"Batijournal","description":"L&#039;actualit\u00e9 du b\u00e2timent","potentialAction":[{"@type":"SearchAction","target":{"@type":"EntryPoint","urlTemplate":"https:\/\/batijournal.com\/?s={search_term_string}"},"query-input":{"@type":"PropertyValueSpecification","valueRequired":true,"valueName":"search_term_string"}}],"inLanguage":"fr-FR"},{"@type":"Person","@id":"https:\/\/batijournal.com\/#\/schema\/person\/1dc96ec6957aa1ccb25ebe78bb19f100","name":"St\u00e9phane Miget","image":{"@type":"ImageObject","inLanguage":"fr-FR","@id":"https:\/\/secure.gravatar.com\/avatar\/89915563d925342126b8ef0281b93d9d7fc337043e8df017f780908eb9644451?s=96&d=mm&r=g","url":"https:\/\/secure.gravatar.com\/avatar\/89915563d925342126b8ef0281b93d9d7fc337043e8df017f780908eb9644451?s=96&d=mm&r=g","contentUrl":"https:\/\/secure.gravatar.com\/avatar\/89915563d925342126b8ef0281b93d9d7fc337043e8df017f780908eb9644451?s=96&d=mm&r=g","caption":"St\u00e9phane Miget"},"url":"https:\/\/batijournal.com\/index.php\/author\/stephane\/"}]}},"_links":{"self":[{"href":"https:\/\/batijournal.com\/index.php\/wp-json\/wp\/v2\/posts\/108938","targetHints":{"allow":["GET"]}}],"collection":[{"href":"https:\/\/batijournal.com\/index.php\/wp-json\/wp\/v2\/posts"}],"about":[{"href":"https:\/\/batijournal.com\/index.php\/wp-json\/wp\/v2\/types\/post"}],"author":[{"embeddable":true,"href":"https:\/\/batijournal.com\/index.php\/wp-json\/wp\/v2\/users\/17"}],"replies":[{"embeddable":true,"href":"https:\/\/batijournal.com\/index.php\/wp-json\/wp\/v2\/comments?post=108938"}],"version-history":[{"count":0,"href":"https:\/\/batijournal.com\/index.php\/wp-json\/wp\/v2\/posts\/108938\/revisions"}],"wp:featuredmedia":[{"embeddable":true,"href":"https:\/\/batijournal.com\/index.php\/wp-json\/wp\/v2\/media\/108939"}],"wp:attachment":[{"href":"https:\/\/batijournal.com\/index.php\/wp-json\/wp\/v2\/media?parent=108938"}],"wp:term":[{"taxonomy":"category","embeddable":true,"href":"https:\/\/batijournal.com\/index.php\/wp-json\/wp\/v2\/categories?post=108938"},{"taxonomy":"post_tag","embeddable":true,"href":"https:\/\/batijournal.com\/index.php\/wp-json\/wp\/v2\/tags?post=108938"}],"curies":[{"name":"wp","href":"https:\/\/api.w.org\/{rel}","templated":true}]}}