{"id":108948,"date":"2023-05-22T12:47:55","date_gmt":"2023-05-22T10:47:55","guid":{"rendered":"https:\/\/batijournal.com\/?p=108948"},"modified":"2023-05-22T21:49:07","modified_gmt":"2023-05-22T19:49:07","slug":"la-sentinelle-lintrigant-projet-concu-par-odile-decq","status":"publish","type":"post","link":"https:\/\/batijournal.com\/index.php\/la-sentinelle-lintrigant-projet-concu-par-odile-decq\/108948\/","title":{"rendered":"La Sentinelle, l&rsquo;intrigant Projet con\u00e7u par Odile Decq"},"content":{"rendered":"<p>Odile Decq est la laur\u00e9ate du projet &lsquo;Folie Architecturale&rsquo; pour l&rsquo;\u00eelot Verni\u00e8re \u00e0 Montellier. La Sentinelle sera un espace public anim\u00e9 qui comprendra un restaurant, une galerie d&rsquo;art, un atelier, des espaces de coworking et un rooftop ext\u00e9rieur en plein centre de ville. La Sentinelle sera situ\u00e9e \u00e0 un point de convergence majeur de la m\u00e9tropole m\u00e9diterran\u00e9enne, apportant une touche ultramoderne \u00e0 la ville. Le rez-de-chauss\u00e9e sera ouvert sur la rue du Faubourg de N\u00eemes, invitant les promeneurs, les gourmands, les commer\u00e7ants, les professionnels et les curieux, les gourmands, les chalands, les professionnels et les curieux. La fa\u00e7ade intrigante active l&rsquo;esprit du lieu par une ambiance de mati\u00e8res et de couleurs, comme les fen\u00eatres en forme de bulles. L&rsquo;escalier ext\u00e9rieur rouge conduit les visiteurs au toit moderne et ext\u00e9rieur. Le design d&rsquo;une vague en c\u00e9ramique provenant d&rsquo;un bassin trilob\u00e9 entour\u00e9 d&rsquo;un banc vous invite \u00e0 vous asseoir et \u00e0 profiter de la vue spectaculaire. La Sentinelle offre \u00e0 la soci\u00e9t\u00e9 un berceau attrayant, agr\u00e9able, innovant et effervescent, o\u00f9 toutes les fonctions de la vie quotidienne se m\u00e9langent en harmonie pour partager, s&rsquo;\u00e9panouir, collaborer, exp\u00e9rimenter et susciter des \u00e9motions.<\/p>\n<p><a href=\"http:\/\/www.odiledecq.com\">www.odiledecq.com<\/a><\/p>\n<p>&nbsp;<\/p>\n","protected":false},"excerpt":{"rendered":"<p>Odile Decq est la laur\u00e9ate du projet &lsquo;Folie Architecturale&rsquo; pour l&rsquo;\u00eelot Verni\u00e8re \u00e0 Montellier. La Sentinelle sera un espace public anim\u00e9 qui comprendra un restaurant, une galerie d&rsquo;art, un atelier, des espaces de coworking et un rooftop ext\u00e9rieur en plein centre de ville. La Sentinelle sera situ\u00e9e \u00e0 un point de convergence majeur de la [&hellip;]<\/p>\n","protected":false},"author":17,"featured_media":108949,"comment_status":"closed","ping_status":"closed","sticky":false,"template":"","format":"standard","meta":{"_et_pb_use_builder":"","_et_pb_old_content":"","_et_gb_content_width":"","footnotes":""},"categories":[10530,6340],"tags":[12901],"class_list":["post-108948","post","type-post","status-publish","format-standard","has-post-thumbnail","hentry","category-actualites","category-architecture-conception","tag-architecture"],"yoast_head":"<!-- This site is optimized with the Yoast SEO plugin v27.4 - https:\/\/yoast.com\/product\/yoast-seo-wordpress\/ -->\n<title>La Sentinelle, l&#039;intrigant Projet con\u00e7u par Odile Decq<\/title>\n<meta name=\"robots\" content=\"index, follow, max-snippet:-1, max-image-preview:large, max-video-preview:-1\" \/>\n<link rel=\"canonical\" href=\"https:\/\/batijournal.com\/index.php\/la-sentinelle-lintrigant-projet-concu-par-odile-decq\/108948\/\" \/>\n<meta property=\"og:locale\" content=\"fr_FR\" \/>\n<meta property=\"og:type\" content=\"article\" \/>\n<meta property=\"og:title\" content=\"La Sentinelle, l&#039;intrigant Projet con\u00e7u par Odile Decq\" \/>\n<meta property=\"og:description\" content=\"Odile Decq est la laur\u00e9ate du projet &lsquo;Folie Architecturale&rsquo; pour l&rsquo;\u00eelot Verni\u00e8re \u00e0 Montellier. La Sentinelle sera un espace public anim\u00e9 qui comprendra un restaurant, une galerie d&rsquo;art, un atelier, des espaces de coworking et un rooftop ext\u00e9rieur en plein centre de ville. La Sentinelle sera situ\u00e9e \u00e0 un point de convergence majeur de la [&hellip;]\" \/>\n<meta property=\"og:url\" content=\"https:\/\/batijournal.com\/index.php\/la-sentinelle-lintrigant-projet-concu-par-odile-decq\/108948\/\" \/>\n<meta property=\"og:site_name\" content=\"Batijournal\" \/>\n<meta property=\"article:published_time\" content=\"2023-05-22T10:47:55+00:00\" \/>\n<meta property=\"article:modified_time\" content=\"2023-05-22T19:49:07+00:00\" \/>\n<meta property=\"og:image\" content=\"https:\/\/batijournal.com\/wp-content\/uploads\/2023\/05\/la-sentinelle-montpellier.jpg\" \/>\n\t<meta property=\"og:image:width\" content=\"1000\" \/>\n\t<meta property=\"og:image:height\" content=\"732\" \/>\n\t<meta property=\"og:image:type\" content=\"image\/jpeg\" \/>\n<meta name=\"author\" content=\"St\u00e9phane Miget\" \/>\n<meta name=\"twitter:card\" content=\"summary_large_image\" \/>\n<meta name=\"twitter:creator\" content=\"@bati_journal\" \/>\n<meta name=\"twitter:site\" content=\"@bati_journal\" \/>\n<meta name=\"twitter:label1\" content=\"\u00c9crit par\" \/>\n\t<meta name=\"twitter:data1\" content=\"St\u00e9phane Miget\" \/>\n\t<meta name=\"twitter:label2\" content=\"Dur\u00e9e de lecture estim\u00e9e\" \/>\n\t<meta name=\"twitter:data2\" content=\"1 minute\" \/>\n<script type=\"application\/ld+json\" class=\"yoast-schema-graph\">{\"@context\":\"https:\\\/\\\/schema.org\",\"@graph\":[{\"@type\":\"Article\",\"@id\":\"https:\\\/\\\/batijournal.com\\\/index.php\\\/la-sentinelle-lintrigant-projet-concu-par-odile-decq\\\/108948\\\/#article\",\"isPartOf\":{\"@id\":\"https:\\\/\\\/batijournal.com\\\/index.php\\\/la-sentinelle-lintrigant-projet-concu-par-odile-decq\\\/108948\\\/\"},\"author\":{\"name\":\"St\u00e9phane Miget\",\"@id\":\"https:\\\/\\\/batijournal.com\\\/#\\\/schema\\\/person\\\/1dc96ec6957aa1ccb25ebe78bb19f100\"},\"headline\":\"La Sentinelle, l&rsquo;intrigant Projet con\u00e7u par Odile Decq\",\"datePublished\":\"2023-05-22T10:47:55+00:00\",\"dateModified\":\"2023-05-22T19:49:07+00:00\",\"mainEntityOfPage\":{\"@id\":\"https:\\\/\\\/batijournal.com\\\/index.php\\\/la-sentinelle-lintrigant-projet-concu-par-odile-decq\\\/108948\\\/\"},\"wordCount\":224,\"image\":{\"@id\":\"https:\\\/\\\/batijournal.com\\\/index.php\\\/la-sentinelle-lintrigant-projet-concu-par-odile-decq\\\/108948\\\/#primaryimage\"},\"thumbnailUrl\":\"https:\\\/\\\/batijournal.com\\\/wp-content\\\/uploads\\\/2023\\\/05\\\/la-sentinelle-montpellier.jpg\",\"keywords\":[\"architecture\"],\"articleSection\":[\"Actualit\u00e9s\",\"Architecture &amp; Conception\"],\"inLanguage\":\"fr-FR\"},{\"@type\":\"WebPage\",\"@id\":\"https:\\\/\\\/batijournal.com\\\/index.php\\\/la-sentinelle-lintrigant-projet-concu-par-odile-decq\\\/108948\\\/\",\"url\":\"https:\\\/\\\/batijournal.com\\\/index.php\\\/la-sentinelle-lintrigant-projet-concu-par-odile-decq\\\/108948\\\/\",\"name\":\"La Sentinelle, l'intrigant Projet con\u00e7u par Odile Decq\",\"isPartOf\":{\"@id\":\"https:\\\/\\\/batijournal.com\\\/#website\"},\"primaryImageOfPage\":{\"@id\":\"https:\\\/\\\/batijournal.com\\\/index.php\\\/la-sentinelle-lintrigant-projet-concu-par-odile-decq\\\/108948\\\/#primaryimage\"},\"image\":{\"@id\":\"https:\\\/\\\/batijournal.com\\\/index.php\\\/la-sentinelle-lintrigant-projet-concu-par-odile-decq\\\/108948\\\/#primaryimage\"},\"thumbnailUrl\":\"https:\\\/\\\/batijournal.com\\\/wp-content\\\/uploads\\\/2023\\\/05\\\/la-sentinelle-montpellier.jpg\",\"datePublished\":\"2023-05-22T10:47:55+00:00\",\"dateModified\":\"2023-05-22T19:49:07+00:00\",\"author\":{\"@id\":\"https:\\\/\\\/batijournal.com\\\/#\\\/schema\\\/person\\\/1dc96ec6957aa1ccb25ebe78bb19f100\"},\"breadcrumb\":{\"@id\":\"https:\\\/\\\/batijournal.com\\\/index.php\\\/la-sentinelle-lintrigant-projet-concu-par-odile-decq\\\/108948\\\/#breadcrumb\"},\"inLanguage\":\"fr-FR\",\"potentialAction\":[{\"@type\":\"ReadAction\",\"target\":[\"https:\\\/\\\/batijournal.com\\\/index.php\\\/la-sentinelle-lintrigant-projet-concu-par-odile-decq\\\/108948\\\/\"]}]},{\"@type\":\"ImageObject\",\"inLanguage\":\"fr-FR\",\"@id\":\"https:\\\/\\\/batijournal.com\\\/index.php\\\/la-sentinelle-lintrigant-projet-concu-par-odile-decq\\\/108948\\\/#primaryimage\",\"url\":\"https:\\\/\\\/batijournal.com\\\/wp-content\\\/uploads\\\/2023\\\/05\\\/la-sentinelle-montpellier.jpg\",\"contentUrl\":\"https:\\\/\\\/batijournal.com\\\/wp-content\\\/uploads\\\/2023\\\/05\\\/la-sentinelle-montpellier.jpg\",\"width\":1000,\"height\":732},{\"@type\":\"BreadcrumbList\",\"@id\":\"https:\\\/\\\/batijournal.com\\\/index.php\\\/la-sentinelle-lintrigant-projet-concu-par-odile-decq\\\/108948\\\/#breadcrumb\",\"itemListElement\":[{\"@type\":\"ListItem\",\"position\":1,\"name\":\"Accueil\",\"item\":\"https:\\\/\\\/batijournal.com\\\/\"},{\"@type\":\"ListItem\",\"position\":2,\"name\":\"Actualit\u00e9s\",\"item\":\"https:\\\/\\\/batijournal.com\\\/index.php\\\/category\\\/actualites\\\/\"},{\"@type\":\"ListItem\",\"position\":3,\"name\":\"La Sentinelle, l&rsquo;intrigant Projet con\u00e7u par Odile Decq\"}]},{\"@type\":\"WebSite\",\"@id\":\"https:\\\/\\\/batijournal.com\\\/#website\",\"url\":\"https:\\\/\\\/batijournal.com\\\/\",\"name\":\"Batijournal\",\"description\":\"L&#039;actualit\u00e9 du b\u00e2timent\",\"potentialAction\":[{\"@type\":\"SearchAction\",\"target\":{\"@type\":\"EntryPoint\",\"urlTemplate\":\"https:\\\/\\\/batijournal.com\\\/?s={search_term_string}\"},\"query-input\":{\"@type\":\"PropertyValueSpecification\",\"valueRequired\":true,\"valueName\":\"search_term_string\"}}],\"inLanguage\":\"fr-FR\"},{\"@type\":\"Person\",\"@id\":\"https:\\\/\\\/batijournal.com\\\/#\\\/schema\\\/person\\\/1dc96ec6957aa1ccb25ebe78bb19f100\",\"name\":\"St\u00e9phane Miget\",\"image\":{\"@type\":\"ImageObject\",\"inLanguage\":\"fr-FR\",\"@id\":\"https:\\\/\\\/secure.gravatar.com\\\/avatar\\\/89915563d925342126b8ef0281b93d9d7fc337043e8df017f780908eb9644451?s=96&d=mm&r=g\",\"url\":\"https:\\\/\\\/secure.gravatar.com\\\/avatar\\\/89915563d925342126b8ef0281b93d9d7fc337043e8df017f780908eb9644451?s=96&d=mm&r=g\",\"contentUrl\":\"https:\\\/\\\/secure.gravatar.com\\\/avatar\\\/89915563d925342126b8ef0281b93d9d7fc337043e8df017f780908eb9644451?s=96&d=mm&r=g\",\"caption\":\"St\u00e9phane Miget\"},\"url\":\"https:\\\/\\\/batijournal.com\\\/index.php\\\/author\\\/stephane\\\/\"}]}<\/script>\n<!-- \/ Yoast SEO plugin. -->","yoast_head_json":{"title":"La Sentinelle, l'intrigant Projet con\u00e7u par Odile Decq","robots":{"index":"index","follow":"follow","max-snippet":"max-snippet:-1","max-image-preview":"max-image-preview:large","max-video-preview":"max-video-preview:-1"},"canonical":"https:\/\/batijournal.com\/index.php\/la-sentinelle-lintrigant-projet-concu-par-odile-decq\/108948\/","og_locale":"fr_FR","og_type":"article","og_title":"La Sentinelle, l'intrigant Projet con\u00e7u par Odile Decq","og_description":"Odile Decq est la laur\u00e9ate du projet &lsquo;Folie Architecturale&rsquo; pour l&rsquo;\u00eelot Verni\u00e8re \u00e0 Montellier. La Sentinelle sera un espace public anim\u00e9 qui comprendra un restaurant, une galerie d&rsquo;art, un atelier, des espaces de coworking et un rooftop ext\u00e9rieur en plein centre de ville. La Sentinelle sera situ\u00e9e \u00e0 un point de convergence majeur de la [&hellip;]","og_url":"https:\/\/batijournal.com\/index.php\/la-sentinelle-lintrigant-projet-concu-par-odile-decq\/108948\/","og_site_name":"Batijournal","article_published_time":"2023-05-22T10:47:55+00:00","article_modified_time":"2023-05-22T19:49:07+00:00","og_image":[{"width":1000,"height":732,"url":"https:\/\/batijournal.com\/wp-content\/uploads\/2023\/05\/la-sentinelle-montpellier.jpg","type":"image\/jpeg"}],"author":"St\u00e9phane Miget","twitter_card":"summary_large_image","twitter_creator":"@bati_journal","twitter_site":"@bati_journal","twitter_misc":{"\u00c9crit par":"St\u00e9phane Miget","Dur\u00e9e de lecture estim\u00e9e":"1 minute"},"schema":{"@context":"https:\/\/schema.org","@graph":[{"@type":"Article","@id":"https:\/\/batijournal.com\/index.php\/la-sentinelle-lintrigant-projet-concu-par-odile-decq\/108948\/#article","isPartOf":{"@id":"https:\/\/batijournal.com\/index.php\/la-sentinelle-lintrigant-projet-concu-par-odile-decq\/108948\/"},"author":{"name":"St\u00e9phane Miget","@id":"https:\/\/batijournal.com\/#\/schema\/person\/1dc96ec6957aa1ccb25ebe78bb19f100"},"headline":"La Sentinelle, l&rsquo;intrigant Projet con\u00e7u par Odile Decq","datePublished":"2023-05-22T10:47:55+00:00","dateModified":"2023-05-22T19:49:07+00:00","mainEntityOfPage":{"@id":"https:\/\/batijournal.com\/index.php\/la-sentinelle-lintrigant-projet-concu-par-odile-decq\/108948\/"},"wordCount":224,"image":{"@id":"https:\/\/batijournal.com\/index.php\/la-sentinelle-lintrigant-projet-concu-par-odile-decq\/108948\/#primaryimage"},"thumbnailUrl":"https:\/\/batijournal.com\/wp-content\/uploads\/2023\/05\/la-sentinelle-montpellier.jpg","keywords":["architecture"],"articleSection":["Actualit\u00e9s","Architecture &amp; Conception"],"inLanguage":"fr-FR"},{"@type":"WebPage","@id":"https:\/\/batijournal.com\/index.php\/la-sentinelle-lintrigant-projet-concu-par-odile-decq\/108948\/","url":"https:\/\/batijournal.com\/index.php\/la-sentinelle-lintrigant-projet-concu-par-odile-decq\/108948\/","name":"La Sentinelle, l'intrigant Projet con\u00e7u par Odile Decq","isPartOf":{"@id":"https:\/\/batijournal.com\/#website"},"primaryImageOfPage":{"@id":"https:\/\/batijournal.com\/index.php\/la-sentinelle-lintrigant-projet-concu-par-odile-decq\/108948\/#primaryimage"},"image":{"@id":"https:\/\/batijournal.com\/index.php\/la-sentinelle-lintrigant-projet-concu-par-odile-decq\/108948\/#primaryimage"},"thumbnailUrl":"https:\/\/batijournal.com\/wp-content\/uploads\/2023\/05\/la-sentinelle-montpellier.jpg","datePublished":"2023-05-22T10:47:55+00:00","dateModified":"2023-05-22T19:49:07+00:00","author":{"@id":"https:\/\/batijournal.com\/#\/schema\/person\/1dc96ec6957aa1ccb25ebe78bb19f100"},"breadcrumb":{"@id":"https:\/\/batijournal.com\/index.php\/la-sentinelle-lintrigant-projet-concu-par-odile-decq\/108948\/#breadcrumb"},"inLanguage":"fr-FR","potentialAction":[{"@type":"ReadAction","target":["https:\/\/batijournal.com\/index.php\/la-sentinelle-lintrigant-projet-concu-par-odile-decq\/108948\/"]}]},{"@type":"ImageObject","inLanguage":"fr-FR","@id":"https:\/\/batijournal.com\/index.php\/la-sentinelle-lintrigant-projet-concu-par-odile-decq\/108948\/#primaryimage","url":"https:\/\/batijournal.com\/wp-content\/uploads\/2023\/05\/la-sentinelle-montpellier.jpg","contentUrl":"https:\/\/batijournal.com\/wp-content\/uploads\/2023\/05\/la-sentinelle-montpellier.jpg","width":1000,"height":732},{"@type":"BreadcrumbList","@id":"https:\/\/batijournal.com\/index.php\/la-sentinelle-lintrigant-projet-concu-par-odile-decq\/108948\/#breadcrumb","itemListElement":[{"@type":"ListItem","position":1,"name":"Accueil","item":"https:\/\/batijournal.com\/"},{"@type":"ListItem","position":2,"name":"Actualit\u00e9s","item":"https:\/\/batijournal.com\/index.php\/category\/actualites\/"},{"@type":"ListItem","position":3,"name":"La Sentinelle, l&rsquo;intrigant Projet con\u00e7u par Odile Decq"}]},{"@type":"WebSite","@id":"https:\/\/batijournal.com\/#website","url":"https:\/\/batijournal.com\/","name":"Batijournal","description":"L&#039;actualit\u00e9 du b\u00e2timent","potentialAction":[{"@type":"SearchAction","target":{"@type":"EntryPoint","urlTemplate":"https:\/\/batijournal.com\/?s={search_term_string}"},"query-input":{"@type":"PropertyValueSpecification","valueRequired":true,"valueName":"search_term_string"}}],"inLanguage":"fr-FR"},{"@type":"Person","@id":"https:\/\/batijournal.com\/#\/schema\/person\/1dc96ec6957aa1ccb25ebe78bb19f100","name":"St\u00e9phane Miget","image":{"@type":"ImageObject","inLanguage":"fr-FR","@id":"https:\/\/secure.gravatar.com\/avatar\/89915563d925342126b8ef0281b93d9d7fc337043e8df017f780908eb9644451?s=96&d=mm&r=g","url":"https:\/\/secure.gravatar.com\/avatar\/89915563d925342126b8ef0281b93d9d7fc337043e8df017f780908eb9644451?s=96&d=mm&r=g","contentUrl":"https:\/\/secure.gravatar.com\/avatar\/89915563d925342126b8ef0281b93d9d7fc337043e8df017f780908eb9644451?s=96&d=mm&r=g","caption":"St\u00e9phane Miget"},"url":"https:\/\/batijournal.com\/index.php\/author\/stephane\/"}]}},"_links":{"self":[{"href":"https:\/\/batijournal.com\/index.php\/wp-json\/wp\/v2\/posts\/108948","targetHints":{"allow":["GET"]}}],"collection":[{"href":"https:\/\/batijournal.com\/index.php\/wp-json\/wp\/v2\/posts"}],"about":[{"href":"https:\/\/batijournal.com\/index.php\/wp-json\/wp\/v2\/types\/post"}],"author":[{"embeddable":true,"href":"https:\/\/batijournal.com\/index.php\/wp-json\/wp\/v2\/users\/17"}],"replies":[{"embeddable":true,"href":"https:\/\/batijournal.com\/index.php\/wp-json\/wp\/v2\/comments?post=108948"}],"version-history":[{"count":0,"href":"https:\/\/batijournal.com\/index.php\/wp-json\/wp\/v2\/posts\/108948\/revisions"}],"wp:featuredmedia":[{"embeddable":true,"href":"https:\/\/batijournal.com\/index.php\/wp-json\/wp\/v2\/media\/108949"}],"wp:attachment":[{"href":"https:\/\/batijournal.com\/index.php\/wp-json\/wp\/v2\/media?parent=108948"}],"wp:term":[{"taxonomy":"category","embeddable":true,"href":"https:\/\/batijournal.com\/index.php\/wp-json\/wp\/v2\/categories?post=108948"},{"taxonomy":"post_tag","embeddable":true,"href":"https:\/\/batijournal.com\/index.php\/wp-json\/wp\/v2\/tags?post=108948"}],"curies":[{"name":"wp","href":"https:\/\/api.w.org\/{rel}","templated":true}]}}