{"id":108953,"date":"2023-05-25T08:55:41","date_gmt":"2023-05-25T06:55:41","guid":{"rendered":"https:\/\/batijournal.com\/?p=108953"},"modified":"2023-05-25T08:55:41","modified_gmt":"2023-05-25T06:55:41","slug":"jardin-dhiver-dans-une-maison-bois","status":"publish","type":"post","link":"https:\/\/batijournal.com\/index.php\/jardin-dhiver-dans-une-maison-bois\/108953\/","title":{"rendered":"Jardin d\u2019hiver dans une maison bois"},"content":{"rendered":"<p>LCA construction bois a livr\u00e9 une maison en bois sur la commune de Saint-Gilles-Croix-de-Vie avec un jardin d\u2019hiver de 19m\u00b2 attenant \u00e0 l\u2019habitation. Apr\u00e8s 180 heures pass\u00e9es en bureau d\u2019\u00e9tude, c\u2019est le savoir-faire du service Travaux de Proximit\u00e9 qui a permis de conduire les travaux LCA sur 2 mois. Leur champ d\u2019intervention s\u2019est port\u00e9 sur l\u2019ossature, la charpente, le bardage en bois douglas et sur les menuiseries ext\u00e9rieures. <em>\u00ab L\u2019objectif pos\u00e9 par les habitants est de maximiser les potentiels offerts par le r\u00e8glement d\u2019urbanisme. De forme simple, sur deux niveaux, implant\u00e9e au milieu de la parcelle pour m\u00e9nager un jardin et la mettre \u00e0 distance du voisinage, la maison de 136m\u00b2 abrite \u00e9galement un jardin d\u2019hiver sur deux niveaux, qui agrandit l\u2019espace de vie et joue un r\u00f4le bioclimatique \u00bb<\/em> t\u00e9moigne Sylvain GASTE, architecte-g\u00e9rant de l\u2019agence Alter Smith.<\/p>\n<p>Maitrise d\u2019\u0153uvre : Alter Smith<\/p>\n<p>Photo : Agence B Side<\/p>\n","protected":false},"excerpt":{"rendered":"<p>LCA construction bois a livr\u00e9 une maison en bois sur la commune de Saint-Gilles-Croix-de-Vie avec un jardin d\u2019hiver de 19m\u00b2 attenant \u00e0 l\u2019habitation. Apr\u00e8s 180 heures pass\u00e9es en bureau d\u2019\u00e9tude, c\u2019est le savoir-faire du service Travaux de Proximit\u00e9 qui a permis de conduire les travaux LCA sur 2 mois. Leur champ d\u2019intervention s\u2019est port\u00e9 sur [&hellip;]<\/p>\n","protected":false},"author":17,"featured_media":108954,"comment_status":"closed","ping_status":"closed","sticky":false,"template":"","format":"standard","meta":{"_et_pb_use_builder":"","_et_pb_old_content":"","_et_gb_content_width":"","footnotes":""},"categories":[10530,6340,10781,10769,10778,10764],"tags":[387],"class_list":["post-108953","post","type-post","status-publish","format-standard","has-post-thumbnail","hentry","category-actualites","category-architecture-conception","category-publications-planete","category-publications","category-planete","category-woodsurfer","tag-maison-bois"],"yoast_head":"<!-- This site is optimized with the Yoast SEO plugin v27.4 - https:\/\/yoast.com\/product\/yoast-seo-wordpress\/ -->\n<title>Jardin d\u2019hiver dans une maison bois<\/title>\n<meta name=\"robots\" content=\"index, follow, max-snippet:-1, max-image-preview:large, max-video-preview:-1\" \/>\n<link rel=\"canonical\" href=\"https:\/\/batijournal.com\/index.php\/jardin-dhiver-dans-une-maison-bois\/108953\/\" \/>\n<meta property=\"og:locale\" content=\"fr_FR\" \/>\n<meta property=\"og:type\" content=\"article\" \/>\n<meta property=\"og:title\" content=\"Jardin d\u2019hiver dans une maison bois\" \/>\n<meta property=\"og:description\" content=\"LCA construction bois a livr\u00e9 une maison en bois sur la commune de Saint-Gilles-Croix-de-Vie avec un jardin d\u2019hiver de 19m\u00b2 attenant \u00e0 l\u2019habitation. Apr\u00e8s 180 heures pass\u00e9es en bureau d\u2019\u00e9tude, c\u2019est le savoir-faire du service Travaux de Proximit\u00e9 qui a permis de conduire les travaux LCA sur 2 mois. Leur champ d\u2019intervention s\u2019est port\u00e9 sur [&hellip;]\" \/>\n<meta property=\"og:url\" content=\"https:\/\/batijournal.com\/index.php\/jardin-dhiver-dans-une-maison-bois\/108953\/\" \/>\n<meta property=\"og:site_name\" content=\"Batijournal\" \/>\n<meta property=\"article:published_time\" content=\"2023-05-25T06:55:41+00:00\" \/>\n<meta property=\"og:image\" content=\"https:\/\/batijournal.com\/wp-content\/uploads\/2023\/05\/maison-bois-LCA-jardin-d-hiver-atypique.jpg\" \/>\n\t<meta property=\"og:image:width\" content=\"1024\" \/>\n\t<meta property=\"og:image:height\" content=\"768\" \/>\n\t<meta property=\"og:image:type\" content=\"image\/jpeg\" \/>\n<meta name=\"author\" content=\"St\u00e9phane Miget\" \/>\n<meta name=\"twitter:card\" content=\"summary_large_image\" \/>\n<meta name=\"twitter:creator\" content=\"@bati_journal\" \/>\n<meta name=\"twitter:site\" content=\"@bati_journal\" \/>\n<meta name=\"twitter:label1\" content=\"\u00c9crit par\" \/>\n\t<meta name=\"twitter:data1\" content=\"St\u00e9phane Miget\" \/>\n\t<meta name=\"twitter:label2\" content=\"Dur\u00e9e de lecture estim\u00e9e\" \/>\n\t<meta name=\"twitter:data2\" content=\"1 minute\" \/>\n<script type=\"application\/ld+json\" class=\"yoast-schema-graph\">{\"@context\":\"https:\\\/\\\/schema.org\",\"@graph\":[{\"@type\":\"Article\",\"@id\":\"https:\\\/\\\/batijournal.com\\\/index.php\\\/jardin-dhiver-dans-une-maison-bois\\\/108953\\\/#article\",\"isPartOf\":{\"@id\":\"https:\\\/\\\/batijournal.com\\\/index.php\\\/jardin-dhiver-dans-une-maison-bois\\\/108953\\\/\"},\"author\":{\"name\":\"St\u00e9phane Miget\",\"@id\":\"https:\\\/\\\/batijournal.com\\\/#\\\/schema\\\/person\\\/1dc96ec6957aa1ccb25ebe78bb19f100\"},\"headline\":\"Jardin d\u2019hiver dans une maison bois\",\"datePublished\":\"2023-05-25T06:55:41+00:00\",\"mainEntityOfPage\":{\"@id\":\"https:\\\/\\\/batijournal.com\\\/index.php\\\/jardin-dhiver-dans-une-maison-bois\\\/108953\\\/\"},\"wordCount\":169,\"image\":{\"@id\":\"https:\\\/\\\/batijournal.com\\\/index.php\\\/jardin-dhiver-dans-une-maison-bois\\\/108953\\\/#primaryimage\"},\"thumbnailUrl\":\"https:\\\/\\\/batijournal.com\\\/wp-content\\\/uploads\\\/2023\\\/05\\\/maison-bois-LCA-jardin-d-hiver-atypique.jpg\",\"keywords\":[\"maison bois\"],\"articleSection\":[\"Actualit\u00e9s\",\"Architecture &amp; Conception\",\"zz_Actualit\u00e9s - Plan\u00e8te\",\"zz_Actualit\u00e9s - Woodsurfer\",\"zz_Plan\u00e8te B\u00e2timent\",\"zz_Woodsurfer\"],\"inLanguage\":\"fr-FR\"},{\"@type\":\"WebPage\",\"@id\":\"https:\\\/\\\/batijournal.com\\\/index.php\\\/jardin-dhiver-dans-une-maison-bois\\\/108953\\\/\",\"url\":\"https:\\\/\\\/batijournal.com\\\/index.php\\\/jardin-dhiver-dans-une-maison-bois\\\/108953\\\/\",\"name\":\"Jardin d\u2019hiver dans une maison bois\",\"isPartOf\":{\"@id\":\"https:\\\/\\\/batijournal.com\\\/#website\"},\"primaryImageOfPage\":{\"@id\":\"https:\\\/\\\/batijournal.com\\\/index.php\\\/jardin-dhiver-dans-une-maison-bois\\\/108953\\\/#primaryimage\"},\"image\":{\"@id\":\"https:\\\/\\\/batijournal.com\\\/index.php\\\/jardin-dhiver-dans-une-maison-bois\\\/108953\\\/#primaryimage\"},\"thumbnailUrl\":\"https:\\\/\\\/batijournal.com\\\/wp-content\\\/uploads\\\/2023\\\/05\\\/maison-bois-LCA-jardin-d-hiver-atypique.jpg\",\"datePublished\":\"2023-05-25T06:55:41+00:00\",\"author\":{\"@id\":\"https:\\\/\\\/batijournal.com\\\/#\\\/schema\\\/person\\\/1dc96ec6957aa1ccb25ebe78bb19f100\"},\"breadcrumb\":{\"@id\":\"https:\\\/\\\/batijournal.com\\\/index.php\\\/jardin-dhiver-dans-une-maison-bois\\\/108953\\\/#breadcrumb\"},\"inLanguage\":\"fr-FR\",\"potentialAction\":[{\"@type\":\"ReadAction\",\"target\":[\"https:\\\/\\\/batijournal.com\\\/index.php\\\/jardin-dhiver-dans-une-maison-bois\\\/108953\\\/\"]}]},{\"@type\":\"ImageObject\",\"inLanguage\":\"fr-FR\",\"@id\":\"https:\\\/\\\/batijournal.com\\\/index.php\\\/jardin-dhiver-dans-une-maison-bois\\\/108953\\\/#primaryimage\",\"url\":\"https:\\\/\\\/batijournal.com\\\/wp-content\\\/uploads\\\/2023\\\/05\\\/maison-bois-LCA-jardin-d-hiver-atypique.jpg\",\"contentUrl\":\"https:\\\/\\\/batijournal.com\\\/wp-content\\\/uploads\\\/2023\\\/05\\\/maison-bois-LCA-jardin-d-hiver-atypique.jpg\",\"width\":1024,\"height\":768},{\"@type\":\"BreadcrumbList\",\"@id\":\"https:\\\/\\\/batijournal.com\\\/index.php\\\/jardin-dhiver-dans-une-maison-bois\\\/108953\\\/#breadcrumb\",\"itemListElement\":[{\"@type\":\"ListItem\",\"position\":1,\"name\":\"Accueil\",\"item\":\"https:\\\/\\\/batijournal.com\\\/\"},{\"@type\":\"ListItem\",\"position\":2,\"name\":\"Actualit\u00e9s\",\"item\":\"https:\\\/\\\/batijournal.com\\\/index.php\\\/category\\\/actualites\\\/\"},{\"@type\":\"ListItem\",\"position\":3,\"name\":\"Jardin d\u2019hiver dans une maison bois\"}]},{\"@type\":\"WebSite\",\"@id\":\"https:\\\/\\\/batijournal.com\\\/#website\",\"url\":\"https:\\\/\\\/batijournal.com\\\/\",\"name\":\"Batijournal\",\"description\":\"L&#039;actualit\u00e9 du b\u00e2timent\",\"potentialAction\":[{\"@type\":\"SearchAction\",\"target\":{\"@type\":\"EntryPoint\",\"urlTemplate\":\"https:\\\/\\\/batijournal.com\\\/?s={search_term_string}\"},\"query-input\":{\"@type\":\"PropertyValueSpecification\",\"valueRequired\":true,\"valueName\":\"search_term_string\"}}],\"inLanguage\":\"fr-FR\"},{\"@type\":\"Person\",\"@id\":\"https:\\\/\\\/batijournal.com\\\/#\\\/schema\\\/person\\\/1dc96ec6957aa1ccb25ebe78bb19f100\",\"name\":\"St\u00e9phane Miget\",\"image\":{\"@type\":\"ImageObject\",\"inLanguage\":\"fr-FR\",\"@id\":\"https:\\\/\\\/secure.gravatar.com\\\/avatar\\\/89915563d925342126b8ef0281b93d9d7fc337043e8df017f780908eb9644451?s=96&d=mm&r=g\",\"url\":\"https:\\\/\\\/secure.gravatar.com\\\/avatar\\\/89915563d925342126b8ef0281b93d9d7fc337043e8df017f780908eb9644451?s=96&d=mm&r=g\",\"contentUrl\":\"https:\\\/\\\/secure.gravatar.com\\\/avatar\\\/89915563d925342126b8ef0281b93d9d7fc337043e8df017f780908eb9644451?s=96&d=mm&r=g\",\"caption\":\"St\u00e9phane Miget\"},\"url\":\"https:\\\/\\\/batijournal.com\\\/index.php\\\/author\\\/stephane\\\/\"}]}<\/script>\n<!-- \/ Yoast SEO plugin. -->","yoast_head_json":{"title":"Jardin d\u2019hiver dans une maison bois","robots":{"index":"index","follow":"follow","max-snippet":"max-snippet:-1","max-image-preview":"max-image-preview:large","max-video-preview":"max-video-preview:-1"},"canonical":"https:\/\/batijournal.com\/index.php\/jardin-dhiver-dans-une-maison-bois\/108953\/","og_locale":"fr_FR","og_type":"article","og_title":"Jardin d\u2019hiver dans une maison bois","og_description":"LCA construction bois a livr\u00e9 une maison en bois sur la commune de Saint-Gilles-Croix-de-Vie avec un jardin d\u2019hiver de 19m\u00b2 attenant \u00e0 l\u2019habitation. Apr\u00e8s 180 heures pass\u00e9es en bureau d\u2019\u00e9tude, c\u2019est le savoir-faire du service Travaux de Proximit\u00e9 qui a permis de conduire les travaux LCA sur 2 mois. Leur champ d\u2019intervention s\u2019est port\u00e9 sur [&hellip;]","og_url":"https:\/\/batijournal.com\/index.php\/jardin-dhiver-dans-une-maison-bois\/108953\/","og_site_name":"Batijournal","article_published_time":"2023-05-25T06:55:41+00:00","og_image":[{"width":1024,"height":768,"url":"https:\/\/batijournal.com\/wp-content\/uploads\/2023\/05\/maison-bois-LCA-jardin-d-hiver-atypique.jpg","type":"image\/jpeg"}],"author":"St\u00e9phane Miget","twitter_card":"summary_large_image","twitter_creator":"@bati_journal","twitter_site":"@bati_journal","twitter_misc":{"\u00c9crit par":"St\u00e9phane Miget","Dur\u00e9e de lecture estim\u00e9e":"1 minute"},"schema":{"@context":"https:\/\/schema.org","@graph":[{"@type":"Article","@id":"https:\/\/batijournal.com\/index.php\/jardin-dhiver-dans-une-maison-bois\/108953\/#article","isPartOf":{"@id":"https:\/\/batijournal.com\/index.php\/jardin-dhiver-dans-une-maison-bois\/108953\/"},"author":{"name":"St\u00e9phane Miget","@id":"https:\/\/batijournal.com\/#\/schema\/person\/1dc96ec6957aa1ccb25ebe78bb19f100"},"headline":"Jardin d\u2019hiver dans une maison bois","datePublished":"2023-05-25T06:55:41+00:00","mainEntityOfPage":{"@id":"https:\/\/batijournal.com\/index.php\/jardin-dhiver-dans-une-maison-bois\/108953\/"},"wordCount":169,"image":{"@id":"https:\/\/batijournal.com\/index.php\/jardin-dhiver-dans-une-maison-bois\/108953\/#primaryimage"},"thumbnailUrl":"https:\/\/batijournal.com\/wp-content\/uploads\/2023\/05\/maison-bois-LCA-jardin-d-hiver-atypique.jpg","keywords":["maison bois"],"articleSection":["Actualit\u00e9s","Architecture &amp; Conception","zz_Actualit\u00e9s - Plan\u00e8te","zz_Actualit\u00e9s - Woodsurfer","zz_Plan\u00e8te B\u00e2timent","zz_Woodsurfer"],"inLanguage":"fr-FR"},{"@type":"WebPage","@id":"https:\/\/batijournal.com\/index.php\/jardin-dhiver-dans-une-maison-bois\/108953\/","url":"https:\/\/batijournal.com\/index.php\/jardin-dhiver-dans-une-maison-bois\/108953\/","name":"Jardin d\u2019hiver dans une maison bois","isPartOf":{"@id":"https:\/\/batijournal.com\/#website"},"primaryImageOfPage":{"@id":"https:\/\/batijournal.com\/index.php\/jardin-dhiver-dans-une-maison-bois\/108953\/#primaryimage"},"image":{"@id":"https:\/\/batijournal.com\/index.php\/jardin-dhiver-dans-une-maison-bois\/108953\/#primaryimage"},"thumbnailUrl":"https:\/\/batijournal.com\/wp-content\/uploads\/2023\/05\/maison-bois-LCA-jardin-d-hiver-atypique.jpg","datePublished":"2023-05-25T06:55:41+00:00","author":{"@id":"https:\/\/batijournal.com\/#\/schema\/person\/1dc96ec6957aa1ccb25ebe78bb19f100"},"breadcrumb":{"@id":"https:\/\/batijournal.com\/index.php\/jardin-dhiver-dans-une-maison-bois\/108953\/#breadcrumb"},"inLanguage":"fr-FR","potentialAction":[{"@type":"ReadAction","target":["https:\/\/batijournal.com\/index.php\/jardin-dhiver-dans-une-maison-bois\/108953\/"]}]},{"@type":"ImageObject","inLanguage":"fr-FR","@id":"https:\/\/batijournal.com\/index.php\/jardin-dhiver-dans-une-maison-bois\/108953\/#primaryimage","url":"https:\/\/batijournal.com\/wp-content\/uploads\/2023\/05\/maison-bois-LCA-jardin-d-hiver-atypique.jpg","contentUrl":"https:\/\/batijournal.com\/wp-content\/uploads\/2023\/05\/maison-bois-LCA-jardin-d-hiver-atypique.jpg","width":1024,"height":768},{"@type":"BreadcrumbList","@id":"https:\/\/batijournal.com\/index.php\/jardin-dhiver-dans-une-maison-bois\/108953\/#breadcrumb","itemListElement":[{"@type":"ListItem","position":1,"name":"Accueil","item":"https:\/\/batijournal.com\/"},{"@type":"ListItem","position":2,"name":"Actualit\u00e9s","item":"https:\/\/batijournal.com\/index.php\/category\/actualites\/"},{"@type":"ListItem","position":3,"name":"Jardin d\u2019hiver dans une maison bois"}]},{"@type":"WebSite","@id":"https:\/\/batijournal.com\/#website","url":"https:\/\/batijournal.com\/","name":"Batijournal","description":"L&#039;actualit\u00e9 du b\u00e2timent","potentialAction":[{"@type":"SearchAction","target":{"@type":"EntryPoint","urlTemplate":"https:\/\/batijournal.com\/?s={search_term_string}"},"query-input":{"@type":"PropertyValueSpecification","valueRequired":true,"valueName":"search_term_string"}}],"inLanguage":"fr-FR"},{"@type":"Person","@id":"https:\/\/batijournal.com\/#\/schema\/person\/1dc96ec6957aa1ccb25ebe78bb19f100","name":"St\u00e9phane Miget","image":{"@type":"ImageObject","inLanguage":"fr-FR","@id":"https:\/\/secure.gravatar.com\/avatar\/89915563d925342126b8ef0281b93d9d7fc337043e8df017f780908eb9644451?s=96&d=mm&r=g","url":"https:\/\/secure.gravatar.com\/avatar\/89915563d925342126b8ef0281b93d9d7fc337043e8df017f780908eb9644451?s=96&d=mm&r=g","contentUrl":"https:\/\/secure.gravatar.com\/avatar\/89915563d925342126b8ef0281b93d9d7fc337043e8df017f780908eb9644451?s=96&d=mm&r=g","caption":"St\u00e9phane Miget"},"url":"https:\/\/batijournal.com\/index.php\/author\/stephane\/"}]}},"_links":{"self":[{"href":"https:\/\/batijournal.com\/index.php\/wp-json\/wp\/v2\/posts\/108953","targetHints":{"allow":["GET"]}}],"collection":[{"href":"https:\/\/batijournal.com\/index.php\/wp-json\/wp\/v2\/posts"}],"about":[{"href":"https:\/\/batijournal.com\/index.php\/wp-json\/wp\/v2\/types\/post"}],"author":[{"embeddable":true,"href":"https:\/\/batijournal.com\/index.php\/wp-json\/wp\/v2\/users\/17"}],"replies":[{"embeddable":true,"href":"https:\/\/batijournal.com\/index.php\/wp-json\/wp\/v2\/comments?post=108953"}],"version-history":[{"count":0,"href":"https:\/\/batijournal.com\/index.php\/wp-json\/wp\/v2\/posts\/108953\/revisions"}],"wp:featuredmedia":[{"embeddable":true,"href":"https:\/\/batijournal.com\/index.php\/wp-json\/wp\/v2\/media\/108954"}],"wp:attachment":[{"href":"https:\/\/batijournal.com\/index.php\/wp-json\/wp\/v2\/media?parent=108953"}],"wp:term":[{"taxonomy":"category","embeddable":true,"href":"https:\/\/batijournal.com\/index.php\/wp-json\/wp\/v2\/categories?post=108953"},{"taxonomy":"post_tag","embeddable":true,"href":"https:\/\/batijournal.com\/index.php\/wp-json\/wp\/v2\/tags?post=108953"}],"curies":[{"name":"wp","href":"https:\/\/api.w.org\/{rel}","templated":true}]}}