{"id":108963,"date":"2023-05-26T14:01:18","date_gmt":"2023-05-26T12:01:18","guid":{"rendered":"https:\/\/batijournal.com\/?p=108963"},"modified":"2023-05-26T15:10:22","modified_gmt":"2023-05-26T13:10:22","slug":"montage-a-blanc-de-la-charpente-de-notre-dame-de-paris","status":"publish","type":"post","link":"https:\/\/batijournal.com\/index.php\/montage-a-blanc-de-la-charpente-de-notre-dame-de-paris\/108963\/","title":{"rendered":"Montage \u00e0 blanc de la charpente de Notre-Dame de Paris"},"content":{"rendered":"<p>Restauration de Notre-Dame de Paris : l\u2019\u00e9tablissement public annonce l\u2019ach\u00e8vement du montage \u00e0 blanc, en Anjou, des premi\u00e8res trav\u00e9es de la charpente en ch\u00eane massif du ch\u0153ur. C&rsquo;est un ouvrage en ch\u00eane massif d\u2019une longueur de 32 m\u00e8tres, d\u2019une largeur de pr\u00e8s de 14 m\u00e8tres et d\u2019une hauteur de 10 m\u00e8tres. Elle est compos\u00e9e de 35 fermes, principales et secondaires, et 22 demi-fermes, formant 6 trav\u00e9es et une abside de forme semi-circulaire. Ces travaux ont \u00e9t\u00e9 confi\u00e9s par l\u2019\u00e9tablissement public, \u00e0 partir des \u00e9tudes men\u00e9es par les architectes en chef des monuments historiques, ma\u00eetres d\u2019\u0153uvre, au groupement d\u2019entreprises Ateliers Perrault, mandataire, charg\u00e9s plus particuli\u00e8rement de la reconstruction de la charpente du ch\u0153ur, et Ateliers Desmonts, charg\u00e9s de celle de la nef. Le montage \u00e0 blanc est une \u00e9tape n\u00e9cessaire, conforme \u00e0 l\u2019art multis\u00e9culaire des charpentiers. Effectu\u00e9 en atelier, il permet de v\u00e9rifier la bonne ex\u00e9cution de tous les assemblages avant le montage au-dessus des vo\u00fbtes de la cath\u00e9drale, qui interviendra dans les tout prochains mois. Le montage de l\u2019ensemble de la charpente du ch\u0153ur dans la cath\u00e9drale sera achev\u00e9 en d\u00e9but de l\u2019ann\u00e9e 2024, en coh\u00e9rence avec la r\u00e9ouverture de la cath\u00e9drale en d\u00e9cembre 2024.<\/p>\n<p>Photo : Levage \u00e0 blanc d&rsquo;une ferme de la charpente du ch\u0153ur. David Bordes \u00a9 Reb\u00e2tir Notre Dame de Paris<\/p>\n","protected":false},"excerpt":{"rendered":"<p>Restauration de Notre-Dame de Paris : l\u2019\u00e9tablissement public annonce l\u2019ach\u00e8vement du montage \u00e0 blanc, en Anjou, des premi\u00e8res trav\u00e9es de la charpente en ch\u00eane massif du ch\u0153ur. C&rsquo;est un ouvrage en ch\u00eane massif d\u2019une longueur de 32 m\u00e8tres, d\u2019une largeur de pr\u00e8s de 14 m\u00e8tres et d\u2019une hauteur de 10 m\u00e8tres. Elle est compos\u00e9e de [&hellip;]<\/p>\n","protected":false},"author":17,"featured_media":108964,"comment_status":"closed","ping_status":"closed","sticky":false,"template":"","format":"standard","meta":{"_et_pb_use_builder":"","_et_pb_old_content":"","_et_gb_content_width":"","footnotes":""},"categories":[10530,6340,10789,10769,10785,10764],"tags":[109,6842],"class_list":["post-108963","post","type-post","status-publish","format-standard","has-post-thumbnail","hentry","category-actualites","category-architecture-conception","category-publications-atrium","category-publications","category-atrium","category-woodsurfer","tag-charpente","tag-notre-dame-de-paris"],"yoast_head":"<!-- This site is optimized with the Yoast SEO plugin v27.4 - https:\/\/yoast.com\/product\/yoast-seo-wordpress\/ -->\n<title>Montage \u00e0 blanc de la charpente de Notre-Dame de Paris<\/title>\n<meta name=\"robots\" content=\"index, follow, max-snippet:-1, max-image-preview:large, max-video-preview:-1\" \/>\n<link rel=\"canonical\" href=\"https:\/\/batijournal.com\/index.php\/montage-a-blanc-de-la-charpente-de-notre-dame-de-paris\/108963\/\" \/>\n<meta property=\"og:locale\" content=\"fr_FR\" \/>\n<meta property=\"og:type\" content=\"article\" \/>\n<meta property=\"og:title\" content=\"Montage \u00e0 blanc de la charpente de Notre-Dame de Paris\" \/>\n<meta property=\"og:description\" content=\"Restauration de Notre-Dame de Paris : l\u2019\u00e9tablissement public annonce l\u2019ach\u00e8vement du montage \u00e0 blanc, en Anjou, des premi\u00e8res trav\u00e9es de la charpente en ch\u00eane massif du ch\u0153ur. C&rsquo;est un ouvrage en ch\u00eane massif d\u2019une longueur de 32 m\u00e8tres, d\u2019une largeur de pr\u00e8s de 14 m\u00e8tres et d\u2019une hauteur de 10 m\u00e8tres. Elle est compos\u00e9e de [&hellip;]\" \/>\n<meta property=\"og:url\" content=\"https:\/\/batijournal.com\/index.php\/montage-a-blanc-de-la-charpente-de-notre-dame-de-paris\/108963\/\" \/>\n<meta property=\"og:site_name\" content=\"Batijournal\" \/>\n<meta property=\"article:published_time\" content=\"2023-05-26T12:01:18+00:00\" \/>\n<meta property=\"article:modified_time\" content=\"2023-05-26T13:10:22+00:00\" \/>\n<meta property=\"og:image\" content=\"https:\/\/batijournal.com\/wp-content\/uploads\/2023\/05\/montage-a-blanc-charpente-notre-dame-de-paris-ateliers-perrault.jpg\" \/>\n\t<meta property=\"og:image:width\" content=\"1000\" \/>\n\t<meta property=\"og:image:height\" content=\"667\" \/>\n\t<meta property=\"og:image:type\" content=\"image\/jpeg\" \/>\n<meta name=\"author\" content=\"St\u00e9phane Miget\" \/>\n<meta name=\"twitter:card\" content=\"summary_large_image\" \/>\n<meta name=\"twitter:creator\" content=\"@bati_journal\" \/>\n<meta name=\"twitter:site\" content=\"@bati_journal\" \/>\n<meta name=\"twitter:label1\" content=\"\u00c9crit par\" \/>\n\t<meta name=\"twitter:data1\" content=\"St\u00e9phane Miget\" \/>\n\t<meta name=\"twitter:label2\" content=\"Dur\u00e9e de lecture estim\u00e9e\" \/>\n\t<meta name=\"twitter:data2\" content=\"1 minute\" \/>\n<script type=\"application\/ld+json\" class=\"yoast-schema-graph\">{\"@context\":\"https:\\\/\\\/schema.org\",\"@graph\":[{\"@type\":\"Article\",\"@id\":\"https:\\\/\\\/batijournal.com\\\/index.php\\\/montage-a-blanc-de-la-charpente-de-notre-dame-de-paris\\\/108963\\\/#article\",\"isPartOf\":{\"@id\":\"https:\\\/\\\/batijournal.com\\\/index.php\\\/montage-a-blanc-de-la-charpente-de-notre-dame-de-paris\\\/108963\\\/\"},\"author\":{\"name\":\"St\u00e9phane Miget\",\"@id\":\"https:\\\/\\\/batijournal.com\\\/#\\\/schema\\\/person\\\/1dc96ec6957aa1ccb25ebe78bb19f100\"},\"headline\":\"Montage \u00e0 blanc de la charpente de Notre-Dame de Paris\",\"datePublished\":\"2023-05-26T12:01:18+00:00\",\"dateModified\":\"2023-05-26T13:10:22+00:00\",\"mainEntityOfPage\":{\"@id\":\"https:\\\/\\\/batijournal.com\\\/index.php\\\/montage-a-blanc-de-la-charpente-de-notre-dame-de-paris\\\/108963\\\/\"},\"wordCount\":256,\"image\":{\"@id\":\"https:\\\/\\\/batijournal.com\\\/index.php\\\/montage-a-blanc-de-la-charpente-de-notre-dame-de-paris\\\/108963\\\/#primaryimage\"},\"thumbnailUrl\":\"https:\\\/\\\/batijournal.com\\\/wp-content\\\/uploads\\\/2023\\\/05\\\/montage-a-blanc-charpente-notre-dame-de-paris-ateliers-perrault.jpg\",\"keywords\":[\"charpente\",\"notre dame de paris\"],\"articleSection\":[\"Actualit\u00e9s\",\"Architecture &amp; Conception\",\"zz_Actualit\u00e9s - Atrium\",\"zz_Actualit\u00e9s - Woodsurfer\",\"zz_Atrium Patrimoine\",\"zz_Woodsurfer\"],\"inLanguage\":\"fr-FR\"},{\"@type\":\"WebPage\",\"@id\":\"https:\\\/\\\/batijournal.com\\\/index.php\\\/montage-a-blanc-de-la-charpente-de-notre-dame-de-paris\\\/108963\\\/\",\"url\":\"https:\\\/\\\/batijournal.com\\\/index.php\\\/montage-a-blanc-de-la-charpente-de-notre-dame-de-paris\\\/108963\\\/\",\"name\":\"Montage \u00e0 blanc de la charpente de Notre-Dame de Paris\",\"isPartOf\":{\"@id\":\"https:\\\/\\\/batijournal.com\\\/#website\"},\"primaryImageOfPage\":{\"@id\":\"https:\\\/\\\/batijournal.com\\\/index.php\\\/montage-a-blanc-de-la-charpente-de-notre-dame-de-paris\\\/108963\\\/#primaryimage\"},\"image\":{\"@id\":\"https:\\\/\\\/batijournal.com\\\/index.php\\\/montage-a-blanc-de-la-charpente-de-notre-dame-de-paris\\\/108963\\\/#primaryimage\"},\"thumbnailUrl\":\"https:\\\/\\\/batijournal.com\\\/wp-content\\\/uploads\\\/2023\\\/05\\\/montage-a-blanc-charpente-notre-dame-de-paris-ateliers-perrault.jpg\",\"datePublished\":\"2023-05-26T12:01:18+00:00\",\"dateModified\":\"2023-05-26T13:10:22+00:00\",\"author\":{\"@id\":\"https:\\\/\\\/batijournal.com\\\/#\\\/schema\\\/person\\\/1dc96ec6957aa1ccb25ebe78bb19f100\"},\"breadcrumb\":{\"@id\":\"https:\\\/\\\/batijournal.com\\\/index.php\\\/montage-a-blanc-de-la-charpente-de-notre-dame-de-paris\\\/108963\\\/#breadcrumb\"},\"inLanguage\":\"fr-FR\",\"potentialAction\":[{\"@type\":\"ReadAction\",\"target\":[\"https:\\\/\\\/batijournal.com\\\/index.php\\\/montage-a-blanc-de-la-charpente-de-notre-dame-de-paris\\\/108963\\\/\"]}]},{\"@type\":\"ImageObject\",\"inLanguage\":\"fr-FR\",\"@id\":\"https:\\\/\\\/batijournal.com\\\/index.php\\\/montage-a-blanc-de-la-charpente-de-notre-dame-de-paris\\\/108963\\\/#primaryimage\",\"url\":\"https:\\\/\\\/batijournal.com\\\/wp-content\\\/uploads\\\/2023\\\/05\\\/montage-a-blanc-charpente-notre-dame-de-paris-ateliers-perrault.jpg\",\"contentUrl\":\"https:\\\/\\\/batijournal.com\\\/wp-content\\\/uploads\\\/2023\\\/05\\\/montage-a-blanc-charpente-notre-dame-de-paris-ateliers-perrault.jpg\",\"width\":1000,\"height\":667},{\"@type\":\"BreadcrumbList\",\"@id\":\"https:\\\/\\\/batijournal.com\\\/index.php\\\/montage-a-blanc-de-la-charpente-de-notre-dame-de-paris\\\/108963\\\/#breadcrumb\",\"itemListElement\":[{\"@type\":\"ListItem\",\"position\":1,\"name\":\"Accueil\",\"item\":\"https:\\\/\\\/batijournal.com\\\/\"},{\"@type\":\"ListItem\",\"position\":2,\"name\":\"Actualit\u00e9s\",\"item\":\"https:\\\/\\\/batijournal.com\\\/index.php\\\/category\\\/actualites\\\/\"},{\"@type\":\"ListItem\",\"position\":3,\"name\":\"Montage \u00e0 blanc de la charpente de Notre-Dame de Paris\"}]},{\"@type\":\"WebSite\",\"@id\":\"https:\\\/\\\/batijournal.com\\\/#website\",\"url\":\"https:\\\/\\\/batijournal.com\\\/\",\"name\":\"Batijournal\",\"description\":\"L&#039;actualit\u00e9 du b\u00e2timent\",\"potentialAction\":[{\"@type\":\"SearchAction\",\"target\":{\"@type\":\"EntryPoint\",\"urlTemplate\":\"https:\\\/\\\/batijournal.com\\\/?s={search_term_string}\"},\"query-input\":{\"@type\":\"PropertyValueSpecification\",\"valueRequired\":true,\"valueName\":\"search_term_string\"}}],\"inLanguage\":\"fr-FR\"},{\"@type\":\"Person\",\"@id\":\"https:\\\/\\\/batijournal.com\\\/#\\\/schema\\\/person\\\/1dc96ec6957aa1ccb25ebe78bb19f100\",\"name\":\"St\u00e9phane Miget\",\"image\":{\"@type\":\"ImageObject\",\"inLanguage\":\"fr-FR\",\"@id\":\"https:\\\/\\\/secure.gravatar.com\\\/avatar\\\/89915563d925342126b8ef0281b93d9d7fc337043e8df017f780908eb9644451?s=96&d=mm&r=g\",\"url\":\"https:\\\/\\\/secure.gravatar.com\\\/avatar\\\/89915563d925342126b8ef0281b93d9d7fc337043e8df017f780908eb9644451?s=96&d=mm&r=g\",\"contentUrl\":\"https:\\\/\\\/secure.gravatar.com\\\/avatar\\\/89915563d925342126b8ef0281b93d9d7fc337043e8df017f780908eb9644451?s=96&d=mm&r=g\",\"caption\":\"St\u00e9phane Miget\"},\"url\":\"https:\\\/\\\/batijournal.com\\\/index.php\\\/author\\\/stephane\\\/\"}]}<\/script>\n<!-- \/ Yoast SEO plugin. -->","yoast_head_json":{"title":"Montage \u00e0 blanc de la charpente de Notre-Dame de Paris","robots":{"index":"index","follow":"follow","max-snippet":"max-snippet:-1","max-image-preview":"max-image-preview:large","max-video-preview":"max-video-preview:-1"},"canonical":"https:\/\/batijournal.com\/index.php\/montage-a-blanc-de-la-charpente-de-notre-dame-de-paris\/108963\/","og_locale":"fr_FR","og_type":"article","og_title":"Montage \u00e0 blanc de la charpente de Notre-Dame de Paris","og_description":"Restauration de Notre-Dame de Paris : l\u2019\u00e9tablissement public annonce l\u2019ach\u00e8vement du montage \u00e0 blanc, en Anjou, des premi\u00e8res trav\u00e9es de la charpente en ch\u00eane massif du ch\u0153ur. C&rsquo;est un ouvrage en ch\u00eane massif d\u2019une longueur de 32 m\u00e8tres, d\u2019une largeur de pr\u00e8s de 14 m\u00e8tres et d\u2019une hauteur de 10 m\u00e8tres. Elle est compos\u00e9e de [&hellip;]","og_url":"https:\/\/batijournal.com\/index.php\/montage-a-blanc-de-la-charpente-de-notre-dame-de-paris\/108963\/","og_site_name":"Batijournal","article_published_time":"2023-05-26T12:01:18+00:00","article_modified_time":"2023-05-26T13:10:22+00:00","og_image":[{"width":1000,"height":667,"url":"https:\/\/batijournal.com\/wp-content\/uploads\/2023\/05\/montage-a-blanc-charpente-notre-dame-de-paris-ateliers-perrault.jpg","type":"image\/jpeg"}],"author":"St\u00e9phane Miget","twitter_card":"summary_large_image","twitter_creator":"@bati_journal","twitter_site":"@bati_journal","twitter_misc":{"\u00c9crit par":"St\u00e9phane Miget","Dur\u00e9e de lecture estim\u00e9e":"1 minute"},"schema":{"@context":"https:\/\/schema.org","@graph":[{"@type":"Article","@id":"https:\/\/batijournal.com\/index.php\/montage-a-blanc-de-la-charpente-de-notre-dame-de-paris\/108963\/#article","isPartOf":{"@id":"https:\/\/batijournal.com\/index.php\/montage-a-blanc-de-la-charpente-de-notre-dame-de-paris\/108963\/"},"author":{"name":"St\u00e9phane Miget","@id":"https:\/\/batijournal.com\/#\/schema\/person\/1dc96ec6957aa1ccb25ebe78bb19f100"},"headline":"Montage \u00e0 blanc de la charpente de Notre-Dame de Paris","datePublished":"2023-05-26T12:01:18+00:00","dateModified":"2023-05-26T13:10:22+00:00","mainEntityOfPage":{"@id":"https:\/\/batijournal.com\/index.php\/montage-a-blanc-de-la-charpente-de-notre-dame-de-paris\/108963\/"},"wordCount":256,"image":{"@id":"https:\/\/batijournal.com\/index.php\/montage-a-blanc-de-la-charpente-de-notre-dame-de-paris\/108963\/#primaryimage"},"thumbnailUrl":"https:\/\/batijournal.com\/wp-content\/uploads\/2023\/05\/montage-a-blanc-charpente-notre-dame-de-paris-ateliers-perrault.jpg","keywords":["charpente","notre dame de paris"],"articleSection":["Actualit\u00e9s","Architecture &amp; Conception","zz_Actualit\u00e9s - Atrium","zz_Actualit\u00e9s - Woodsurfer","zz_Atrium Patrimoine","zz_Woodsurfer"],"inLanguage":"fr-FR"},{"@type":"WebPage","@id":"https:\/\/batijournal.com\/index.php\/montage-a-blanc-de-la-charpente-de-notre-dame-de-paris\/108963\/","url":"https:\/\/batijournal.com\/index.php\/montage-a-blanc-de-la-charpente-de-notre-dame-de-paris\/108963\/","name":"Montage \u00e0 blanc de la charpente de Notre-Dame de Paris","isPartOf":{"@id":"https:\/\/batijournal.com\/#website"},"primaryImageOfPage":{"@id":"https:\/\/batijournal.com\/index.php\/montage-a-blanc-de-la-charpente-de-notre-dame-de-paris\/108963\/#primaryimage"},"image":{"@id":"https:\/\/batijournal.com\/index.php\/montage-a-blanc-de-la-charpente-de-notre-dame-de-paris\/108963\/#primaryimage"},"thumbnailUrl":"https:\/\/batijournal.com\/wp-content\/uploads\/2023\/05\/montage-a-blanc-charpente-notre-dame-de-paris-ateliers-perrault.jpg","datePublished":"2023-05-26T12:01:18+00:00","dateModified":"2023-05-26T13:10:22+00:00","author":{"@id":"https:\/\/batijournal.com\/#\/schema\/person\/1dc96ec6957aa1ccb25ebe78bb19f100"},"breadcrumb":{"@id":"https:\/\/batijournal.com\/index.php\/montage-a-blanc-de-la-charpente-de-notre-dame-de-paris\/108963\/#breadcrumb"},"inLanguage":"fr-FR","potentialAction":[{"@type":"ReadAction","target":["https:\/\/batijournal.com\/index.php\/montage-a-blanc-de-la-charpente-de-notre-dame-de-paris\/108963\/"]}]},{"@type":"ImageObject","inLanguage":"fr-FR","@id":"https:\/\/batijournal.com\/index.php\/montage-a-blanc-de-la-charpente-de-notre-dame-de-paris\/108963\/#primaryimage","url":"https:\/\/batijournal.com\/wp-content\/uploads\/2023\/05\/montage-a-blanc-charpente-notre-dame-de-paris-ateliers-perrault.jpg","contentUrl":"https:\/\/batijournal.com\/wp-content\/uploads\/2023\/05\/montage-a-blanc-charpente-notre-dame-de-paris-ateliers-perrault.jpg","width":1000,"height":667},{"@type":"BreadcrumbList","@id":"https:\/\/batijournal.com\/index.php\/montage-a-blanc-de-la-charpente-de-notre-dame-de-paris\/108963\/#breadcrumb","itemListElement":[{"@type":"ListItem","position":1,"name":"Accueil","item":"https:\/\/batijournal.com\/"},{"@type":"ListItem","position":2,"name":"Actualit\u00e9s","item":"https:\/\/batijournal.com\/index.php\/category\/actualites\/"},{"@type":"ListItem","position":3,"name":"Montage \u00e0 blanc de la charpente de Notre-Dame de Paris"}]},{"@type":"WebSite","@id":"https:\/\/batijournal.com\/#website","url":"https:\/\/batijournal.com\/","name":"Batijournal","description":"L&#039;actualit\u00e9 du b\u00e2timent","potentialAction":[{"@type":"SearchAction","target":{"@type":"EntryPoint","urlTemplate":"https:\/\/batijournal.com\/?s={search_term_string}"},"query-input":{"@type":"PropertyValueSpecification","valueRequired":true,"valueName":"search_term_string"}}],"inLanguage":"fr-FR"},{"@type":"Person","@id":"https:\/\/batijournal.com\/#\/schema\/person\/1dc96ec6957aa1ccb25ebe78bb19f100","name":"St\u00e9phane Miget","image":{"@type":"ImageObject","inLanguage":"fr-FR","@id":"https:\/\/secure.gravatar.com\/avatar\/89915563d925342126b8ef0281b93d9d7fc337043e8df017f780908eb9644451?s=96&d=mm&r=g","url":"https:\/\/secure.gravatar.com\/avatar\/89915563d925342126b8ef0281b93d9d7fc337043e8df017f780908eb9644451?s=96&d=mm&r=g","contentUrl":"https:\/\/secure.gravatar.com\/avatar\/89915563d925342126b8ef0281b93d9d7fc337043e8df017f780908eb9644451?s=96&d=mm&r=g","caption":"St\u00e9phane Miget"},"url":"https:\/\/batijournal.com\/index.php\/author\/stephane\/"}]}},"_links":{"self":[{"href":"https:\/\/batijournal.com\/index.php\/wp-json\/wp\/v2\/posts\/108963","targetHints":{"allow":["GET"]}}],"collection":[{"href":"https:\/\/batijournal.com\/index.php\/wp-json\/wp\/v2\/posts"}],"about":[{"href":"https:\/\/batijournal.com\/index.php\/wp-json\/wp\/v2\/types\/post"}],"author":[{"embeddable":true,"href":"https:\/\/batijournal.com\/index.php\/wp-json\/wp\/v2\/users\/17"}],"replies":[{"embeddable":true,"href":"https:\/\/batijournal.com\/index.php\/wp-json\/wp\/v2\/comments?post=108963"}],"version-history":[{"count":0,"href":"https:\/\/batijournal.com\/index.php\/wp-json\/wp\/v2\/posts\/108963\/revisions"}],"wp:featuredmedia":[{"embeddable":true,"href":"https:\/\/batijournal.com\/index.php\/wp-json\/wp\/v2\/media\/108964"}],"wp:attachment":[{"href":"https:\/\/batijournal.com\/index.php\/wp-json\/wp\/v2\/media?parent=108963"}],"wp:term":[{"taxonomy":"category","embeddable":true,"href":"https:\/\/batijournal.com\/index.php\/wp-json\/wp\/v2\/categories?post=108963"},{"taxonomy":"post_tag","embeddable":true,"href":"https:\/\/batijournal.com\/index.php\/wp-json\/wp\/v2\/tags?post=108963"}],"curies":[{"name":"wp","href":"https:\/\/api.w.org\/{rel}","templated":true}]}}