{"id":108970,"date":"2023-06-01T08:26:14","date_gmt":"2023-06-01T06:26:14","guid":{"rendered":"https:\/\/batijournal.com\/?p=108970"},"modified":"2023-06-01T08:26:14","modified_gmt":"2023-06-01T06:26:14","slug":"ball-theater-architecture-bas-carbone-pour-le-pavillon-francais-de-la-biennale-darchitecture-de-venise","status":"publish","type":"post","link":"https:\/\/batijournal.com\/index.php\/ball-theater-architecture-bas-carbone-pour-le-pavillon-francais-de-la-biennale-darchitecture-de-venise\/108970\/","title":{"rendered":"Ball Theater : architecture bas carbone pour le Pavillon fran\u00e7ais de la Biennale d\u2019architecture de Venise"},"content":{"rendered":"<p>Depuis le 20 mai, le Pavillon fran\u00e7ais de la Biennale d\u2019architecture de Venise, con\u00e7u par l\u2019agence Muoto, s&rsquo;est mis \u00e0 l\u2019heure de toutes les \u00ab utopies \u00bb en proposant un \u00ab laboratoire des identit\u00e9s, des lieux et des imaginaires \u00bb. Sous le titre \u00ab Ball theater \u2013 La f\u00eate n\u2019est pas finie \u00bb, l\u2019agence Muoto, associ\u00e9e \u00e0 Georgi Stanishev et Cl\u00e9mence La Sagna pour la sc\u00e9nographie, Jos Auzende, commissaire associ\u00e9e, et Anna Tardivel pour la programmation, a con\u00e7u un audacieux th\u00e9\u00e2tre h\u00e9misph\u00e9rique, v\u00e9ritable pavillon dans le pavillon, destin\u00e9 \u00e0 accueillir toutes les \u00ab utopies \u00bb. L\u2019\u00e9quipe a fait le choix d\u2019une structure l\u00e9g\u00e8re pour voyager facilement gr\u00e2ce \u00e0 21 m\u00e9ridiens et 13 parall\u00e8les en acier et trois cents segments boulonn\u00e9s entre eux et une surface ext\u00e9rieure couverte de fines feuilles d\u2019aluminium. La demi-sph\u00e8re est pos\u00e9e au sol sur une platine circulaire et les r\u00e9seaux \u00e9lectriques apparents donnent la sensation que le th\u00e9\u00e2tre en encore en construction. Le projet Ball Theater s\u2019inscrit dans une strat\u00e9gie bas-carbone en limitant les deux premiers facteurs d\u2019\u00e9missions li\u00e9s \u00e0 sa fabrication : les d\u00e9placements et la production de mat\u00e9riaux. Pour cela, l\u2019\u00e9quipe laur\u00e9ate a imagin\u00e9 un dispositif qui puisse facilement voyager et \u00eatre r\u00e9utilis\u00e9 avec des gradins l\u00e9gers, modulables et d\u00e9montables construits avec un minimum de mati\u00e8re. Le son et les objets peuvent aussi \u00eatre mobilis\u00e9s \u00e0 part. L\u2019ensemble de l\u2019installation est produit par des artisans de la r\u00e9gion v\u00e9nitienne afin de r\u00e9duire les d\u00e9placements de mati\u00e8re.<\/p>\n<p>Photo : Muoto, Stanishev et La Sagna<\/p>\n<p>&nbsp;<\/p>\n","protected":false},"excerpt":{"rendered":"<p>Depuis le 20 mai, le Pavillon fran\u00e7ais de la Biennale d\u2019architecture de Venise, con\u00e7u par l\u2019agence Muoto, s&rsquo;est mis \u00e0 l\u2019heure de toutes les \u00ab utopies \u00bb en proposant un \u00ab laboratoire des identit\u00e9s, des lieux et des imaginaires \u00bb. Sous le titre \u00ab Ball theater \u2013 La f\u00eate n\u2019est pas finie \u00bb, l\u2019agence Muoto, [&hellip;]<\/p>\n","protected":false},"author":17,"featured_media":108971,"comment_status":"closed","ping_status":"closed","sticky":false,"template":"","format":"standard","meta":{"_et_pb_use_builder":"","_et_pb_old_content":"","_et_gb_content_width":"","footnotes":""},"categories":[10530,6340,10789,10781,10785,10778],"tags":[12901,13009,4494],"class_list":["post-108970","post","type-post","status-publish","format-standard","has-post-thumbnail","hentry","category-actualites","category-architecture-conception","category-publications-atrium","category-publications-planete","category-atrium","category-planete","tag-architecture","tag-bas-carbone","tag-venise"],"yoast_head":"<!-- This site is optimized with the Yoast SEO plugin v27.4 - https:\/\/yoast.com\/product\/yoast-seo-wordpress\/ -->\n<title>Ball Theater : architecture bas carbone pour le Pavillon fran\u00e7ais de la Biennale d\u2019architecture de Venise<\/title>\n<meta name=\"robots\" content=\"index, follow, max-snippet:-1, max-image-preview:large, max-video-preview:-1\" \/>\n<link rel=\"canonical\" href=\"https:\/\/batijournal.com\/index.php\/ball-theater-architecture-bas-carbone-pour-le-pavillon-francais-de-la-biennale-darchitecture-de-venise\/108970\/\" \/>\n<meta property=\"og:locale\" content=\"fr_FR\" \/>\n<meta property=\"og:type\" content=\"article\" \/>\n<meta property=\"og:title\" content=\"Ball Theater : architecture bas carbone pour le Pavillon fran\u00e7ais de la Biennale d\u2019architecture de Venise\" \/>\n<meta property=\"og:description\" content=\"Depuis le 20 mai, le Pavillon fran\u00e7ais de la Biennale d\u2019architecture de Venise, con\u00e7u par l\u2019agence Muoto, s&rsquo;est mis \u00e0 l\u2019heure de toutes les \u00ab utopies \u00bb en proposant un \u00ab laboratoire des identit\u00e9s, des lieux et des imaginaires \u00bb. Sous le titre \u00ab Ball theater \u2013 La f\u00eate n\u2019est pas finie \u00bb, l\u2019agence Muoto, [&hellip;]\" \/>\n<meta property=\"og:url\" content=\"https:\/\/batijournal.com\/index.php\/ball-theater-architecture-bas-carbone-pour-le-pavillon-francais-de-la-biennale-darchitecture-de-venise\/108970\/\" \/>\n<meta property=\"og:site_name\" content=\"Batijournal\" \/>\n<meta property=\"article:published_time\" content=\"2023-06-01T06:26:14+00:00\" \/>\n<meta property=\"og:image\" content=\"https:\/\/batijournal.com\/wp-content\/uploads\/2023\/06\/Ball-Theater_10-C-Muoto-Georgi-Stanishev-et-Clemence-La-Sagna.jpg\" \/>\n\t<meta property=\"og:image:width\" content=\"352\" \/>\n\t<meta property=\"og:image:height\" content=\"440\" \/>\n\t<meta property=\"og:image:type\" content=\"image\/jpeg\" \/>\n<meta name=\"author\" content=\"St\u00e9phane Miget\" \/>\n<meta name=\"twitter:card\" content=\"summary_large_image\" \/>\n<meta name=\"twitter:creator\" content=\"@bati_journal\" \/>\n<meta name=\"twitter:site\" content=\"@bati_journal\" \/>\n<meta name=\"twitter:label1\" content=\"\u00c9crit par\" \/>\n\t<meta name=\"twitter:data1\" content=\"St\u00e9phane Miget\" \/>\n\t<meta name=\"twitter:label2\" content=\"Dur\u00e9e de lecture estim\u00e9e\" \/>\n\t<meta name=\"twitter:data2\" content=\"1 minute\" \/>\n<script type=\"application\/ld+json\" class=\"yoast-schema-graph\">{\"@context\":\"https:\\\/\\\/schema.org\",\"@graph\":[{\"@type\":\"Article\",\"@id\":\"https:\\\/\\\/batijournal.com\\\/index.php\\\/ball-theater-architecture-bas-carbone-pour-le-pavillon-francais-de-la-biennale-darchitecture-de-venise\\\/108970\\\/#article\",\"isPartOf\":{\"@id\":\"https:\\\/\\\/batijournal.com\\\/index.php\\\/ball-theater-architecture-bas-carbone-pour-le-pavillon-francais-de-la-biennale-darchitecture-de-venise\\\/108970\\\/\"},\"author\":{\"name\":\"St\u00e9phane Miget\",\"@id\":\"https:\\\/\\\/batijournal.com\\\/#\\\/schema\\\/person\\\/1dc96ec6957aa1ccb25ebe78bb19f100\"},\"headline\":\"Ball Theater : architecture bas carbone pour le Pavillon fran\u00e7ais de la Biennale d\u2019architecture de Venise\",\"datePublished\":\"2023-06-01T06:26:14+00:00\",\"mainEntityOfPage\":{\"@id\":\"https:\\\/\\\/batijournal.com\\\/index.php\\\/ball-theater-architecture-bas-carbone-pour-le-pavillon-francais-de-la-biennale-darchitecture-de-venise\\\/108970\\\/\"},\"wordCount\":300,\"image\":{\"@id\":\"https:\\\/\\\/batijournal.com\\\/index.php\\\/ball-theater-architecture-bas-carbone-pour-le-pavillon-francais-de-la-biennale-darchitecture-de-venise\\\/108970\\\/#primaryimage\"},\"thumbnailUrl\":\"https:\\\/\\\/batijournal.com\\\/wp-content\\\/uploads\\\/2023\\\/06\\\/Ball-Theater_10-C-Muoto-Georgi-Stanishev-et-Clemence-La-Sagna.jpg\",\"keywords\":[\"architecture\",\"bas carbone\",\"venise\"],\"articleSection\":[\"Actualit\u00e9s\",\"Architecture &amp; Conception\",\"zz_Actualit\u00e9s - Atrium\",\"zz_Actualit\u00e9s - Plan\u00e8te\",\"zz_Atrium Patrimoine\",\"zz_Plan\u00e8te B\u00e2timent\"],\"inLanguage\":\"fr-FR\"},{\"@type\":\"WebPage\",\"@id\":\"https:\\\/\\\/batijournal.com\\\/index.php\\\/ball-theater-architecture-bas-carbone-pour-le-pavillon-francais-de-la-biennale-darchitecture-de-venise\\\/108970\\\/\",\"url\":\"https:\\\/\\\/batijournal.com\\\/index.php\\\/ball-theater-architecture-bas-carbone-pour-le-pavillon-francais-de-la-biennale-darchitecture-de-venise\\\/108970\\\/\",\"name\":\"Ball Theater : architecture bas carbone pour le Pavillon fran\u00e7ais de la Biennale d\u2019architecture de Venise\",\"isPartOf\":{\"@id\":\"https:\\\/\\\/batijournal.com\\\/#website\"},\"primaryImageOfPage\":{\"@id\":\"https:\\\/\\\/batijournal.com\\\/index.php\\\/ball-theater-architecture-bas-carbone-pour-le-pavillon-francais-de-la-biennale-darchitecture-de-venise\\\/108970\\\/#primaryimage\"},\"image\":{\"@id\":\"https:\\\/\\\/batijournal.com\\\/index.php\\\/ball-theater-architecture-bas-carbone-pour-le-pavillon-francais-de-la-biennale-darchitecture-de-venise\\\/108970\\\/#primaryimage\"},\"thumbnailUrl\":\"https:\\\/\\\/batijournal.com\\\/wp-content\\\/uploads\\\/2023\\\/06\\\/Ball-Theater_10-C-Muoto-Georgi-Stanishev-et-Clemence-La-Sagna.jpg\",\"datePublished\":\"2023-06-01T06:26:14+00:00\",\"author\":{\"@id\":\"https:\\\/\\\/batijournal.com\\\/#\\\/schema\\\/person\\\/1dc96ec6957aa1ccb25ebe78bb19f100\"},\"breadcrumb\":{\"@id\":\"https:\\\/\\\/batijournal.com\\\/index.php\\\/ball-theater-architecture-bas-carbone-pour-le-pavillon-francais-de-la-biennale-darchitecture-de-venise\\\/108970\\\/#breadcrumb\"},\"inLanguage\":\"fr-FR\",\"potentialAction\":[{\"@type\":\"ReadAction\",\"target\":[\"https:\\\/\\\/batijournal.com\\\/index.php\\\/ball-theater-architecture-bas-carbone-pour-le-pavillon-francais-de-la-biennale-darchitecture-de-venise\\\/108970\\\/\"]}]},{\"@type\":\"ImageObject\",\"inLanguage\":\"fr-FR\",\"@id\":\"https:\\\/\\\/batijournal.com\\\/index.php\\\/ball-theater-architecture-bas-carbone-pour-le-pavillon-francais-de-la-biennale-darchitecture-de-venise\\\/108970\\\/#primaryimage\",\"url\":\"https:\\\/\\\/batijournal.com\\\/wp-content\\\/uploads\\\/2023\\\/06\\\/Ball-Theater_10-C-Muoto-Georgi-Stanishev-et-Clemence-La-Sagna.jpg\",\"contentUrl\":\"https:\\\/\\\/batijournal.com\\\/wp-content\\\/uploads\\\/2023\\\/06\\\/Ball-Theater_10-C-Muoto-Georgi-Stanishev-et-Clemence-La-Sagna.jpg\",\"width\":352,\"height\":440},{\"@type\":\"BreadcrumbList\",\"@id\":\"https:\\\/\\\/batijournal.com\\\/index.php\\\/ball-theater-architecture-bas-carbone-pour-le-pavillon-francais-de-la-biennale-darchitecture-de-venise\\\/108970\\\/#breadcrumb\",\"itemListElement\":[{\"@type\":\"ListItem\",\"position\":1,\"name\":\"Accueil\",\"item\":\"https:\\\/\\\/batijournal.com\\\/\"},{\"@type\":\"ListItem\",\"position\":2,\"name\":\"Actualit\u00e9s\",\"item\":\"https:\\\/\\\/batijournal.com\\\/index.php\\\/category\\\/actualites\\\/\"},{\"@type\":\"ListItem\",\"position\":3,\"name\":\"Ball Theater : architecture bas carbone pour le Pavillon fran\u00e7ais de la Biennale d\u2019architecture de Venise\"}]},{\"@type\":\"WebSite\",\"@id\":\"https:\\\/\\\/batijournal.com\\\/#website\",\"url\":\"https:\\\/\\\/batijournal.com\\\/\",\"name\":\"Batijournal\",\"description\":\"L&#039;actualit\u00e9 du b\u00e2timent\",\"potentialAction\":[{\"@type\":\"SearchAction\",\"target\":{\"@type\":\"EntryPoint\",\"urlTemplate\":\"https:\\\/\\\/batijournal.com\\\/?s={search_term_string}\"},\"query-input\":{\"@type\":\"PropertyValueSpecification\",\"valueRequired\":true,\"valueName\":\"search_term_string\"}}],\"inLanguage\":\"fr-FR\"},{\"@type\":\"Person\",\"@id\":\"https:\\\/\\\/batijournal.com\\\/#\\\/schema\\\/person\\\/1dc96ec6957aa1ccb25ebe78bb19f100\",\"name\":\"St\u00e9phane Miget\",\"image\":{\"@type\":\"ImageObject\",\"inLanguage\":\"fr-FR\",\"@id\":\"https:\\\/\\\/secure.gravatar.com\\\/avatar\\\/89915563d925342126b8ef0281b93d9d7fc337043e8df017f780908eb9644451?s=96&d=mm&r=g\",\"url\":\"https:\\\/\\\/secure.gravatar.com\\\/avatar\\\/89915563d925342126b8ef0281b93d9d7fc337043e8df017f780908eb9644451?s=96&d=mm&r=g\",\"contentUrl\":\"https:\\\/\\\/secure.gravatar.com\\\/avatar\\\/89915563d925342126b8ef0281b93d9d7fc337043e8df017f780908eb9644451?s=96&d=mm&r=g\",\"caption\":\"St\u00e9phane Miget\"},\"url\":\"https:\\\/\\\/batijournal.com\\\/index.php\\\/author\\\/stephane\\\/\"}]}<\/script>\n<!-- \/ Yoast SEO plugin. -->","yoast_head_json":{"title":"Ball Theater : architecture bas carbone pour le Pavillon fran\u00e7ais de la Biennale d\u2019architecture de Venise","robots":{"index":"index","follow":"follow","max-snippet":"max-snippet:-1","max-image-preview":"max-image-preview:large","max-video-preview":"max-video-preview:-1"},"canonical":"https:\/\/batijournal.com\/index.php\/ball-theater-architecture-bas-carbone-pour-le-pavillon-francais-de-la-biennale-darchitecture-de-venise\/108970\/","og_locale":"fr_FR","og_type":"article","og_title":"Ball Theater : architecture bas carbone pour le Pavillon fran\u00e7ais de la Biennale d\u2019architecture de Venise","og_description":"Depuis le 20 mai, le Pavillon fran\u00e7ais de la Biennale d\u2019architecture de Venise, con\u00e7u par l\u2019agence Muoto, s&rsquo;est mis \u00e0 l\u2019heure de toutes les \u00ab utopies \u00bb en proposant un \u00ab laboratoire des identit\u00e9s, des lieux et des imaginaires \u00bb. Sous le titre \u00ab Ball theater \u2013 La f\u00eate n\u2019est pas finie \u00bb, l\u2019agence Muoto, [&hellip;]","og_url":"https:\/\/batijournal.com\/index.php\/ball-theater-architecture-bas-carbone-pour-le-pavillon-francais-de-la-biennale-darchitecture-de-venise\/108970\/","og_site_name":"Batijournal","article_published_time":"2023-06-01T06:26:14+00:00","og_image":[{"width":352,"height":440,"url":"https:\/\/batijournal.com\/wp-content\/uploads\/2023\/06\/Ball-Theater_10-C-Muoto-Georgi-Stanishev-et-Clemence-La-Sagna.jpg","type":"image\/jpeg"}],"author":"St\u00e9phane Miget","twitter_card":"summary_large_image","twitter_creator":"@bati_journal","twitter_site":"@bati_journal","twitter_misc":{"\u00c9crit par":"St\u00e9phane Miget","Dur\u00e9e de lecture estim\u00e9e":"1 minute"},"schema":{"@context":"https:\/\/schema.org","@graph":[{"@type":"Article","@id":"https:\/\/batijournal.com\/index.php\/ball-theater-architecture-bas-carbone-pour-le-pavillon-francais-de-la-biennale-darchitecture-de-venise\/108970\/#article","isPartOf":{"@id":"https:\/\/batijournal.com\/index.php\/ball-theater-architecture-bas-carbone-pour-le-pavillon-francais-de-la-biennale-darchitecture-de-venise\/108970\/"},"author":{"name":"St\u00e9phane Miget","@id":"https:\/\/batijournal.com\/#\/schema\/person\/1dc96ec6957aa1ccb25ebe78bb19f100"},"headline":"Ball Theater : architecture bas carbone pour le Pavillon fran\u00e7ais de la Biennale d\u2019architecture de Venise","datePublished":"2023-06-01T06:26:14+00:00","mainEntityOfPage":{"@id":"https:\/\/batijournal.com\/index.php\/ball-theater-architecture-bas-carbone-pour-le-pavillon-francais-de-la-biennale-darchitecture-de-venise\/108970\/"},"wordCount":300,"image":{"@id":"https:\/\/batijournal.com\/index.php\/ball-theater-architecture-bas-carbone-pour-le-pavillon-francais-de-la-biennale-darchitecture-de-venise\/108970\/#primaryimage"},"thumbnailUrl":"https:\/\/batijournal.com\/wp-content\/uploads\/2023\/06\/Ball-Theater_10-C-Muoto-Georgi-Stanishev-et-Clemence-La-Sagna.jpg","keywords":["architecture","bas carbone","venise"],"articleSection":["Actualit\u00e9s","Architecture &amp; Conception","zz_Actualit\u00e9s - Atrium","zz_Actualit\u00e9s - Plan\u00e8te","zz_Atrium Patrimoine","zz_Plan\u00e8te B\u00e2timent"],"inLanguage":"fr-FR"},{"@type":"WebPage","@id":"https:\/\/batijournal.com\/index.php\/ball-theater-architecture-bas-carbone-pour-le-pavillon-francais-de-la-biennale-darchitecture-de-venise\/108970\/","url":"https:\/\/batijournal.com\/index.php\/ball-theater-architecture-bas-carbone-pour-le-pavillon-francais-de-la-biennale-darchitecture-de-venise\/108970\/","name":"Ball Theater : architecture bas carbone pour le Pavillon fran\u00e7ais de la Biennale d\u2019architecture de Venise","isPartOf":{"@id":"https:\/\/batijournal.com\/#website"},"primaryImageOfPage":{"@id":"https:\/\/batijournal.com\/index.php\/ball-theater-architecture-bas-carbone-pour-le-pavillon-francais-de-la-biennale-darchitecture-de-venise\/108970\/#primaryimage"},"image":{"@id":"https:\/\/batijournal.com\/index.php\/ball-theater-architecture-bas-carbone-pour-le-pavillon-francais-de-la-biennale-darchitecture-de-venise\/108970\/#primaryimage"},"thumbnailUrl":"https:\/\/batijournal.com\/wp-content\/uploads\/2023\/06\/Ball-Theater_10-C-Muoto-Georgi-Stanishev-et-Clemence-La-Sagna.jpg","datePublished":"2023-06-01T06:26:14+00:00","author":{"@id":"https:\/\/batijournal.com\/#\/schema\/person\/1dc96ec6957aa1ccb25ebe78bb19f100"},"breadcrumb":{"@id":"https:\/\/batijournal.com\/index.php\/ball-theater-architecture-bas-carbone-pour-le-pavillon-francais-de-la-biennale-darchitecture-de-venise\/108970\/#breadcrumb"},"inLanguage":"fr-FR","potentialAction":[{"@type":"ReadAction","target":["https:\/\/batijournal.com\/index.php\/ball-theater-architecture-bas-carbone-pour-le-pavillon-francais-de-la-biennale-darchitecture-de-venise\/108970\/"]}]},{"@type":"ImageObject","inLanguage":"fr-FR","@id":"https:\/\/batijournal.com\/index.php\/ball-theater-architecture-bas-carbone-pour-le-pavillon-francais-de-la-biennale-darchitecture-de-venise\/108970\/#primaryimage","url":"https:\/\/batijournal.com\/wp-content\/uploads\/2023\/06\/Ball-Theater_10-C-Muoto-Georgi-Stanishev-et-Clemence-La-Sagna.jpg","contentUrl":"https:\/\/batijournal.com\/wp-content\/uploads\/2023\/06\/Ball-Theater_10-C-Muoto-Georgi-Stanishev-et-Clemence-La-Sagna.jpg","width":352,"height":440},{"@type":"BreadcrumbList","@id":"https:\/\/batijournal.com\/index.php\/ball-theater-architecture-bas-carbone-pour-le-pavillon-francais-de-la-biennale-darchitecture-de-venise\/108970\/#breadcrumb","itemListElement":[{"@type":"ListItem","position":1,"name":"Accueil","item":"https:\/\/batijournal.com\/"},{"@type":"ListItem","position":2,"name":"Actualit\u00e9s","item":"https:\/\/batijournal.com\/index.php\/category\/actualites\/"},{"@type":"ListItem","position":3,"name":"Ball Theater : architecture bas carbone pour le Pavillon fran\u00e7ais de la Biennale d\u2019architecture de Venise"}]},{"@type":"WebSite","@id":"https:\/\/batijournal.com\/#website","url":"https:\/\/batijournal.com\/","name":"Batijournal","description":"L&#039;actualit\u00e9 du b\u00e2timent","potentialAction":[{"@type":"SearchAction","target":{"@type":"EntryPoint","urlTemplate":"https:\/\/batijournal.com\/?s={search_term_string}"},"query-input":{"@type":"PropertyValueSpecification","valueRequired":true,"valueName":"search_term_string"}}],"inLanguage":"fr-FR"},{"@type":"Person","@id":"https:\/\/batijournal.com\/#\/schema\/person\/1dc96ec6957aa1ccb25ebe78bb19f100","name":"St\u00e9phane Miget","image":{"@type":"ImageObject","inLanguage":"fr-FR","@id":"https:\/\/secure.gravatar.com\/avatar\/89915563d925342126b8ef0281b93d9d7fc337043e8df017f780908eb9644451?s=96&d=mm&r=g","url":"https:\/\/secure.gravatar.com\/avatar\/89915563d925342126b8ef0281b93d9d7fc337043e8df017f780908eb9644451?s=96&d=mm&r=g","contentUrl":"https:\/\/secure.gravatar.com\/avatar\/89915563d925342126b8ef0281b93d9d7fc337043e8df017f780908eb9644451?s=96&d=mm&r=g","caption":"St\u00e9phane Miget"},"url":"https:\/\/batijournal.com\/index.php\/author\/stephane\/"}]}},"_links":{"self":[{"href":"https:\/\/batijournal.com\/index.php\/wp-json\/wp\/v2\/posts\/108970","targetHints":{"allow":["GET"]}}],"collection":[{"href":"https:\/\/batijournal.com\/index.php\/wp-json\/wp\/v2\/posts"}],"about":[{"href":"https:\/\/batijournal.com\/index.php\/wp-json\/wp\/v2\/types\/post"}],"author":[{"embeddable":true,"href":"https:\/\/batijournal.com\/index.php\/wp-json\/wp\/v2\/users\/17"}],"replies":[{"embeddable":true,"href":"https:\/\/batijournal.com\/index.php\/wp-json\/wp\/v2\/comments?post=108970"}],"version-history":[{"count":0,"href":"https:\/\/batijournal.com\/index.php\/wp-json\/wp\/v2\/posts\/108970\/revisions"}],"wp:featuredmedia":[{"embeddable":true,"href":"https:\/\/batijournal.com\/index.php\/wp-json\/wp\/v2\/media\/108971"}],"wp:attachment":[{"href":"https:\/\/batijournal.com\/index.php\/wp-json\/wp\/v2\/media?parent=108970"}],"wp:term":[{"taxonomy":"category","embeddable":true,"href":"https:\/\/batijournal.com\/index.php\/wp-json\/wp\/v2\/categories?post=108970"},{"taxonomy":"post_tag","embeddable":true,"href":"https:\/\/batijournal.com\/index.php\/wp-json\/wp\/v2\/tags?post=108970"}],"curies":[{"name":"wp","href":"https:\/\/api.w.org\/{rel}","templated":true}]}}