{"id":108972,"date":"2023-06-01T08:33:08","date_gmt":"2023-06-01T06:33:08","guid":{"rendered":"https:\/\/batijournal.com\/?p=108972"},"modified":"2023-06-01T08:33:20","modified_gmt":"2023-06-01T06:33:20","slug":"inscription-de-la-tenture-de-lapocalypse-a-angers-au-registre-international-memoire-du-monde-de-lunesco","status":"publish","type":"post","link":"https:\/\/batijournal.com\/index.php\/inscription-de-la-tenture-de-lapocalypse-a-angers-au-registre-international-memoire-du-monde-de-lunesco\/108972\/","title":{"rendered":"Inscription de la tenture de l\u2019apocalypse \u00e0 Angers au registre international m\u00e9moire du monde de l\u2019UNESCO"},"content":{"rendered":"<p>L\u2019Organisation des Nations unies pour l&rsquo;\u00e9ducation, la science et la culture (UNESCO), lors de sa r\u00e9union du Conseil ex\u00e9cutif du registre du 18 mai 2023, a inscrit la Tenture de l\u2019Apocalypse sur le Registre international M\u00e9moire du Monde, qui comprend quelque 500 \u00e9l\u00e9ments de patrimoine documentaire, dont 13 documents fran\u00e7ais, pr\u00e9sentant un int\u00e9r\u00eat international et une valeur universelle exceptionnelle. Cr\u00e9\u00e9e dans les ann\u00e9es 1380 pour le duc Louis Ier d\u2019Anjou, fils du roi Jean le Bon, la tenture de l\u2019Apocalypse est la plus grande et la plus ancienne tenture histori\u00e9e conserv\u00e9e dans le monde : 67 tapisseries se d\u00e9roulent sur 104 m\u00e8tres de longueur. Environ 500 m\u00b2 subsistent de ses 840 m\u00b2 d&rsquo;origine. Elle repr\u00e9sente l\u2019Apocalypse de Jean, dernier livre de la Bible, et interpr\u00e8te le r\u00e9cit en l\u2019ancrant profond\u00e9ment dans son temps, le XIVe si\u00e8cle. Joyau de l\u2019art m\u00e9di\u00e9val occidental, cette tapisserie de lice r\u00e9alis\u00e9e en laine, au tissage d\u2019une tr\u00e8s grande finesse, constitue \u00e9galement un v\u00e9ritable manuscrit g\u00e9ant tiss\u00e9. Expos\u00e9e lors des grandes c\u00e9r\u00e9monies publiques, elle se pr\u00e9sente comme le prototype d\u2019un nouveau m\u00e9dia au service de l\u2019affirmation des ambitions politiques d\u2019un prince, son commanditaire, fr\u00e8re du roi Charles V.<\/p>\n<p>L\u00e9gu\u00e9e \u00e0 la cath\u00e9drale Saint-Maurice d\u2019Angers par le roi Ren\u00e9 en 1474, elle devient le fleuron du tr\u00e9sor. Class\u00e9e au titre des monuments historiques en 1902, propri\u00e9t\u00e9 de l\u2019\u00c9tat d\u00e8s 1905, elle est plac\u00e9e sous la responsabilit\u00e9 de la DRAC des Pays de la Loire. Depuis 1952 et un accord sign\u00e9 entre l\u2019\u00e9v\u00eaque d\u2019Angers et l\u2019\u00c9tat, elle est pr\u00e9sent\u00e9e en permanence dans la galerie construite pour l\u2019accueillir au ch\u00e2teau d\u2019Angers, g\u00e9r\u00e9 par le Centre des monuments nationaux (CMN). Elle reste cependant affect\u00e9e au culte, tout comme l\u2019ensemble du tr\u00e9sor de la cath\u00e9drale.<\/p>\n<p>Photo : Kimon Berlin &#8211; Wikim\u00e9dia<\/p>\n<p>&nbsp;<\/p>\n","protected":false},"excerpt":{"rendered":"<p>L\u2019Organisation des Nations unies pour l&rsquo;\u00e9ducation, la science et la culture (UNESCO), lors de sa r\u00e9union du Conseil ex\u00e9cutif du registre du 18 mai 2023, a inscrit la Tenture de l\u2019Apocalypse sur le Registre international M\u00e9moire du Monde, qui comprend quelque 500 \u00e9l\u00e9ments de patrimoine documentaire, dont 13 documents fran\u00e7ais, pr\u00e9sentant un int\u00e9r\u00eat international et [&hellip;]<\/p>\n","protected":false},"author":17,"featured_media":108973,"comment_status":"closed","ping_status":"closed","sticky":false,"template":"","format":"standard","meta":{"_et_pb_use_builder":"","_et_pb_old_content":"","_et_gb_content_width":"","footnotes":""},"categories":[10530,6362,10789,10785],"tags":[6376],"class_list":["post-108972","post","type-post","status-publish","format-standard","has-post-thumbnail","hentry","category-actualites","category-services-equipements","category-publications-atrium","category-atrium","tag-monument-historique"],"yoast_head":"<!-- This site is optimized with the Yoast SEO plugin v27.4 - https:\/\/yoast.com\/product\/yoast-seo-wordpress\/ -->\n<title>Inscription de la tenture de l\u2019apocalypse \u00e0 Angers au registre international m\u00e9moire du monde de l\u2019UNESCO<\/title>\n<meta name=\"robots\" content=\"index, follow, max-snippet:-1, max-image-preview:large, max-video-preview:-1\" \/>\n<link rel=\"canonical\" href=\"https:\/\/batijournal.com\/index.php\/inscription-de-la-tenture-de-lapocalypse-a-angers-au-registre-international-memoire-du-monde-de-lunesco\/108972\/\" \/>\n<meta property=\"og:locale\" content=\"fr_FR\" \/>\n<meta property=\"og:type\" content=\"article\" \/>\n<meta property=\"og:title\" content=\"Inscription de la tenture de l\u2019apocalypse \u00e0 Angers au registre international m\u00e9moire du monde de l\u2019UNESCO\" \/>\n<meta property=\"og:description\" content=\"L\u2019Organisation des Nations unies pour l&rsquo;\u00e9ducation, la science et la culture (UNESCO), lors de sa r\u00e9union du Conseil ex\u00e9cutif du registre du 18 mai 2023, a inscrit la Tenture de l\u2019Apocalypse sur le Registre international M\u00e9moire du Monde, qui comprend quelque 500 \u00e9l\u00e9ments de patrimoine documentaire, dont 13 documents fran\u00e7ais, pr\u00e9sentant un int\u00e9r\u00eat international et [&hellip;]\" \/>\n<meta property=\"og:url\" content=\"https:\/\/batijournal.com\/index.php\/inscription-de-la-tenture-de-lapocalypse-a-angers-au-registre-international-memoire-du-monde-de-lunesco\/108972\/\" \/>\n<meta property=\"og:site_name\" content=\"Batijournal\" \/>\n<meta property=\"article:published_time\" content=\"2023-06-01T06:33:08+00:00\" \/>\n<meta property=\"article:modified_time\" content=\"2023-06-01T06:33:20+00:00\" \/>\n<meta property=\"og:image\" content=\"https:\/\/batijournal.com\/wp-content\/uploads\/2023\/06\/Tenture_de_lapocalypse.jpg\" \/>\n\t<meta property=\"og:image:width\" content=\"1000\" \/>\n\t<meta property=\"og:image:height\" content=\"546\" \/>\n\t<meta property=\"og:image:type\" content=\"image\/jpeg\" \/>\n<meta name=\"author\" content=\"St\u00e9phane Miget\" \/>\n<meta name=\"twitter:card\" content=\"summary_large_image\" \/>\n<meta name=\"twitter:creator\" content=\"@bati_journal\" \/>\n<meta name=\"twitter:site\" content=\"@bati_journal\" \/>\n<meta name=\"twitter:label1\" content=\"\u00c9crit par\" \/>\n\t<meta name=\"twitter:data1\" content=\"St\u00e9phane Miget\" \/>\n\t<meta name=\"twitter:label2\" content=\"Dur\u00e9e de lecture estim\u00e9e\" \/>\n\t<meta name=\"twitter:data2\" content=\"2 minutes\" \/>\n<script type=\"application\/ld+json\" class=\"yoast-schema-graph\">{\"@context\":\"https:\\\/\\\/schema.org\",\"@graph\":[{\"@type\":\"Article\",\"@id\":\"https:\\\/\\\/batijournal.com\\\/index.php\\\/inscription-de-la-tenture-de-lapocalypse-a-angers-au-registre-international-memoire-du-monde-de-lunesco\\\/108972\\\/#article\",\"isPartOf\":{\"@id\":\"https:\\\/\\\/batijournal.com\\\/index.php\\\/inscription-de-la-tenture-de-lapocalypse-a-angers-au-registre-international-memoire-du-monde-de-lunesco\\\/108972\\\/\"},\"author\":{\"name\":\"St\u00e9phane Miget\",\"@id\":\"https:\\\/\\\/batijournal.com\\\/#\\\/schema\\\/person\\\/1dc96ec6957aa1ccb25ebe78bb19f100\"},\"headline\":\"Inscription de la tenture de l\u2019apocalypse \u00e0 Angers au registre international m\u00e9moire du monde de l\u2019UNESCO\",\"datePublished\":\"2023-06-01T06:33:08+00:00\",\"dateModified\":\"2023-06-01T06:33:20+00:00\",\"mainEntityOfPage\":{\"@id\":\"https:\\\/\\\/batijournal.com\\\/index.php\\\/inscription-de-la-tenture-de-lapocalypse-a-angers-au-registre-international-memoire-du-monde-de-lunesco\\\/108972\\\/\"},\"wordCount\":363,\"image\":{\"@id\":\"https:\\\/\\\/batijournal.com\\\/index.php\\\/inscription-de-la-tenture-de-lapocalypse-a-angers-au-registre-international-memoire-du-monde-de-lunesco\\\/108972\\\/#primaryimage\"},\"thumbnailUrl\":\"https:\\\/\\\/batijournal.com\\\/wp-content\\\/uploads\\\/2023\\\/06\\\/Tenture_de_lapocalypse.jpg\",\"keywords\":[\"monument historique\"],\"articleSection\":[\"Actualit\u00e9s\",\"Divers\",\"zz_Actualit\u00e9s - Atrium\",\"zz_Atrium Patrimoine\"],\"inLanguage\":\"fr-FR\"},{\"@type\":\"WebPage\",\"@id\":\"https:\\\/\\\/batijournal.com\\\/index.php\\\/inscription-de-la-tenture-de-lapocalypse-a-angers-au-registre-international-memoire-du-monde-de-lunesco\\\/108972\\\/\",\"url\":\"https:\\\/\\\/batijournal.com\\\/index.php\\\/inscription-de-la-tenture-de-lapocalypse-a-angers-au-registre-international-memoire-du-monde-de-lunesco\\\/108972\\\/\",\"name\":\"Inscription de la tenture de l\u2019apocalypse \u00e0 Angers au registre international m\u00e9moire du monde de l\u2019UNESCO\",\"isPartOf\":{\"@id\":\"https:\\\/\\\/batijournal.com\\\/#website\"},\"primaryImageOfPage\":{\"@id\":\"https:\\\/\\\/batijournal.com\\\/index.php\\\/inscription-de-la-tenture-de-lapocalypse-a-angers-au-registre-international-memoire-du-monde-de-lunesco\\\/108972\\\/#primaryimage\"},\"image\":{\"@id\":\"https:\\\/\\\/batijournal.com\\\/index.php\\\/inscription-de-la-tenture-de-lapocalypse-a-angers-au-registre-international-memoire-du-monde-de-lunesco\\\/108972\\\/#primaryimage\"},\"thumbnailUrl\":\"https:\\\/\\\/batijournal.com\\\/wp-content\\\/uploads\\\/2023\\\/06\\\/Tenture_de_lapocalypse.jpg\",\"datePublished\":\"2023-06-01T06:33:08+00:00\",\"dateModified\":\"2023-06-01T06:33:20+00:00\",\"author\":{\"@id\":\"https:\\\/\\\/batijournal.com\\\/#\\\/schema\\\/person\\\/1dc96ec6957aa1ccb25ebe78bb19f100\"},\"breadcrumb\":{\"@id\":\"https:\\\/\\\/batijournal.com\\\/index.php\\\/inscription-de-la-tenture-de-lapocalypse-a-angers-au-registre-international-memoire-du-monde-de-lunesco\\\/108972\\\/#breadcrumb\"},\"inLanguage\":\"fr-FR\",\"potentialAction\":[{\"@type\":\"ReadAction\",\"target\":[\"https:\\\/\\\/batijournal.com\\\/index.php\\\/inscription-de-la-tenture-de-lapocalypse-a-angers-au-registre-international-memoire-du-monde-de-lunesco\\\/108972\\\/\"]}]},{\"@type\":\"ImageObject\",\"inLanguage\":\"fr-FR\",\"@id\":\"https:\\\/\\\/batijournal.com\\\/index.php\\\/inscription-de-la-tenture-de-lapocalypse-a-angers-au-registre-international-memoire-du-monde-de-lunesco\\\/108972\\\/#primaryimage\",\"url\":\"https:\\\/\\\/batijournal.com\\\/wp-content\\\/uploads\\\/2023\\\/06\\\/Tenture_de_lapocalypse.jpg\",\"contentUrl\":\"https:\\\/\\\/batijournal.com\\\/wp-content\\\/uploads\\\/2023\\\/06\\\/Tenture_de_lapocalypse.jpg\",\"width\":1000,\"height\":546},{\"@type\":\"BreadcrumbList\",\"@id\":\"https:\\\/\\\/batijournal.com\\\/index.php\\\/inscription-de-la-tenture-de-lapocalypse-a-angers-au-registre-international-memoire-du-monde-de-lunesco\\\/108972\\\/#breadcrumb\",\"itemListElement\":[{\"@type\":\"ListItem\",\"position\":1,\"name\":\"Accueil\",\"item\":\"https:\\\/\\\/batijournal.com\\\/\"},{\"@type\":\"ListItem\",\"position\":2,\"name\":\"Actualit\u00e9s\",\"item\":\"https:\\\/\\\/batijournal.com\\\/index.php\\\/category\\\/actualites\\\/\"},{\"@type\":\"ListItem\",\"position\":3,\"name\":\"Inscription de la tenture de l\u2019apocalypse \u00e0 Angers au registre international m\u00e9moire du monde de l\u2019UNESCO\"}]},{\"@type\":\"WebSite\",\"@id\":\"https:\\\/\\\/batijournal.com\\\/#website\",\"url\":\"https:\\\/\\\/batijournal.com\\\/\",\"name\":\"Batijournal\",\"description\":\"L&#039;actualit\u00e9 du b\u00e2timent\",\"potentialAction\":[{\"@type\":\"SearchAction\",\"target\":{\"@type\":\"EntryPoint\",\"urlTemplate\":\"https:\\\/\\\/batijournal.com\\\/?s={search_term_string}\"},\"query-input\":{\"@type\":\"PropertyValueSpecification\",\"valueRequired\":true,\"valueName\":\"search_term_string\"}}],\"inLanguage\":\"fr-FR\"},{\"@type\":\"Person\",\"@id\":\"https:\\\/\\\/batijournal.com\\\/#\\\/schema\\\/person\\\/1dc96ec6957aa1ccb25ebe78bb19f100\",\"name\":\"St\u00e9phane Miget\",\"image\":{\"@type\":\"ImageObject\",\"inLanguage\":\"fr-FR\",\"@id\":\"https:\\\/\\\/secure.gravatar.com\\\/avatar\\\/89915563d925342126b8ef0281b93d9d7fc337043e8df017f780908eb9644451?s=96&d=mm&r=g\",\"url\":\"https:\\\/\\\/secure.gravatar.com\\\/avatar\\\/89915563d925342126b8ef0281b93d9d7fc337043e8df017f780908eb9644451?s=96&d=mm&r=g\",\"contentUrl\":\"https:\\\/\\\/secure.gravatar.com\\\/avatar\\\/89915563d925342126b8ef0281b93d9d7fc337043e8df017f780908eb9644451?s=96&d=mm&r=g\",\"caption\":\"St\u00e9phane Miget\"},\"url\":\"https:\\\/\\\/batijournal.com\\\/index.php\\\/author\\\/stephane\\\/\"}]}<\/script>\n<!-- \/ Yoast SEO plugin. -->","yoast_head_json":{"title":"Inscription de la tenture de l\u2019apocalypse \u00e0 Angers au registre international m\u00e9moire du monde de l\u2019UNESCO","robots":{"index":"index","follow":"follow","max-snippet":"max-snippet:-1","max-image-preview":"max-image-preview:large","max-video-preview":"max-video-preview:-1"},"canonical":"https:\/\/batijournal.com\/index.php\/inscription-de-la-tenture-de-lapocalypse-a-angers-au-registre-international-memoire-du-monde-de-lunesco\/108972\/","og_locale":"fr_FR","og_type":"article","og_title":"Inscription de la tenture de l\u2019apocalypse \u00e0 Angers au registre international m\u00e9moire du monde de l\u2019UNESCO","og_description":"L\u2019Organisation des Nations unies pour l&rsquo;\u00e9ducation, la science et la culture (UNESCO), lors de sa r\u00e9union du Conseil ex\u00e9cutif du registre du 18 mai 2023, a inscrit la Tenture de l\u2019Apocalypse sur le Registre international M\u00e9moire du Monde, qui comprend quelque 500 \u00e9l\u00e9ments de patrimoine documentaire, dont 13 documents fran\u00e7ais, pr\u00e9sentant un int\u00e9r\u00eat international et [&hellip;]","og_url":"https:\/\/batijournal.com\/index.php\/inscription-de-la-tenture-de-lapocalypse-a-angers-au-registre-international-memoire-du-monde-de-lunesco\/108972\/","og_site_name":"Batijournal","article_published_time":"2023-06-01T06:33:08+00:00","article_modified_time":"2023-06-01T06:33:20+00:00","og_image":[{"width":1000,"height":546,"url":"https:\/\/batijournal.com\/wp-content\/uploads\/2023\/06\/Tenture_de_lapocalypse.jpg","type":"image\/jpeg"}],"author":"St\u00e9phane Miget","twitter_card":"summary_large_image","twitter_creator":"@bati_journal","twitter_site":"@bati_journal","twitter_misc":{"\u00c9crit par":"St\u00e9phane Miget","Dur\u00e9e de lecture estim\u00e9e":"2 minutes"},"schema":{"@context":"https:\/\/schema.org","@graph":[{"@type":"Article","@id":"https:\/\/batijournal.com\/index.php\/inscription-de-la-tenture-de-lapocalypse-a-angers-au-registre-international-memoire-du-monde-de-lunesco\/108972\/#article","isPartOf":{"@id":"https:\/\/batijournal.com\/index.php\/inscription-de-la-tenture-de-lapocalypse-a-angers-au-registre-international-memoire-du-monde-de-lunesco\/108972\/"},"author":{"name":"St\u00e9phane Miget","@id":"https:\/\/batijournal.com\/#\/schema\/person\/1dc96ec6957aa1ccb25ebe78bb19f100"},"headline":"Inscription de la tenture de l\u2019apocalypse \u00e0 Angers au registre international m\u00e9moire du monde de l\u2019UNESCO","datePublished":"2023-06-01T06:33:08+00:00","dateModified":"2023-06-01T06:33:20+00:00","mainEntityOfPage":{"@id":"https:\/\/batijournal.com\/index.php\/inscription-de-la-tenture-de-lapocalypse-a-angers-au-registre-international-memoire-du-monde-de-lunesco\/108972\/"},"wordCount":363,"image":{"@id":"https:\/\/batijournal.com\/index.php\/inscription-de-la-tenture-de-lapocalypse-a-angers-au-registre-international-memoire-du-monde-de-lunesco\/108972\/#primaryimage"},"thumbnailUrl":"https:\/\/batijournal.com\/wp-content\/uploads\/2023\/06\/Tenture_de_lapocalypse.jpg","keywords":["monument historique"],"articleSection":["Actualit\u00e9s","Divers","zz_Actualit\u00e9s - Atrium","zz_Atrium Patrimoine"],"inLanguage":"fr-FR"},{"@type":"WebPage","@id":"https:\/\/batijournal.com\/index.php\/inscription-de-la-tenture-de-lapocalypse-a-angers-au-registre-international-memoire-du-monde-de-lunesco\/108972\/","url":"https:\/\/batijournal.com\/index.php\/inscription-de-la-tenture-de-lapocalypse-a-angers-au-registre-international-memoire-du-monde-de-lunesco\/108972\/","name":"Inscription de la tenture de l\u2019apocalypse \u00e0 Angers au registre international m\u00e9moire du monde de l\u2019UNESCO","isPartOf":{"@id":"https:\/\/batijournal.com\/#website"},"primaryImageOfPage":{"@id":"https:\/\/batijournal.com\/index.php\/inscription-de-la-tenture-de-lapocalypse-a-angers-au-registre-international-memoire-du-monde-de-lunesco\/108972\/#primaryimage"},"image":{"@id":"https:\/\/batijournal.com\/index.php\/inscription-de-la-tenture-de-lapocalypse-a-angers-au-registre-international-memoire-du-monde-de-lunesco\/108972\/#primaryimage"},"thumbnailUrl":"https:\/\/batijournal.com\/wp-content\/uploads\/2023\/06\/Tenture_de_lapocalypse.jpg","datePublished":"2023-06-01T06:33:08+00:00","dateModified":"2023-06-01T06:33:20+00:00","author":{"@id":"https:\/\/batijournal.com\/#\/schema\/person\/1dc96ec6957aa1ccb25ebe78bb19f100"},"breadcrumb":{"@id":"https:\/\/batijournal.com\/index.php\/inscription-de-la-tenture-de-lapocalypse-a-angers-au-registre-international-memoire-du-monde-de-lunesco\/108972\/#breadcrumb"},"inLanguage":"fr-FR","potentialAction":[{"@type":"ReadAction","target":["https:\/\/batijournal.com\/index.php\/inscription-de-la-tenture-de-lapocalypse-a-angers-au-registre-international-memoire-du-monde-de-lunesco\/108972\/"]}]},{"@type":"ImageObject","inLanguage":"fr-FR","@id":"https:\/\/batijournal.com\/index.php\/inscription-de-la-tenture-de-lapocalypse-a-angers-au-registre-international-memoire-du-monde-de-lunesco\/108972\/#primaryimage","url":"https:\/\/batijournal.com\/wp-content\/uploads\/2023\/06\/Tenture_de_lapocalypse.jpg","contentUrl":"https:\/\/batijournal.com\/wp-content\/uploads\/2023\/06\/Tenture_de_lapocalypse.jpg","width":1000,"height":546},{"@type":"BreadcrumbList","@id":"https:\/\/batijournal.com\/index.php\/inscription-de-la-tenture-de-lapocalypse-a-angers-au-registre-international-memoire-du-monde-de-lunesco\/108972\/#breadcrumb","itemListElement":[{"@type":"ListItem","position":1,"name":"Accueil","item":"https:\/\/batijournal.com\/"},{"@type":"ListItem","position":2,"name":"Actualit\u00e9s","item":"https:\/\/batijournal.com\/index.php\/category\/actualites\/"},{"@type":"ListItem","position":3,"name":"Inscription de la tenture de l\u2019apocalypse \u00e0 Angers au registre international m\u00e9moire du monde de l\u2019UNESCO"}]},{"@type":"WebSite","@id":"https:\/\/batijournal.com\/#website","url":"https:\/\/batijournal.com\/","name":"Batijournal","description":"L&#039;actualit\u00e9 du b\u00e2timent","potentialAction":[{"@type":"SearchAction","target":{"@type":"EntryPoint","urlTemplate":"https:\/\/batijournal.com\/?s={search_term_string}"},"query-input":{"@type":"PropertyValueSpecification","valueRequired":true,"valueName":"search_term_string"}}],"inLanguage":"fr-FR"},{"@type":"Person","@id":"https:\/\/batijournal.com\/#\/schema\/person\/1dc96ec6957aa1ccb25ebe78bb19f100","name":"St\u00e9phane Miget","image":{"@type":"ImageObject","inLanguage":"fr-FR","@id":"https:\/\/secure.gravatar.com\/avatar\/89915563d925342126b8ef0281b93d9d7fc337043e8df017f780908eb9644451?s=96&d=mm&r=g","url":"https:\/\/secure.gravatar.com\/avatar\/89915563d925342126b8ef0281b93d9d7fc337043e8df017f780908eb9644451?s=96&d=mm&r=g","contentUrl":"https:\/\/secure.gravatar.com\/avatar\/89915563d925342126b8ef0281b93d9d7fc337043e8df017f780908eb9644451?s=96&d=mm&r=g","caption":"St\u00e9phane Miget"},"url":"https:\/\/batijournal.com\/index.php\/author\/stephane\/"}]}},"_links":{"self":[{"href":"https:\/\/batijournal.com\/index.php\/wp-json\/wp\/v2\/posts\/108972","targetHints":{"allow":["GET"]}}],"collection":[{"href":"https:\/\/batijournal.com\/index.php\/wp-json\/wp\/v2\/posts"}],"about":[{"href":"https:\/\/batijournal.com\/index.php\/wp-json\/wp\/v2\/types\/post"}],"author":[{"embeddable":true,"href":"https:\/\/batijournal.com\/index.php\/wp-json\/wp\/v2\/users\/17"}],"replies":[{"embeddable":true,"href":"https:\/\/batijournal.com\/index.php\/wp-json\/wp\/v2\/comments?post=108972"}],"version-history":[{"count":0,"href":"https:\/\/batijournal.com\/index.php\/wp-json\/wp\/v2\/posts\/108972\/revisions"}],"wp:featuredmedia":[{"embeddable":true,"href":"https:\/\/batijournal.com\/index.php\/wp-json\/wp\/v2\/media\/108973"}],"wp:attachment":[{"href":"https:\/\/batijournal.com\/index.php\/wp-json\/wp\/v2\/media?parent=108972"}],"wp:term":[{"taxonomy":"category","embeddable":true,"href":"https:\/\/batijournal.com\/index.php\/wp-json\/wp\/v2\/categories?post=108972"},{"taxonomy":"post_tag","embeddable":true,"href":"https:\/\/batijournal.com\/index.php\/wp-json\/wp\/v2\/tags?post=108972"}],"curies":[{"name":"wp","href":"https:\/\/api.w.org\/{rel}","templated":true}]}}