{"id":108974,"date":"2023-06-01T14:53:08","date_gmt":"2023-06-01T12:53:08","guid":{"rendered":"https:\/\/batijournal.com\/?p=108974"},"modified":"2023-06-01T14:53:08","modified_gmt":"2023-06-01T12:53:08","slug":"le-phare-de-grave-et-son-musee-rouvrent-leurs-portes","status":"publish","type":"post","link":"https:\/\/batijournal.com\/index.php\/le-phare-de-grave-et-son-musee-rouvrent-leurs-portes\/108974\/","title":{"rendered":"Le phare de Grave et son mus\u00e9e rouvrent leurs portes"},"content":{"rendered":"<p>Apr\u00e8s trois ann\u00e9es de travaux soutenus par la DRAC de Nouvelle-Aquitaine, le phare de Grave, qui abrite le Mus\u00e9e du Phare de Cordouan et des Phares &amp; Balises, rouvre ses portes avec une sc\u00e9nographie enrichie. Le Phare se trouve \u00e0 la pointe de Grave dans la partie sud de l\u2019embouchure de l\u2019estuaire de la Gironde. Du haut de ses 28 m\u00e8tres et de ses 108 marches, cette tour carr\u00e9e offre aux visiteurs une vue imprenable sur l\u2019estuaire et le Phare de Cordouan. Initi\u00e9e en 2020 par le Conservatoire du Littoral, affectataire du monument depuis 2017, la restauration du b\u00e2ti et le r\u00e9am\u00e9nagement du mus\u00e9e ont \u00e9t\u00e9 r\u00e9alis\u00e9s avec le soutien financier de la DRAC. \u00c0 l\u2019ext\u00e9rieur, le chantier a principalement concern\u00e9 la reprise des fa\u00e7ades et la r\u00e9vision des couvertures des ailes Nord et Sud. Au c\u0153ur de la r\u00e9flexion, la question environnementale a justifi\u00e9 le recours \u00e0 des syst\u00e8mes peu \u00e9nergivores et \u00e0 des mat\u00e9riaux bio-sourc\u00e9s. Ces am\u00e9liorations, alli\u00e9es aux am\u00e9nagements ext\u00e9rieurs, assurent le positionnement harmonieux du phare construit en 1860 sur l\u2019extr\u00e9mit\u00e9 de la pointe de Grave, tout au nord du M\u00e9doc. Situ\u00e9 face \u00e0 l\u2019oc\u00e9an Atlantique et au phare de Cordouan, l&rsquo;\u00e9difice inscrit au titre des monuments historiques depuis 2009 signale l\u2019entr\u00e9e de l\u2019estuaire de la Gironde. D\u2019importants travaux ont \u00e9t\u00e9 r\u00e9alis\u00e9s dans les ailes Nord et Sud pour accueillir la nouvelle mus\u00e9ographie d\u00e9di\u00e9e au phare de Cordouan et aux Phares et Balises.<\/p>\n<p>Photo : DRAC Nouvelle-Aquitaine<\/p>\n","protected":false},"excerpt":{"rendered":"<p>Apr\u00e8s trois ann\u00e9es de travaux soutenus par la DRAC de Nouvelle-Aquitaine, le phare de Grave, qui abrite le Mus\u00e9e du Phare de Cordouan et des Phares &amp; Balises, rouvre ses portes avec une sc\u00e9nographie enrichie. Le Phare se trouve \u00e0 la pointe de Grave dans la partie sud de l\u2019embouchure de l\u2019estuaire de la Gironde. [&hellip;]<\/p>\n","protected":false},"author":17,"featured_media":108975,"comment_status":"closed","ping_status":"closed","sticky":false,"template":"","format":"standard","meta":{"_et_pb_use_builder":"","_et_pb_old_content":"","_et_gb_content_width":"","footnotes":""},"categories":[10530,6362,10789,10785],"tags":[6376,8412],"class_list":["post-108974","post","type-post","status-publish","format-standard","has-post-thumbnail","hentry","category-actualites","category-services-equipements","category-publications-atrium","category-atrium","tag-monument-historique","tag-phare"],"yoast_head":"<!-- This site is optimized with the Yoast SEO plugin v27.4 - https:\/\/yoast.com\/product\/yoast-seo-wordpress\/ -->\n<title>Le phare de Grave et son mus\u00e9e rouvrent leurs portes<\/title>\n<meta name=\"robots\" content=\"index, follow, max-snippet:-1, max-image-preview:large, max-video-preview:-1\" \/>\n<link rel=\"canonical\" href=\"https:\/\/batijournal.com\/index.php\/le-phare-de-grave-et-son-musee-rouvrent-leurs-portes\/108974\/\" \/>\n<meta property=\"og:locale\" content=\"fr_FR\" \/>\n<meta property=\"og:type\" content=\"article\" \/>\n<meta property=\"og:title\" content=\"Le phare de Grave et son mus\u00e9e rouvrent leurs portes\" \/>\n<meta property=\"og:description\" content=\"Apr\u00e8s trois ann\u00e9es de travaux soutenus par la DRAC de Nouvelle-Aquitaine, le phare de Grave, qui abrite le Mus\u00e9e du Phare de Cordouan et des Phares &amp; Balises, rouvre ses portes avec une sc\u00e9nographie enrichie. Le Phare se trouve \u00e0 la pointe de Grave dans la partie sud de l\u2019embouchure de l\u2019estuaire de la Gironde. [&hellip;]\" \/>\n<meta property=\"og:url\" content=\"https:\/\/batijournal.com\/index.php\/le-phare-de-grave-et-son-musee-rouvrent-leurs-portes\/108974\/\" \/>\n<meta property=\"og:site_name\" content=\"Batijournal\" \/>\n<meta property=\"article:published_time\" content=\"2023-06-01T12:53:08+00:00\" \/>\n<meta property=\"og:image\" content=\"https:\/\/batijournal.com\/wp-content\/uploads\/2023\/06\/Inauguration-phare-de-Grave.jpg\" \/>\n\t<meta property=\"og:image:width\" content=\"1088\" \/>\n\t<meta property=\"og:image:height\" content=\"816\" \/>\n\t<meta property=\"og:image:type\" content=\"image\/jpeg\" \/>\n<meta name=\"author\" content=\"St\u00e9phane Miget\" \/>\n<meta name=\"twitter:card\" content=\"summary_large_image\" \/>\n<meta name=\"twitter:creator\" content=\"@bati_journal\" \/>\n<meta name=\"twitter:site\" content=\"@bati_journal\" \/>\n<meta name=\"twitter:label1\" content=\"\u00c9crit par\" \/>\n\t<meta name=\"twitter:data1\" content=\"St\u00e9phane Miget\" \/>\n\t<meta name=\"twitter:label2\" content=\"Dur\u00e9e de lecture estim\u00e9e\" \/>\n\t<meta name=\"twitter:data2\" content=\"1 minute\" \/>\n<script type=\"application\/ld+json\" class=\"yoast-schema-graph\">{\"@context\":\"https:\\\/\\\/schema.org\",\"@graph\":[{\"@type\":\"Article\",\"@id\":\"https:\\\/\\\/batijournal.com\\\/index.php\\\/le-phare-de-grave-et-son-musee-rouvrent-leurs-portes\\\/108974\\\/#article\",\"isPartOf\":{\"@id\":\"https:\\\/\\\/batijournal.com\\\/index.php\\\/le-phare-de-grave-et-son-musee-rouvrent-leurs-portes\\\/108974\\\/\"},\"author\":{\"name\":\"St\u00e9phane Miget\",\"@id\":\"https:\\\/\\\/batijournal.com\\\/#\\\/schema\\\/person\\\/1dc96ec6957aa1ccb25ebe78bb19f100\"},\"headline\":\"Le phare de Grave et son mus\u00e9e rouvrent leurs portes\",\"datePublished\":\"2023-06-01T12:53:08+00:00\",\"mainEntityOfPage\":{\"@id\":\"https:\\\/\\\/batijournal.com\\\/index.php\\\/le-phare-de-grave-et-son-musee-rouvrent-leurs-portes\\\/108974\\\/\"},\"wordCount\":283,\"image\":{\"@id\":\"https:\\\/\\\/batijournal.com\\\/index.php\\\/le-phare-de-grave-et-son-musee-rouvrent-leurs-portes\\\/108974\\\/#primaryimage\"},\"thumbnailUrl\":\"https:\\\/\\\/batijournal.com\\\/wp-content\\\/uploads\\\/2023\\\/06\\\/Inauguration-phare-de-Grave.jpg\",\"keywords\":[\"monument historique\",\"phare\"],\"articleSection\":[\"Actualit\u00e9s\",\"Divers\",\"zz_Actualit\u00e9s - Atrium\",\"zz_Atrium Patrimoine\"],\"inLanguage\":\"fr-FR\"},{\"@type\":\"WebPage\",\"@id\":\"https:\\\/\\\/batijournal.com\\\/index.php\\\/le-phare-de-grave-et-son-musee-rouvrent-leurs-portes\\\/108974\\\/\",\"url\":\"https:\\\/\\\/batijournal.com\\\/index.php\\\/le-phare-de-grave-et-son-musee-rouvrent-leurs-portes\\\/108974\\\/\",\"name\":\"Le phare de Grave et son mus\u00e9e rouvrent leurs portes\",\"isPartOf\":{\"@id\":\"https:\\\/\\\/batijournal.com\\\/#website\"},\"primaryImageOfPage\":{\"@id\":\"https:\\\/\\\/batijournal.com\\\/index.php\\\/le-phare-de-grave-et-son-musee-rouvrent-leurs-portes\\\/108974\\\/#primaryimage\"},\"image\":{\"@id\":\"https:\\\/\\\/batijournal.com\\\/index.php\\\/le-phare-de-grave-et-son-musee-rouvrent-leurs-portes\\\/108974\\\/#primaryimage\"},\"thumbnailUrl\":\"https:\\\/\\\/batijournal.com\\\/wp-content\\\/uploads\\\/2023\\\/06\\\/Inauguration-phare-de-Grave.jpg\",\"datePublished\":\"2023-06-01T12:53:08+00:00\",\"author\":{\"@id\":\"https:\\\/\\\/batijournal.com\\\/#\\\/schema\\\/person\\\/1dc96ec6957aa1ccb25ebe78bb19f100\"},\"breadcrumb\":{\"@id\":\"https:\\\/\\\/batijournal.com\\\/index.php\\\/le-phare-de-grave-et-son-musee-rouvrent-leurs-portes\\\/108974\\\/#breadcrumb\"},\"inLanguage\":\"fr-FR\",\"potentialAction\":[{\"@type\":\"ReadAction\",\"target\":[\"https:\\\/\\\/batijournal.com\\\/index.php\\\/le-phare-de-grave-et-son-musee-rouvrent-leurs-portes\\\/108974\\\/\"]}]},{\"@type\":\"ImageObject\",\"inLanguage\":\"fr-FR\",\"@id\":\"https:\\\/\\\/batijournal.com\\\/index.php\\\/le-phare-de-grave-et-son-musee-rouvrent-leurs-portes\\\/108974\\\/#primaryimage\",\"url\":\"https:\\\/\\\/batijournal.com\\\/wp-content\\\/uploads\\\/2023\\\/06\\\/Inauguration-phare-de-Grave.jpg\",\"contentUrl\":\"https:\\\/\\\/batijournal.com\\\/wp-content\\\/uploads\\\/2023\\\/06\\\/Inauguration-phare-de-Grave.jpg\",\"width\":1088,\"height\":816},{\"@type\":\"BreadcrumbList\",\"@id\":\"https:\\\/\\\/batijournal.com\\\/index.php\\\/le-phare-de-grave-et-son-musee-rouvrent-leurs-portes\\\/108974\\\/#breadcrumb\",\"itemListElement\":[{\"@type\":\"ListItem\",\"position\":1,\"name\":\"Accueil\",\"item\":\"https:\\\/\\\/batijournal.com\\\/\"},{\"@type\":\"ListItem\",\"position\":2,\"name\":\"Actualit\u00e9s\",\"item\":\"https:\\\/\\\/batijournal.com\\\/index.php\\\/category\\\/actualites\\\/\"},{\"@type\":\"ListItem\",\"position\":3,\"name\":\"Le phare de Grave et son mus\u00e9e rouvrent leurs portes\"}]},{\"@type\":\"WebSite\",\"@id\":\"https:\\\/\\\/batijournal.com\\\/#website\",\"url\":\"https:\\\/\\\/batijournal.com\\\/\",\"name\":\"Batijournal\",\"description\":\"L&#039;actualit\u00e9 du b\u00e2timent\",\"potentialAction\":[{\"@type\":\"SearchAction\",\"target\":{\"@type\":\"EntryPoint\",\"urlTemplate\":\"https:\\\/\\\/batijournal.com\\\/?s={search_term_string}\"},\"query-input\":{\"@type\":\"PropertyValueSpecification\",\"valueRequired\":true,\"valueName\":\"search_term_string\"}}],\"inLanguage\":\"fr-FR\"},{\"@type\":\"Person\",\"@id\":\"https:\\\/\\\/batijournal.com\\\/#\\\/schema\\\/person\\\/1dc96ec6957aa1ccb25ebe78bb19f100\",\"name\":\"St\u00e9phane Miget\",\"image\":{\"@type\":\"ImageObject\",\"inLanguage\":\"fr-FR\",\"@id\":\"https:\\\/\\\/secure.gravatar.com\\\/avatar\\\/89915563d925342126b8ef0281b93d9d7fc337043e8df017f780908eb9644451?s=96&d=mm&r=g\",\"url\":\"https:\\\/\\\/secure.gravatar.com\\\/avatar\\\/89915563d925342126b8ef0281b93d9d7fc337043e8df017f780908eb9644451?s=96&d=mm&r=g\",\"contentUrl\":\"https:\\\/\\\/secure.gravatar.com\\\/avatar\\\/89915563d925342126b8ef0281b93d9d7fc337043e8df017f780908eb9644451?s=96&d=mm&r=g\",\"caption\":\"St\u00e9phane Miget\"},\"url\":\"https:\\\/\\\/batijournal.com\\\/index.php\\\/author\\\/stephane\\\/\"}]}<\/script>\n<!-- \/ Yoast SEO plugin. -->","yoast_head_json":{"title":"Le phare de Grave et son mus\u00e9e rouvrent leurs portes","robots":{"index":"index","follow":"follow","max-snippet":"max-snippet:-1","max-image-preview":"max-image-preview:large","max-video-preview":"max-video-preview:-1"},"canonical":"https:\/\/batijournal.com\/index.php\/le-phare-de-grave-et-son-musee-rouvrent-leurs-portes\/108974\/","og_locale":"fr_FR","og_type":"article","og_title":"Le phare de Grave et son mus\u00e9e rouvrent leurs portes","og_description":"Apr\u00e8s trois ann\u00e9es de travaux soutenus par la DRAC de Nouvelle-Aquitaine, le phare de Grave, qui abrite le Mus\u00e9e du Phare de Cordouan et des Phares &amp; Balises, rouvre ses portes avec une sc\u00e9nographie enrichie. Le Phare se trouve \u00e0 la pointe de Grave dans la partie sud de l\u2019embouchure de l\u2019estuaire de la Gironde. [&hellip;]","og_url":"https:\/\/batijournal.com\/index.php\/le-phare-de-grave-et-son-musee-rouvrent-leurs-portes\/108974\/","og_site_name":"Batijournal","article_published_time":"2023-06-01T12:53:08+00:00","og_image":[{"width":1088,"height":816,"url":"https:\/\/batijournal.com\/wp-content\/uploads\/2023\/06\/Inauguration-phare-de-Grave.jpg","type":"image\/jpeg"}],"author":"St\u00e9phane Miget","twitter_card":"summary_large_image","twitter_creator":"@bati_journal","twitter_site":"@bati_journal","twitter_misc":{"\u00c9crit par":"St\u00e9phane Miget","Dur\u00e9e de lecture estim\u00e9e":"1 minute"},"schema":{"@context":"https:\/\/schema.org","@graph":[{"@type":"Article","@id":"https:\/\/batijournal.com\/index.php\/le-phare-de-grave-et-son-musee-rouvrent-leurs-portes\/108974\/#article","isPartOf":{"@id":"https:\/\/batijournal.com\/index.php\/le-phare-de-grave-et-son-musee-rouvrent-leurs-portes\/108974\/"},"author":{"name":"St\u00e9phane Miget","@id":"https:\/\/batijournal.com\/#\/schema\/person\/1dc96ec6957aa1ccb25ebe78bb19f100"},"headline":"Le phare de Grave et son mus\u00e9e rouvrent leurs portes","datePublished":"2023-06-01T12:53:08+00:00","mainEntityOfPage":{"@id":"https:\/\/batijournal.com\/index.php\/le-phare-de-grave-et-son-musee-rouvrent-leurs-portes\/108974\/"},"wordCount":283,"image":{"@id":"https:\/\/batijournal.com\/index.php\/le-phare-de-grave-et-son-musee-rouvrent-leurs-portes\/108974\/#primaryimage"},"thumbnailUrl":"https:\/\/batijournal.com\/wp-content\/uploads\/2023\/06\/Inauguration-phare-de-Grave.jpg","keywords":["monument historique","phare"],"articleSection":["Actualit\u00e9s","Divers","zz_Actualit\u00e9s - Atrium","zz_Atrium Patrimoine"],"inLanguage":"fr-FR"},{"@type":"WebPage","@id":"https:\/\/batijournal.com\/index.php\/le-phare-de-grave-et-son-musee-rouvrent-leurs-portes\/108974\/","url":"https:\/\/batijournal.com\/index.php\/le-phare-de-grave-et-son-musee-rouvrent-leurs-portes\/108974\/","name":"Le phare de Grave et son mus\u00e9e rouvrent leurs portes","isPartOf":{"@id":"https:\/\/batijournal.com\/#website"},"primaryImageOfPage":{"@id":"https:\/\/batijournal.com\/index.php\/le-phare-de-grave-et-son-musee-rouvrent-leurs-portes\/108974\/#primaryimage"},"image":{"@id":"https:\/\/batijournal.com\/index.php\/le-phare-de-grave-et-son-musee-rouvrent-leurs-portes\/108974\/#primaryimage"},"thumbnailUrl":"https:\/\/batijournal.com\/wp-content\/uploads\/2023\/06\/Inauguration-phare-de-Grave.jpg","datePublished":"2023-06-01T12:53:08+00:00","author":{"@id":"https:\/\/batijournal.com\/#\/schema\/person\/1dc96ec6957aa1ccb25ebe78bb19f100"},"breadcrumb":{"@id":"https:\/\/batijournal.com\/index.php\/le-phare-de-grave-et-son-musee-rouvrent-leurs-portes\/108974\/#breadcrumb"},"inLanguage":"fr-FR","potentialAction":[{"@type":"ReadAction","target":["https:\/\/batijournal.com\/index.php\/le-phare-de-grave-et-son-musee-rouvrent-leurs-portes\/108974\/"]}]},{"@type":"ImageObject","inLanguage":"fr-FR","@id":"https:\/\/batijournal.com\/index.php\/le-phare-de-grave-et-son-musee-rouvrent-leurs-portes\/108974\/#primaryimage","url":"https:\/\/batijournal.com\/wp-content\/uploads\/2023\/06\/Inauguration-phare-de-Grave.jpg","contentUrl":"https:\/\/batijournal.com\/wp-content\/uploads\/2023\/06\/Inauguration-phare-de-Grave.jpg","width":1088,"height":816},{"@type":"BreadcrumbList","@id":"https:\/\/batijournal.com\/index.php\/le-phare-de-grave-et-son-musee-rouvrent-leurs-portes\/108974\/#breadcrumb","itemListElement":[{"@type":"ListItem","position":1,"name":"Accueil","item":"https:\/\/batijournal.com\/"},{"@type":"ListItem","position":2,"name":"Actualit\u00e9s","item":"https:\/\/batijournal.com\/index.php\/category\/actualites\/"},{"@type":"ListItem","position":3,"name":"Le phare de Grave et son mus\u00e9e rouvrent leurs portes"}]},{"@type":"WebSite","@id":"https:\/\/batijournal.com\/#website","url":"https:\/\/batijournal.com\/","name":"Batijournal","description":"L&#039;actualit\u00e9 du b\u00e2timent","potentialAction":[{"@type":"SearchAction","target":{"@type":"EntryPoint","urlTemplate":"https:\/\/batijournal.com\/?s={search_term_string}"},"query-input":{"@type":"PropertyValueSpecification","valueRequired":true,"valueName":"search_term_string"}}],"inLanguage":"fr-FR"},{"@type":"Person","@id":"https:\/\/batijournal.com\/#\/schema\/person\/1dc96ec6957aa1ccb25ebe78bb19f100","name":"St\u00e9phane Miget","image":{"@type":"ImageObject","inLanguage":"fr-FR","@id":"https:\/\/secure.gravatar.com\/avatar\/89915563d925342126b8ef0281b93d9d7fc337043e8df017f780908eb9644451?s=96&d=mm&r=g","url":"https:\/\/secure.gravatar.com\/avatar\/89915563d925342126b8ef0281b93d9d7fc337043e8df017f780908eb9644451?s=96&d=mm&r=g","contentUrl":"https:\/\/secure.gravatar.com\/avatar\/89915563d925342126b8ef0281b93d9d7fc337043e8df017f780908eb9644451?s=96&d=mm&r=g","caption":"St\u00e9phane Miget"},"url":"https:\/\/batijournal.com\/index.php\/author\/stephane\/"}]}},"_links":{"self":[{"href":"https:\/\/batijournal.com\/index.php\/wp-json\/wp\/v2\/posts\/108974","targetHints":{"allow":["GET"]}}],"collection":[{"href":"https:\/\/batijournal.com\/index.php\/wp-json\/wp\/v2\/posts"}],"about":[{"href":"https:\/\/batijournal.com\/index.php\/wp-json\/wp\/v2\/types\/post"}],"author":[{"embeddable":true,"href":"https:\/\/batijournal.com\/index.php\/wp-json\/wp\/v2\/users\/17"}],"replies":[{"embeddable":true,"href":"https:\/\/batijournal.com\/index.php\/wp-json\/wp\/v2\/comments?post=108974"}],"version-history":[{"count":0,"href":"https:\/\/batijournal.com\/index.php\/wp-json\/wp\/v2\/posts\/108974\/revisions"}],"wp:featuredmedia":[{"embeddable":true,"href":"https:\/\/batijournal.com\/index.php\/wp-json\/wp\/v2\/media\/108975"}],"wp:attachment":[{"href":"https:\/\/batijournal.com\/index.php\/wp-json\/wp\/v2\/media?parent=108974"}],"wp:term":[{"taxonomy":"category","embeddable":true,"href":"https:\/\/batijournal.com\/index.php\/wp-json\/wp\/v2\/categories?post=108974"},{"taxonomy":"post_tag","embeddable":true,"href":"https:\/\/batijournal.com\/index.php\/wp-json\/wp\/v2\/tags?post=108974"}],"curies":[{"name":"wp","href":"https:\/\/api.w.org\/{rel}","templated":true}]}}