{"id":108976,"date":"2023-06-01T14:57:24","date_gmt":"2023-06-01T12:57:24","guid":{"rendered":"https:\/\/batijournal.com\/?p=108976"},"modified":"2023-06-01T14:57:24","modified_gmt":"2023-06-01T12:57:24","slug":"strategie-nationale-pour-les-metiers-dart","status":"publish","type":"post","link":"https:\/\/batijournal.com\/index.php\/strategie-nationale-pour-les-metiers-dart\/108976\/","title":{"rendered":"Strat\u00e9gie nationale pour les m\u00e9tiers d&rsquo;art"},"content":{"rendered":"<p>Selon les estimations actuelles, les m\u00e9tiers d\u2019art repr\u00e9sentent plus de 60 000 entreprises et 150 000 professionnels pour un chiffre d\u2019affaires cumul\u00e9 estim\u00e9 \u00e0 19 milliards d\u2019euros en 2019, dont 8 milliards \u00e0 l\u2019export. Cet \u00e9cosyst\u00e8me repose \u00e0 80% sur la cr\u00e9ativit\u00e9 et l\u2019expertise d\u2019artisans ind\u00e9pendants. Pour mieux soutenir ces m\u00e9tiers, pr\u00e9server leur excellence, valoriser leur diversit\u00e9, garantir leur transmission aux futures g\u00e9n\u00e9rations et les accompagner dans leur d\u00e9veloppement international, le Gouvernement a d\u00e9cid\u00e9 de d\u00e9ployer une nouvelle strat\u00e9gie nationale en faveur des m\u00e9tiers d\u2019art et du patrimoine. Ce plan port\u00e9 par le minist\u00e8re de la Culture et le minist\u00e8re du Commerce, de l\u2019Artisanat et du Tourisme, est la premi\u00e8re politique publique structurelle consacr\u00e9e exclusivement aux m\u00e9tiers d\u2019art. Il renforce le soutien des pouvoirs publics \u00e0 travers des mesures concr\u00e8tes pour r\u00e9pondre aux attentes exprim\u00e9es par ses acteurs, autour de cinq grands axes : jeunesse, formation, territoires, innovation et international. Il s\u2019appuie sur les manufactures nationales ainsi que plusieurs organismes associ\u00e9s : l\u2019Institut National des M\u00e9tiers d\u2019Art, les Chambres des m\u00e9tiers et de l\u2019artisanat, Bpifrance ou encore la Banque des Territoires. Pilot\u00e9 de mani\u00e8re originale avec l\u2019appui de \u00ab r\u00e9f\u00e9rents \u00bb au r\u00f4le f\u00e9d\u00e9rateur, il a vocation \u00e0 cr\u00e9er des synergies nouvelles entre acteurs priv\u00e9s et publics. Surtout, il donne aux m\u00e9tiers d\u2019art les moyens et les capacit\u00e9s de se structurer v\u00e9ritablement en fili\u00e8re et c\u2019est l\u00e0 l\u2019objectif que les minist\u00e8res de la Culture et de l\u2019Artisanat se donnent. L\u2019enjeu est de conclure, d\u2019ici 2025, en lien avec les acteurs priv\u00e9s, un contrat strat\u00e9gique de fili\u00e8re qui permettra de d\u00e9ployer en faveur des m\u00e9tiers d\u2019art une grande politique \u00e9conomique et culturelle coh\u00e9rente et durable.<\/p>\n<p>Dans le cadre de France 2030, 46,8 millions d\u2019euros sont d\u00e9di\u00e9s \u00e0 la cr\u00e9ation de p\u00f4les territoriaux des industries culturelle et cr\u00e9atives, en majorit\u00e9 centr\u00e9s sur les m\u00e9tiers d\u2019art, du design et de la mode. Ce dispositif ambitieux soutient l\u2019\u00e9mergence d\u2019initiatives mutualis\u00e9es qui visent \u00e0 structurer un \u00e9cosyst\u00e8me local ou r\u00e9gional (partage de ressources et de mat\u00e9riaux, ateliers collaboratifs, \u00ab makerspace \u00bb, expositions, temps de ventes en commun&#8230;) Clos le 31 mars 2023, le premier appel \u00e0 manifestation d\u2019int\u00e9r\u00eat a re\u00e7u 134 dossiers de candidature dans 13 r\u00e9gions, dont l\u2019Outre-mer. 80 concernent les m\u00e9tiers d\u2019art. La pr\u00e9-s\u00e9lection est effectu\u00e9e par la Caisse des D\u00e9p\u00f4ts et Consignations. Les projets retenus devront affiner leurs propositions en vue d\u2019une s\u00e9lection finale \u00e0 la rentr\u00e9e 2023.<\/p>\n<p>Les artisans d\u2019art pourront d\u00e9sormais b\u00e9n\u00e9ficier d&rsquo;une allocation d&rsquo;installation d&rsquo;atelier (AIA) ou d\u2019achat de mat\u00e9riel attribu\u00e9e par le minist\u00e8re de la Culture via les directions g\u00e9n\u00e9rales des affaires culturelles (DRAC) de leur r\u00e9gion de r\u00e9sidence ou les directions d\u2019affaires culturelles pour les territoires d\u2019Outre-mer. Cette aide \u00e9tait jusqu\u2019ici r\u00e9serv\u00e9e aux artistes du champ des arts visuels (peinture, dessin, sculpture, photographie, design). Elle permettra de financer l&rsquo;installation d\u2019atelier et l\u2019achat de mat\u00e9riel dans les domaines des arts d\u00e9coratifs et des m\u00e9tiers d\u2019art, en tenant compte de l&rsquo;int\u00e9r\u00eat artistique du projet, des conditions de sa r\u00e9alisation et de la d\u00e9marche professionnelle du demandeur.<\/p>\n<p>Espaces de production et de travail mutualis\u00e9s, les manufactures de proximit\u00e9 permettent de regrouper des communaut\u00e9s de professionnels, et contribuent \u00e0 la relocalisation de l\u2019activit\u00e9 de production et au renforcement \u00e9conomique des territoires. 100 manufactures ont d\u2019ores et d\u00e9j\u00e0 \u00e9t\u00e9 cr\u00e9\u00e9es dont la moiti\u00e9 sont consacr\u00e9es aux m\u00e9tiers d\u2019art.\u00a0Pour parfaire ce maillage territorial, une nouvelle vague de 10 nouvelles Manufactures de Proximit\u00e9 sera lanc\u00e9e en 2024 pour un montant de 3 M\u20ac. Cette mesure vise \u00e0 soutenir les tiers-lieux productifs, ateliers partag\u00e9s dans les territoires, au service des m\u00e9tiers d\u2019art.<\/p>\n","protected":false},"excerpt":{"rendered":"<p>Selon les estimations actuelles, les m\u00e9tiers d\u2019art repr\u00e9sentent plus de 60 000 entreprises et 150 000 professionnels pour un chiffre d\u2019affaires cumul\u00e9 estim\u00e9 \u00e0 19 milliards d\u2019euros en 2019, dont 8 milliards \u00e0 l\u2019export. Cet \u00e9cosyst\u00e8me repose \u00e0 80% sur la cr\u00e9ativit\u00e9 et l\u2019expertise d\u2019artisans ind\u00e9pendants. Pour mieux soutenir ces m\u00e9tiers, pr\u00e9server leur excellence, valoriser [&hellip;]<\/p>\n","protected":false},"author":17,"featured_media":105443,"comment_status":"closed","ping_status":"closed","sticky":false,"template":"","format":"standard","meta":{"_et_pb_use_builder":"","_et_pb_old_content":"","_et_gb_content_width":"","footnotes":""},"categories":[10530,6345,10789,10785],"tags":[6188],"class_list":["post-108976","post","type-post","status-publish","format-standard","has-post-thumbnail","hentry","category-actualites","category-economie-marches","category-publications-atrium","category-atrium","tag-metiers-dart"],"yoast_head":"<!-- This site is optimized with the Yoast SEO plugin v27.4 - https:\/\/yoast.com\/product\/yoast-seo-wordpress\/ -->\n<title>Strat\u00e9gie nationale pour les m\u00e9tiers d&#039;art<\/title>\n<meta name=\"robots\" content=\"index, follow, max-snippet:-1, max-image-preview:large, max-video-preview:-1\" \/>\n<link rel=\"canonical\" href=\"https:\/\/batijournal.com\/index.php\/strategie-nationale-pour-les-metiers-dart\/108976\/\" \/>\n<meta property=\"og:locale\" content=\"fr_FR\" \/>\n<meta property=\"og:type\" content=\"article\" \/>\n<meta property=\"og:title\" content=\"Strat\u00e9gie nationale pour les m\u00e9tiers d&#039;art\" \/>\n<meta property=\"og:description\" content=\"Selon les estimations actuelles, les m\u00e9tiers d\u2019art repr\u00e9sentent plus de 60 000 entreprises et 150 000 professionnels pour un chiffre d\u2019affaires cumul\u00e9 estim\u00e9 \u00e0 19 milliards d\u2019euros en 2019, dont 8 milliards \u00e0 l\u2019export. Cet \u00e9cosyst\u00e8me repose \u00e0 80% sur la cr\u00e9ativit\u00e9 et l\u2019expertise d\u2019artisans ind\u00e9pendants. Pour mieux soutenir ces m\u00e9tiers, pr\u00e9server leur excellence, valoriser [&hellip;]\" \/>\n<meta property=\"og:url\" content=\"https:\/\/batijournal.com\/index.php\/strategie-nationale-pour-les-metiers-dart\/108976\/\" \/>\n<meta property=\"og:site_name\" content=\"Batijournal\" \/>\n<meta property=\"article:published_time\" content=\"2023-06-01T12:57:24+00:00\" \/>\n<meta property=\"og:image\" content=\"https:\/\/batijournal.com\/wp-content\/uploads\/2021\/02\/Restaurateur-du-Patrimoine-scaled.jpg\" \/>\n\t<meta property=\"og:image:width\" content=\"2560\" \/>\n\t<meta property=\"og:image:height\" content=\"1835\" \/>\n\t<meta property=\"og:image:type\" content=\"image\/jpeg\" \/>\n<meta name=\"author\" content=\"St\u00e9phane Miget\" \/>\n<meta name=\"twitter:card\" content=\"summary_large_image\" \/>\n<meta name=\"twitter:creator\" content=\"@bati_journal\" \/>\n<meta name=\"twitter:site\" content=\"@bati_journal\" \/>\n<meta name=\"twitter:label1\" content=\"\u00c9crit par\" \/>\n\t<meta name=\"twitter:data1\" content=\"St\u00e9phane Miget\" \/>\n\t<meta name=\"twitter:label2\" content=\"Dur\u00e9e de lecture estim\u00e9e\" \/>\n\t<meta name=\"twitter:data2\" content=\"3 minutes\" \/>\n<script type=\"application\/ld+json\" class=\"yoast-schema-graph\">{\"@context\":\"https:\\\/\\\/schema.org\",\"@graph\":[{\"@type\":\"Article\",\"@id\":\"https:\\\/\\\/batijournal.com\\\/index.php\\\/strategie-nationale-pour-les-metiers-dart\\\/108976\\\/#article\",\"isPartOf\":{\"@id\":\"https:\\\/\\\/batijournal.com\\\/index.php\\\/strategie-nationale-pour-les-metiers-dart\\\/108976\\\/\"},\"author\":{\"name\":\"St\u00e9phane Miget\",\"@id\":\"https:\\\/\\\/batijournal.com\\\/#\\\/schema\\\/person\\\/1dc96ec6957aa1ccb25ebe78bb19f100\"},\"headline\":\"Strat\u00e9gie nationale pour les m\u00e9tiers d&rsquo;art\",\"datePublished\":\"2023-06-01T12:57:24+00:00\",\"mainEntityOfPage\":{\"@id\":\"https:\\\/\\\/batijournal.com\\\/index.php\\\/strategie-nationale-pour-les-metiers-dart\\\/108976\\\/\"},\"wordCount\":700,\"image\":{\"@id\":\"https:\\\/\\\/batijournal.com\\\/index.php\\\/strategie-nationale-pour-les-metiers-dart\\\/108976\\\/#primaryimage\"},\"thumbnailUrl\":\"https:\\\/\\\/batijournal.com\\\/wp-content\\\/uploads\\\/2021\\\/02\\\/Restaurateur-du-Patrimoine-scaled.jpg\",\"keywords\":[\"m\u00e9tiers d'art\"],\"articleSection\":[\"Actualit\u00e9s\",\"\u00c9conomie &amp; March\u00e9s\",\"zz_Actualit\u00e9s - Atrium\",\"zz_Atrium Patrimoine\"],\"inLanguage\":\"fr-FR\"},{\"@type\":\"WebPage\",\"@id\":\"https:\\\/\\\/batijournal.com\\\/index.php\\\/strategie-nationale-pour-les-metiers-dart\\\/108976\\\/\",\"url\":\"https:\\\/\\\/batijournal.com\\\/index.php\\\/strategie-nationale-pour-les-metiers-dart\\\/108976\\\/\",\"name\":\"Strat\u00e9gie nationale pour les m\u00e9tiers d'art\",\"isPartOf\":{\"@id\":\"https:\\\/\\\/batijournal.com\\\/#website\"},\"primaryImageOfPage\":{\"@id\":\"https:\\\/\\\/batijournal.com\\\/index.php\\\/strategie-nationale-pour-les-metiers-dart\\\/108976\\\/#primaryimage\"},\"image\":{\"@id\":\"https:\\\/\\\/batijournal.com\\\/index.php\\\/strategie-nationale-pour-les-metiers-dart\\\/108976\\\/#primaryimage\"},\"thumbnailUrl\":\"https:\\\/\\\/batijournal.com\\\/wp-content\\\/uploads\\\/2021\\\/02\\\/Restaurateur-du-Patrimoine-scaled.jpg\",\"datePublished\":\"2023-06-01T12:57:24+00:00\",\"author\":{\"@id\":\"https:\\\/\\\/batijournal.com\\\/#\\\/schema\\\/person\\\/1dc96ec6957aa1ccb25ebe78bb19f100\"},\"breadcrumb\":{\"@id\":\"https:\\\/\\\/batijournal.com\\\/index.php\\\/strategie-nationale-pour-les-metiers-dart\\\/108976\\\/#breadcrumb\"},\"inLanguage\":\"fr-FR\",\"potentialAction\":[{\"@type\":\"ReadAction\",\"target\":[\"https:\\\/\\\/batijournal.com\\\/index.php\\\/strategie-nationale-pour-les-metiers-dart\\\/108976\\\/\"]}]},{\"@type\":\"ImageObject\",\"inLanguage\":\"fr-FR\",\"@id\":\"https:\\\/\\\/batijournal.com\\\/index.php\\\/strategie-nationale-pour-les-metiers-dart\\\/108976\\\/#primaryimage\",\"url\":\"https:\\\/\\\/batijournal.com\\\/wp-content\\\/uploads\\\/2021\\\/02\\\/Restaurateur-du-Patrimoine-scaled.jpg\",\"contentUrl\":\"https:\\\/\\\/batijournal.com\\\/wp-content\\\/uploads\\\/2021\\\/02\\\/Restaurateur-du-Patrimoine-scaled.jpg\",\"width\":2560,\"height\":1835},{\"@type\":\"BreadcrumbList\",\"@id\":\"https:\\\/\\\/batijournal.com\\\/index.php\\\/strategie-nationale-pour-les-metiers-dart\\\/108976\\\/#breadcrumb\",\"itemListElement\":[{\"@type\":\"ListItem\",\"position\":1,\"name\":\"Accueil\",\"item\":\"https:\\\/\\\/batijournal.com\\\/\"},{\"@type\":\"ListItem\",\"position\":2,\"name\":\"Actualit\u00e9s\",\"item\":\"https:\\\/\\\/batijournal.com\\\/index.php\\\/category\\\/actualites\\\/\"},{\"@type\":\"ListItem\",\"position\":3,\"name\":\"Strat\u00e9gie nationale pour les m\u00e9tiers d&rsquo;art\"}]},{\"@type\":\"WebSite\",\"@id\":\"https:\\\/\\\/batijournal.com\\\/#website\",\"url\":\"https:\\\/\\\/batijournal.com\\\/\",\"name\":\"Batijournal\",\"description\":\"L&#039;actualit\u00e9 du b\u00e2timent\",\"potentialAction\":[{\"@type\":\"SearchAction\",\"target\":{\"@type\":\"EntryPoint\",\"urlTemplate\":\"https:\\\/\\\/batijournal.com\\\/?s={search_term_string}\"},\"query-input\":{\"@type\":\"PropertyValueSpecification\",\"valueRequired\":true,\"valueName\":\"search_term_string\"}}],\"inLanguage\":\"fr-FR\"},{\"@type\":\"Person\",\"@id\":\"https:\\\/\\\/batijournal.com\\\/#\\\/schema\\\/person\\\/1dc96ec6957aa1ccb25ebe78bb19f100\",\"name\":\"St\u00e9phane Miget\",\"image\":{\"@type\":\"ImageObject\",\"inLanguage\":\"fr-FR\",\"@id\":\"https:\\\/\\\/secure.gravatar.com\\\/avatar\\\/89915563d925342126b8ef0281b93d9d7fc337043e8df017f780908eb9644451?s=96&d=mm&r=g\",\"url\":\"https:\\\/\\\/secure.gravatar.com\\\/avatar\\\/89915563d925342126b8ef0281b93d9d7fc337043e8df017f780908eb9644451?s=96&d=mm&r=g\",\"contentUrl\":\"https:\\\/\\\/secure.gravatar.com\\\/avatar\\\/89915563d925342126b8ef0281b93d9d7fc337043e8df017f780908eb9644451?s=96&d=mm&r=g\",\"caption\":\"St\u00e9phane Miget\"},\"url\":\"https:\\\/\\\/batijournal.com\\\/index.php\\\/author\\\/stephane\\\/\"}]}<\/script>\n<!-- \/ Yoast SEO plugin. -->","yoast_head_json":{"title":"Strat\u00e9gie nationale pour les m\u00e9tiers d'art","robots":{"index":"index","follow":"follow","max-snippet":"max-snippet:-1","max-image-preview":"max-image-preview:large","max-video-preview":"max-video-preview:-1"},"canonical":"https:\/\/batijournal.com\/index.php\/strategie-nationale-pour-les-metiers-dart\/108976\/","og_locale":"fr_FR","og_type":"article","og_title":"Strat\u00e9gie nationale pour les m\u00e9tiers d'art","og_description":"Selon les estimations actuelles, les m\u00e9tiers d\u2019art repr\u00e9sentent plus de 60 000 entreprises et 150 000 professionnels pour un chiffre d\u2019affaires cumul\u00e9 estim\u00e9 \u00e0 19 milliards d\u2019euros en 2019, dont 8 milliards \u00e0 l\u2019export. Cet \u00e9cosyst\u00e8me repose \u00e0 80% sur la cr\u00e9ativit\u00e9 et l\u2019expertise d\u2019artisans ind\u00e9pendants. Pour mieux soutenir ces m\u00e9tiers, pr\u00e9server leur excellence, valoriser [&hellip;]","og_url":"https:\/\/batijournal.com\/index.php\/strategie-nationale-pour-les-metiers-dart\/108976\/","og_site_name":"Batijournal","article_published_time":"2023-06-01T12:57:24+00:00","og_image":[{"width":2560,"height":1835,"url":"https:\/\/batijournal.com\/wp-content\/uploads\/2021\/02\/Restaurateur-du-Patrimoine-scaled.jpg","type":"image\/jpeg"}],"author":"St\u00e9phane Miget","twitter_card":"summary_large_image","twitter_creator":"@bati_journal","twitter_site":"@bati_journal","twitter_misc":{"\u00c9crit par":"St\u00e9phane Miget","Dur\u00e9e de lecture estim\u00e9e":"3 minutes"},"schema":{"@context":"https:\/\/schema.org","@graph":[{"@type":"Article","@id":"https:\/\/batijournal.com\/index.php\/strategie-nationale-pour-les-metiers-dart\/108976\/#article","isPartOf":{"@id":"https:\/\/batijournal.com\/index.php\/strategie-nationale-pour-les-metiers-dart\/108976\/"},"author":{"name":"St\u00e9phane Miget","@id":"https:\/\/batijournal.com\/#\/schema\/person\/1dc96ec6957aa1ccb25ebe78bb19f100"},"headline":"Strat\u00e9gie nationale pour les m\u00e9tiers d&rsquo;art","datePublished":"2023-06-01T12:57:24+00:00","mainEntityOfPage":{"@id":"https:\/\/batijournal.com\/index.php\/strategie-nationale-pour-les-metiers-dart\/108976\/"},"wordCount":700,"image":{"@id":"https:\/\/batijournal.com\/index.php\/strategie-nationale-pour-les-metiers-dart\/108976\/#primaryimage"},"thumbnailUrl":"https:\/\/batijournal.com\/wp-content\/uploads\/2021\/02\/Restaurateur-du-Patrimoine-scaled.jpg","keywords":["m\u00e9tiers d'art"],"articleSection":["Actualit\u00e9s","\u00c9conomie &amp; March\u00e9s","zz_Actualit\u00e9s - Atrium","zz_Atrium Patrimoine"],"inLanguage":"fr-FR"},{"@type":"WebPage","@id":"https:\/\/batijournal.com\/index.php\/strategie-nationale-pour-les-metiers-dart\/108976\/","url":"https:\/\/batijournal.com\/index.php\/strategie-nationale-pour-les-metiers-dart\/108976\/","name":"Strat\u00e9gie nationale pour les m\u00e9tiers d'art","isPartOf":{"@id":"https:\/\/batijournal.com\/#website"},"primaryImageOfPage":{"@id":"https:\/\/batijournal.com\/index.php\/strategie-nationale-pour-les-metiers-dart\/108976\/#primaryimage"},"image":{"@id":"https:\/\/batijournal.com\/index.php\/strategie-nationale-pour-les-metiers-dart\/108976\/#primaryimage"},"thumbnailUrl":"https:\/\/batijournal.com\/wp-content\/uploads\/2021\/02\/Restaurateur-du-Patrimoine-scaled.jpg","datePublished":"2023-06-01T12:57:24+00:00","author":{"@id":"https:\/\/batijournal.com\/#\/schema\/person\/1dc96ec6957aa1ccb25ebe78bb19f100"},"breadcrumb":{"@id":"https:\/\/batijournal.com\/index.php\/strategie-nationale-pour-les-metiers-dart\/108976\/#breadcrumb"},"inLanguage":"fr-FR","potentialAction":[{"@type":"ReadAction","target":["https:\/\/batijournal.com\/index.php\/strategie-nationale-pour-les-metiers-dart\/108976\/"]}]},{"@type":"ImageObject","inLanguage":"fr-FR","@id":"https:\/\/batijournal.com\/index.php\/strategie-nationale-pour-les-metiers-dart\/108976\/#primaryimage","url":"https:\/\/batijournal.com\/wp-content\/uploads\/2021\/02\/Restaurateur-du-Patrimoine-scaled.jpg","contentUrl":"https:\/\/batijournal.com\/wp-content\/uploads\/2021\/02\/Restaurateur-du-Patrimoine-scaled.jpg","width":2560,"height":1835},{"@type":"BreadcrumbList","@id":"https:\/\/batijournal.com\/index.php\/strategie-nationale-pour-les-metiers-dart\/108976\/#breadcrumb","itemListElement":[{"@type":"ListItem","position":1,"name":"Accueil","item":"https:\/\/batijournal.com\/"},{"@type":"ListItem","position":2,"name":"Actualit\u00e9s","item":"https:\/\/batijournal.com\/index.php\/category\/actualites\/"},{"@type":"ListItem","position":3,"name":"Strat\u00e9gie nationale pour les m\u00e9tiers d&rsquo;art"}]},{"@type":"WebSite","@id":"https:\/\/batijournal.com\/#website","url":"https:\/\/batijournal.com\/","name":"Batijournal","description":"L&#039;actualit\u00e9 du b\u00e2timent","potentialAction":[{"@type":"SearchAction","target":{"@type":"EntryPoint","urlTemplate":"https:\/\/batijournal.com\/?s={search_term_string}"},"query-input":{"@type":"PropertyValueSpecification","valueRequired":true,"valueName":"search_term_string"}}],"inLanguage":"fr-FR"},{"@type":"Person","@id":"https:\/\/batijournal.com\/#\/schema\/person\/1dc96ec6957aa1ccb25ebe78bb19f100","name":"St\u00e9phane Miget","image":{"@type":"ImageObject","inLanguage":"fr-FR","@id":"https:\/\/secure.gravatar.com\/avatar\/89915563d925342126b8ef0281b93d9d7fc337043e8df017f780908eb9644451?s=96&d=mm&r=g","url":"https:\/\/secure.gravatar.com\/avatar\/89915563d925342126b8ef0281b93d9d7fc337043e8df017f780908eb9644451?s=96&d=mm&r=g","contentUrl":"https:\/\/secure.gravatar.com\/avatar\/89915563d925342126b8ef0281b93d9d7fc337043e8df017f780908eb9644451?s=96&d=mm&r=g","caption":"St\u00e9phane Miget"},"url":"https:\/\/batijournal.com\/index.php\/author\/stephane\/"}]}},"_links":{"self":[{"href":"https:\/\/batijournal.com\/index.php\/wp-json\/wp\/v2\/posts\/108976","targetHints":{"allow":["GET"]}}],"collection":[{"href":"https:\/\/batijournal.com\/index.php\/wp-json\/wp\/v2\/posts"}],"about":[{"href":"https:\/\/batijournal.com\/index.php\/wp-json\/wp\/v2\/types\/post"}],"author":[{"embeddable":true,"href":"https:\/\/batijournal.com\/index.php\/wp-json\/wp\/v2\/users\/17"}],"replies":[{"embeddable":true,"href":"https:\/\/batijournal.com\/index.php\/wp-json\/wp\/v2\/comments?post=108976"}],"version-history":[{"count":0,"href":"https:\/\/batijournal.com\/index.php\/wp-json\/wp\/v2\/posts\/108976\/revisions"}],"wp:featuredmedia":[{"embeddable":true,"href":"https:\/\/batijournal.com\/index.php\/wp-json\/wp\/v2\/media\/105443"}],"wp:attachment":[{"href":"https:\/\/batijournal.com\/index.php\/wp-json\/wp\/v2\/media?parent=108976"}],"wp:term":[{"taxonomy":"category","embeddable":true,"href":"https:\/\/batijournal.com\/index.php\/wp-json\/wp\/v2\/categories?post=108976"},{"taxonomy":"post_tag","embeddable":true,"href":"https:\/\/batijournal.com\/index.php\/wp-json\/wp\/v2\/tags?post=108976"}],"curies":[{"name":"wp","href":"https:\/\/api.w.org\/{rel}","templated":true}]}}