{"id":108987,"date":"2023-06-06T07:06:01","date_gmt":"2023-06-06T05:06:01","guid":{"rendered":"https:\/\/batijournal.com\/?p=108987"},"modified":"2023-06-06T07:06:43","modified_gmt":"2023-06-06T05:06:43","slug":"face-aux-intemperies-edilians-deploie-sos-toiture","status":"publish","type":"post","link":"https:\/\/batijournal.com\/index.php\/face-aux-intemperies-edilians-deploie-sos-toiture\/108987\/","title":{"rendered":"Face aux intemp\u00e9ries EDILIANS d\u00e9ploie SOS Toiture"},"content":{"rendered":"<p>EDILIANS a souhait\u00e9 accompagner ses partenaires couvreurs et leurs clients particuliers victimes des nombreuses intemp\u00e9ries r\u00e9centes. Apr\u00e8s avoir test\u00e9 et approuv\u00e9 le dispositif dans les d\u00e9partements les plus touch\u00e9s, le sp\u00e9cialiste fran\u00e7ais de la tuile terre cuite lance \u00e0 l\u2019\u00e9chelle nationale \u201cSOS Toiture\u201d, un service in\u00e9dit de livraison prioritaire d\u2019\u00e9l\u00e9ments de couverture pour les maisons sinistr\u00e9es.<\/p>\n<p>Pour en b\u00e9n\u00e9ficier, il suffit au particulier de remplir directement un formulaire disponible en ligne sur <a href=\"http:\/\/sostoiture.edilians.com\">sostoiture.edilians.com<\/a> et de joindre toutes les pi\u00e8ces justificatives (d\u00e9claration de sinistre et attestation de prise en charge de l\u2019assurance) en indiquant :<br \/>\n\u2022 le nom de la ville et le d\u00e9partement en faisant le lien avec une liste de communes d\u00e9clar\u00e9es en \u00e9tat de catastrophe naturelle,<br \/>\n\u2022 ses coordonn\u00e9es,<br \/>\n\u2022 le mod\u00e8le de tuile concern\u00e9, accompagn\u00e9 d\u2019une photo recto\/verso,<br \/>\n\u2022 une estimation de la surface de toiture.<br \/>\nUne fois le dossier complet, Edilians lui fournit un num\u00e9ro FastPass et met alors en place un parcours logistique optimis\u00e9 pour :<br \/>\n\u2022 assurer un acheminement express, en fonction des stocks, des tuiles et accessoires en terre cuite associ\u00e9s \u00e0 son toit,<br \/>\n\u2022 et ainsi permettre au couvreur, \u00e0 qui il aura communiqu\u00e9 au pr\u00e9alable son num\u00e9ro prioritaire pour faciliter la commande de mat\u00e9riaux aupr\u00e8s du n\u00e9goce, d\u2019intervenir rapidement sur ces chantiers.<\/p>\n","protected":false},"excerpt":{"rendered":"<p>EDILIANS a souhait\u00e9 accompagner ses partenaires couvreurs et leurs clients particuliers victimes des nombreuses intemp\u00e9ries r\u00e9centes. Apr\u00e8s avoir test\u00e9 et approuv\u00e9 le dispositif dans les d\u00e9partements les plus touch\u00e9s, le sp\u00e9cialiste fran\u00e7ais de la tuile terre cuite lance \u00e0 l\u2019\u00e9chelle nationale \u201cSOS Toiture\u201d, un service in\u00e9dit de livraison prioritaire d\u2019\u00e9l\u00e9ments de couverture pour les maisons [&hellip;]<\/p>\n","protected":false},"author":17,"featured_media":108988,"comment_status":"closed","ping_status":"closed","sticky":false,"template":"","format":"standard","meta":{"_et_pb_use_builder":"","_et_pb_old_content":"","_et_gb_content_width":"","footnotes":""},"categories":[10530,6362,10771,10775],"tags":[114,5917],"class_list":["post-108987","post","type-post","status-publish","format-standard","has-post-thumbnail","hentry","category-actualites","category-services-equipements","category-5facades","category-actualites-5facades","tag-couverture-2","tag-intemperies"],"yoast_head":"<!-- This site is optimized with the Yoast SEO plugin v27.4 - https:\/\/yoast.com\/product\/yoast-seo-wordpress\/ -->\n<title>Face aux intemp\u00e9ries EDILIANS d\u00e9ploie SOS Toiture<\/title>\n<meta name=\"robots\" content=\"index, follow, max-snippet:-1, max-image-preview:large, max-video-preview:-1\" \/>\n<link rel=\"canonical\" href=\"https:\/\/batijournal.com\/index.php\/face-aux-intemperies-edilians-deploie-sos-toiture\/108987\/\" \/>\n<meta property=\"og:locale\" content=\"fr_FR\" \/>\n<meta property=\"og:type\" content=\"article\" \/>\n<meta property=\"og:title\" content=\"Face aux intemp\u00e9ries EDILIANS d\u00e9ploie SOS Toiture\" \/>\n<meta property=\"og:description\" content=\"EDILIANS a souhait\u00e9 accompagner ses partenaires couvreurs et leurs clients particuliers victimes des nombreuses intemp\u00e9ries r\u00e9centes. Apr\u00e8s avoir test\u00e9 et approuv\u00e9 le dispositif dans les d\u00e9partements les plus touch\u00e9s, le sp\u00e9cialiste fran\u00e7ais de la tuile terre cuite lance \u00e0 l\u2019\u00e9chelle nationale \u201cSOS Toiture\u201d, un service in\u00e9dit de livraison prioritaire d\u2019\u00e9l\u00e9ments de couverture pour les maisons [&hellip;]\" \/>\n<meta property=\"og:url\" content=\"https:\/\/batijournal.com\/index.php\/face-aux-intemperies-edilians-deploie-sos-toiture\/108987\/\" \/>\n<meta property=\"og:site_name\" content=\"Batijournal\" \/>\n<meta property=\"article:published_time\" content=\"2023-06-06T05:06:01+00:00\" \/>\n<meta property=\"article:modified_time\" content=\"2023-06-06T05:06:43+00:00\" \/>\n<meta property=\"og:image\" content=\"https:\/\/batijournal.com\/wp-content\/uploads\/2023\/06\/EDILIANS_SOSToiture.jpg\" \/>\n\t<meta property=\"og:image:width\" content=\"1000\" \/>\n\t<meta property=\"og:image:height\" content=\"667\" \/>\n\t<meta property=\"og:image:type\" content=\"image\/jpeg\" \/>\n<meta name=\"author\" content=\"St\u00e9phane Miget\" \/>\n<meta name=\"twitter:card\" content=\"summary_large_image\" \/>\n<meta name=\"twitter:creator\" content=\"@bati_journal\" \/>\n<meta name=\"twitter:site\" content=\"@bati_journal\" \/>\n<meta name=\"twitter:label1\" content=\"\u00c9crit par\" \/>\n\t<meta name=\"twitter:data1\" content=\"St\u00e9phane Miget\" \/>\n\t<meta name=\"twitter:label2\" content=\"Dur\u00e9e de lecture estim\u00e9e\" \/>\n\t<meta name=\"twitter:data2\" content=\"1 minute\" \/>\n<script type=\"application\/ld+json\" class=\"yoast-schema-graph\">{\"@context\":\"https:\\\/\\\/schema.org\",\"@graph\":[{\"@type\":\"Article\",\"@id\":\"https:\\\/\\\/batijournal.com\\\/index.php\\\/face-aux-intemperies-edilians-deploie-sos-toiture\\\/108987\\\/#article\",\"isPartOf\":{\"@id\":\"https:\\\/\\\/batijournal.com\\\/index.php\\\/face-aux-intemperies-edilians-deploie-sos-toiture\\\/108987\\\/\"},\"author\":{\"name\":\"St\u00e9phane Miget\",\"@id\":\"https:\\\/\\\/batijournal.com\\\/#\\\/schema\\\/person\\\/1dc96ec6957aa1ccb25ebe78bb19f100\"},\"headline\":\"Face aux intemp\u00e9ries EDILIANS d\u00e9ploie SOS Toiture\",\"datePublished\":\"2023-06-06T05:06:01+00:00\",\"dateModified\":\"2023-06-06T05:06:43+00:00\",\"mainEntityOfPage\":{\"@id\":\"https:\\\/\\\/batijournal.com\\\/index.php\\\/face-aux-intemperies-edilians-deploie-sos-toiture\\\/108987\\\/\"},\"wordCount\":243,\"image\":{\"@id\":\"https:\\\/\\\/batijournal.com\\\/index.php\\\/face-aux-intemperies-edilians-deploie-sos-toiture\\\/108987\\\/#primaryimage\"},\"thumbnailUrl\":\"https:\\\/\\\/batijournal.com\\\/wp-content\\\/uploads\\\/2023\\\/06\\\/EDILIANS_SOSToiture.jpg\",\"keywords\":[\"couverture\",\"intemp\u00e9ries\"],\"articleSection\":[\"Actualit\u00e9s\",\"Divers\",\"zz_5fa\u00e7ades\",\"zz_Actualit\u00e9s - 5fa\u00e7ades\"],\"inLanguage\":\"fr-FR\"},{\"@type\":\"WebPage\",\"@id\":\"https:\\\/\\\/batijournal.com\\\/index.php\\\/face-aux-intemperies-edilians-deploie-sos-toiture\\\/108987\\\/\",\"url\":\"https:\\\/\\\/batijournal.com\\\/index.php\\\/face-aux-intemperies-edilians-deploie-sos-toiture\\\/108987\\\/\",\"name\":\"Face aux intemp\u00e9ries EDILIANS d\u00e9ploie SOS Toiture\",\"isPartOf\":{\"@id\":\"https:\\\/\\\/batijournal.com\\\/#website\"},\"primaryImageOfPage\":{\"@id\":\"https:\\\/\\\/batijournal.com\\\/index.php\\\/face-aux-intemperies-edilians-deploie-sos-toiture\\\/108987\\\/#primaryimage\"},\"image\":{\"@id\":\"https:\\\/\\\/batijournal.com\\\/index.php\\\/face-aux-intemperies-edilians-deploie-sos-toiture\\\/108987\\\/#primaryimage\"},\"thumbnailUrl\":\"https:\\\/\\\/batijournal.com\\\/wp-content\\\/uploads\\\/2023\\\/06\\\/EDILIANS_SOSToiture.jpg\",\"datePublished\":\"2023-06-06T05:06:01+00:00\",\"dateModified\":\"2023-06-06T05:06:43+00:00\",\"author\":{\"@id\":\"https:\\\/\\\/batijournal.com\\\/#\\\/schema\\\/person\\\/1dc96ec6957aa1ccb25ebe78bb19f100\"},\"breadcrumb\":{\"@id\":\"https:\\\/\\\/batijournal.com\\\/index.php\\\/face-aux-intemperies-edilians-deploie-sos-toiture\\\/108987\\\/#breadcrumb\"},\"inLanguage\":\"fr-FR\",\"potentialAction\":[{\"@type\":\"ReadAction\",\"target\":[\"https:\\\/\\\/batijournal.com\\\/index.php\\\/face-aux-intemperies-edilians-deploie-sos-toiture\\\/108987\\\/\"]}]},{\"@type\":\"ImageObject\",\"inLanguage\":\"fr-FR\",\"@id\":\"https:\\\/\\\/batijournal.com\\\/index.php\\\/face-aux-intemperies-edilians-deploie-sos-toiture\\\/108987\\\/#primaryimage\",\"url\":\"https:\\\/\\\/batijournal.com\\\/wp-content\\\/uploads\\\/2023\\\/06\\\/EDILIANS_SOSToiture.jpg\",\"contentUrl\":\"https:\\\/\\\/batijournal.com\\\/wp-content\\\/uploads\\\/2023\\\/06\\\/EDILIANS_SOSToiture.jpg\",\"width\":1000,\"height\":667},{\"@type\":\"BreadcrumbList\",\"@id\":\"https:\\\/\\\/batijournal.com\\\/index.php\\\/face-aux-intemperies-edilians-deploie-sos-toiture\\\/108987\\\/#breadcrumb\",\"itemListElement\":[{\"@type\":\"ListItem\",\"position\":1,\"name\":\"Accueil\",\"item\":\"https:\\\/\\\/batijournal.com\\\/\"},{\"@type\":\"ListItem\",\"position\":2,\"name\":\"Actualit\u00e9s\",\"item\":\"https:\\\/\\\/batijournal.com\\\/index.php\\\/category\\\/actualites\\\/\"},{\"@type\":\"ListItem\",\"position\":3,\"name\":\"Face aux intemp\u00e9ries EDILIANS d\u00e9ploie SOS Toiture\"}]},{\"@type\":\"WebSite\",\"@id\":\"https:\\\/\\\/batijournal.com\\\/#website\",\"url\":\"https:\\\/\\\/batijournal.com\\\/\",\"name\":\"Batijournal\",\"description\":\"L&#039;actualit\u00e9 du b\u00e2timent\",\"potentialAction\":[{\"@type\":\"SearchAction\",\"target\":{\"@type\":\"EntryPoint\",\"urlTemplate\":\"https:\\\/\\\/batijournal.com\\\/?s={search_term_string}\"},\"query-input\":{\"@type\":\"PropertyValueSpecification\",\"valueRequired\":true,\"valueName\":\"search_term_string\"}}],\"inLanguage\":\"fr-FR\"},{\"@type\":\"Person\",\"@id\":\"https:\\\/\\\/batijournal.com\\\/#\\\/schema\\\/person\\\/1dc96ec6957aa1ccb25ebe78bb19f100\",\"name\":\"St\u00e9phane Miget\",\"image\":{\"@type\":\"ImageObject\",\"inLanguage\":\"fr-FR\",\"@id\":\"https:\\\/\\\/secure.gravatar.com\\\/avatar\\\/89915563d925342126b8ef0281b93d9d7fc337043e8df017f780908eb9644451?s=96&d=mm&r=g\",\"url\":\"https:\\\/\\\/secure.gravatar.com\\\/avatar\\\/89915563d925342126b8ef0281b93d9d7fc337043e8df017f780908eb9644451?s=96&d=mm&r=g\",\"contentUrl\":\"https:\\\/\\\/secure.gravatar.com\\\/avatar\\\/89915563d925342126b8ef0281b93d9d7fc337043e8df017f780908eb9644451?s=96&d=mm&r=g\",\"caption\":\"St\u00e9phane Miget\"},\"url\":\"https:\\\/\\\/batijournal.com\\\/index.php\\\/author\\\/stephane\\\/\"}]}<\/script>\n<!-- \/ Yoast SEO plugin. -->","yoast_head_json":{"title":"Face aux intemp\u00e9ries EDILIANS d\u00e9ploie SOS Toiture","robots":{"index":"index","follow":"follow","max-snippet":"max-snippet:-1","max-image-preview":"max-image-preview:large","max-video-preview":"max-video-preview:-1"},"canonical":"https:\/\/batijournal.com\/index.php\/face-aux-intemperies-edilians-deploie-sos-toiture\/108987\/","og_locale":"fr_FR","og_type":"article","og_title":"Face aux intemp\u00e9ries EDILIANS d\u00e9ploie SOS Toiture","og_description":"EDILIANS a souhait\u00e9 accompagner ses partenaires couvreurs et leurs clients particuliers victimes des nombreuses intemp\u00e9ries r\u00e9centes. Apr\u00e8s avoir test\u00e9 et approuv\u00e9 le dispositif dans les d\u00e9partements les plus touch\u00e9s, le sp\u00e9cialiste fran\u00e7ais de la tuile terre cuite lance \u00e0 l\u2019\u00e9chelle nationale \u201cSOS Toiture\u201d, un service in\u00e9dit de livraison prioritaire d\u2019\u00e9l\u00e9ments de couverture pour les maisons [&hellip;]","og_url":"https:\/\/batijournal.com\/index.php\/face-aux-intemperies-edilians-deploie-sos-toiture\/108987\/","og_site_name":"Batijournal","article_published_time":"2023-06-06T05:06:01+00:00","article_modified_time":"2023-06-06T05:06:43+00:00","og_image":[{"width":1000,"height":667,"url":"https:\/\/batijournal.com\/wp-content\/uploads\/2023\/06\/EDILIANS_SOSToiture.jpg","type":"image\/jpeg"}],"author":"St\u00e9phane Miget","twitter_card":"summary_large_image","twitter_creator":"@bati_journal","twitter_site":"@bati_journal","twitter_misc":{"\u00c9crit par":"St\u00e9phane Miget","Dur\u00e9e de lecture estim\u00e9e":"1 minute"},"schema":{"@context":"https:\/\/schema.org","@graph":[{"@type":"Article","@id":"https:\/\/batijournal.com\/index.php\/face-aux-intemperies-edilians-deploie-sos-toiture\/108987\/#article","isPartOf":{"@id":"https:\/\/batijournal.com\/index.php\/face-aux-intemperies-edilians-deploie-sos-toiture\/108987\/"},"author":{"name":"St\u00e9phane Miget","@id":"https:\/\/batijournal.com\/#\/schema\/person\/1dc96ec6957aa1ccb25ebe78bb19f100"},"headline":"Face aux intemp\u00e9ries EDILIANS d\u00e9ploie SOS Toiture","datePublished":"2023-06-06T05:06:01+00:00","dateModified":"2023-06-06T05:06:43+00:00","mainEntityOfPage":{"@id":"https:\/\/batijournal.com\/index.php\/face-aux-intemperies-edilians-deploie-sos-toiture\/108987\/"},"wordCount":243,"image":{"@id":"https:\/\/batijournal.com\/index.php\/face-aux-intemperies-edilians-deploie-sos-toiture\/108987\/#primaryimage"},"thumbnailUrl":"https:\/\/batijournal.com\/wp-content\/uploads\/2023\/06\/EDILIANS_SOSToiture.jpg","keywords":["couverture","intemp\u00e9ries"],"articleSection":["Actualit\u00e9s","Divers","zz_5fa\u00e7ades","zz_Actualit\u00e9s - 5fa\u00e7ades"],"inLanguage":"fr-FR"},{"@type":"WebPage","@id":"https:\/\/batijournal.com\/index.php\/face-aux-intemperies-edilians-deploie-sos-toiture\/108987\/","url":"https:\/\/batijournal.com\/index.php\/face-aux-intemperies-edilians-deploie-sos-toiture\/108987\/","name":"Face aux intemp\u00e9ries EDILIANS d\u00e9ploie SOS Toiture","isPartOf":{"@id":"https:\/\/batijournal.com\/#website"},"primaryImageOfPage":{"@id":"https:\/\/batijournal.com\/index.php\/face-aux-intemperies-edilians-deploie-sos-toiture\/108987\/#primaryimage"},"image":{"@id":"https:\/\/batijournal.com\/index.php\/face-aux-intemperies-edilians-deploie-sos-toiture\/108987\/#primaryimage"},"thumbnailUrl":"https:\/\/batijournal.com\/wp-content\/uploads\/2023\/06\/EDILIANS_SOSToiture.jpg","datePublished":"2023-06-06T05:06:01+00:00","dateModified":"2023-06-06T05:06:43+00:00","author":{"@id":"https:\/\/batijournal.com\/#\/schema\/person\/1dc96ec6957aa1ccb25ebe78bb19f100"},"breadcrumb":{"@id":"https:\/\/batijournal.com\/index.php\/face-aux-intemperies-edilians-deploie-sos-toiture\/108987\/#breadcrumb"},"inLanguage":"fr-FR","potentialAction":[{"@type":"ReadAction","target":["https:\/\/batijournal.com\/index.php\/face-aux-intemperies-edilians-deploie-sos-toiture\/108987\/"]}]},{"@type":"ImageObject","inLanguage":"fr-FR","@id":"https:\/\/batijournal.com\/index.php\/face-aux-intemperies-edilians-deploie-sos-toiture\/108987\/#primaryimage","url":"https:\/\/batijournal.com\/wp-content\/uploads\/2023\/06\/EDILIANS_SOSToiture.jpg","contentUrl":"https:\/\/batijournal.com\/wp-content\/uploads\/2023\/06\/EDILIANS_SOSToiture.jpg","width":1000,"height":667},{"@type":"BreadcrumbList","@id":"https:\/\/batijournal.com\/index.php\/face-aux-intemperies-edilians-deploie-sos-toiture\/108987\/#breadcrumb","itemListElement":[{"@type":"ListItem","position":1,"name":"Accueil","item":"https:\/\/batijournal.com\/"},{"@type":"ListItem","position":2,"name":"Actualit\u00e9s","item":"https:\/\/batijournal.com\/index.php\/category\/actualites\/"},{"@type":"ListItem","position":3,"name":"Face aux intemp\u00e9ries EDILIANS d\u00e9ploie SOS Toiture"}]},{"@type":"WebSite","@id":"https:\/\/batijournal.com\/#website","url":"https:\/\/batijournal.com\/","name":"Batijournal","description":"L&#039;actualit\u00e9 du b\u00e2timent","potentialAction":[{"@type":"SearchAction","target":{"@type":"EntryPoint","urlTemplate":"https:\/\/batijournal.com\/?s={search_term_string}"},"query-input":{"@type":"PropertyValueSpecification","valueRequired":true,"valueName":"search_term_string"}}],"inLanguage":"fr-FR"},{"@type":"Person","@id":"https:\/\/batijournal.com\/#\/schema\/person\/1dc96ec6957aa1ccb25ebe78bb19f100","name":"St\u00e9phane Miget","image":{"@type":"ImageObject","inLanguage":"fr-FR","@id":"https:\/\/secure.gravatar.com\/avatar\/89915563d925342126b8ef0281b93d9d7fc337043e8df017f780908eb9644451?s=96&d=mm&r=g","url":"https:\/\/secure.gravatar.com\/avatar\/89915563d925342126b8ef0281b93d9d7fc337043e8df017f780908eb9644451?s=96&d=mm&r=g","contentUrl":"https:\/\/secure.gravatar.com\/avatar\/89915563d925342126b8ef0281b93d9d7fc337043e8df017f780908eb9644451?s=96&d=mm&r=g","caption":"St\u00e9phane Miget"},"url":"https:\/\/batijournal.com\/index.php\/author\/stephane\/"}]}},"_links":{"self":[{"href":"https:\/\/batijournal.com\/index.php\/wp-json\/wp\/v2\/posts\/108987","targetHints":{"allow":["GET"]}}],"collection":[{"href":"https:\/\/batijournal.com\/index.php\/wp-json\/wp\/v2\/posts"}],"about":[{"href":"https:\/\/batijournal.com\/index.php\/wp-json\/wp\/v2\/types\/post"}],"author":[{"embeddable":true,"href":"https:\/\/batijournal.com\/index.php\/wp-json\/wp\/v2\/users\/17"}],"replies":[{"embeddable":true,"href":"https:\/\/batijournal.com\/index.php\/wp-json\/wp\/v2\/comments?post=108987"}],"version-history":[{"count":0,"href":"https:\/\/batijournal.com\/index.php\/wp-json\/wp\/v2\/posts\/108987\/revisions"}],"wp:featuredmedia":[{"embeddable":true,"href":"https:\/\/batijournal.com\/index.php\/wp-json\/wp\/v2\/media\/108988"}],"wp:attachment":[{"href":"https:\/\/batijournal.com\/index.php\/wp-json\/wp\/v2\/media?parent=108987"}],"wp:term":[{"taxonomy":"category","embeddable":true,"href":"https:\/\/batijournal.com\/index.php\/wp-json\/wp\/v2\/categories?post=108987"},{"taxonomy":"post_tag","embeddable":true,"href":"https:\/\/batijournal.com\/index.php\/wp-json\/wp\/v2\/tags?post=108987"}],"curies":[{"name":"wp","href":"https:\/\/api.w.org\/{rel}","templated":true}]}}