{"id":108996,"date":"2023-06-07T06:25:26","date_gmt":"2023-06-07T04:25:26","guid":{"rendered":"https:\/\/batijournal.com\/?p=108996"},"modified":"2023-06-07T06:25:26","modified_gmt":"2023-06-07T04:25:26","slug":"reynaers-alumnium-mene-des-actions-concretes-pour-reduire-les-emissions-de-carbone","status":"publish","type":"post","link":"https:\/\/batijournal.com\/index.php\/reynaers-alumnium-mene-des-actions-concretes-pour-reduire-les-emissions-de-carbone\/108996\/","title":{"rendered":"Reynaers Alumnium m\u00e8ne des actions concr\u00e8tes pour r\u00e9duire les \u00e9missions de carbone"},"content":{"rendered":"<p>Avec la publication de son rapport \u201cReynaers Act\u201c, le groupe Reynaers Aluminium s\u2019engage et officialise sa trajectoire vers un mod\u00e8le bas carbone d\u2019ici 2030, avec l\u2019objectif de r\u00e9duire de 46% ses \u00e9missions de CO2 directes par rapport \u00e0 2019 et de 55% ses \u00e9missions de CO2 provenant de ses activit\u00e9s indirectes. Une d\u00e9marche soutenue par le d\u00e9veloppement continu de nouvelles solutions techniques en aluminium permettant de construire des b\u00e2timents certifi\u00e9s de type Passivhaus (Maison Passive) ou Minergie. D\u00e8s 2024, le groupe pr\u00e9voit d\u2019obtenir la certification CRADLE TO CRADLE niveau bronze de 9 syst\u00e8mes suppl\u00e9mentaires, portant \u00e0 une vingtaine le nombre de syst\u00e8mes certifi\u00e9s.\u00a0A ce jour, la part d\u2019aluminium recycl\u00e9 disponible ne permet pas de couvrir l\u2019ensemble des besoins du march\u00e9. Pour r\u00e9pondre \u00e0 la demande croissante, Reynaers Aluminium propose un aluminium mix faible en carbone fabriqu\u00e9 \u00e0 partir de deux types d\u2019aluminium, de l\u2019aluminium recycl\u00e9 issu des d\u00e9chets post-consommation et de l\u2019aluminium primaire produit \u00e0 base d\u2019\u00e9nergies renouvelables. Une approche durable permettant de proposer des syst\u00e8mes de menuiserie et de fa\u00e7ade constitu\u00e9s de 76% d\u2019aluminium bas carbone. L\u2019empreinte carbone de l\u2019aluminium utilis\u00e9 pour la fabrication des profil\u00e9s Reynaers Aluminium est de 3,96kg eq. CO2\/ kg d\u2019aluminium, une valeur nettement en dessous de la moyenne europ\u00e9enne estim\u00e9e \u00e0 8kg* eq CO2\/kg d\u2019aluminium. Pour r\u00e9pondre aux projets les plus exigeants en termes d\u2019impact environnemental, l&rsquo;industriel des partenariats avec ses fournisseurs engag\u00e9s et responsables afin de proposer un aluminium parmi les plus faibles en carbone du march\u00e9.<\/p>\n","protected":false},"excerpt":{"rendered":"<p>Avec la publication de son rapport \u201cReynaers Act\u201c, le groupe Reynaers Aluminium s\u2019engage et officialise sa trajectoire vers un mod\u00e8le bas carbone d\u2019ici 2030, avec l\u2019objectif de r\u00e9duire de 46% ses \u00e9missions de CO2 directes par rapport \u00e0 2019 et de 55% ses \u00e9missions de CO2 provenant de ses activit\u00e9s indirectes. Une d\u00e9marche soutenue par [&hellip;]<\/p>\n","protected":false},"author":17,"featured_media":108997,"comment_status":"closed","ping_status":"closed","sticky":false,"template":"","format":"standard","meta":{"_et_pb_use_builder":"","_et_pb_old_content":"","_et_gb_content_width":"","footnotes":""},"categories":[10530,6345,10771,10775,10781,10778],"tags":[12454],"class_list":["post-108996","post","type-post","status-publish","format-standard","has-post-thumbnail","hentry","category-actualites","category-economie-marches","category-5facades","category-actualites-5facades","category-publications-planete","category-planete","tag-fenetre-aluminium"],"yoast_head":"<!-- This site is optimized with the Yoast SEO plugin v27.4 - https:\/\/yoast.com\/product\/yoast-seo-wordpress\/ -->\n<title>Reynaers Alumnium m\u00e8ne des actions concr\u00e8tes pour r\u00e9duire les \u00e9missions de carbone<\/title>\n<meta name=\"robots\" content=\"index, follow, max-snippet:-1, max-image-preview:large, max-video-preview:-1\" \/>\n<link rel=\"canonical\" href=\"https:\/\/batijournal.com\/index.php\/reynaers-alumnium-mene-des-actions-concretes-pour-reduire-les-emissions-de-carbone\/108996\/\" \/>\n<meta property=\"og:locale\" content=\"fr_FR\" \/>\n<meta property=\"og:type\" content=\"article\" \/>\n<meta property=\"og:title\" content=\"Reynaers Alumnium m\u00e8ne des actions concr\u00e8tes pour r\u00e9duire les \u00e9missions de carbone\" \/>\n<meta property=\"og:description\" content=\"Avec la publication de son rapport \u201cReynaers Act\u201c, le groupe Reynaers Aluminium s\u2019engage et officialise sa trajectoire vers un mod\u00e8le bas carbone d\u2019ici 2030, avec l\u2019objectif de r\u00e9duire de 46% ses \u00e9missions de CO2 directes par rapport \u00e0 2019 et de 55% ses \u00e9missions de CO2 provenant de ses activit\u00e9s indirectes. Une d\u00e9marche soutenue par [&hellip;]\" \/>\n<meta property=\"og:url\" content=\"https:\/\/batijournal.com\/index.php\/reynaers-alumnium-mene-des-actions-concretes-pour-reduire-les-emissions-de-carbone\/108996\/\" \/>\n<meta property=\"og:site_name\" content=\"Batijournal\" \/>\n<meta property=\"article:published_time\" content=\"2023-06-07T04:25:26+00:00\" \/>\n<meta property=\"og:image\" content=\"https:\/\/batijournal.com\/wp-content\/uploads\/2023\/06\/Radisson-Hotel-Tsinandali-Reynaers-Aluminium.jpg\" \/>\n\t<meta property=\"og:image:width\" content=\"1080\" \/>\n\t<meta property=\"og:image:height\" content=\"880\" \/>\n\t<meta property=\"og:image:type\" content=\"image\/jpeg\" \/>\n<meta name=\"author\" content=\"St\u00e9phane Miget\" \/>\n<meta name=\"twitter:card\" content=\"summary_large_image\" \/>\n<meta name=\"twitter:creator\" content=\"@bati_journal\" \/>\n<meta name=\"twitter:site\" content=\"@bati_journal\" \/>\n<meta name=\"twitter:label1\" content=\"\u00c9crit par\" \/>\n\t<meta name=\"twitter:data1\" content=\"St\u00e9phane Miget\" \/>\n\t<meta name=\"twitter:label2\" content=\"Dur\u00e9e de lecture estim\u00e9e\" \/>\n\t<meta name=\"twitter:data2\" content=\"1 minute\" \/>\n<script type=\"application\/ld+json\" class=\"yoast-schema-graph\">{\"@context\":\"https:\\\/\\\/schema.org\",\"@graph\":[{\"@type\":\"Article\",\"@id\":\"https:\\\/\\\/batijournal.com\\\/index.php\\\/reynaers-alumnium-mene-des-actions-concretes-pour-reduire-les-emissions-de-carbone\\\/108996\\\/#article\",\"isPartOf\":{\"@id\":\"https:\\\/\\\/batijournal.com\\\/index.php\\\/reynaers-alumnium-mene-des-actions-concretes-pour-reduire-les-emissions-de-carbone\\\/108996\\\/\"},\"author\":{\"name\":\"St\u00e9phane Miget\",\"@id\":\"https:\\\/\\\/batijournal.com\\\/#\\\/schema\\\/person\\\/1dc96ec6957aa1ccb25ebe78bb19f100\"},\"headline\":\"Reynaers Alumnium m\u00e8ne des actions concr\u00e8tes pour r\u00e9duire les \u00e9missions de carbone\",\"datePublished\":\"2023-06-07T04:25:26+00:00\",\"mainEntityOfPage\":{\"@id\":\"https:\\\/\\\/batijournal.com\\\/index.php\\\/reynaers-alumnium-mene-des-actions-concretes-pour-reduire-les-emissions-de-carbone\\\/108996\\\/\"},\"wordCount\":288,\"image\":{\"@id\":\"https:\\\/\\\/batijournal.com\\\/index.php\\\/reynaers-alumnium-mene-des-actions-concretes-pour-reduire-les-emissions-de-carbone\\\/108996\\\/#primaryimage\"},\"thumbnailUrl\":\"https:\\\/\\\/batijournal.com\\\/wp-content\\\/uploads\\\/2023\\\/06\\\/Radisson-Hotel-Tsinandali-Reynaers-Aluminium.jpg\",\"keywords\":[\"fen\u00eatre aluminium\"],\"articleSection\":[\"Actualit\u00e9s\",\"\u00c9conomie &amp; March\u00e9s\",\"zz_5fa\u00e7ades\",\"zz_Actualit\u00e9s - 5fa\u00e7ades\",\"zz_Actualit\u00e9s - Plan\u00e8te\",\"zz_Plan\u00e8te B\u00e2timent\"],\"inLanguage\":\"fr-FR\"},{\"@type\":\"WebPage\",\"@id\":\"https:\\\/\\\/batijournal.com\\\/index.php\\\/reynaers-alumnium-mene-des-actions-concretes-pour-reduire-les-emissions-de-carbone\\\/108996\\\/\",\"url\":\"https:\\\/\\\/batijournal.com\\\/index.php\\\/reynaers-alumnium-mene-des-actions-concretes-pour-reduire-les-emissions-de-carbone\\\/108996\\\/\",\"name\":\"Reynaers Alumnium m\u00e8ne des actions concr\u00e8tes pour r\u00e9duire les \u00e9missions de carbone\",\"isPartOf\":{\"@id\":\"https:\\\/\\\/batijournal.com\\\/#website\"},\"primaryImageOfPage\":{\"@id\":\"https:\\\/\\\/batijournal.com\\\/index.php\\\/reynaers-alumnium-mene-des-actions-concretes-pour-reduire-les-emissions-de-carbone\\\/108996\\\/#primaryimage\"},\"image\":{\"@id\":\"https:\\\/\\\/batijournal.com\\\/index.php\\\/reynaers-alumnium-mene-des-actions-concretes-pour-reduire-les-emissions-de-carbone\\\/108996\\\/#primaryimage\"},\"thumbnailUrl\":\"https:\\\/\\\/batijournal.com\\\/wp-content\\\/uploads\\\/2023\\\/06\\\/Radisson-Hotel-Tsinandali-Reynaers-Aluminium.jpg\",\"datePublished\":\"2023-06-07T04:25:26+00:00\",\"author\":{\"@id\":\"https:\\\/\\\/batijournal.com\\\/#\\\/schema\\\/person\\\/1dc96ec6957aa1ccb25ebe78bb19f100\"},\"breadcrumb\":{\"@id\":\"https:\\\/\\\/batijournal.com\\\/index.php\\\/reynaers-alumnium-mene-des-actions-concretes-pour-reduire-les-emissions-de-carbone\\\/108996\\\/#breadcrumb\"},\"inLanguage\":\"fr-FR\",\"potentialAction\":[{\"@type\":\"ReadAction\",\"target\":[\"https:\\\/\\\/batijournal.com\\\/index.php\\\/reynaers-alumnium-mene-des-actions-concretes-pour-reduire-les-emissions-de-carbone\\\/108996\\\/\"]}]},{\"@type\":\"ImageObject\",\"inLanguage\":\"fr-FR\",\"@id\":\"https:\\\/\\\/batijournal.com\\\/index.php\\\/reynaers-alumnium-mene-des-actions-concretes-pour-reduire-les-emissions-de-carbone\\\/108996\\\/#primaryimage\",\"url\":\"https:\\\/\\\/batijournal.com\\\/wp-content\\\/uploads\\\/2023\\\/06\\\/Radisson-Hotel-Tsinandali-Reynaers-Aluminium.jpg\",\"contentUrl\":\"https:\\\/\\\/batijournal.com\\\/wp-content\\\/uploads\\\/2023\\\/06\\\/Radisson-Hotel-Tsinandali-Reynaers-Aluminium.jpg\",\"width\":1080,\"height\":880},{\"@type\":\"BreadcrumbList\",\"@id\":\"https:\\\/\\\/batijournal.com\\\/index.php\\\/reynaers-alumnium-mene-des-actions-concretes-pour-reduire-les-emissions-de-carbone\\\/108996\\\/#breadcrumb\",\"itemListElement\":[{\"@type\":\"ListItem\",\"position\":1,\"name\":\"Accueil\",\"item\":\"https:\\\/\\\/batijournal.com\\\/\"},{\"@type\":\"ListItem\",\"position\":2,\"name\":\"Actualit\u00e9s\",\"item\":\"https:\\\/\\\/batijournal.com\\\/index.php\\\/category\\\/actualites\\\/\"},{\"@type\":\"ListItem\",\"position\":3,\"name\":\"Reynaers Alumnium m\u00e8ne des actions concr\u00e8tes pour r\u00e9duire les \u00e9missions de carbone\"}]},{\"@type\":\"WebSite\",\"@id\":\"https:\\\/\\\/batijournal.com\\\/#website\",\"url\":\"https:\\\/\\\/batijournal.com\\\/\",\"name\":\"Batijournal\",\"description\":\"L&#039;actualit\u00e9 du b\u00e2timent\",\"potentialAction\":[{\"@type\":\"SearchAction\",\"target\":{\"@type\":\"EntryPoint\",\"urlTemplate\":\"https:\\\/\\\/batijournal.com\\\/?s={search_term_string}\"},\"query-input\":{\"@type\":\"PropertyValueSpecification\",\"valueRequired\":true,\"valueName\":\"search_term_string\"}}],\"inLanguage\":\"fr-FR\"},{\"@type\":\"Person\",\"@id\":\"https:\\\/\\\/batijournal.com\\\/#\\\/schema\\\/person\\\/1dc96ec6957aa1ccb25ebe78bb19f100\",\"name\":\"St\u00e9phane Miget\",\"image\":{\"@type\":\"ImageObject\",\"inLanguage\":\"fr-FR\",\"@id\":\"https:\\\/\\\/secure.gravatar.com\\\/avatar\\\/89915563d925342126b8ef0281b93d9d7fc337043e8df017f780908eb9644451?s=96&d=mm&r=g\",\"url\":\"https:\\\/\\\/secure.gravatar.com\\\/avatar\\\/89915563d925342126b8ef0281b93d9d7fc337043e8df017f780908eb9644451?s=96&d=mm&r=g\",\"contentUrl\":\"https:\\\/\\\/secure.gravatar.com\\\/avatar\\\/89915563d925342126b8ef0281b93d9d7fc337043e8df017f780908eb9644451?s=96&d=mm&r=g\",\"caption\":\"St\u00e9phane Miget\"},\"url\":\"https:\\\/\\\/batijournal.com\\\/index.php\\\/author\\\/stephane\\\/\"}]}<\/script>\n<!-- \/ Yoast SEO plugin. -->","yoast_head_json":{"title":"Reynaers Alumnium m\u00e8ne des actions concr\u00e8tes pour r\u00e9duire les \u00e9missions de carbone","robots":{"index":"index","follow":"follow","max-snippet":"max-snippet:-1","max-image-preview":"max-image-preview:large","max-video-preview":"max-video-preview:-1"},"canonical":"https:\/\/batijournal.com\/index.php\/reynaers-alumnium-mene-des-actions-concretes-pour-reduire-les-emissions-de-carbone\/108996\/","og_locale":"fr_FR","og_type":"article","og_title":"Reynaers Alumnium m\u00e8ne des actions concr\u00e8tes pour r\u00e9duire les \u00e9missions de carbone","og_description":"Avec la publication de son rapport \u201cReynaers Act\u201c, le groupe Reynaers Aluminium s\u2019engage et officialise sa trajectoire vers un mod\u00e8le bas carbone d\u2019ici 2030, avec l\u2019objectif de r\u00e9duire de 46% ses \u00e9missions de CO2 directes par rapport \u00e0 2019 et de 55% ses \u00e9missions de CO2 provenant de ses activit\u00e9s indirectes. Une d\u00e9marche soutenue par [&hellip;]","og_url":"https:\/\/batijournal.com\/index.php\/reynaers-alumnium-mene-des-actions-concretes-pour-reduire-les-emissions-de-carbone\/108996\/","og_site_name":"Batijournal","article_published_time":"2023-06-07T04:25:26+00:00","og_image":[{"width":1080,"height":880,"url":"https:\/\/batijournal.com\/wp-content\/uploads\/2023\/06\/Radisson-Hotel-Tsinandali-Reynaers-Aluminium.jpg","type":"image\/jpeg"}],"author":"St\u00e9phane Miget","twitter_card":"summary_large_image","twitter_creator":"@bati_journal","twitter_site":"@bati_journal","twitter_misc":{"\u00c9crit par":"St\u00e9phane Miget","Dur\u00e9e de lecture estim\u00e9e":"1 minute"},"schema":{"@context":"https:\/\/schema.org","@graph":[{"@type":"Article","@id":"https:\/\/batijournal.com\/index.php\/reynaers-alumnium-mene-des-actions-concretes-pour-reduire-les-emissions-de-carbone\/108996\/#article","isPartOf":{"@id":"https:\/\/batijournal.com\/index.php\/reynaers-alumnium-mene-des-actions-concretes-pour-reduire-les-emissions-de-carbone\/108996\/"},"author":{"name":"St\u00e9phane Miget","@id":"https:\/\/batijournal.com\/#\/schema\/person\/1dc96ec6957aa1ccb25ebe78bb19f100"},"headline":"Reynaers Alumnium m\u00e8ne des actions concr\u00e8tes pour r\u00e9duire les \u00e9missions de carbone","datePublished":"2023-06-07T04:25:26+00:00","mainEntityOfPage":{"@id":"https:\/\/batijournal.com\/index.php\/reynaers-alumnium-mene-des-actions-concretes-pour-reduire-les-emissions-de-carbone\/108996\/"},"wordCount":288,"image":{"@id":"https:\/\/batijournal.com\/index.php\/reynaers-alumnium-mene-des-actions-concretes-pour-reduire-les-emissions-de-carbone\/108996\/#primaryimage"},"thumbnailUrl":"https:\/\/batijournal.com\/wp-content\/uploads\/2023\/06\/Radisson-Hotel-Tsinandali-Reynaers-Aluminium.jpg","keywords":["fen\u00eatre aluminium"],"articleSection":["Actualit\u00e9s","\u00c9conomie &amp; March\u00e9s","zz_5fa\u00e7ades","zz_Actualit\u00e9s - 5fa\u00e7ades","zz_Actualit\u00e9s - Plan\u00e8te","zz_Plan\u00e8te B\u00e2timent"],"inLanguage":"fr-FR"},{"@type":"WebPage","@id":"https:\/\/batijournal.com\/index.php\/reynaers-alumnium-mene-des-actions-concretes-pour-reduire-les-emissions-de-carbone\/108996\/","url":"https:\/\/batijournal.com\/index.php\/reynaers-alumnium-mene-des-actions-concretes-pour-reduire-les-emissions-de-carbone\/108996\/","name":"Reynaers Alumnium m\u00e8ne des actions concr\u00e8tes pour r\u00e9duire les \u00e9missions de carbone","isPartOf":{"@id":"https:\/\/batijournal.com\/#website"},"primaryImageOfPage":{"@id":"https:\/\/batijournal.com\/index.php\/reynaers-alumnium-mene-des-actions-concretes-pour-reduire-les-emissions-de-carbone\/108996\/#primaryimage"},"image":{"@id":"https:\/\/batijournal.com\/index.php\/reynaers-alumnium-mene-des-actions-concretes-pour-reduire-les-emissions-de-carbone\/108996\/#primaryimage"},"thumbnailUrl":"https:\/\/batijournal.com\/wp-content\/uploads\/2023\/06\/Radisson-Hotel-Tsinandali-Reynaers-Aluminium.jpg","datePublished":"2023-06-07T04:25:26+00:00","author":{"@id":"https:\/\/batijournal.com\/#\/schema\/person\/1dc96ec6957aa1ccb25ebe78bb19f100"},"breadcrumb":{"@id":"https:\/\/batijournal.com\/index.php\/reynaers-alumnium-mene-des-actions-concretes-pour-reduire-les-emissions-de-carbone\/108996\/#breadcrumb"},"inLanguage":"fr-FR","potentialAction":[{"@type":"ReadAction","target":["https:\/\/batijournal.com\/index.php\/reynaers-alumnium-mene-des-actions-concretes-pour-reduire-les-emissions-de-carbone\/108996\/"]}]},{"@type":"ImageObject","inLanguage":"fr-FR","@id":"https:\/\/batijournal.com\/index.php\/reynaers-alumnium-mene-des-actions-concretes-pour-reduire-les-emissions-de-carbone\/108996\/#primaryimage","url":"https:\/\/batijournal.com\/wp-content\/uploads\/2023\/06\/Radisson-Hotel-Tsinandali-Reynaers-Aluminium.jpg","contentUrl":"https:\/\/batijournal.com\/wp-content\/uploads\/2023\/06\/Radisson-Hotel-Tsinandali-Reynaers-Aluminium.jpg","width":1080,"height":880},{"@type":"BreadcrumbList","@id":"https:\/\/batijournal.com\/index.php\/reynaers-alumnium-mene-des-actions-concretes-pour-reduire-les-emissions-de-carbone\/108996\/#breadcrumb","itemListElement":[{"@type":"ListItem","position":1,"name":"Accueil","item":"https:\/\/batijournal.com\/"},{"@type":"ListItem","position":2,"name":"Actualit\u00e9s","item":"https:\/\/batijournal.com\/index.php\/category\/actualites\/"},{"@type":"ListItem","position":3,"name":"Reynaers Alumnium m\u00e8ne des actions concr\u00e8tes pour r\u00e9duire les \u00e9missions de carbone"}]},{"@type":"WebSite","@id":"https:\/\/batijournal.com\/#website","url":"https:\/\/batijournal.com\/","name":"Batijournal","description":"L&#039;actualit\u00e9 du b\u00e2timent","potentialAction":[{"@type":"SearchAction","target":{"@type":"EntryPoint","urlTemplate":"https:\/\/batijournal.com\/?s={search_term_string}"},"query-input":{"@type":"PropertyValueSpecification","valueRequired":true,"valueName":"search_term_string"}}],"inLanguage":"fr-FR"},{"@type":"Person","@id":"https:\/\/batijournal.com\/#\/schema\/person\/1dc96ec6957aa1ccb25ebe78bb19f100","name":"St\u00e9phane Miget","image":{"@type":"ImageObject","inLanguage":"fr-FR","@id":"https:\/\/secure.gravatar.com\/avatar\/89915563d925342126b8ef0281b93d9d7fc337043e8df017f780908eb9644451?s=96&d=mm&r=g","url":"https:\/\/secure.gravatar.com\/avatar\/89915563d925342126b8ef0281b93d9d7fc337043e8df017f780908eb9644451?s=96&d=mm&r=g","contentUrl":"https:\/\/secure.gravatar.com\/avatar\/89915563d925342126b8ef0281b93d9d7fc337043e8df017f780908eb9644451?s=96&d=mm&r=g","caption":"St\u00e9phane Miget"},"url":"https:\/\/batijournal.com\/index.php\/author\/stephane\/"}]}},"_links":{"self":[{"href":"https:\/\/batijournal.com\/index.php\/wp-json\/wp\/v2\/posts\/108996","targetHints":{"allow":["GET"]}}],"collection":[{"href":"https:\/\/batijournal.com\/index.php\/wp-json\/wp\/v2\/posts"}],"about":[{"href":"https:\/\/batijournal.com\/index.php\/wp-json\/wp\/v2\/types\/post"}],"author":[{"embeddable":true,"href":"https:\/\/batijournal.com\/index.php\/wp-json\/wp\/v2\/users\/17"}],"replies":[{"embeddable":true,"href":"https:\/\/batijournal.com\/index.php\/wp-json\/wp\/v2\/comments?post=108996"}],"version-history":[{"count":0,"href":"https:\/\/batijournal.com\/index.php\/wp-json\/wp\/v2\/posts\/108996\/revisions"}],"wp:featuredmedia":[{"embeddable":true,"href":"https:\/\/batijournal.com\/index.php\/wp-json\/wp\/v2\/media\/108997"}],"wp:attachment":[{"href":"https:\/\/batijournal.com\/index.php\/wp-json\/wp\/v2\/media?parent=108996"}],"wp:term":[{"taxonomy":"category","embeddable":true,"href":"https:\/\/batijournal.com\/index.php\/wp-json\/wp\/v2\/categories?post=108996"},{"taxonomy":"post_tag","embeddable":true,"href":"https:\/\/batijournal.com\/index.php\/wp-json\/wp\/v2\/tags?post=108996"}],"curies":[{"name":"wp","href":"https:\/\/api.w.org\/{rel}","templated":true}]}}