{"id":108998,"date":"2023-06-07T06:30:13","date_gmt":"2023-06-07T04:30:13","guid":{"rendered":"https:\/\/batijournal.com\/?p=108998"},"modified":"2023-06-07T06:30:13","modified_gmt":"2023-06-07T04:30:13","slug":"nouvelle-gamme-de-fenetres-chez-technal","status":"publish","type":"post","link":"https:\/\/batijournal.com\/index.php\/nouvelle-gamme-de-fenetres-chez-technal\/108998\/","title":{"rendered":"Nouvelle gamme de fen\u00eatres chez TECHNAL"},"content":{"rendered":"<p>TECHNAL lance la commercialisation des versions fen\u00eatres et portes-fen\u00eatres SOLEAL Next, d\u00e9di\u00e9es aussi bien \u00e0 l\u2019habitat qu\u2019aux b\u00e2timents, en neuf comme en r\u00e9novation. Cette gamme \u00e9volu\u00e9e et \u00e9volutive de SOLEAL r\u00e9pond aux exigences r\u00e9glementaires de la RE 2020 qu\u2019il s\u2019agisse de performances ou d\u2019\u00e9coconception. Fond\u00e9e sur un concept unique et modulaire en 65 mm et 75 mm, elle multiplie les possibilit\u00e9s en termes de design et de confort. C\u00f4t\u00e9 esth\u00e9tique, elle se d\u00e9cline en une plus large vari\u00e9t\u00e9 d\u2019applications, d\u2019ouvertures, d\u2019accessoires, de poign\u00e9es et couleurs. Tous les besoins architecturaux et les envies d\u00e9coratives peuvent \u00eatre assouvis ! C\u00f4t\u00e9 performances, la thermique, l\u2019acoustique, l\u2019\u00e9tanch\u00e9it\u00e9 et la s\u00e9curit\u00e9 sont optimis\u00e9es. La nouvelle gamme est \u00e9galement pens\u00e9e dans une logique d\u2019\u00e9coconception. Elle est fabriqu\u00e9e en aluminium recycl\u00e9 CIRCAL 75R, qui offre le taux d\u2019\u00e9missions carbone le plus bas du march\u00e9. Elle est constitu\u00e9e de mat\u00e9riaux \u00e0 95 % recyclables et 75 % recycl\u00e9s.<\/p>\n<p>&nbsp;<\/p>\n","protected":false},"excerpt":{"rendered":"<p>TECHNAL lance la commercialisation des versions fen\u00eatres et portes-fen\u00eatres SOLEAL Next, d\u00e9di\u00e9es aussi bien \u00e0 l\u2019habitat qu\u2019aux b\u00e2timents, en neuf comme en r\u00e9novation. Cette gamme \u00e9volu\u00e9e et \u00e9volutive de SOLEAL r\u00e9pond aux exigences r\u00e9glementaires de la RE 2020 qu\u2019il s\u2019agisse de performances ou d\u2019\u00e9coconception. Fond\u00e9e sur un concept unique et modulaire en 65 mm et [&hellip;]<\/p>\n","protected":false},"author":17,"featured_media":108999,"comment_status":"closed","ping_status":"closed","sticky":false,"template":"","format":"standard","meta":{"_et_pb_use_builder":"","_et_pb_old_content":"","_et_gb_content_width":"","footnotes":""},"categories":[6356,10771,10774],"tags":[12454],"class_list":["post-108998","post","type-post","status-publish","format-standard","has-post-thumbnail","hentry","category-produits-solutions-techniques","category-5facades","category-produits-5facades","tag-fenetre-aluminium"],"yoast_head":"<!-- This site is optimized with the Yoast SEO plugin v27.4 - https:\/\/yoast.com\/product\/yoast-seo-wordpress\/ -->\n<title>Nouvelle gamme de fen\u00eatres chez TECHNAL<\/title>\n<meta name=\"robots\" content=\"index, follow, max-snippet:-1, max-image-preview:large, max-video-preview:-1\" \/>\n<link rel=\"canonical\" href=\"https:\/\/batijournal.com\/index.php\/nouvelle-gamme-de-fenetres-chez-technal\/108998\/\" \/>\n<meta property=\"og:locale\" content=\"fr_FR\" \/>\n<meta property=\"og:type\" content=\"article\" \/>\n<meta property=\"og:title\" content=\"Nouvelle gamme de fen\u00eatres chez TECHNAL\" \/>\n<meta property=\"og:description\" content=\"TECHNAL lance la commercialisation des versions fen\u00eatres et portes-fen\u00eatres SOLEAL Next, d\u00e9di\u00e9es aussi bien \u00e0 l\u2019habitat qu\u2019aux b\u00e2timents, en neuf comme en r\u00e9novation. Cette gamme \u00e9volu\u00e9e et \u00e9volutive de SOLEAL r\u00e9pond aux exigences r\u00e9glementaires de la RE 2020 qu\u2019il s\u2019agisse de performances ou d\u2019\u00e9coconception. Fond\u00e9e sur un concept unique et modulaire en 65 mm et [&hellip;]\" \/>\n<meta property=\"og:url\" content=\"https:\/\/batijournal.com\/index.php\/nouvelle-gamme-de-fenetres-chez-technal\/108998\/\" \/>\n<meta property=\"og:site_name\" content=\"Batijournal\" \/>\n<meta property=\"article:published_time\" content=\"2023-06-07T04:30:13+00:00\" \/>\n<meta property=\"og:image\" content=\"https:\/\/batijournal.com\/wp-content\/uploads\/2023\/06\/TECHNAL-SOLEAL-NEXT-Altair.jpg\" \/>\n\t<meta property=\"og:image:width\" content=\"1000\" \/>\n\t<meta property=\"og:image:height\" content=\"709\" \/>\n\t<meta property=\"og:image:type\" content=\"image\/jpeg\" \/>\n<meta name=\"author\" content=\"St\u00e9phane Miget\" \/>\n<meta name=\"twitter:card\" content=\"summary_large_image\" \/>\n<meta name=\"twitter:creator\" content=\"@bati_journal\" \/>\n<meta name=\"twitter:site\" content=\"@bati_journal\" \/>\n<meta name=\"twitter:label1\" content=\"\u00c9crit par\" \/>\n\t<meta name=\"twitter:data1\" content=\"St\u00e9phane Miget\" \/>\n\t<meta name=\"twitter:label2\" content=\"Dur\u00e9e de lecture estim\u00e9e\" \/>\n\t<meta name=\"twitter:data2\" content=\"1 minute\" \/>\n<script type=\"application\/ld+json\" class=\"yoast-schema-graph\">{\"@context\":\"https:\\\/\\\/schema.org\",\"@graph\":[{\"@type\":\"Article\",\"@id\":\"https:\\\/\\\/batijournal.com\\\/index.php\\\/nouvelle-gamme-de-fenetres-chez-technal\\\/108998\\\/#article\",\"isPartOf\":{\"@id\":\"https:\\\/\\\/batijournal.com\\\/index.php\\\/nouvelle-gamme-de-fenetres-chez-technal\\\/108998\\\/\"},\"author\":{\"name\":\"St\u00e9phane Miget\",\"@id\":\"https:\\\/\\\/batijournal.com\\\/#\\\/schema\\\/person\\\/1dc96ec6957aa1ccb25ebe78bb19f100\"},\"headline\":\"Nouvelle gamme de fen\u00eatres chez TECHNAL\",\"datePublished\":\"2023-06-07T04:30:13+00:00\",\"mainEntityOfPage\":{\"@id\":\"https:\\\/\\\/batijournal.com\\\/index.php\\\/nouvelle-gamme-de-fenetres-chez-technal\\\/108998\\\/\"},\"wordCount\":186,\"image\":{\"@id\":\"https:\\\/\\\/batijournal.com\\\/index.php\\\/nouvelle-gamme-de-fenetres-chez-technal\\\/108998\\\/#primaryimage\"},\"thumbnailUrl\":\"https:\\\/\\\/batijournal.com\\\/wp-content\\\/uploads\\\/2023\\\/06\\\/TECHNAL-SOLEAL-NEXT-Altair.jpg\",\"keywords\":[\"fen\u00eatre aluminium\"],\"articleSection\":[\"Produits &amp; Solutions techniques\",\"zz_5fa\u00e7ades\",\"zz_Nouveaut\u00e9s Produits - 5fa\u00e7ades\"],\"inLanguage\":\"fr-FR\"},{\"@type\":\"WebPage\",\"@id\":\"https:\\\/\\\/batijournal.com\\\/index.php\\\/nouvelle-gamme-de-fenetres-chez-technal\\\/108998\\\/\",\"url\":\"https:\\\/\\\/batijournal.com\\\/index.php\\\/nouvelle-gamme-de-fenetres-chez-technal\\\/108998\\\/\",\"name\":\"Nouvelle gamme de fen\u00eatres chez TECHNAL\",\"isPartOf\":{\"@id\":\"https:\\\/\\\/batijournal.com\\\/#website\"},\"primaryImageOfPage\":{\"@id\":\"https:\\\/\\\/batijournal.com\\\/index.php\\\/nouvelle-gamme-de-fenetres-chez-technal\\\/108998\\\/#primaryimage\"},\"image\":{\"@id\":\"https:\\\/\\\/batijournal.com\\\/index.php\\\/nouvelle-gamme-de-fenetres-chez-technal\\\/108998\\\/#primaryimage\"},\"thumbnailUrl\":\"https:\\\/\\\/batijournal.com\\\/wp-content\\\/uploads\\\/2023\\\/06\\\/TECHNAL-SOLEAL-NEXT-Altair.jpg\",\"datePublished\":\"2023-06-07T04:30:13+00:00\",\"author\":{\"@id\":\"https:\\\/\\\/batijournal.com\\\/#\\\/schema\\\/person\\\/1dc96ec6957aa1ccb25ebe78bb19f100\"},\"breadcrumb\":{\"@id\":\"https:\\\/\\\/batijournal.com\\\/index.php\\\/nouvelle-gamme-de-fenetres-chez-technal\\\/108998\\\/#breadcrumb\"},\"inLanguage\":\"fr-FR\",\"potentialAction\":[{\"@type\":\"ReadAction\",\"target\":[\"https:\\\/\\\/batijournal.com\\\/index.php\\\/nouvelle-gamme-de-fenetres-chez-technal\\\/108998\\\/\"]}]},{\"@type\":\"ImageObject\",\"inLanguage\":\"fr-FR\",\"@id\":\"https:\\\/\\\/batijournal.com\\\/index.php\\\/nouvelle-gamme-de-fenetres-chez-technal\\\/108998\\\/#primaryimage\",\"url\":\"https:\\\/\\\/batijournal.com\\\/wp-content\\\/uploads\\\/2023\\\/06\\\/TECHNAL-SOLEAL-NEXT-Altair.jpg\",\"contentUrl\":\"https:\\\/\\\/batijournal.com\\\/wp-content\\\/uploads\\\/2023\\\/06\\\/TECHNAL-SOLEAL-NEXT-Altair.jpg\",\"width\":1000,\"height\":709},{\"@type\":\"BreadcrumbList\",\"@id\":\"https:\\\/\\\/batijournal.com\\\/index.php\\\/nouvelle-gamme-de-fenetres-chez-technal\\\/108998\\\/#breadcrumb\",\"itemListElement\":[{\"@type\":\"ListItem\",\"position\":1,\"name\":\"Accueil\",\"item\":\"https:\\\/\\\/batijournal.com\\\/\"},{\"@type\":\"ListItem\",\"position\":2,\"name\":\"Produits &amp; Solutions techniques\",\"item\":\"https:\\\/\\\/batijournal.com\\\/index.php\\\/category\\\/produits-solutions-techniques\\\/\"},{\"@type\":\"ListItem\",\"position\":3,\"name\":\"Nouvelle gamme de fen\u00eatres chez TECHNAL\"}]},{\"@type\":\"WebSite\",\"@id\":\"https:\\\/\\\/batijournal.com\\\/#website\",\"url\":\"https:\\\/\\\/batijournal.com\\\/\",\"name\":\"Batijournal\",\"description\":\"L&#039;actualit\u00e9 du b\u00e2timent\",\"potentialAction\":[{\"@type\":\"SearchAction\",\"target\":{\"@type\":\"EntryPoint\",\"urlTemplate\":\"https:\\\/\\\/batijournal.com\\\/?s={search_term_string}\"},\"query-input\":{\"@type\":\"PropertyValueSpecification\",\"valueRequired\":true,\"valueName\":\"search_term_string\"}}],\"inLanguage\":\"fr-FR\"},{\"@type\":\"Person\",\"@id\":\"https:\\\/\\\/batijournal.com\\\/#\\\/schema\\\/person\\\/1dc96ec6957aa1ccb25ebe78bb19f100\",\"name\":\"St\u00e9phane Miget\",\"image\":{\"@type\":\"ImageObject\",\"inLanguage\":\"fr-FR\",\"@id\":\"https:\\\/\\\/secure.gravatar.com\\\/avatar\\\/89915563d925342126b8ef0281b93d9d7fc337043e8df017f780908eb9644451?s=96&d=mm&r=g\",\"url\":\"https:\\\/\\\/secure.gravatar.com\\\/avatar\\\/89915563d925342126b8ef0281b93d9d7fc337043e8df017f780908eb9644451?s=96&d=mm&r=g\",\"contentUrl\":\"https:\\\/\\\/secure.gravatar.com\\\/avatar\\\/89915563d925342126b8ef0281b93d9d7fc337043e8df017f780908eb9644451?s=96&d=mm&r=g\",\"caption\":\"St\u00e9phane Miget\"},\"url\":\"https:\\\/\\\/batijournal.com\\\/index.php\\\/author\\\/stephane\\\/\"}]}<\/script>\n<!-- \/ Yoast SEO plugin. -->","yoast_head_json":{"title":"Nouvelle gamme de fen\u00eatres chez TECHNAL","robots":{"index":"index","follow":"follow","max-snippet":"max-snippet:-1","max-image-preview":"max-image-preview:large","max-video-preview":"max-video-preview:-1"},"canonical":"https:\/\/batijournal.com\/index.php\/nouvelle-gamme-de-fenetres-chez-technal\/108998\/","og_locale":"fr_FR","og_type":"article","og_title":"Nouvelle gamme de fen\u00eatres chez TECHNAL","og_description":"TECHNAL lance la commercialisation des versions fen\u00eatres et portes-fen\u00eatres SOLEAL Next, d\u00e9di\u00e9es aussi bien \u00e0 l\u2019habitat qu\u2019aux b\u00e2timents, en neuf comme en r\u00e9novation. Cette gamme \u00e9volu\u00e9e et \u00e9volutive de SOLEAL r\u00e9pond aux exigences r\u00e9glementaires de la RE 2020 qu\u2019il s\u2019agisse de performances ou d\u2019\u00e9coconception. Fond\u00e9e sur un concept unique et modulaire en 65 mm et [&hellip;]","og_url":"https:\/\/batijournal.com\/index.php\/nouvelle-gamme-de-fenetres-chez-technal\/108998\/","og_site_name":"Batijournal","article_published_time":"2023-06-07T04:30:13+00:00","og_image":[{"width":1000,"height":709,"url":"https:\/\/batijournal.com\/wp-content\/uploads\/2023\/06\/TECHNAL-SOLEAL-NEXT-Altair.jpg","type":"image\/jpeg"}],"author":"St\u00e9phane Miget","twitter_card":"summary_large_image","twitter_creator":"@bati_journal","twitter_site":"@bati_journal","twitter_misc":{"\u00c9crit par":"St\u00e9phane Miget","Dur\u00e9e de lecture estim\u00e9e":"1 minute"},"schema":{"@context":"https:\/\/schema.org","@graph":[{"@type":"Article","@id":"https:\/\/batijournal.com\/index.php\/nouvelle-gamme-de-fenetres-chez-technal\/108998\/#article","isPartOf":{"@id":"https:\/\/batijournal.com\/index.php\/nouvelle-gamme-de-fenetres-chez-technal\/108998\/"},"author":{"name":"St\u00e9phane Miget","@id":"https:\/\/batijournal.com\/#\/schema\/person\/1dc96ec6957aa1ccb25ebe78bb19f100"},"headline":"Nouvelle gamme de fen\u00eatres chez TECHNAL","datePublished":"2023-06-07T04:30:13+00:00","mainEntityOfPage":{"@id":"https:\/\/batijournal.com\/index.php\/nouvelle-gamme-de-fenetres-chez-technal\/108998\/"},"wordCount":186,"image":{"@id":"https:\/\/batijournal.com\/index.php\/nouvelle-gamme-de-fenetres-chez-technal\/108998\/#primaryimage"},"thumbnailUrl":"https:\/\/batijournal.com\/wp-content\/uploads\/2023\/06\/TECHNAL-SOLEAL-NEXT-Altair.jpg","keywords":["fen\u00eatre aluminium"],"articleSection":["Produits &amp; Solutions techniques","zz_5fa\u00e7ades","zz_Nouveaut\u00e9s Produits - 5fa\u00e7ades"],"inLanguage":"fr-FR"},{"@type":"WebPage","@id":"https:\/\/batijournal.com\/index.php\/nouvelle-gamme-de-fenetres-chez-technal\/108998\/","url":"https:\/\/batijournal.com\/index.php\/nouvelle-gamme-de-fenetres-chez-technal\/108998\/","name":"Nouvelle gamme de fen\u00eatres chez TECHNAL","isPartOf":{"@id":"https:\/\/batijournal.com\/#website"},"primaryImageOfPage":{"@id":"https:\/\/batijournal.com\/index.php\/nouvelle-gamme-de-fenetres-chez-technal\/108998\/#primaryimage"},"image":{"@id":"https:\/\/batijournal.com\/index.php\/nouvelle-gamme-de-fenetres-chez-technal\/108998\/#primaryimage"},"thumbnailUrl":"https:\/\/batijournal.com\/wp-content\/uploads\/2023\/06\/TECHNAL-SOLEAL-NEXT-Altair.jpg","datePublished":"2023-06-07T04:30:13+00:00","author":{"@id":"https:\/\/batijournal.com\/#\/schema\/person\/1dc96ec6957aa1ccb25ebe78bb19f100"},"breadcrumb":{"@id":"https:\/\/batijournal.com\/index.php\/nouvelle-gamme-de-fenetres-chez-technal\/108998\/#breadcrumb"},"inLanguage":"fr-FR","potentialAction":[{"@type":"ReadAction","target":["https:\/\/batijournal.com\/index.php\/nouvelle-gamme-de-fenetres-chez-technal\/108998\/"]}]},{"@type":"ImageObject","inLanguage":"fr-FR","@id":"https:\/\/batijournal.com\/index.php\/nouvelle-gamme-de-fenetres-chez-technal\/108998\/#primaryimage","url":"https:\/\/batijournal.com\/wp-content\/uploads\/2023\/06\/TECHNAL-SOLEAL-NEXT-Altair.jpg","contentUrl":"https:\/\/batijournal.com\/wp-content\/uploads\/2023\/06\/TECHNAL-SOLEAL-NEXT-Altair.jpg","width":1000,"height":709},{"@type":"BreadcrumbList","@id":"https:\/\/batijournal.com\/index.php\/nouvelle-gamme-de-fenetres-chez-technal\/108998\/#breadcrumb","itemListElement":[{"@type":"ListItem","position":1,"name":"Accueil","item":"https:\/\/batijournal.com\/"},{"@type":"ListItem","position":2,"name":"Produits &amp; Solutions techniques","item":"https:\/\/batijournal.com\/index.php\/category\/produits-solutions-techniques\/"},{"@type":"ListItem","position":3,"name":"Nouvelle gamme de fen\u00eatres chez TECHNAL"}]},{"@type":"WebSite","@id":"https:\/\/batijournal.com\/#website","url":"https:\/\/batijournal.com\/","name":"Batijournal","description":"L&#039;actualit\u00e9 du b\u00e2timent","potentialAction":[{"@type":"SearchAction","target":{"@type":"EntryPoint","urlTemplate":"https:\/\/batijournal.com\/?s={search_term_string}"},"query-input":{"@type":"PropertyValueSpecification","valueRequired":true,"valueName":"search_term_string"}}],"inLanguage":"fr-FR"},{"@type":"Person","@id":"https:\/\/batijournal.com\/#\/schema\/person\/1dc96ec6957aa1ccb25ebe78bb19f100","name":"St\u00e9phane Miget","image":{"@type":"ImageObject","inLanguage":"fr-FR","@id":"https:\/\/secure.gravatar.com\/avatar\/89915563d925342126b8ef0281b93d9d7fc337043e8df017f780908eb9644451?s=96&d=mm&r=g","url":"https:\/\/secure.gravatar.com\/avatar\/89915563d925342126b8ef0281b93d9d7fc337043e8df017f780908eb9644451?s=96&d=mm&r=g","contentUrl":"https:\/\/secure.gravatar.com\/avatar\/89915563d925342126b8ef0281b93d9d7fc337043e8df017f780908eb9644451?s=96&d=mm&r=g","caption":"St\u00e9phane Miget"},"url":"https:\/\/batijournal.com\/index.php\/author\/stephane\/"}]}},"_links":{"self":[{"href":"https:\/\/batijournal.com\/index.php\/wp-json\/wp\/v2\/posts\/108998","targetHints":{"allow":["GET"]}}],"collection":[{"href":"https:\/\/batijournal.com\/index.php\/wp-json\/wp\/v2\/posts"}],"about":[{"href":"https:\/\/batijournal.com\/index.php\/wp-json\/wp\/v2\/types\/post"}],"author":[{"embeddable":true,"href":"https:\/\/batijournal.com\/index.php\/wp-json\/wp\/v2\/users\/17"}],"replies":[{"embeddable":true,"href":"https:\/\/batijournal.com\/index.php\/wp-json\/wp\/v2\/comments?post=108998"}],"version-history":[{"count":0,"href":"https:\/\/batijournal.com\/index.php\/wp-json\/wp\/v2\/posts\/108998\/revisions"}],"wp:featuredmedia":[{"embeddable":true,"href":"https:\/\/batijournal.com\/index.php\/wp-json\/wp\/v2\/media\/108999"}],"wp:attachment":[{"href":"https:\/\/batijournal.com\/index.php\/wp-json\/wp\/v2\/media?parent=108998"}],"wp:term":[{"taxonomy":"category","embeddable":true,"href":"https:\/\/batijournal.com\/index.php\/wp-json\/wp\/v2\/categories?post=108998"},{"taxonomy":"post_tag","embeddable":true,"href":"https:\/\/batijournal.com\/index.php\/wp-json\/wp\/v2\/tags?post=108998"}],"curies":[{"name":"wp","href":"https:\/\/api.w.org\/{rel}","templated":true}]}}