{"id":109013,"date":"2023-06-12T19:30:08","date_gmt":"2023-06-12T17:30:08","guid":{"rendered":"https:\/\/batijournal.com\/?p=109013"},"modified":"2023-06-12T19:54:44","modified_gmt":"2023-06-12T17:54:44","slug":"un-collectif-formule-des-propositions-structurantes-pour-une-renovation-performante","status":"publish","type":"post","link":"https:\/\/batijournal.com\/index.php\/un-collectif-formule-des-propositions-structurantes-pour-une-renovation-performante\/109013\/","title":{"rendered":"Un collectif formule des propositions structurantes pour une r\u00e9novation performante"},"content":{"rendered":"<p>Le Gouvernement a lanc\u00e9 vendredi 2 juin une \u201cconsultation-\u00e9clair\u201d concernant la r\u00e9forme des aides nationale \u00e0 la r\u00e9novation \u00e9nerg\u00e9tique, en vue d\u2019arbitrages r\u00e9alis\u00e9s courant juin. Cette r\u00e9forme fait suite \u00e0 plusieurs constats : grande complexit\u00e9 des m\u00e9canismes d\u2019aides aux yeux des m\u00e9nages, faible efficacit\u00e9 des aides qui conduisent \u00e0 des travaux peu performants, niveau de fraudes importants. Le syst\u00e8me actuel des aides nationales (MaPrimeR\u00e9nov\u2019, Certificats d\u2019Economies d\u2019Energie, Eco-Pr\u00eat \u00e0 Taux Z\u00e9ro) ne r\u00e9pond pas aux objectifs de la politique publique : niveau de performance \u00e9nerg\u00e9tique du parc au niveau \u201cB\u00e2timent Basse Consommation\u201d d\u2019ici 2050, fin des passoires \u00e9nerg\u00e9tiques, sortie des m\u00e9nages de la pr\u00e9carit\u00e9 \u00e9nerg\u00e9tique, d\u00e9carbonation des syst\u00e8mes de chauffage.<\/p>\n<p>Un large collectif s\u2019est r\u00e9uni pour adresser au Gouvernement des propositions structurantes, qu\u2019ils ont formul\u00e9es dans une lettre et une pr\u00e9sentation envoy\u00e9e \u00e0 la Premi\u00e8re Ministre et aux diff\u00e9rents ministres concern\u00e9s ce mercredi 7 juin. Ce collectif r\u00e9unit des acteurs repr\u00e9sentant la fili\u00e8re de la r\u00e9novation performante : r\u00e9seaux professionnels, industriels, associations environnementales et de solidarit\u00e9, acteurs territoriaux, op\u00e9rateurs de travaux, accompagnateurs de m\u00e9nages et acteurs financiers. La lettre r\u00e9affirme l\u2019importance de la r\u00e9novation performante (d\u00e9sormais bien d\u00e9finie par l\u2019article L111.1 alin\u00e9a 17 bis du Code de la Construction) pour d\u00e9carboner notre soci\u00e9t\u00e9, tout en sortant les m\u00e9nages de la pr\u00e9carit\u00e9 \u00e9nerg\u00e9tique et de ses cons\u00e9quences sur la sant\u00e9, en divisant nos consommations de chauffage par 4 \u00e0 10 selon les situations.<\/p>\n<p>Elle formule des propositions claires pour g\u00e9n\u00e9rer une dynamique de r\u00e9novation performante \u00e0 la hauteur des enjeux de notre pays. Voici les principales propositions :<br \/>\n&#8211; Une aide \u00e0 la r\u00e9novation performante des maisons en 3 \u00e9tapes de travaux maximum, suivant un ordre bas\u00e9 sur des bouquets de travaux pr\u00e9calcul\u00e9s (outil \u201canti-fraude\u201d tr\u00e8s simple), pour traiter les 6 postes de la r\u00e9novation performante et les interfaces associ\u00e9es : isolation des murs, des toitures, des planchers, remplacement des menuiseries, ventilation, eau chaude sanitaire et chauffage performants.<br \/>\n&#8211; 3 parcours pr\u00e9d\u00e9finis, lisibles pour toute la fili\u00e8re, pour traiter les postes de travaux dans un ordre logique qui \u00e9vite les incoh\u00e9rences actuelles des monogestes.<br \/>\n&#8211; Une aide pour tous les m\u00e9nages, d\u00e9croissante selon le niveau de revenus et le nombre d\u2019\u00e9tapes de travaux, en priorisant un reste \u00e0 charge 0 pour les m\u00e9nages tr\u00e8s modestes sans d\u00e9pendre des ressources des collectivit\u00e9s locales (financement Etat); une facilitation d\u2019acc\u00e8s \u00e0 l\u2019\u00e9co-pr\u00eat \u00e0 taux z\u00e9ro en compl\u00e9ment des aides pour tous les m\u00e9nages.<br \/>\n&#8211; Une prise en charge \u00e0 100% par l\u2019Etat de l\u2019accompagnement \u00e0 la r\u00e9novation performante pour les m\u00e9nages modestes et tr\u00e8s modestes, au bon niveau de co\u00fbt des accompagnements.<br \/>\n&#8211; Une extension de l\u2019obligation d\u2019accompagnement et des soutiens financiers aux 100 000 ventes annuelles de maisons \u201cpassoires \u00e9nerg\u00e9tiques\u201d.<br \/>\n&#8211; Une formation \u00e0 court terme des Accompagnateurs R\u00e9nov\u2019 \u00e0 l\u2019accompagnement de la r\u00e9novation performante, et la mise en place d\u2019une d\u00e9marche de formation \u00e0 la r\u00e9novation performante de l\u2019ensemble des op\u00e9rateurs de travaux.<br \/>\nCes propositions r\u00e9pondent simultan\u00e9ment aux trois enjeux affich\u00e9s par le Gouvernement : d\u00e9carbonation, \u00e9conomies d\u2019\u00e9nergie et inclusion sociale.<\/p>\n","protected":false},"excerpt":{"rendered":"<p>Le Gouvernement a lanc\u00e9 vendredi 2 juin une \u201cconsultation-\u00e9clair\u201d concernant la r\u00e9forme des aides nationale \u00e0 la r\u00e9novation \u00e9nerg\u00e9tique, en vue d\u2019arbitrages r\u00e9alis\u00e9s courant juin. Cette r\u00e9forme fait suite \u00e0 plusieurs constats : grande complexit\u00e9 des m\u00e9canismes d\u2019aides aux yeux des m\u00e9nages, faible efficacit\u00e9 des aides qui conduisent \u00e0 des travaux peu performants, niveau de [&hellip;]<\/p>\n","protected":false},"author":17,"featured_media":98496,"comment_status":"closed","ping_status":"closed","sticky":false,"template":"","format":"standard","meta":{"_et_pb_use_builder":"","_et_pb_old_content":"","_et_gb_content_width":"","footnotes":""},"categories":[10530,6351,10781,10778],"tags":[1683],"class_list":["post-109013","post","type-post","status-publish","format-standard","has-post-thumbnail","hentry","category-actualites","category-energie-environnement","category-publications-planete","category-planete","tag-renovation-energetique"],"yoast_head":"<!-- This site is optimized with the Yoast SEO plugin v27.4 - https:\/\/yoast.com\/product\/yoast-seo-wordpress\/ -->\n<title>Un collectif formule des propositions structurantes pour une r\u00e9novation performante<\/title>\n<meta name=\"robots\" content=\"index, follow, max-snippet:-1, max-image-preview:large, max-video-preview:-1\" \/>\n<link rel=\"canonical\" href=\"https:\/\/batijournal.com\/index.php\/un-collectif-formule-des-propositions-structurantes-pour-une-renovation-performante\/109013\/\" \/>\n<meta property=\"og:locale\" content=\"fr_FR\" \/>\n<meta property=\"og:type\" content=\"article\" \/>\n<meta property=\"og:title\" content=\"Un collectif formule des propositions structurantes pour une r\u00e9novation performante\" \/>\n<meta property=\"og:description\" content=\"Le Gouvernement a lanc\u00e9 vendredi 2 juin une \u201cconsultation-\u00e9clair\u201d concernant la r\u00e9forme des aides nationale \u00e0 la r\u00e9novation \u00e9nerg\u00e9tique, en vue d\u2019arbitrages r\u00e9alis\u00e9s courant juin. Cette r\u00e9forme fait suite \u00e0 plusieurs constats : grande complexit\u00e9 des m\u00e9canismes d\u2019aides aux yeux des m\u00e9nages, faible efficacit\u00e9 des aides qui conduisent \u00e0 des travaux peu performants, niveau de [&hellip;]\" \/>\n<meta property=\"og:url\" content=\"https:\/\/batijournal.com\/index.php\/un-collectif-formule-des-propositions-structurantes-pour-une-renovation-performante\/109013\/\" \/>\n<meta property=\"og:site_name\" content=\"Batijournal\" \/>\n<meta property=\"article:published_time\" content=\"2023-06-12T17:30:08+00:00\" \/>\n<meta property=\"article:modified_time\" content=\"2023-06-12T17:54:44+00:00\" \/>\n<meta property=\"og:image\" content=\"https:\/\/batijournal.com\/wp-content\/uploads\/2018\/02\/ite.jpg\" \/>\n\t<meta property=\"og:image:width\" content=\"1200\" \/>\n\t<meta property=\"og:image:height\" content=\"779\" \/>\n\t<meta property=\"og:image:type\" content=\"image\/jpeg\" \/>\n<meta name=\"author\" content=\"St\u00e9phane Miget\" \/>\n<meta name=\"twitter:card\" content=\"summary_large_image\" \/>\n<meta name=\"twitter:creator\" content=\"@bati_journal\" \/>\n<meta name=\"twitter:site\" content=\"@bati_journal\" \/>\n<meta name=\"twitter:label1\" content=\"\u00c9crit par\" \/>\n\t<meta name=\"twitter:data1\" content=\"St\u00e9phane Miget\" \/>\n\t<meta name=\"twitter:label2\" content=\"Dur\u00e9e de lecture estim\u00e9e\" \/>\n\t<meta name=\"twitter:data2\" content=\"3 minutes\" \/>\n<script type=\"application\/ld+json\" class=\"yoast-schema-graph\">{\"@context\":\"https:\\\/\\\/schema.org\",\"@graph\":[{\"@type\":\"Article\",\"@id\":\"https:\\\/\\\/batijournal.com\\\/index.php\\\/un-collectif-formule-des-propositions-structurantes-pour-une-renovation-performante\\\/109013\\\/#article\",\"isPartOf\":{\"@id\":\"https:\\\/\\\/batijournal.com\\\/index.php\\\/un-collectif-formule-des-propositions-structurantes-pour-une-renovation-performante\\\/109013\\\/\"},\"author\":{\"name\":\"St\u00e9phane Miget\",\"@id\":\"https:\\\/\\\/batijournal.com\\\/#\\\/schema\\\/person\\\/1dc96ec6957aa1ccb25ebe78bb19f100\"},\"headline\":\"Un collectif formule des propositions structurantes pour une r\u00e9novation performante\",\"datePublished\":\"2023-06-12T17:30:08+00:00\",\"dateModified\":\"2023-06-12T17:54:44+00:00\",\"mainEntityOfPage\":{\"@id\":\"https:\\\/\\\/batijournal.com\\\/index.php\\\/un-collectif-formule-des-propositions-structurantes-pour-une-renovation-performante\\\/109013\\\/\"},\"wordCount\":580,\"image\":{\"@id\":\"https:\\\/\\\/batijournal.com\\\/index.php\\\/un-collectif-formule-des-propositions-structurantes-pour-une-renovation-performante\\\/109013\\\/#primaryimage\"},\"thumbnailUrl\":\"https:\\\/\\\/batijournal.com\\\/wp-content\\\/uploads\\\/2018\\\/02\\\/ite.jpg\",\"keywords\":[\"renovation energetique\"],\"articleSection\":[\"Actualit\u00e9s\",\"\u00c9nergie &amp; Environnement\",\"zz_Actualit\u00e9s - Plan\u00e8te\",\"zz_Plan\u00e8te B\u00e2timent\"],\"inLanguage\":\"fr-FR\"},{\"@type\":\"WebPage\",\"@id\":\"https:\\\/\\\/batijournal.com\\\/index.php\\\/un-collectif-formule-des-propositions-structurantes-pour-une-renovation-performante\\\/109013\\\/\",\"url\":\"https:\\\/\\\/batijournal.com\\\/index.php\\\/un-collectif-formule-des-propositions-structurantes-pour-une-renovation-performante\\\/109013\\\/\",\"name\":\"Un collectif formule des propositions structurantes pour une r\u00e9novation performante\",\"isPartOf\":{\"@id\":\"https:\\\/\\\/batijournal.com\\\/#website\"},\"primaryImageOfPage\":{\"@id\":\"https:\\\/\\\/batijournal.com\\\/index.php\\\/un-collectif-formule-des-propositions-structurantes-pour-une-renovation-performante\\\/109013\\\/#primaryimage\"},\"image\":{\"@id\":\"https:\\\/\\\/batijournal.com\\\/index.php\\\/un-collectif-formule-des-propositions-structurantes-pour-une-renovation-performante\\\/109013\\\/#primaryimage\"},\"thumbnailUrl\":\"https:\\\/\\\/batijournal.com\\\/wp-content\\\/uploads\\\/2018\\\/02\\\/ite.jpg\",\"datePublished\":\"2023-06-12T17:30:08+00:00\",\"dateModified\":\"2023-06-12T17:54:44+00:00\",\"author\":{\"@id\":\"https:\\\/\\\/batijournal.com\\\/#\\\/schema\\\/person\\\/1dc96ec6957aa1ccb25ebe78bb19f100\"},\"breadcrumb\":{\"@id\":\"https:\\\/\\\/batijournal.com\\\/index.php\\\/un-collectif-formule-des-propositions-structurantes-pour-une-renovation-performante\\\/109013\\\/#breadcrumb\"},\"inLanguage\":\"fr-FR\",\"potentialAction\":[{\"@type\":\"ReadAction\",\"target\":[\"https:\\\/\\\/batijournal.com\\\/index.php\\\/un-collectif-formule-des-propositions-structurantes-pour-une-renovation-performante\\\/109013\\\/\"]}]},{\"@type\":\"ImageObject\",\"inLanguage\":\"fr-FR\",\"@id\":\"https:\\\/\\\/batijournal.com\\\/index.php\\\/un-collectif-formule-des-propositions-structurantes-pour-une-renovation-performante\\\/109013\\\/#primaryimage\",\"url\":\"https:\\\/\\\/batijournal.com\\\/wp-content\\\/uploads\\\/2018\\\/02\\\/ite.jpg\",\"contentUrl\":\"https:\\\/\\\/batijournal.com\\\/wp-content\\\/uploads\\\/2018\\\/02\\\/ite.jpg\",\"width\":1200,\"height\":779,\"caption\":\"Energie-Climat ADEME\"},{\"@type\":\"BreadcrumbList\",\"@id\":\"https:\\\/\\\/batijournal.com\\\/index.php\\\/un-collectif-formule-des-propositions-structurantes-pour-une-renovation-performante\\\/109013\\\/#breadcrumb\",\"itemListElement\":[{\"@type\":\"ListItem\",\"position\":1,\"name\":\"Accueil\",\"item\":\"https:\\\/\\\/batijournal.com\\\/\"},{\"@type\":\"ListItem\",\"position\":2,\"name\":\"Actualit\u00e9s\",\"item\":\"https:\\\/\\\/batijournal.com\\\/index.php\\\/category\\\/actualites\\\/\"},{\"@type\":\"ListItem\",\"position\":3,\"name\":\"Un collectif formule des propositions structurantes pour une r\u00e9novation performante\"}]},{\"@type\":\"WebSite\",\"@id\":\"https:\\\/\\\/batijournal.com\\\/#website\",\"url\":\"https:\\\/\\\/batijournal.com\\\/\",\"name\":\"Batijournal\",\"description\":\"L&#039;actualit\u00e9 du b\u00e2timent\",\"potentialAction\":[{\"@type\":\"SearchAction\",\"target\":{\"@type\":\"EntryPoint\",\"urlTemplate\":\"https:\\\/\\\/batijournal.com\\\/?s={search_term_string}\"},\"query-input\":{\"@type\":\"PropertyValueSpecification\",\"valueRequired\":true,\"valueName\":\"search_term_string\"}}],\"inLanguage\":\"fr-FR\"},{\"@type\":\"Person\",\"@id\":\"https:\\\/\\\/batijournal.com\\\/#\\\/schema\\\/person\\\/1dc96ec6957aa1ccb25ebe78bb19f100\",\"name\":\"St\u00e9phane Miget\",\"image\":{\"@type\":\"ImageObject\",\"inLanguage\":\"fr-FR\",\"@id\":\"https:\\\/\\\/secure.gravatar.com\\\/avatar\\\/89915563d925342126b8ef0281b93d9d7fc337043e8df017f780908eb9644451?s=96&d=mm&r=g\",\"url\":\"https:\\\/\\\/secure.gravatar.com\\\/avatar\\\/89915563d925342126b8ef0281b93d9d7fc337043e8df017f780908eb9644451?s=96&d=mm&r=g\",\"contentUrl\":\"https:\\\/\\\/secure.gravatar.com\\\/avatar\\\/89915563d925342126b8ef0281b93d9d7fc337043e8df017f780908eb9644451?s=96&d=mm&r=g\",\"caption\":\"St\u00e9phane Miget\"},\"url\":\"https:\\\/\\\/batijournal.com\\\/index.php\\\/author\\\/stephane\\\/\"}]}<\/script>\n<!-- \/ Yoast SEO plugin. -->","yoast_head_json":{"title":"Un collectif formule des propositions structurantes pour une r\u00e9novation performante","robots":{"index":"index","follow":"follow","max-snippet":"max-snippet:-1","max-image-preview":"max-image-preview:large","max-video-preview":"max-video-preview:-1"},"canonical":"https:\/\/batijournal.com\/index.php\/un-collectif-formule-des-propositions-structurantes-pour-une-renovation-performante\/109013\/","og_locale":"fr_FR","og_type":"article","og_title":"Un collectif formule des propositions structurantes pour une r\u00e9novation performante","og_description":"Le Gouvernement a lanc\u00e9 vendredi 2 juin une \u201cconsultation-\u00e9clair\u201d concernant la r\u00e9forme des aides nationale \u00e0 la r\u00e9novation \u00e9nerg\u00e9tique, en vue d\u2019arbitrages r\u00e9alis\u00e9s courant juin. Cette r\u00e9forme fait suite \u00e0 plusieurs constats : grande complexit\u00e9 des m\u00e9canismes d\u2019aides aux yeux des m\u00e9nages, faible efficacit\u00e9 des aides qui conduisent \u00e0 des travaux peu performants, niveau de [&hellip;]","og_url":"https:\/\/batijournal.com\/index.php\/un-collectif-formule-des-propositions-structurantes-pour-une-renovation-performante\/109013\/","og_site_name":"Batijournal","article_published_time":"2023-06-12T17:30:08+00:00","article_modified_time":"2023-06-12T17:54:44+00:00","og_image":[{"width":1200,"height":779,"url":"https:\/\/batijournal.com\/wp-content\/uploads\/2018\/02\/ite.jpg","type":"image\/jpeg"}],"author":"St\u00e9phane Miget","twitter_card":"summary_large_image","twitter_creator":"@bati_journal","twitter_site":"@bati_journal","twitter_misc":{"\u00c9crit par":"St\u00e9phane Miget","Dur\u00e9e de lecture estim\u00e9e":"3 minutes"},"schema":{"@context":"https:\/\/schema.org","@graph":[{"@type":"Article","@id":"https:\/\/batijournal.com\/index.php\/un-collectif-formule-des-propositions-structurantes-pour-une-renovation-performante\/109013\/#article","isPartOf":{"@id":"https:\/\/batijournal.com\/index.php\/un-collectif-formule-des-propositions-structurantes-pour-une-renovation-performante\/109013\/"},"author":{"name":"St\u00e9phane Miget","@id":"https:\/\/batijournal.com\/#\/schema\/person\/1dc96ec6957aa1ccb25ebe78bb19f100"},"headline":"Un collectif formule des propositions structurantes pour une r\u00e9novation performante","datePublished":"2023-06-12T17:30:08+00:00","dateModified":"2023-06-12T17:54:44+00:00","mainEntityOfPage":{"@id":"https:\/\/batijournal.com\/index.php\/un-collectif-formule-des-propositions-structurantes-pour-une-renovation-performante\/109013\/"},"wordCount":580,"image":{"@id":"https:\/\/batijournal.com\/index.php\/un-collectif-formule-des-propositions-structurantes-pour-une-renovation-performante\/109013\/#primaryimage"},"thumbnailUrl":"https:\/\/batijournal.com\/wp-content\/uploads\/2018\/02\/ite.jpg","keywords":["renovation energetique"],"articleSection":["Actualit\u00e9s","\u00c9nergie &amp; Environnement","zz_Actualit\u00e9s - Plan\u00e8te","zz_Plan\u00e8te B\u00e2timent"],"inLanguage":"fr-FR"},{"@type":"WebPage","@id":"https:\/\/batijournal.com\/index.php\/un-collectif-formule-des-propositions-structurantes-pour-une-renovation-performante\/109013\/","url":"https:\/\/batijournal.com\/index.php\/un-collectif-formule-des-propositions-structurantes-pour-une-renovation-performante\/109013\/","name":"Un collectif formule des propositions structurantes pour une r\u00e9novation performante","isPartOf":{"@id":"https:\/\/batijournal.com\/#website"},"primaryImageOfPage":{"@id":"https:\/\/batijournal.com\/index.php\/un-collectif-formule-des-propositions-structurantes-pour-une-renovation-performante\/109013\/#primaryimage"},"image":{"@id":"https:\/\/batijournal.com\/index.php\/un-collectif-formule-des-propositions-structurantes-pour-une-renovation-performante\/109013\/#primaryimage"},"thumbnailUrl":"https:\/\/batijournal.com\/wp-content\/uploads\/2018\/02\/ite.jpg","datePublished":"2023-06-12T17:30:08+00:00","dateModified":"2023-06-12T17:54:44+00:00","author":{"@id":"https:\/\/batijournal.com\/#\/schema\/person\/1dc96ec6957aa1ccb25ebe78bb19f100"},"breadcrumb":{"@id":"https:\/\/batijournal.com\/index.php\/un-collectif-formule-des-propositions-structurantes-pour-une-renovation-performante\/109013\/#breadcrumb"},"inLanguage":"fr-FR","potentialAction":[{"@type":"ReadAction","target":["https:\/\/batijournal.com\/index.php\/un-collectif-formule-des-propositions-structurantes-pour-une-renovation-performante\/109013\/"]}]},{"@type":"ImageObject","inLanguage":"fr-FR","@id":"https:\/\/batijournal.com\/index.php\/un-collectif-formule-des-propositions-structurantes-pour-une-renovation-performante\/109013\/#primaryimage","url":"https:\/\/batijournal.com\/wp-content\/uploads\/2018\/02\/ite.jpg","contentUrl":"https:\/\/batijournal.com\/wp-content\/uploads\/2018\/02\/ite.jpg","width":1200,"height":779,"caption":"Energie-Climat ADEME"},{"@type":"BreadcrumbList","@id":"https:\/\/batijournal.com\/index.php\/un-collectif-formule-des-propositions-structurantes-pour-une-renovation-performante\/109013\/#breadcrumb","itemListElement":[{"@type":"ListItem","position":1,"name":"Accueil","item":"https:\/\/batijournal.com\/"},{"@type":"ListItem","position":2,"name":"Actualit\u00e9s","item":"https:\/\/batijournal.com\/index.php\/category\/actualites\/"},{"@type":"ListItem","position":3,"name":"Un collectif formule des propositions structurantes pour une r\u00e9novation performante"}]},{"@type":"WebSite","@id":"https:\/\/batijournal.com\/#website","url":"https:\/\/batijournal.com\/","name":"Batijournal","description":"L&#039;actualit\u00e9 du b\u00e2timent","potentialAction":[{"@type":"SearchAction","target":{"@type":"EntryPoint","urlTemplate":"https:\/\/batijournal.com\/?s={search_term_string}"},"query-input":{"@type":"PropertyValueSpecification","valueRequired":true,"valueName":"search_term_string"}}],"inLanguage":"fr-FR"},{"@type":"Person","@id":"https:\/\/batijournal.com\/#\/schema\/person\/1dc96ec6957aa1ccb25ebe78bb19f100","name":"St\u00e9phane Miget","image":{"@type":"ImageObject","inLanguage":"fr-FR","@id":"https:\/\/secure.gravatar.com\/avatar\/89915563d925342126b8ef0281b93d9d7fc337043e8df017f780908eb9644451?s=96&d=mm&r=g","url":"https:\/\/secure.gravatar.com\/avatar\/89915563d925342126b8ef0281b93d9d7fc337043e8df017f780908eb9644451?s=96&d=mm&r=g","contentUrl":"https:\/\/secure.gravatar.com\/avatar\/89915563d925342126b8ef0281b93d9d7fc337043e8df017f780908eb9644451?s=96&d=mm&r=g","caption":"St\u00e9phane Miget"},"url":"https:\/\/batijournal.com\/index.php\/author\/stephane\/"}]}},"_links":{"self":[{"href":"https:\/\/batijournal.com\/index.php\/wp-json\/wp\/v2\/posts\/109013","targetHints":{"allow":["GET"]}}],"collection":[{"href":"https:\/\/batijournal.com\/index.php\/wp-json\/wp\/v2\/posts"}],"about":[{"href":"https:\/\/batijournal.com\/index.php\/wp-json\/wp\/v2\/types\/post"}],"author":[{"embeddable":true,"href":"https:\/\/batijournal.com\/index.php\/wp-json\/wp\/v2\/users\/17"}],"replies":[{"embeddable":true,"href":"https:\/\/batijournal.com\/index.php\/wp-json\/wp\/v2\/comments?post=109013"}],"version-history":[{"count":0,"href":"https:\/\/batijournal.com\/index.php\/wp-json\/wp\/v2\/posts\/109013\/revisions"}],"wp:featuredmedia":[{"embeddable":true,"href":"https:\/\/batijournal.com\/index.php\/wp-json\/wp\/v2\/media\/98496"}],"wp:attachment":[{"href":"https:\/\/batijournal.com\/index.php\/wp-json\/wp\/v2\/media?parent=109013"}],"wp:term":[{"taxonomy":"category","embeddable":true,"href":"https:\/\/batijournal.com\/index.php\/wp-json\/wp\/v2\/categories?post=109013"},{"taxonomy":"post_tag","embeddable":true,"href":"https:\/\/batijournal.com\/index.php\/wp-json\/wp\/v2\/tags?post=109013"}],"curies":[{"name":"wp","href":"https:\/\/api.w.org\/{rel}","templated":true}]}}