{"id":109019,"date":"2023-06-14T22:33:14","date_gmt":"2023-06-14T20:33:14","guid":{"rendered":"https:\/\/batijournal.com\/?p=109019"},"modified":"2023-06-14T22:33:14","modified_gmt":"2023-06-14T20:33:14","slug":"la-fondation-du-patrimoine-conjugue-sauvegardes-du-patrimoine-bati-et-du-patrimoine-naturel","status":"publish","type":"post","link":"https:\/\/batijournal.com\/index.php\/la-fondation-du-patrimoine-conjugue-sauvegardes-du-patrimoine-bati-et-du-patrimoine-naturel\/109019\/","title":{"rendered":"La Fondation du patrimoine conjugue sauvegardes du patrimoine b\u00e2ti et du patrimoine naturel"},"content":{"rendered":"<p>La Fondation du patrimoine s&rsquo;est r\u00e9cemment fix\u00e9 l&rsquo;objectif de contribuer \u00e0 une meilleure convergence d\u2019actions de sauvegarde du patrimoine b\u00e2ti et naturel. Afin de mesurer l\u2019impact environnemental des projets qu\u2019elle accompagne, elle a fait r\u00e9aliser une \u00e9tude permettant d\u2019\u00e9valuer ses r\u00e9sultats et de mieux s\u00e9lectionner ses projets. Cette \u00e9tude, men\u00e9e entre l\u2019\u00e9t\u00e9 2022 et le printemps 2023, a \u00e9t\u00e9 r\u00e9alis\u00e9e avec le soutien d\u2019experts ind\u00e9pendants (Cabinet I Care et Agence EcoZimut), dans une d\u00e9marche consultative et participative. Cette \u00e9tude in\u00e9dite va permettre \u00e0 la fondation de mieux identifier, \u00e9tudier et suivre l\u2019impact environnemental des projets qu\u2019elle soutient. Dix indicateurs ont \u00e9t\u00e9 cr\u00e9\u00e9s et ont d\u00e9j\u00e0 \u00e9t\u00e9 appliqu\u00e9s \u00e0 16 projets laur\u00e9ats du programme \u00abPatrimoine naturel et Biodiversit\u00e9\u00bb 2022. L\u2019\u00e9tude d\u2019impact a permis de r\u00e9aliser 5 monographies d\u00e9taill\u00e9es, parmi des projets d\u00e9j\u00e0 termin\u00e9s, parmi lesquels l\u2019\u00e9co-r\u00e9novation du Manoir du Huisbois, Pas-de-Calais, projet r\u00e9alis\u00e9 avec 100% de mat\u00e9riaux locaux, et 40% d\u2019\u00e9co-mat\u00e9riaux, permettant l\u2019\u00e9conomie de 660 Mwh\/an et 10 tCO2\/an, et la cr\u00e9ation ou le soutien de 34 emplois. Egalement, la restauration des milieux humides des \u00e9tangs de la Touche et Ricot dans l&rsquo;Indre. un projet permettant la pr\u00e9servation et restauration de 42 ha de milieux humides, de 1800 esp\u00e8ces naturelles locales dont 500 esp\u00e8ces patrimoniales.<br \/>\nLes r\u00e9sultats de cette \u00e9tude d\u00e9montrent que l\u2019action de la Fondation du patrimoine peut contribuer positivement au d\u00e9veloppement durable des territoires.<\/p>\n<p>Le programme \u00ab Patrimoine naturel et Biodiversit\u00e9 \u00bb porte \u00e0 la fois sur des projets d\u2019\u00e9co-r\u00e9novation de patrimoine b\u00e2ti et de sauvegarde d\u2019espaces naturels sensibles, r\u00e9servoir de biodiversit\u00e9. Dans le cadre de ce programme, la Fondation du patrimoine soutient des projets dans les trois grandes cat\u00e9gories suivantes : B\u00e2ti, \u00e9co-r\u00e9novation &amp; biodiversit\u00e9 ; Nature am\u00e9nag\u00e9e &amp; biodiversit\u00e9 ; Espaces naturels, littoraux &amp; biodiversit\u00e9. Les 17 premiers laur\u00e9ats du programme \u00ab Patrimoine naturel et Biodiversit\u00e9 \u00bb 2023 :<\/p>\n<p><strong>B\u00e2ti, \u00e9co-r\u00e9novation &amp; biodiversit\u00e9 :<\/strong><br \/>\nAuvergne-Rh\u00f4ne-Alpes \u2022 Conjuguer b\u00e2ti rural et biodiversit\u00e9 dans 12 sites avec la Ligue pour la Protection des Oiseaux. (Montant de l\u2019aide : 90 000 \u20ac).<br \/>\nGrand Est \u2022 Haut-Rhin Presbyt\u00e8re de Geishouse : \u00e9co-r\u00e9nover et cr\u00e9er des logements. (Montant de l\u2019aide : 100 000 \u20ac).<br \/>\nOccitanie-M\u00e9diterran\u00e9e \u2022 Pyr\u00e9n\u00e9es-Orientales Canal Sahorre-Thorrent-Payrous-Vignes : sauver un patrimoine utile \u00e0 l\u2019irrigation. (Montant de l\u2019aide : 16 000 \u20ac).<\/p>\n<p><strong>Nature am\u00e9nag\u00e9e &amp; biodiversit\u00e9 :<\/strong><br \/>\nChampagne-Ardenne \u2022 Marne Sabli\u00e8re de Ch\u00e2lons-sur-Vesle : concilier pr\u00e9servation de la biodiversit\u00e9 et accueil du public. (Montant de l\u2019aide : 80 000 \u20ac).<br \/>\nCorse \u2022 Haute-Corse Corbara : valoriser tourisme et p\u00e9dagogie autour d\u2019un sentier botanique recr\u00e9\u00e9. (Montant de l\u2019aide : 15 000 \u20ac).<br \/>\nIle-de-France \u2022 Val-de-Marne : L\u2019\u00eele des Loups \u00e0 Nogent-sur-Marne : valoriser et pr\u00e9server un corridor \u00e9cologique. (Montant de l\u2019aide : 80 000 \u20ac).<br \/>\nNormandie \u2022 Orne Domaine de Courboyer \u00e0 Perche-en-Noc\u00e9 : pr\u00e9server un paysage caract\u00e9ristique du Perche. (Montant de l\u2019aide : 30 000 \u20ac).<br \/>\nOccitanie-Pyr\u00e9n\u00e9es \u2022 Hautes-Pyr\u00e9n\u00e9es Lac glaciaire d\u2019Estaing : restaurer les abords d\u2019un site remarquable. (Montant de l\u2019aide : 100 000 \u20ac).<br \/>\nProvence-Alpes-C\u00f4te d\u2019Azur \u2022 Vaucluse : Beaumes-de-Venise : cr\u00e9er un verger conservatoire d\u2019esp\u00e8ces anciennes. (Montant de l\u2019aide : 30 000 \u20ac).<\/p>\n<p><strong>Espaces naturels, littoraux &amp; biodiversit\u00e9 :<\/strong><br \/>\nAuvergne-Rh\u00f4ne-Alpes \u2022 Cantal Plateau de Chastel Marlhac : planter des haies pour pr\u00e9server la biodiversit\u00e9. (Montant de l\u2019aide : 59 000 \u20ac).<br \/>\nBourgogne-Franche-Comt\u00e9 \u2022 Doubs : Lavans-Quingey : restaurer le ruisseau de Saint-R\u00e9nobert et sa zone humide. (Montant de l\u2019aide : 50 000 \u20ac).<br \/>\nCentre -Val de Loire \u2022 Indre-et-Loire Souvign\u00e9 : restaurer la lande humide pour \u00e9viter la disparition d\u2019un \u00e9cosyst\u00e8me. (Montant de l\u2019aide : 78 000 \u20ac).<br \/>\nGuadeloupe \u2022 Prot\u00e9ger les fonds marins gr\u00e2ce aux \u00e9co-ancrages avec la Fondation de la Mer. (Montant de l\u2019aide : 100 000 \u20ac).<br \/>\nMayotte \u2022 Baie de Bou\u00e9ni : restaurer les mangroves pour pr\u00e9server la biodiversit\u00e9 avec la Fondation de la Mer. (Montant de l\u2019aide : 80 000 \u20ac).<br \/>\nNouvelle-Aquitaine \u2022 Landes For\u00eat des Landes : maintenir un espace de biodiversit\u00e9 dans des zones humides \u00e0 Arue. (Montant de l\u2019aide : 37 000 \u20ac).<\/p>\n","protected":false},"excerpt":{"rendered":"<p>La Fondation du patrimoine s&rsquo;est r\u00e9cemment fix\u00e9 l&rsquo;objectif de contribuer \u00e0 une meilleure convergence d\u2019actions de sauvegarde du patrimoine b\u00e2ti et naturel. Afin de mesurer l\u2019impact environnemental des projets qu\u2019elle accompagne, elle a fait r\u00e9aliser une \u00e9tude permettant d\u2019\u00e9valuer ses r\u00e9sultats et de mieux s\u00e9lectionner ses projets. Cette \u00e9tude, men\u00e9e entre l\u2019\u00e9t\u00e9 2022 et le [&hellip;]<\/p>\n","protected":false},"author":17,"featured_media":102252,"comment_status":"closed","ping_status":"closed","sticky":false,"template":"","format":"standard","meta":{"_et_pb_use_builder":"","_et_pb_old_content":"","_et_gb_content_width":"","footnotes":""},"categories":[10530,6340,10789,10785],"tags":[5905],"class_list":["post-109019","post","type-post","status-publish","format-standard","has-post-thumbnail","hentry","category-actualites","category-architecture-conception","category-publications-atrium","category-atrium","tag-fondation-du-patrimoine"],"yoast_head":"<!-- This site is optimized with the Yoast SEO plugin v27.4 - https:\/\/yoast.com\/product\/yoast-seo-wordpress\/ -->\n<title>La Fondation du patrimoine conjugue sauvegardes du patrimoine b\u00e2ti et du patrimoine naturel<\/title>\n<meta name=\"robots\" content=\"index, follow, max-snippet:-1, max-image-preview:large, max-video-preview:-1\" \/>\n<link rel=\"canonical\" href=\"https:\/\/batijournal.com\/index.php\/la-fondation-du-patrimoine-conjugue-sauvegardes-du-patrimoine-bati-et-du-patrimoine-naturel\/109019\/\" \/>\n<meta property=\"og:locale\" content=\"fr_FR\" \/>\n<meta property=\"og:type\" content=\"article\" \/>\n<meta property=\"og:title\" content=\"La Fondation du patrimoine conjugue sauvegardes du patrimoine b\u00e2ti et du patrimoine naturel\" \/>\n<meta property=\"og:description\" content=\"La Fondation du patrimoine s&rsquo;est r\u00e9cemment fix\u00e9 l&rsquo;objectif de contribuer \u00e0 une meilleure convergence d\u2019actions de sauvegarde du patrimoine b\u00e2ti et naturel. Afin de mesurer l\u2019impact environnemental des projets qu\u2019elle accompagne, elle a fait r\u00e9aliser une \u00e9tude permettant d\u2019\u00e9valuer ses r\u00e9sultats et de mieux s\u00e9lectionner ses projets. Cette \u00e9tude, men\u00e9e entre l\u2019\u00e9t\u00e9 2022 et le [&hellip;]\" \/>\n<meta property=\"og:url\" content=\"https:\/\/batijournal.com\/index.php\/la-fondation-du-patrimoine-conjugue-sauvegardes-du-patrimoine-bati-et-du-patrimoine-naturel\/109019\/\" \/>\n<meta property=\"og:site_name\" content=\"Batijournal\" \/>\n<meta property=\"article:published_time\" content=\"2023-06-14T20:33:14+00:00\" \/>\n<meta property=\"og:image\" content=\"https:\/\/batijournal.com\/wp-content\/uploads\/2019\/06\/fondation-chapelle-buoux-archeologie.jpg\" \/>\n\t<meta property=\"og:image:width\" content=\"1200\" \/>\n\t<meta property=\"og:image:height\" content=\"596\" \/>\n\t<meta property=\"og:image:type\" content=\"image\/jpeg\" \/>\n<meta name=\"author\" content=\"St\u00e9phane Miget\" \/>\n<meta name=\"twitter:card\" content=\"summary_large_image\" \/>\n<meta name=\"twitter:creator\" content=\"@bati_journal\" \/>\n<meta name=\"twitter:site\" content=\"@bati_journal\" \/>\n<meta name=\"twitter:label1\" content=\"\u00c9crit par\" \/>\n\t<meta name=\"twitter:data1\" content=\"St\u00e9phane Miget\" \/>\n\t<meta name=\"twitter:label2\" content=\"Dur\u00e9e de lecture estim\u00e9e\" \/>\n\t<meta name=\"twitter:data2\" content=\"3 minutes\" \/>\n<script type=\"application\/ld+json\" class=\"yoast-schema-graph\">{\"@context\":\"https:\\\/\\\/schema.org\",\"@graph\":[{\"@type\":\"Article\",\"@id\":\"https:\\\/\\\/batijournal.com\\\/index.php\\\/la-fondation-du-patrimoine-conjugue-sauvegardes-du-patrimoine-bati-et-du-patrimoine-naturel\\\/109019\\\/#article\",\"isPartOf\":{\"@id\":\"https:\\\/\\\/batijournal.com\\\/index.php\\\/la-fondation-du-patrimoine-conjugue-sauvegardes-du-patrimoine-bati-et-du-patrimoine-naturel\\\/109019\\\/\"},\"author\":{\"name\":\"St\u00e9phane Miget\",\"@id\":\"https:\\\/\\\/batijournal.com\\\/#\\\/schema\\\/person\\\/1dc96ec6957aa1ccb25ebe78bb19f100\"},\"headline\":\"La Fondation du patrimoine conjugue sauvegardes du patrimoine b\u00e2ti et du patrimoine naturel\",\"datePublished\":\"2023-06-14T20:33:14+00:00\",\"mainEntityOfPage\":{\"@id\":\"https:\\\/\\\/batijournal.com\\\/index.php\\\/la-fondation-du-patrimoine-conjugue-sauvegardes-du-patrimoine-bati-et-du-patrimoine-naturel\\\/109019\\\/\"},\"wordCount\":661,\"image\":{\"@id\":\"https:\\\/\\\/batijournal.com\\\/index.php\\\/la-fondation-du-patrimoine-conjugue-sauvegardes-du-patrimoine-bati-et-du-patrimoine-naturel\\\/109019\\\/#primaryimage\"},\"thumbnailUrl\":\"https:\\\/\\\/batijournal.com\\\/wp-content\\\/uploads\\\/2019\\\/06\\\/fondation-chapelle-buoux-archeologie.jpg\",\"keywords\":[\"fondation du patrimoine\"],\"articleSection\":[\"Actualit\u00e9s\",\"Architecture &amp; Conception\",\"zz_Actualit\u00e9s - Atrium\",\"zz_Atrium Patrimoine\"],\"inLanguage\":\"fr-FR\"},{\"@type\":\"WebPage\",\"@id\":\"https:\\\/\\\/batijournal.com\\\/index.php\\\/la-fondation-du-patrimoine-conjugue-sauvegardes-du-patrimoine-bati-et-du-patrimoine-naturel\\\/109019\\\/\",\"url\":\"https:\\\/\\\/batijournal.com\\\/index.php\\\/la-fondation-du-patrimoine-conjugue-sauvegardes-du-patrimoine-bati-et-du-patrimoine-naturel\\\/109019\\\/\",\"name\":\"La Fondation du patrimoine conjugue sauvegardes du patrimoine b\u00e2ti et du patrimoine naturel\",\"isPartOf\":{\"@id\":\"https:\\\/\\\/batijournal.com\\\/#website\"},\"primaryImageOfPage\":{\"@id\":\"https:\\\/\\\/batijournal.com\\\/index.php\\\/la-fondation-du-patrimoine-conjugue-sauvegardes-du-patrimoine-bati-et-du-patrimoine-naturel\\\/109019\\\/#primaryimage\"},\"image\":{\"@id\":\"https:\\\/\\\/batijournal.com\\\/index.php\\\/la-fondation-du-patrimoine-conjugue-sauvegardes-du-patrimoine-bati-et-du-patrimoine-naturel\\\/109019\\\/#primaryimage\"},\"thumbnailUrl\":\"https:\\\/\\\/batijournal.com\\\/wp-content\\\/uploads\\\/2019\\\/06\\\/fondation-chapelle-buoux-archeologie.jpg\",\"datePublished\":\"2023-06-14T20:33:14+00:00\",\"author\":{\"@id\":\"https:\\\/\\\/batijournal.com\\\/#\\\/schema\\\/person\\\/1dc96ec6957aa1ccb25ebe78bb19f100\"},\"breadcrumb\":{\"@id\":\"https:\\\/\\\/batijournal.com\\\/index.php\\\/la-fondation-du-patrimoine-conjugue-sauvegardes-du-patrimoine-bati-et-du-patrimoine-naturel\\\/109019\\\/#breadcrumb\"},\"inLanguage\":\"fr-FR\",\"potentialAction\":[{\"@type\":\"ReadAction\",\"target\":[\"https:\\\/\\\/batijournal.com\\\/index.php\\\/la-fondation-du-patrimoine-conjugue-sauvegardes-du-patrimoine-bati-et-du-patrimoine-naturel\\\/109019\\\/\"]}]},{\"@type\":\"ImageObject\",\"inLanguage\":\"fr-FR\",\"@id\":\"https:\\\/\\\/batijournal.com\\\/index.php\\\/la-fondation-du-patrimoine-conjugue-sauvegardes-du-patrimoine-bati-et-du-patrimoine-naturel\\\/109019\\\/#primaryimage\",\"url\":\"https:\\\/\\\/batijournal.com\\\/wp-content\\\/uploads\\\/2019\\\/06\\\/fondation-chapelle-buoux-archeologie.jpg\",\"contentUrl\":\"https:\\\/\\\/batijournal.com\\\/wp-content\\\/uploads\\\/2019\\\/06\\\/fondation-chapelle-buoux-archeologie.jpg\",\"width\":1200,\"height\":596},{\"@type\":\"BreadcrumbList\",\"@id\":\"https:\\\/\\\/batijournal.com\\\/index.php\\\/la-fondation-du-patrimoine-conjugue-sauvegardes-du-patrimoine-bati-et-du-patrimoine-naturel\\\/109019\\\/#breadcrumb\",\"itemListElement\":[{\"@type\":\"ListItem\",\"position\":1,\"name\":\"Accueil\",\"item\":\"https:\\\/\\\/batijournal.com\\\/\"},{\"@type\":\"ListItem\",\"position\":2,\"name\":\"Actualit\u00e9s\",\"item\":\"https:\\\/\\\/batijournal.com\\\/index.php\\\/category\\\/actualites\\\/\"},{\"@type\":\"ListItem\",\"position\":3,\"name\":\"La Fondation du patrimoine conjugue sauvegardes du patrimoine b\u00e2ti et du patrimoine naturel\"}]},{\"@type\":\"WebSite\",\"@id\":\"https:\\\/\\\/batijournal.com\\\/#website\",\"url\":\"https:\\\/\\\/batijournal.com\\\/\",\"name\":\"Batijournal\",\"description\":\"L&#039;actualit\u00e9 du b\u00e2timent\",\"potentialAction\":[{\"@type\":\"SearchAction\",\"target\":{\"@type\":\"EntryPoint\",\"urlTemplate\":\"https:\\\/\\\/batijournal.com\\\/?s={search_term_string}\"},\"query-input\":{\"@type\":\"PropertyValueSpecification\",\"valueRequired\":true,\"valueName\":\"search_term_string\"}}],\"inLanguage\":\"fr-FR\"},{\"@type\":\"Person\",\"@id\":\"https:\\\/\\\/batijournal.com\\\/#\\\/schema\\\/person\\\/1dc96ec6957aa1ccb25ebe78bb19f100\",\"name\":\"St\u00e9phane Miget\",\"image\":{\"@type\":\"ImageObject\",\"inLanguage\":\"fr-FR\",\"@id\":\"https:\\\/\\\/secure.gravatar.com\\\/avatar\\\/89915563d925342126b8ef0281b93d9d7fc337043e8df017f780908eb9644451?s=96&d=mm&r=g\",\"url\":\"https:\\\/\\\/secure.gravatar.com\\\/avatar\\\/89915563d925342126b8ef0281b93d9d7fc337043e8df017f780908eb9644451?s=96&d=mm&r=g\",\"contentUrl\":\"https:\\\/\\\/secure.gravatar.com\\\/avatar\\\/89915563d925342126b8ef0281b93d9d7fc337043e8df017f780908eb9644451?s=96&d=mm&r=g\",\"caption\":\"St\u00e9phane Miget\"},\"url\":\"https:\\\/\\\/batijournal.com\\\/index.php\\\/author\\\/stephane\\\/\"}]}<\/script>\n<!-- \/ Yoast SEO plugin. -->","yoast_head_json":{"title":"La Fondation du patrimoine conjugue sauvegardes du patrimoine b\u00e2ti et du patrimoine naturel","robots":{"index":"index","follow":"follow","max-snippet":"max-snippet:-1","max-image-preview":"max-image-preview:large","max-video-preview":"max-video-preview:-1"},"canonical":"https:\/\/batijournal.com\/index.php\/la-fondation-du-patrimoine-conjugue-sauvegardes-du-patrimoine-bati-et-du-patrimoine-naturel\/109019\/","og_locale":"fr_FR","og_type":"article","og_title":"La Fondation du patrimoine conjugue sauvegardes du patrimoine b\u00e2ti et du patrimoine naturel","og_description":"La Fondation du patrimoine s&rsquo;est r\u00e9cemment fix\u00e9 l&rsquo;objectif de contribuer \u00e0 une meilleure convergence d\u2019actions de sauvegarde du patrimoine b\u00e2ti et naturel. Afin de mesurer l\u2019impact environnemental des projets qu\u2019elle accompagne, elle a fait r\u00e9aliser une \u00e9tude permettant d\u2019\u00e9valuer ses r\u00e9sultats et de mieux s\u00e9lectionner ses projets. Cette \u00e9tude, men\u00e9e entre l\u2019\u00e9t\u00e9 2022 et le [&hellip;]","og_url":"https:\/\/batijournal.com\/index.php\/la-fondation-du-patrimoine-conjugue-sauvegardes-du-patrimoine-bati-et-du-patrimoine-naturel\/109019\/","og_site_name":"Batijournal","article_published_time":"2023-06-14T20:33:14+00:00","og_image":[{"width":1200,"height":596,"url":"https:\/\/batijournal.com\/wp-content\/uploads\/2019\/06\/fondation-chapelle-buoux-archeologie.jpg","type":"image\/jpeg"}],"author":"St\u00e9phane Miget","twitter_card":"summary_large_image","twitter_creator":"@bati_journal","twitter_site":"@bati_journal","twitter_misc":{"\u00c9crit par":"St\u00e9phane Miget","Dur\u00e9e de lecture estim\u00e9e":"3 minutes"},"schema":{"@context":"https:\/\/schema.org","@graph":[{"@type":"Article","@id":"https:\/\/batijournal.com\/index.php\/la-fondation-du-patrimoine-conjugue-sauvegardes-du-patrimoine-bati-et-du-patrimoine-naturel\/109019\/#article","isPartOf":{"@id":"https:\/\/batijournal.com\/index.php\/la-fondation-du-patrimoine-conjugue-sauvegardes-du-patrimoine-bati-et-du-patrimoine-naturel\/109019\/"},"author":{"name":"St\u00e9phane Miget","@id":"https:\/\/batijournal.com\/#\/schema\/person\/1dc96ec6957aa1ccb25ebe78bb19f100"},"headline":"La Fondation du patrimoine conjugue sauvegardes du patrimoine b\u00e2ti et du patrimoine naturel","datePublished":"2023-06-14T20:33:14+00:00","mainEntityOfPage":{"@id":"https:\/\/batijournal.com\/index.php\/la-fondation-du-patrimoine-conjugue-sauvegardes-du-patrimoine-bati-et-du-patrimoine-naturel\/109019\/"},"wordCount":661,"image":{"@id":"https:\/\/batijournal.com\/index.php\/la-fondation-du-patrimoine-conjugue-sauvegardes-du-patrimoine-bati-et-du-patrimoine-naturel\/109019\/#primaryimage"},"thumbnailUrl":"https:\/\/batijournal.com\/wp-content\/uploads\/2019\/06\/fondation-chapelle-buoux-archeologie.jpg","keywords":["fondation du patrimoine"],"articleSection":["Actualit\u00e9s","Architecture &amp; Conception","zz_Actualit\u00e9s - Atrium","zz_Atrium Patrimoine"],"inLanguage":"fr-FR"},{"@type":"WebPage","@id":"https:\/\/batijournal.com\/index.php\/la-fondation-du-patrimoine-conjugue-sauvegardes-du-patrimoine-bati-et-du-patrimoine-naturel\/109019\/","url":"https:\/\/batijournal.com\/index.php\/la-fondation-du-patrimoine-conjugue-sauvegardes-du-patrimoine-bati-et-du-patrimoine-naturel\/109019\/","name":"La Fondation du patrimoine conjugue sauvegardes du patrimoine b\u00e2ti et du patrimoine naturel","isPartOf":{"@id":"https:\/\/batijournal.com\/#website"},"primaryImageOfPage":{"@id":"https:\/\/batijournal.com\/index.php\/la-fondation-du-patrimoine-conjugue-sauvegardes-du-patrimoine-bati-et-du-patrimoine-naturel\/109019\/#primaryimage"},"image":{"@id":"https:\/\/batijournal.com\/index.php\/la-fondation-du-patrimoine-conjugue-sauvegardes-du-patrimoine-bati-et-du-patrimoine-naturel\/109019\/#primaryimage"},"thumbnailUrl":"https:\/\/batijournal.com\/wp-content\/uploads\/2019\/06\/fondation-chapelle-buoux-archeologie.jpg","datePublished":"2023-06-14T20:33:14+00:00","author":{"@id":"https:\/\/batijournal.com\/#\/schema\/person\/1dc96ec6957aa1ccb25ebe78bb19f100"},"breadcrumb":{"@id":"https:\/\/batijournal.com\/index.php\/la-fondation-du-patrimoine-conjugue-sauvegardes-du-patrimoine-bati-et-du-patrimoine-naturel\/109019\/#breadcrumb"},"inLanguage":"fr-FR","potentialAction":[{"@type":"ReadAction","target":["https:\/\/batijournal.com\/index.php\/la-fondation-du-patrimoine-conjugue-sauvegardes-du-patrimoine-bati-et-du-patrimoine-naturel\/109019\/"]}]},{"@type":"ImageObject","inLanguage":"fr-FR","@id":"https:\/\/batijournal.com\/index.php\/la-fondation-du-patrimoine-conjugue-sauvegardes-du-patrimoine-bati-et-du-patrimoine-naturel\/109019\/#primaryimage","url":"https:\/\/batijournal.com\/wp-content\/uploads\/2019\/06\/fondation-chapelle-buoux-archeologie.jpg","contentUrl":"https:\/\/batijournal.com\/wp-content\/uploads\/2019\/06\/fondation-chapelle-buoux-archeologie.jpg","width":1200,"height":596},{"@type":"BreadcrumbList","@id":"https:\/\/batijournal.com\/index.php\/la-fondation-du-patrimoine-conjugue-sauvegardes-du-patrimoine-bati-et-du-patrimoine-naturel\/109019\/#breadcrumb","itemListElement":[{"@type":"ListItem","position":1,"name":"Accueil","item":"https:\/\/batijournal.com\/"},{"@type":"ListItem","position":2,"name":"Actualit\u00e9s","item":"https:\/\/batijournal.com\/index.php\/category\/actualites\/"},{"@type":"ListItem","position":3,"name":"La Fondation du patrimoine conjugue sauvegardes du patrimoine b\u00e2ti et du patrimoine naturel"}]},{"@type":"WebSite","@id":"https:\/\/batijournal.com\/#website","url":"https:\/\/batijournal.com\/","name":"Batijournal","description":"L&#039;actualit\u00e9 du b\u00e2timent","potentialAction":[{"@type":"SearchAction","target":{"@type":"EntryPoint","urlTemplate":"https:\/\/batijournal.com\/?s={search_term_string}"},"query-input":{"@type":"PropertyValueSpecification","valueRequired":true,"valueName":"search_term_string"}}],"inLanguage":"fr-FR"},{"@type":"Person","@id":"https:\/\/batijournal.com\/#\/schema\/person\/1dc96ec6957aa1ccb25ebe78bb19f100","name":"St\u00e9phane Miget","image":{"@type":"ImageObject","inLanguage":"fr-FR","@id":"https:\/\/secure.gravatar.com\/avatar\/89915563d925342126b8ef0281b93d9d7fc337043e8df017f780908eb9644451?s=96&d=mm&r=g","url":"https:\/\/secure.gravatar.com\/avatar\/89915563d925342126b8ef0281b93d9d7fc337043e8df017f780908eb9644451?s=96&d=mm&r=g","contentUrl":"https:\/\/secure.gravatar.com\/avatar\/89915563d925342126b8ef0281b93d9d7fc337043e8df017f780908eb9644451?s=96&d=mm&r=g","caption":"St\u00e9phane Miget"},"url":"https:\/\/batijournal.com\/index.php\/author\/stephane\/"}]}},"_links":{"self":[{"href":"https:\/\/batijournal.com\/index.php\/wp-json\/wp\/v2\/posts\/109019","targetHints":{"allow":["GET"]}}],"collection":[{"href":"https:\/\/batijournal.com\/index.php\/wp-json\/wp\/v2\/posts"}],"about":[{"href":"https:\/\/batijournal.com\/index.php\/wp-json\/wp\/v2\/types\/post"}],"author":[{"embeddable":true,"href":"https:\/\/batijournal.com\/index.php\/wp-json\/wp\/v2\/users\/17"}],"replies":[{"embeddable":true,"href":"https:\/\/batijournal.com\/index.php\/wp-json\/wp\/v2\/comments?post=109019"}],"version-history":[{"count":0,"href":"https:\/\/batijournal.com\/index.php\/wp-json\/wp\/v2\/posts\/109019\/revisions"}],"wp:featuredmedia":[{"embeddable":true,"href":"https:\/\/batijournal.com\/index.php\/wp-json\/wp\/v2\/media\/102252"}],"wp:attachment":[{"href":"https:\/\/batijournal.com\/index.php\/wp-json\/wp\/v2\/media?parent=109019"}],"wp:term":[{"taxonomy":"category","embeddable":true,"href":"https:\/\/batijournal.com\/index.php\/wp-json\/wp\/v2\/categories?post=109019"},{"taxonomy":"post_tag","embeddable":true,"href":"https:\/\/batijournal.com\/index.php\/wp-json\/wp\/v2\/tags?post=109019"}],"curies":[{"name":"wp","href":"https:\/\/api.w.org\/{rel}","templated":true}]}}