{"id":109020,"date":"2023-06-14T22:39:54","date_gmt":"2023-06-14T20:39:54","guid":{"rendered":"https:\/\/batijournal.com\/?p=109020"},"modified":"2023-06-14T22:39:54","modified_gmt":"2023-06-14T20:39:54","slug":"que-fait-lassociation-des-biens-francais-du-patrimoine-mondial","status":"publish","type":"post","link":"https:\/\/batijournal.com\/index.php\/que-fait-lassociation-des-biens-francais-du-patrimoine-mondial\/109020\/","title":{"rendered":"Que fait l\u2019association des biens fran\u00e7ais du patrimoine mondial ?"},"content":{"rendered":"<p>Depuis 2007, l\u2019association des biens fran\u00e7ais du patrimoine mondial r\u00e9unit les gestionnaires de sites inscrits soucieux d\u2019am\u00e9liorer la qualit\u00e9 de la protection et de la valorisation de leurs biens, de prendre part aux r\u00e9flexions relatives aux politiques publiques conduites en France et de coop\u00e9rer avec tous les sites culturels et naturels de la communaut\u00e9 internationale qui constituent un patrimoine universel, tout en \u0153uvrant \u00e0 leur promotion. L\u2019association cr\u00e9e les conditions d\u2019\u00e9change et de partage d\u2019exp\u00e9riences dans les domaines de la conservation, la protection, la mise en valeur, l\u2019animation et la gestion du patrimoine ; Elle est force de proposition et de r\u00e9flexion aupr\u00e8s des acteurs du patrimoine en France et \u00e0 l\u2019international ; son r\u00f4le est \u00e9galement de promouvoir les sites inscrits sur la Liste du patrimoine mondial aupr\u00e8s du public et des op\u00e9rateurs touristiques. L\u2019association compos\u00e9e d\u2019acteurs vari\u00e9s (collectivit\u00e9s territoriales, \u00e9tablissements publics, groupements, associations ou personnes priv\u00e9es&#8230;) r\u00e9unit aujourd\u2019hui les 49 biens fran\u00e7ais inscrits, ainsi que plusieurs biens candidats (la Ville de N\u00eemes, les sites m\u00e9galithiques de Carnac, etc.). Elle travaille de concert avec les minist\u00e8res de la Culture et de la Transition \u00e9cologique et de la Coh\u00e9sion des territoires, qui sont responsables du suivi et de la mise en \u0153uvre de la Convention de 1972 au niveau national. V\u00e9ritable lieu d\u2019\u00e9change, l\u2019ABFPM illustre bien la force d\u2019un r\u00e9seau et les atouts d\u2019un partage d\u2019exp\u00e9riences sinc\u00e8re et au b\u00e9n\u00e9fice de tous.<\/p>\n<p>\u00c0 ce jour, la Liste qui se veut un inventaire repr\u00e9sentatif de la diversit\u00e9 du patrimoine culturel et naturel dans le monde, compte 1 154 biens culturels, 218 biens naturels, 39 biens mixtes et 52 biens en p\u00e9ril. Les biens que compte la France sont compos\u00e9s de 17 monuments et ensembles, 11 villes et centres historiques, 8 paysages culturels et biens \u00e9tendus, 7 biens en s\u00e9rie (dont 1 naturel), 5 biens naturels et 1 bien mixte.<\/p>\n<p>&nbsp;<\/p>\n","protected":false},"excerpt":{"rendered":"<p>Depuis 2007, l\u2019association des biens fran\u00e7ais du patrimoine mondial r\u00e9unit les gestionnaires de sites inscrits soucieux d\u2019am\u00e9liorer la qualit\u00e9 de la protection et de la valorisation de leurs biens, de prendre part aux r\u00e9flexions relatives aux politiques publiques conduites en France et de coop\u00e9rer avec tous les sites culturels et naturels de la communaut\u00e9 internationale [&hellip;]<\/p>\n","protected":false},"author":17,"featured_media":109021,"comment_status":"closed","ping_status":"closed","sticky":false,"template":"","format":"standard","meta":{"_et_pb_use_builder":"","_et_pb_old_content":"","_et_gb_content_width":"","footnotes":""},"categories":[10530,6362,10789,10785],"tags":[8674],"class_list":["post-109020","post","type-post","status-publish","format-standard","has-post-thumbnail","hentry","category-actualites","category-services-equipements","category-publications-atrium","category-atrium","tag-patrimoine-mondial-de-lunesco"],"yoast_head":"<!-- This site is optimized with the Yoast SEO plugin v27.4 - https:\/\/yoast.com\/product\/yoast-seo-wordpress\/ -->\n<title>Que fait l\u2019association des biens fran\u00e7ais du patrimoine mondial ?<\/title>\n<meta name=\"robots\" content=\"index, follow, max-snippet:-1, max-image-preview:large, max-video-preview:-1\" \/>\n<link rel=\"canonical\" href=\"https:\/\/batijournal.com\/index.php\/que-fait-lassociation-des-biens-francais-du-patrimoine-mondial\/109020\/\" \/>\n<meta property=\"og:locale\" content=\"fr_FR\" \/>\n<meta property=\"og:type\" content=\"article\" \/>\n<meta property=\"og:title\" content=\"Que fait l\u2019association des biens fran\u00e7ais du patrimoine mondial ?\" \/>\n<meta property=\"og:description\" content=\"Depuis 2007, l\u2019association des biens fran\u00e7ais du patrimoine mondial r\u00e9unit les gestionnaires de sites inscrits soucieux d\u2019am\u00e9liorer la qualit\u00e9 de la protection et de la valorisation de leurs biens, de prendre part aux r\u00e9flexions relatives aux politiques publiques conduites en France et de coop\u00e9rer avec tous les sites culturels et naturels de la communaut\u00e9 internationale [&hellip;]\" \/>\n<meta property=\"og:url\" content=\"https:\/\/batijournal.com\/index.php\/que-fait-lassociation-des-biens-francais-du-patrimoine-mondial\/109020\/\" \/>\n<meta property=\"og:site_name\" content=\"Batijournal\" \/>\n<meta property=\"article:published_time\" content=\"2023-06-14T20:39:54+00:00\" \/>\n<meta property=\"og:image\" content=\"https:\/\/batijournal.com\/wp-content\/uploads\/2023\/06\/association-des-biens-francais-du-patrimoine-mondial.png\" \/>\n\t<meta property=\"og:image:width\" content=\"1035\" \/>\n\t<meta property=\"og:image:height\" content=\"758\" \/>\n\t<meta property=\"og:image:type\" content=\"image\/png\" \/>\n<meta name=\"author\" content=\"St\u00e9phane Miget\" \/>\n<meta name=\"twitter:card\" content=\"summary_large_image\" \/>\n<meta name=\"twitter:creator\" content=\"@bati_journal\" \/>\n<meta name=\"twitter:site\" content=\"@bati_journal\" \/>\n<meta name=\"twitter:label1\" content=\"\u00c9crit par\" \/>\n\t<meta name=\"twitter:data1\" content=\"St\u00e9phane Miget\" \/>\n\t<meta name=\"twitter:label2\" content=\"Dur\u00e9e de lecture estim\u00e9e\" \/>\n\t<meta name=\"twitter:data2\" content=\"2 minutes\" \/>\n<script type=\"application\/ld+json\" class=\"yoast-schema-graph\">{\"@context\":\"https:\\\/\\\/schema.org\",\"@graph\":[{\"@type\":\"Article\",\"@id\":\"https:\\\/\\\/batijournal.com\\\/index.php\\\/que-fait-lassociation-des-biens-francais-du-patrimoine-mondial\\\/109020\\\/#article\",\"isPartOf\":{\"@id\":\"https:\\\/\\\/batijournal.com\\\/index.php\\\/que-fait-lassociation-des-biens-francais-du-patrimoine-mondial\\\/109020\\\/\"},\"author\":{\"name\":\"St\u00e9phane Miget\",\"@id\":\"https:\\\/\\\/batijournal.com\\\/#\\\/schema\\\/person\\\/1dc96ec6957aa1ccb25ebe78bb19f100\"},\"headline\":\"Que fait l\u2019association des biens fran\u00e7ais du patrimoine mondial ?\",\"datePublished\":\"2023-06-14T20:39:54+00:00\",\"mainEntityOfPage\":{\"@id\":\"https:\\\/\\\/batijournal.com\\\/index.php\\\/que-fait-lassociation-des-biens-francais-du-patrimoine-mondial\\\/109020\\\/\"},\"wordCount\":347,\"image\":{\"@id\":\"https:\\\/\\\/batijournal.com\\\/index.php\\\/que-fait-lassociation-des-biens-francais-du-patrimoine-mondial\\\/109020\\\/#primaryimage\"},\"thumbnailUrl\":\"https:\\\/\\\/batijournal.com\\\/wp-content\\\/uploads\\\/2023\\\/06\\\/association-des-biens-francais-du-patrimoine-mondial.png\",\"keywords\":[\"patrimoine mondial de lunesco\"],\"articleSection\":[\"Actualit\u00e9s\",\"Divers\",\"zz_Actualit\u00e9s - Atrium\",\"zz_Atrium Patrimoine\"],\"inLanguage\":\"fr-FR\"},{\"@type\":\"WebPage\",\"@id\":\"https:\\\/\\\/batijournal.com\\\/index.php\\\/que-fait-lassociation-des-biens-francais-du-patrimoine-mondial\\\/109020\\\/\",\"url\":\"https:\\\/\\\/batijournal.com\\\/index.php\\\/que-fait-lassociation-des-biens-francais-du-patrimoine-mondial\\\/109020\\\/\",\"name\":\"Que fait l\u2019association des biens fran\u00e7ais du patrimoine mondial ?\",\"isPartOf\":{\"@id\":\"https:\\\/\\\/batijournal.com\\\/#website\"},\"primaryImageOfPage\":{\"@id\":\"https:\\\/\\\/batijournal.com\\\/index.php\\\/que-fait-lassociation-des-biens-francais-du-patrimoine-mondial\\\/109020\\\/#primaryimage\"},\"image\":{\"@id\":\"https:\\\/\\\/batijournal.com\\\/index.php\\\/que-fait-lassociation-des-biens-francais-du-patrimoine-mondial\\\/109020\\\/#primaryimage\"},\"thumbnailUrl\":\"https:\\\/\\\/batijournal.com\\\/wp-content\\\/uploads\\\/2023\\\/06\\\/association-des-biens-francais-du-patrimoine-mondial.png\",\"datePublished\":\"2023-06-14T20:39:54+00:00\",\"author\":{\"@id\":\"https:\\\/\\\/batijournal.com\\\/#\\\/schema\\\/person\\\/1dc96ec6957aa1ccb25ebe78bb19f100\"},\"breadcrumb\":{\"@id\":\"https:\\\/\\\/batijournal.com\\\/index.php\\\/que-fait-lassociation-des-biens-francais-du-patrimoine-mondial\\\/109020\\\/#breadcrumb\"},\"inLanguage\":\"fr-FR\",\"potentialAction\":[{\"@type\":\"ReadAction\",\"target\":[\"https:\\\/\\\/batijournal.com\\\/index.php\\\/que-fait-lassociation-des-biens-francais-du-patrimoine-mondial\\\/109020\\\/\"]}]},{\"@type\":\"ImageObject\",\"inLanguage\":\"fr-FR\",\"@id\":\"https:\\\/\\\/batijournal.com\\\/index.php\\\/que-fait-lassociation-des-biens-francais-du-patrimoine-mondial\\\/109020\\\/#primaryimage\",\"url\":\"https:\\\/\\\/batijournal.com\\\/wp-content\\\/uploads\\\/2023\\\/06\\\/association-des-biens-francais-du-patrimoine-mondial.png\",\"contentUrl\":\"https:\\\/\\\/batijournal.com\\\/wp-content\\\/uploads\\\/2023\\\/06\\\/association-des-biens-francais-du-patrimoine-mondial.png\",\"width\":1035,\"height\":758},{\"@type\":\"BreadcrumbList\",\"@id\":\"https:\\\/\\\/batijournal.com\\\/index.php\\\/que-fait-lassociation-des-biens-francais-du-patrimoine-mondial\\\/109020\\\/#breadcrumb\",\"itemListElement\":[{\"@type\":\"ListItem\",\"position\":1,\"name\":\"Accueil\",\"item\":\"https:\\\/\\\/batijournal.com\\\/\"},{\"@type\":\"ListItem\",\"position\":2,\"name\":\"Actualit\u00e9s\",\"item\":\"https:\\\/\\\/batijournal.com\\\/index.php\\\/category\\\/actualites\\\/\"},{\"@type\":\"ListItem\",\"position\":3,\"name\":\"Que fait l\u2019association des biens fran\u00e7ais du patrimoine mondial ?\"}]},{\"@type\":\"WebSite\",\"@id\":\"https:\\\/\\\/batijournal.com\\\/#website\",\"url\":\"https:\\\/\\\/batijournal.com\\\/\",\"name\":\"Batijournal\",\"description\":\"L&#039;actualit\u00e9 du b\u00e2timent\",\"potentialAction\":[{\"@type\":\"SearchAction\",\"target\":{\"@type\":\"EntryPoint\",\"urlTemplate\":\"https:\\\/\\\/batijournal.com\\\/?s={search_term_string}\"},\"query-input\":{\"@type\":\"PropertyValueSpecification\",\"valueRequired\":true,\"valueName\":\"search_term_string\"}}],\"inLanguage\":\"fr-FR\"},{\"@type\":\"Person\",\"@id\":\"https:\\\/\\\/batijournal.com\\\/#\\\/schema\\\/person\\\/1dc96ec6957aa1ccb25ebe78bb19f100\",\"name\":\"St\u00e9phane Miget\",\"image\":{\"@type\":\"ImageObject\",\"inLanguage\":\"fr-FR\",\"@id\":\"https:\\\/\\\/secure.gravatar.com\\\/avatar\\\/89915563d925342126b8ef0281b93d9d7fc337043e8df017f780908eb9644451?s=96&d=mm&r=g\",\"url\":\"https:\\\/\\\/secure.gravatar.com\\\/avatar\\\/89915563d925342126b8ef0281b93d9d7fc337043e8df017f780908eb9644451?s=96&d=mm&r=g\",\"contentUrl\":\"https:\\\/\\\/secure.gravatar.com\\\/avatar\\\/89915563d925342126b8ef0281b93d9d7fc337043e8df017f780908eb9644451?s=96&d=mm&r=g\",\"caption\":\"St\u00e9phane Miget\"},\"url\":\"https:\\\/\\\/batijournal.com\\\/index.php\\\/author\\\/stephane\\\/\"}]}<\/script>\n<!-- \/ Yoast SEO plugin. -->","yoast_head_json":{"title":"Que fait l\u2019association des biens fran\u00e7ais du patrimoine mondial ?","robots":{"index":"index","follow":"follow","max-snippet":"max-snippet:-1","max-image-preview":"max-image-preview:large","max-video-preview":"max-video-preview:-1"},"canonical":"https:\/\/batijournal.com\/index.php\/que-fait-lassociation-des-biens-francais-du-patrimoine-mondial\/109020\/","og_locale":"fr_FR","og_type":"article","og_title":"Que fait l\u2019association des biens fran\u00e7ais du patrimoine mondial ?","og_description":"Depuis 2007, l\u2019association des biens fran\u00e7ais du patrimoine mondial r\u00e9unit les gestionnaires de sites inscrits soucieux d\u2019am\u00e9liorer la qualit\u00e9 de la protection et de la valorisation de leurs biens, de prendre part aux r\u00e9flexions relatives aux politiques publiques conduites en France et de coop\u00e9rer avec tous les sites culturels et naturels de la communaut\u00e9 internationale [&hellip;]","og_url":"https:\/\/batijournal.com\/index.php\/que-fait-lassociation-des-biens-francais-du-patrimoine-mondial\/109020\/","og_site_name":"Batijournal","article_published_time":"2023-06-14T20:39:54+00:00","og_image":[{"width":1035,"height":758,"url":"https:\/\/batijournal.com\/wp-content\/uploads\/2023\/06\/association-des-biens-francais-du-patrimoine-mondial.png","type":"image\/png"}],"author":"St\u00e9phane Miget","twitter_card":"summary_large_image","twitter_creator":"@bati_journal","twitter_site":"@bati_journal","twitter_misc":{"\u00c9crit par":"St\u00e9phane Miget","Dur\u00e9e de lecture estim\u00e9e":"2 minutes"},"schema":{"@context":"https:\/\/schema.org","@graph":[{"@type":"Article","@id":"https:\/\/batijournal.com\/index.php\/que-fait-lassociation-des-biens-francais-du-patrimoine-mondial\/109020\/#article","isPartOf":{"@id":"https:\/\/batijournal.com\/index.php\/que-fait-lassociation-des-biens-francais-du-patrimoine-mondial\/109020\/"},"author":{"name":"St\u00e9phane Miget","@id":"https:\/\/batijournal.com\/#\/schema\/person\/1dc96ec6957aa1ccb25ebe78bb19f100"},"headline":"Que fait l\u2019association des biens fran\u00e7ais du patrimoine mondial ?","datePublished":"2023-06-14T20:39:54+00:00","mainEntityOfPage":{"@id":"https:\/\/batijournal.com\/index.php\/que-fait-lassociation-des-biens-francais-du-patrimoine-mondial\/109020\/"},"wordCount":347,"image":{"@id":"https:\/\/batijournal.com\/index.php\/que-fait-lassociation-des-biens-francais-du-patrimoine-mondial\/109020\/#primaryimage"},"thumbnailUrl":"https:\/\/batijournal.com\/wp-content\/uploads\/2023\/06\/association-des-biens-francais-du-patrimoine-mondial.png","keywords":["patrimoine mondial de lunesco"],"articleSection":["Actualit\u00e9s","Divers","zz_Actualit\u00e9s - Atrium","zz_Atrium Patrimoine"],"inLanguage":"fr-FR"},{"@type":"WebPage","@id":"https:\/\/batijournal.com\/index.php\/que-fait-lassociation-des-biens-francais-du-patrimoine-mondial\/109020\/","url":"https:\/\/batijournal.com\/index.php\/que-fait-lassociation-des-biens-francais-du-patrimoine-mondial\/109020\/","name":"Que fait l\u2019association des biens fran\u00e7ais du patrimoine mondial ?","isPartOf":{"@id":"https:\/\/batijournal.com\/#website"},"primaryImageOfPage":{"@id":"https:\/\/batijournal.com\/index.php\/que-fait-lassociation-des-biens-francais-du-patrimoine-mondial\/109020\/#primaryimage"},"image":{"@id":"https:\/\/batijournal.com\/index.php\/que-fait-lassociation-des-biens-francais-du-patrimoine-mondial\/109020\/#primaryimage"},"thumbnailUrl":"https:\/\/batijournal.com\/wp-content\/uploads\/2023\/06\/association-des-biens-francais-du-patrimoine-mondial.png","datePublished":"2023-06-14T20:39:54+00:00","author":{"@id":"https:\/\/batijournal.com\/#\/schema\/person\/1dc96ec6957aa1ccb25ebe78bb19f100"},"breadcrumb":{"@id":"https:\/\/batijournal.com\/index.php\/que-fait-lassociation-des-biens-francais-du-patrimoine-mondial\/109020\/#breadcrumb"},"inLanguage":"fr-FR","potentialAction":[{"@type":"ReadAction","target":["https:\/\/batijournal.com\/index.php\/que-fait-lassociation-des-biens-francais-du-patrimoine-mondial\/109020\/"]}]},{"@type":"ImageObject","inLanguage":"fr-FR","@id":"https:\/\/batijournal.com\/index.php\/que-fait-lassociation-des-biens-francais-du-patrimoine-mondial\/109020\/#primaryimage","url":"https:\/\/batijournal.com\/wp-content\/uploads\/2023\/06\/association-des-biens-francais-du-patrimoine-mondial.png","contentUrl":"https:\/\/batijournal.com\/wp-content\/uploads\/2023\/06\/association-des-biens-francais-du-patrimoine-mondial.png","width":1035,"height":758},{"@type":"BreadcrumbList","@id":"https:\/\/batijournal.com\/index.php\/que-fait-lassociation-des-biens-francais-du-patrimoine-mondial\/109020\/#breadcrumb","itemListElement":[{"@type":"ListItem","position":1,"name":"Accueil","item":"https:\/\/batijournal.com\/"},{"@type":"ListItem","position":2,"name":"Actualit\u00e9s","item":"https:\/\/batijournal.com\/index.php\/category\/actualites\/"},{"@type":"ListItem","position":3,"name":"Que fait l\u2019association des biens fran\u00e7ais du patrimoine mondial ?"}]},{"@type":"WebSite","@id":"https:\/\/batijournal.com\/#website","url":"https:\/\/batijournal.com\/","name":"Batijournal","description":"L&#039;actualit\u00e9 du b\u00e2timent","potentialAction":[{"@type":"SearchAction","target":{"@type":"EntryPoint","urlTemplate":"https:\/\/batijournal.com\/?s={search_term_string}"},"query-input":{"@type":"PropertyValueSpecification","valueRequired":true,"valueName":"search_term_string"}}],"inLanguage":"fr-FR"},{"@type":"Person","@id":"https:\/\/batijournal.com\/#\/schema\/person\/1dc96ec6957aa1ccb25ebe78bb19f100","name":"St\u00e9phane Miget","image":{"@type":"ImageObject","inLanguage":"fr-FR","@id":"https:\/\/secure.gravatar.com\/avatar\/89915563d925342126b8ef0281b93d9d7fc337043e8df017f780908eb9644451?s=96&d=mm&r=g","url":"https:\/\/secure.gravatar.com\/avatar\/89915563d925342126b8ef0281b93d9d7fc337043e8df017f780908eb9644451?s=96&d=mm&r=g","contentUrl":"https:\/\/secure.gravatar.com\/avatar\/89915563d925342126b8ef0281b93d9d7fc337043e8df017f780908eb9644451?s=96&d=mm&r=g","caption":"St\u00e9phane Miget"},"url":"https:\/\/batijournal.com\/index.php\/author\/stephane\/"}]}},"_links":{"self":[{"href":"https:\/\/batijournal.com\/index.php\/wp-json\/wp\/v2\/posts\/109020","targetHints":{"allow":["GET"]}}],"collection":[{"href":"https:\/\/batijournal.com\/index.php\/wp-json\/wp\/v2\/posts"}],"about":[{"href":"https:\/\/batijournal.com\/index.php\/wp-json\/wp\/v2\/types\/post"}],"author":[{"embeddable":true,"href":"https:\/\/batijournal.com\/index.php\/wp-json\/wp\/v2\/users\/17"}],"replies":[{"embeddable":true,"href":"https:\/\/batijournal.com\/index.php\/wp-json\/wp\/v2\/comments?post=109020"}],"version-history":[{"count":0,"href":"https:\/\/batijournal.com\/index.php\/wp-json\/wp\/v2\/posts\/109020\/revisions"}],"wp:featuredmedia":[{"embeddable":true,"href":"https:\/\/batijournal.com\/index.php\/wp-json\/wp\/v2\/media\/109021"}],"wp:attachment":[{"href":"https:\/\/batijournal.com\/index.php\/wp-json\/wp\/v2\/media?parent=109020"}],"wp:term":[{"taxonomy":"category","embeddable":true,"href":"https:\/\/batijournal.com\/index.php\/wp-json\/wp\/v2\/categories?post=109020"},{"taxonomy":"post_tag","embeddable":true,"href":"https:\/\/batijournal.com\/index.php\/wp-json\/wp\/v2\/tags?post=109020"}],"curies":[{"name":"wp","href":"https:\/\/api.w.org\/{rel}","templated":true}]}}