{"id":109022,"date":"2023-06-14T22:48:16","date_gmt":"2023-06-14T20:48:16","guid":{"rendered":"https:\/\/batijournal.com\/?p=109022"},"modified":"2023-06-14T22:48:16","modified_gmt":"2023-06-14T20:48:16","slug":"labbaye-disparue-de-tours","status":"publish","type":"post","link":"https:\/\/batijournal.com\/index.php\/labbaye-disparue-de-tours\/109022\/","title":{"rendered":"L\u2019abbaye disparue de Tours"},"content":{"rendered":"<p>Une \u00e9quipe de l\u2019Inrap et du Service arch\u00e9ologique d\u00e9partemental d\u2019Indre-et-Loire (Sadil) fouille actuellement, sur prescription de l\u2019\u00c9tat (Drac Centre -Val de Loire) les anciennes casernes Beaumont \u00e0 Tours. Les arch\u00e9ologues y mettent au jour l\u2019abbaye de Beaumont-l\u00e8s-Tours, la plus importante et durable communaut\u00e9 religieuse de Touraine. Physiquement effac\u00e9e \u00e0 la fin du XVIIIe si\u00e8cle, l\u2019histoire de l\u2019abbaye de Beaumont ne se lisait plus que dans les archives. Une premi\u00e8re occupation humaine y est \u00e9voqu\u00e9e en 845, puis, en 966, d\u2019un lieu-dit \u00ab Belmons \u00bb. Ce toponyme fait r\u00e9f\u00e9rence \u00e0 la situation insubmersible de ce petit promontoire qui a favoris\u00e9 l\u2019implantation d\u2019un village aux portes de la ville m\u00e9di\u00e9vale. Les vestiges mis au jour par les arch\u00e9ologues dessinent parfaitement, dans sa totalit\u00e9, le plan de l\u2019\u00e9glise abbatiale, sa nef aux deux transepts \u00e0 absidiole et le ch\u0153ur dont la fouille met en \u00e9vidence deux \u00e9tats distincts de constructions. Au sud de la nef, se dressait un clo\u00eetre bord\u00e9 d\u2019une galerie. Un vaste cellier, agr\u00e9ment\u00e9 de soupiraux, disposait d\u2019un acc\u00e8s desservant quatre caves, dont l\u2019une est pourvue d\u2019un puits et une autre d\u2019un escalier permettant de rejoindre le rez-de- chauss\u00e9e et les cuisines de l\u2019abbaye. L\u2019aile sud du clo\u00eetre \u00e9tait occup\u00e9e par le r\u00e9fectoire. L\u2019aile orientale a \u00e9galement \u00e9t\u00e9 mise au jour. Enfin, la chapelle Notre-Dame-des-Miracles, sans \u00eatre formellement identifi\u00e9e, semble correspondre \u00e0 un b\u00e2timent disposant d\u2019une abside. Une partie des ma\u00e7onneries mises au jour correspondent au dernier \u00e9tat de l\u2019abbaye, mais d\u2019autres pourraient se rapporter \u00e0 des \u00e9tats anciens. Les arch\u00e9ologues cherchent d\u00e9sormais \u00e0 comprendre l\u2019\u00e9volution de chaque b\u00e2timent et \u00e0 en identifier les fonctions. Plusieurs espaces fun\u00e9raires ont \u00e9galement \u00e9t\u00e9 identifi\u00e9s.<\/p>\n<p>Photo : Vue du site depuis le nord-ouest. \u00a9 Mathilde No\u00ebl, Inrap<\/p>\n<p>&nbsp;<\/p>\n","protected":false},"excerpt":{"rendered":"<p>Une \u00e9quipe de l\u2019Inrap et du Service arch\u00e9ologique d\u00e9partemental d\u2019Indre-et-Loire (Sadil) fouille actuellement, sur prescription de l\u2019\u00c9tat (Drac Centre -Val de Loire) les anciennes casernes Beaumont \u00e0 Tours. Les arch\u00e9ologues y mettent au jour l\u2019abbaye de Beaumont-l\u00e8s-Tours, la plus importante et durable communaut\u00e9 religieuse de Touraine. Physiquement effac\u00e9e \u00e0 la fin du XVIIIe si\u00e8cle, l\u2019histoire [&hellip;]<\/p>\n","protected":false},"author":17,"featured_media":109023,"comment_status":"closed","ping_status":"closed","sticky":false,"template":"","format":"standard","meta":{"_et_pb_use_builder":"","_et_pb_old_content":"","_et_gb_content_width":"","footnotes":""},"categories":[10530,6340,10789,10785],"tags":[12875,6454],"class_list":["post-109022","post","type-post","status-publish","format-standard","has-post-thumbnail","hentry","category-actualites","category-architecture-conception","category-publications-atrium","category-atrium","tag-archeologie","tag-inrap"],"yoast_head":"<!-- This site is optimized with the Yoast SEO plugin v27.4 - https:\/\/yoast.com\/product\/yoast-seo-wordpress\/ -->\n<title>L\u2019abbaye disparue de Tours<\/title>\n<meta name=\"robots\" content=\"index, follow, max-snippet:-1, max-image-preview:large, max-video-preview:-1\" \/>\n<link rel=\"canonical\" href=\"https:\/\/batijournal.com\/index.php\/labbaye-disparue-de-tours\/109022\/\" \/>\n<meta property=\"og:locale\" content=\"fr_FR\" \/>\n<meta property=\"og:type\" content=\"article\" \/>\n<meta property=\"og:title\" content=\"L\u2019abbaye disparue de Tours\" \/>\n<meta property=\"og:description\" content=\"Une \u00e9quipe de l\u2019Inrap et du Service arch\u00e9ologique d\u00e9partemental d\u2019Indre-et-Loire (Sadil) fouille actuellement, sur prescription de l\u2019\u00c9tat (Drac Centre -Val de Loire) les anciennes casernes Beaumont \u00e0 Tours. Les arch\u00e9ologues y mettent au jour l\u2019abbaye de Beaumont-l\u00e8s-Tours, la plus importante et durable communaut\u00e9 religieuse de Touraine. Physiquement effac\u00e9e \u00e0 la fin du XVIIIe si\u00e8cle, l\u2019histoire [&hellip;]\" \/>\n<meta property=\"og:url\" content=\"https:\/\/batijournal.com\/index.php\/labbaye-disparue-de-tours\/109022\/\" \/>\n<meta property=\"og:site_name\" content=\"Batijournal\" \/>\n<meta property=\"article:published_time\" content=\"2023-06-14T20:48:16+00:00\" \/>\n<meta property=\"og:image\" content=\"https:\/\/batijournal.com\/wp-content\/uploads\/2023\/06\/abbaye-beaumont_Tours.jpg\" \/>\n\t<meta property=\"og:image:width\" content=\"1920\" \/>\n\t<meta property=\"og:image:height\" content=\"1280\" \/>\n\t<meta property=\"og:image:type\" content=\"image\/jpeg\" \/>\n<meta name=\"author\" content=\"St\u00e9phane Miget\" \/>\n<meta name=\"twitter:card\" content=\"summary_large_image\" \/>\n<meta name=\"twitter:creator\" content=\"@bati_journal\" \/>\n<meta name=\"twitter:site\" content=\"@bati_journal\" \/>\n<meta name=\"twitter:label1\" content=\"\u00c9crit par\" \/>\n\t<meta name=\"twitter:data1\" content=\"St\u00e9phane Miget\" \/>\n\t<meta name=\"twitter:label2\" content=\"Dur\u00e9e de lecture estim\u00e9e\" \/>\n\t<meta name=\"twitter:data2\" content=\"2 minutes\" \/>\n<script type=\"application\/ld+json\" class=\"yoast-schema-graph\">{\"@context\":\"https:\\\/\\\/schema.org\",\"@graph\":[{\"@type\":\"Article\",\"@id\":\"https:\\\/\\\/batijournal.com\\\/index.php\\\/labbaye-disparue-de-tours\\\/109022\\\/#article\",\"isPartOf\":{\"@id\":\"https:\\\/\\\/batijournal.com\\\/index.php\\\/labbaye-disparue-de-tours\\\/109022\\\/\"},\"author\":{\"name\":\"St\u00e9phane Miget\",\"@id\":\"https:\\\/\\\/batijournal.com\\\/#\\\/schema\\\/person\\\/1dc96ec6957aa1ccb25ebe78bb19f100\"},\"headline\":\"L\u2019abbaye disparue de Tours\",\"datePublished\":\"2023-06-14T20:48:16+00:00\",\"mainEntityOfPage\":{\"@id\":\"https:\\\/\\\/batijournal.com\\\/index.php\\\/labbaye-disparue-de-tours\\\/109022\\\/\"},\"wordCount\":327,\"image\":{\"@id\":\"https:\\\/\\\/batijournal.com\\\/index.php\\\/labbaye-disparue-de-tours\\\/109022\\\/#primaryimage\"},\"thumbnailUrl\":\"https:\\\/\\\/batijournal.com\\\/wp-content\\\/uploads\\\/2023\\\/06\\\/abbaye-beaumont_Tours.jpg\",\"keywords\":[\"arch\u00e9ologie\",\"inrap\"],\"articleSection\":[\"Actualit\u00e9s\",\"Architecture &amp; Conception\",\"zz_Actualit\u00e9s - Atrium\",\"zz_Atrium Patrimoine\"],\"inLanguage\":\"fr-FR\"},{\"@type\":\"WebPage\",\"@id\":\"https:\\\/\\\/batijournal.com\\\/index.php\\\/labbaye-disparue-de-tours\\\/109022\\\/\",\"url\":\"https:\\\/\\\/batijournal.com\\\/index.php\\\/labbaye-disparue-de-tours\\\/109022\\\/\",\"name\":\"L\u2019abbaye disparue de Tours\",\"isPartOf\":{\"@id\":\"https:\\\/\\\/batijournal.com\\\/#website\"},\"primaryImageOfPage\":{\"@id\":\"https:\\\/\\\/batijournal.com\\\/index.php\\\/labbaye-disparue-de-tours\\\/109022\\\/#primaryimage\"},\"image\":{\"@id\":\"https:\\\/\\\/batijournal.com\\\/index.php\\\/labbaye-disparue-de-tours\\\/109022\\\/#primaryimage\"},\"thumbnailUrl\":\"https:\\\/\\\/batijournal.com\\\/wp-content\\\/uploads\\\/2023\\\/06\\\/abbaye-beaumont_Tours.jpg\",\"datePublished\":\"2023-06-14T20:48:16+00:00\",\"author\":{\"@id\":\"https:\\\/\\\/batijournal.com\\\/#\\\/schema\\\/person\\\/1dc96ec6957aa1ccb25ebe78bb19f100\"},\"breadcrumb\":{\"@id\":\"https:\\\/\\\/batijournal.com\\\/index.php\\\/labbaye-disparue-de-tours\\\/109022\\\/#breadcrumb\"},\"inLanguage\":\"fr-FR\",\"potentialAction\":[{\"@type\":\"ReadAction\",\"target\":[\"https:\\\/\\\/batijournal.com\\\/index.php\\\/labbaye-disparue-de-tours\\\/109022\\\/\"]}]},{\"@type\":\"ImageObject\",\"inLanguage\":\"fr-FR\",\"@id\":\"https:\\\/\\\/batijournal.com\\\/index.php\\\/labbaye-disparue-de-tours\\\/109022\\\/#primaryimage\",\"url\":\"https:\\\/\\\/batijournal.com\\\/wp-content\\\/uploads\\\/2023\\\/06\\\/abbaye-beaumont_Tours.jpg\",\"contentUrl\":\"https:\\\/\\\/batijournal.com\\\/wp-content\\\/uploads\\\/2023\\\/06\\\/abbaye-beaumont_Tours.jpg\",\"width\":1920,\"height\":1280},{\"@type\":\"BreadcrumbList\",\"@id\":\"https:\\\/\\\/batijournal.com\\\/index.php\\\/labbaye-disparue-de-tours\\\/109022\\\/#breadcrumb\",\"itemListElement\":[{\"@type\":\"ListItem\",\"position\":1,\"name\":\"Accueil\",\"item\":\"https:\\\/\\\/batijournal.com\\\/\"},{\"@type\":\"ListItem\",\"position\":2,\"name\":\"Actualit\u00e9s\",\"item\":\"https:\\\/\\\/batijournal.com\\\/index.php\\\/category\\\/actualites\\\/\"},{\"@type\":\"ListItem\",\"position\":3,\"name\":\"L\u2019abbaye disparue de Tours\"}]},{\"@type\":\"WebSite\",\"@id\":\"https:\\\/\\\/batijournal.com\\\/#website\",\"url\":\"https:\\\/\\\/batijournal.com\\\/\",\"name\":\"Batijournal\",\"description\":\"L&#039;actualit\u00e9 du b\u00e2timent\",\"potentialAction\":[{\"@type\":\"SearchAction\",\"target\":{\"@type\":\"EntryPoint\",\"urlTemplate\":\"https:\\\/\\\/batijournal.com\\\/?s={search_term_string}\"},\"query-input\":{\"@type\":\"PropertyValueSpecification\",\"valueRequired\":true,\"valueName\":\"search_term_string\"}}],\"inLanguage\":\"fr-FR\"},{\"@type\":\"Person\",\"@id\":\"https:\\\/\\\/batijournal.com\\\/#\\\/schema\\\/person\\\/1dc96ec6957aa1ccb25ebe78bb19f100\",\"name\":\"St\u00e9phane Miget\",\"image\":{\"@type\":\"ImageObject\",\"inLanguage\":\"fr-FR\",\"@id\":\"https:\\\/\\\/secure.gravatar.com\\\/avatar\\\/89915563d925342126b8ef0281b93d9d7fc337043e8df017f780908eb9644451?s=96&d=mm&r=g\",\"url\":\"https:\\\/\\\/secure.gravatar.com\\\/avatar\\\/89915563d925342126b8ef0281b93d9d7fc337043e8df017f780908eb9644451?s=96&d=mm&r=g\",\"contentUrl\":\"https:\\\/\\\/secure.gravatar.com\\\/avatar\\\/89915563d925342126b8ef0281b93d9d7fc337043e8df017f780908eb9644451?s=96&d=mm&r=g\",\"caption\":\"St\u00e9phane Miget\"},\"url\":\"https:\\\/\\\/batijournal.com\\\/index.php\\\/author\\\/stephane\\\/\"}]}<\/script>\n<!-- \/ Yoast SEO plugin. -->","yoast_head_json":{"title":"L\u2019abbaye disparue de Tours","robots":{"index":"index","follow":"follow","max-snippet":"max-snippet:-1","max-image-preview":"max-image-preview:large","max-video-preview":"max-video-preview:-1"},"canonical":"https:\/\/batijournal.com\/index.php\/labbaye-disparue-de-tours\/109022\/","og_locale":"fr_FR","og_type":"article","og_title":"L\u2019abbaye disparue de Tours","og_description":"Une \u00e9quipe de l\u2019Inrap et du Service arch\u00e9ologique d\u00e9partemental d\u2019Indre-et-Loire (Sadil) fouille actuellement, sur prescription de l\u2019\u00c9tat (Drac Centre -Val de Loire) les anciennes casernes Beaumont \u00e0 Tours. Les arch\u00e9ologues y mettent au jour l\u2019abbaye de Beaumont-l\u00e8s-Tours, la plus importante et durable communaut\u00e9 religieuse de Touraine. Physiquement effac\u00e9e \u00e0 la fin du XVIIIe si\u00e8cle, l\u2019histoire [&hellip;]","og_url":"https:\/\/batijournal.com\/index.php\/labbaye-disparue-de-tours\/109022\/","og_site_name":"Batijournal","article_published_time":"2023-06-14T20:48:16+00:00","og_image":[{"width":1920,"height":1280,"url":"https:\/\/batijournal.com\/wp-content\/uploads\/2023\/06\/abbaye-beaumont_Tours.jpg","type":"image\/jpeg"}],"author":"St\u00e9phane Miget","twitter_card":"summary_large_image","twitter_creator":"@bati_journal","twitter_site":"@bati_journal","twitter_misc":{"\u00c9crit par":"St\u00e9phane Miget","Dur\u00e9e de lecture estim\u00e9e":"2 minutes"},"schema":{"@context":"https:\/\/schema.org","@graph":[{"@type":"Article","@id":"https:\/\/batijournal.com\/index.php\/labbaye-disparue-de-tours\/109022\/#article","isPartOf":{"@id":"https:\/\/batijournal.com\/index.php\/labbaye-disparue-de-tours\/109022\/"},"author":{"name":"St\u00e9phane Miget","@id":"https:\/\/batijournal.com\/#\/schema\/person\/1dc96ec6957aa1ccb25ebe78bb19f100"},"headline":"L\u2019abbaye disparue de Tours","datePublished":"2023-06-14T20:48:16+00:00","mainEntityOfPage":{"@id":"https:\/\/batijournal.com\/index.php\/labbaye-disparue-de-tours\/109022\/"},"wordCount":327,"image":{"@id":"https:\/\/batijournal.com\/index.php\/labbaye-disparue-de-tours\/109022\/#primaryimage"},"thumbnailUrl":"https:\/\/batijournal.com\/wp-content\/uploads\/2023\/06\/abbaye-beaumont_Tours.jpg","keywords":["arch\u00e9ologie","inrap"],"articleSection":["Actualit\u00e9s","Architecture &amp; Conception","zz_Actualit\u00e9s - Atrium","zz_Atrium Patrimoine"],"inLanguage":"fr-FR"},{"@type":"WebPage","@id":"https:\/\/batijournal.com\/index.php\/labbaye-disparue-de-tours\/109022\/","url":"https:\/\/batijournal.com\/index.php\/labbaye-disparue-de-tours\/109022\/","name":"L\u2019abbaye disparue de Tours","isPartOf":{"@id":"https:\/\/batijournal.com\/#website"},"primaryImageOfPage":{"@id":"https:\/\/batijournal.com\/index.php\/labbaye-disparue-de-tours\/109022\/#primaryimage"},"image":{"@id":"https:\/\/batijournal.com\/index.php\/labbaye-disparue-de-tours\/109022\/#primaryimage"},"thumbnailUrl":"https:\/\/batijournal.com\/wp-content\/uploads\/2023\/06\/abbaye-beaumont_Tours.jpg","datePublished":"2023-06-14T20:48:16+00:00","author":{"@id":"https:\/\/batijournal.com\/#\/schema\/person\/1dc96ec6957aa1ccb25ebe78bb19f100"},"breadcrumb":{"@id":"https:\/\/batijournal.com\/index.php\/labbaye-disparue-de-tours\/109022\/#breadcrumb"},"inLanguage":"fr-FR","potentialAction":[{"@type":"ReadAction","target":["https:\/\/batijournal.com\/index.php\/labbaye-disparue-de-tours\/109022\/"]}]},{"@type":"ImageObject","inLanguage":"fr-FR","@id":"https:\/\/batijournal.com\/index.php\/labbaye-disparue-de-tours\/109022\/#primaryimage","url":"https:\/\/batijournal.com\/wp-content\/uploads\/2023\/06\/abbaye-beaumont_Tours.jpg","contentUrl":"https:\/\/batijournal.com\/wp-content\/uploads\/2023\/06\/abbaye-beaumont_Tours.jpg","width":1920,"height":1280},{"@type":"BreadcrumbList","@id":"https:\/\/batijournal.com\/index.php\/labbaye-disparue-de-tours\/109022\/#breadcrumb","itemListElement":[{"@type":"ListItem","position":1,"name":"Accueil","item":"https:\/\/batijournal.com\/"},{"@type":"ListItem","position":2,"name":"Actualit\u00e9s","item":"https:\/\/batijournal.com\/index.php\/category\/actualites\/"},{"@type":"ListItem","position":3,"name":"L\u2019abbaye disparue de Tours"}]},{"@type":"WebSite","@id":"https:\/\/batijournal.com\/#website","url":"https:\/\/batijournal.com\/","name":"Batijournal","description":"L&#039;actualit\u00e9 du b\u00e2timent","potentialAction":[{"@type":"SearchAction","target":{"@type":"EntryPoint","urlTemplate":"https:\/\/batijournal.com\/?s={search_term_string}"},"query-input":{"@type":"PropertyValueSpecification","valueRequired":true,"valueName":"search_term_string"}}],"inLanguage":"fr-FR"},{"@type":"Person","@id":"https:\/\/batijournal.com\/#\/schema\/person\/1dc96ec6957aa1ccb25ebe78bb19f100","name":"St\u00e9phane Miget","image":{"@type":"ImageObject","inLanguage":"fr-FR","@id":"https:\/\/secure.gravatar.com\/avatar\/89915563d925342126b8ef0281b93d9d7fc337043e8df017f780908eb9644451?s=96&d=mm&r=g","url":"https:\/\/secure.gravatar.com\/avatar\/89915563d925342126b8ef0281b93d9d7fc337043e8df017f780908eb9644451?s=96&d=mm&r=g","contentUrl":"https:\/\/secure.gravatar.com\/avatar\/89915563d925342126b8ef0281b93d9d7fc337043e8df017f780908eb9644451?s=96&d=mm&r=g","caption":"St\u00e9phane Miget"},"url":"https:\/\/batijournal.com\/index.php\/author\/stephane\/"}]}},"_links":{"self":[{"href":"https:\/\/batijournal.com\/index.php\/wp-json\/wp\/v2\/posts\/109022","targetHints":{"allow":["GET"]}}],"collection":[{"href":"https:\/\/batijournal.com\/index.php\/wp-json\/wp\/v2\/posts"}],"about":[{"href":"https:\/\/batijournal.com\/index.php\/wp-json\/wp\/v2\/types\/post"}],"author":[{"embeddable":true,"href":"https:\/\/batijournal.com\/index.php\/wp-json\/wp\/v2\/users\/17"}],"replies":[{"embeddable":true,"href":"https:\/\/batijournal.com\/index.php\/wp-json\/wp\/v2\/comments?post=109022"}],"version-history":[{"count":0,"href":"https:\/\/batijournal.com\/index.php\/wp-json\/wp\/v2\/posts\/109022\/revisions"}],"wp:featuredmedia":[{"embeddable":true,"href":"https:\/\/batijournal.com\/index.php\/wp-json\/wp\/v2\/media\/109023"}],"wp:attachment":[{"href":"https:\/\/batijournal.com\/index.php\/wp-json\/wp\/v2\/media?parent=109022"}],"wp:term":[{"taxonomy":"category","embeddable":true,"href":"https:\/\/batijournal.com\/index.php\/wp-json\/wp\/v2\/categories?post=109022"},{"taxonomy":"post_tag","embeddable":true,"href":"https:\/\/batijournal.com\/index.php\/wp-json\/wp\/v2\/tags?post=109022"}],"curies":[{"name":"wp","href":"https:\/\/api.w.org\/{rel}","templated":true}]}}