{"id":109036,"date":"2023-06-19T14:47:30","date_gmt":"2023-06-19T12:47:30","guid":{"rendered":"https:\/\/batijournal.com\/?p=109036"},"modified":"2023-06-19T14:47:30","modified_gmt":"2023-06-19T12:47:30","slug":"une-residence-sociale-de-76-logements-realisee-a-partir-de-beton-recycle","status":"publish","type":"post","link":"https:\/\/batijournal.com\/index.php\/une-residence-sociale-de-76-logements-realisee-a-partir-de-beton-recycle\/109036\/","title":{"rendered":"Une r\u00e9sidence sociale de 76 logements r\u00e9alis\u00e9e \u00e0 partir de b\u00e9ton recycl\u00e9"},"content":{"rendered":"<p>\u00c0 Gennevilliers, une nouvelle r\u00e9sidence sociale de 76 logements va \u00eatre r\u00e9alis\u00e9e \u00e0 partir de b\u00e9ton recycl\u00e9. Une \u00ab premi\u00e8re mondiale \u00bb d\u2019apr\u00e8s l\u2019agence d\u2019architecture A26 qui a initi\u00e9 et pilot\u00e9 le projet. S\u2019il s\u2019agit \u00e0 premi\u00e8re vue d\u2019une op\u00e9ration de destruction \u2013 reconstruction classique pour le compte du bailleur social Seqens, il s\u2019av\u00e8re en r\u00e9alit\u00e9 que l\u2019agence A26 a choisi de placer le curseur entre innovation, d\u00e9veloppement durable et circuit court pour concevoir une r\u00e9sidence vitrine en mati\u00e8re de construction bas-carbone. Au total 11 types de d\u00e9chets industriels ont ainsi \u00e9t\u00e9 r\u00e9cup\u00e9r\u00e9s pour le clinker ; l\u2019eau utilis\u00e9e provient des eaux de nettoyages de la centrale \u00e0 b\u00e9ton de Gennevilliers et les gravats et le sable sont issus des d\u00e9chets de d\u00e9molition des anciens b\u00e2timents. Ce projet a vu le jour gr\u00e2ce \u00e0 A26 qui a identifi\u00e9 puis rassembl\u00e9 tous les savoir-faire n\u00e9cessaires \u00e0 la r\u00e9alisation de cette prouesse technique. L&rsquo;agence a collabor\u00e9 avec le Groupe Lafarge pour concevoir ce b\u00e9ton innovant. De plus, Seqens et la ma\u00eetrise d\u2019\u0153uvre se sont associ\u00e9s avec Holcim pour r\u00e9aliser la structure des b\u00e2timents en b\u00e9ton 100% recycl\u00e9 lors du Dossier de Consultation des Entreprises (DCE). Un ATEx sp\u00e9cifique a par ailleurs \u00e9t\u00e9 d\u00e9pos\u00e9 et obtenu aupr\u00e8s du CSTB pour garantir la compatibilit\u00e9 du b\u00e9ton avec les diff\u00e9rentes normes de la construction.<\/p>\n<p>Photo: Agence d&rsquo;architecture A26<\/p>\n","protected":false},"excerpt":{"rendered":"<p>\u00c0 Gennevilliers, une nouvelle r\u00e9sidence sociale de 76 logements va \u00eatre r\u00e9alis\u00e9e \u00e0 partir de b\u00e9ton recycl\u00e9. Une \u00ab premi\u00e8re mondiale \u00bb d\u2019apr\u00e8s l\u2019agence d\u2019architecture A26 qui a initi\u00e9 et pilot\u00e9 le projet. S\u2019il s\u2019agit \u00e0 premi\u00e8re vue d\u2019une op\u00e9ration de destruction \u2013 reconstruction classique pour le compte du bailleur social Seqens, il s\u2019av\u00e8re en [&hellip;]<\/p>\n","protected":false},"author":17,"featured_media":109037,"comment_status":"closed","ping_status":"closed","sticky":false,"template":"","format":"standard","meta":{"_et_pb_use_builder":"","_et_pb_old_content":"","_et_gb_content_width":"","footnotes":""},"categories":[10530,6340,10781,10778],"tags":[13170,11430],"class_list":["post-109036","post","type-post","status-publish","format-standard","has-post-thumbnail","hentry","category-actualites","category-architecture-conception","category-publications-planete","category-planete","tag-beton-recycle","tag-economie-circulaire"],"yoast_head":"<!-- This site is optimized with the Yoast SEO plugin v27.4 - https:\/\/yoast.com\/product\/yoast-seo-wordpress\/ -->\n<title>Une r\u00e9sidence sociale de 76 logements r\u00e9alis\u00e9e \u00e0 partir de b\u00e9ton recycl\u00e9<\/title>\n<meta name=\"robots\" content=\"index, follow, max-snippet:-1, max-image-preview:large, max-video-preview:-1\" \/>\n<link rel=\"canonical\" href=\"https:\/\/batijournal.com\/index.php\/une-residence-sociale-de-76-logements-realisee-a-partir-de-beton-recycle\/109036\/\" \/>\n<meta property=\"og:locale\" content=\"fr_FR\" \/>\n<meta property=\"og:type\" content=\"article\" \/>\n<meta property=\"og:title\" content=\"Une r\u00e9sidence sociale de 76 logements r\u00e9alis\u00e9e \u00e0 partir de b\u00e9ton recycl\u00e9\" \/>\n<meta property=\"og:description\" content=\"\u00c0 Gennevilliers, une nouvelle r\u00e9sidence sociale de 76 logements va \u00eatre r\u00e9alis\u00e9e \u00e0 partir de b\u00e9ton recycl\u00e9. Une \u00ab premi\u00e8re mondiale \u00bb d\u2019apr\u00e8s l\u2019agence d\u2019architecture A26 qui a initi\u00e9 et pilot\u00e9 le projet. S\u2019il s\u2019agit \u00e0 premi\u00e8re vue d\u2019une op\u00e9ration de destruction \u2013 reconstruction classique pour le compte du bailleur social Seqens, il s\u2019av\u00e8re en [&hellip;]\" \/>\n<meta property=\"og:url\" content=\"https:\/\/batijournal.com\/index.php\/une-residence-sociale-de-76-logements-realisee-a-partir-de-beton-recycle\/109036\/\" \/>\n<meta property=\"og:site_name\" content=\"Batijournal\" \/>\n<meta property=\"article:published_time\" content=\"2023-06-19T12:47:30+00:00\" \/>\n<meta property=\"og:image\" content=\"https:\/\/batijournal.com\/wp-content\/uploads\/2023\/06\/Agence-A26-beton-recycle.jpg\" \/>\n\t<meta property=\"og:image:width\" content=\"945\" \/>\n\t<meta property=\"og:image:height\" content=\"675\" \/>\n\t<meta property=\"og:image:type\" content=\"image\/jpeg\" \/>\n<meta name=\"author\" content=\"St\u00e9phane Miget\" \/>\n<meta name=\"twitter:card\" content=\"summary_large_image\" \/>\n<meta name=\"twitter:creator\" content=\"@bati_journal\" \/>\n<meta name=\"twitter:site\" content=\"@bati_journal\" \/>\n<meta name=\"twitter:label1\" content=\"\u00c9crit par\" \/>\n\t<meta name=\"twitter:data1\" content=\"St\u00e9phane Miget\" \/>\n\t<meta name=\"twitter:label2\" content=\"Dur\u00e9e de lecture estim\u00e9e\" \/>\n\t<meta name=\"twitter:data2\" content=\"1 minute\" \/>\n<script type=\"application\/ld+json\" class=\"yoast-schema-graph\">{\"@context\":\"https:\\\/\\\/schema.org\",\"@graph\":[{\"@type\":\"Article\",\"@id\":\"https:\\\/\\\/batijournal.com\\\/index.php\\\/une-residence-sociale-de-76-logements-realisee-a-partir-de-beton-recycle\\\/109036\\\/#article\",\"isPartOf\":{\"@id\":\"https:\\\/\\\/batijournal.com\\\/index.php\\\/une-residence-sociale-de-76-logements-realisee-a-partir-de-beton-recycle\\\/109036\\\/\"},\"author\":{\"name\":\"St\u00e9phane Miget\",\"@id\":\"https:\\\/\\\/batijournal.com\\\/#\\\/schema\\\/person\\\/1dc96ec6957aa1ccb25ebe78bb19f100\"},\"headline\":\"Une r\u00e9sidence sociale de 76 logements r\u00e9alis\u00e9e \u00e0 partir de b\u00e9ton recycl\u00e9\",\"datePublished\":\"2023-06-19T12:47:30+00:00\",\"mainEntityOfPage\":{\"@id\":\"https:\\\/\\\/batijournal.com\\\/index.php\\\/une-residence-sociale-de-76-logements-realisee-a-partir-de-beton-recycle\\\/109036\\\/\"},\"wordCount\":272,\"image\":{\"@id\":\"https:\\\/\\\/batijournal.com\\\/index.php\\\/une-residence-sociale-de-76-logements-realisee-a-partir-de-beton-recycle\\\/109036\\\/#primaryimage\"},\"thumbnailUrl\":\"https:\\\/\\\/batijournal.com\\\/wp-content\\\/uploads\\\/2023\\\/06\\\/Agence-A26-beton-recycle.jpg\",\"keywords\":[\"b\u00e9ton recycl\u00e9\",\"\u00e9conomie circulaire\"],\"articleSection\":[\"Actualit\u00e9s\",\"Architecture &amp; Conception\",\"zz_Actualit\u00e9s - Plan\u00e8te\",\"zz_Plan\u00e8te B\u00e2timent\"],\"inLanguage\":\"fr-FR\"},{\"@type\":\"WebPage\",\"@id\":\"https:\\\/\\\/batijournal.com\\\/index.php\\\/une-residence-sociale-de-76-logements-realisee-a-partir-de-beton-recycle\\\/109036\\\/\",\"url\":\"https:\\\/\\\/batijournal.com\\\/index.php\\\/une-residence-sociale-de-76-logements-realisee-a-partir-de-beton-recycle\\\/109036\\\/\",\"name\":\"Une r\u00e9sidence sociale de 76 logements r\u00e9alis\u00e9e \u00e0 partir de b\u00e9ton recycl\u00e9\",\"isPartOf\":{\"@id\":\"https:\\\/\\\/batijournal.com\\\/#website\"},\"primaryImageOfPage\":{\"@id\":\"https:\\\/\\\/batijournal.com\\\/index.php\\\/une-residence-sociale-de-76-logements-realisee-a-partir-de-beton-recycle\\\/109036\\\/#primaryimage\"},\"image\":{\"@id\":\"https:\\\/\\\/batijournal.com\\\/index.php\\\/une-residence-sociale-de-76-logements-realisee-a-partir-de-beton-recycle\\\/109036\\\/#primaryimage\"},\"thumbnailUrl\":\"https:\\\/\\\/batijournal.com\\\/wp-content\\\/uploads\\\/2023\\\/06\\\/Agence-A26-beton-recycle.jpg\",\"datePublished\":\"2023-06-19T12:47:30+00:00\",\"author\":{\"@id\":\"https:\\\/\\\/batijournal.com\\\/#\\\/schema\\\/person\\\/1dc96ec6957aa1ccb25ebe78bb19f100\"},\"breadcrumb\":{\"@id\":\"https:\\\/\\\/batijournal.com\\\/index.php\\\/une-residence-sociale-de-76-logements-realisee-a-partir-de-beton-recycle\\\/109036\\\/#breadcrumb\"},\"inLanguage\":\"fr-FR\",\"potentialAction\":[{\"@type\":\"ReadAction\",\"target\":[\"https:\\\/\\\/batijournal.com\\\/index.php\\\/une-residence-sociale-de-76-logements-realisee-a-partir-de-beton-recycle\\\/109036\\\/\"]}]},{\"@type\":\"ImageObject\",\"inLanguage\":\"fr-FR\",\"@id\":\"https:\\\/\\\/batijournal.com\\\/index.php\\\/une-residence-sociale-de-76-logements-realisee-a-partir-de-beton-recycle\\\/109036\\\/#primaryimage\",\"url\":\"https:\\\/\\\/batijournal.com\\\/wp-content\\\/uploads\\\/2023\\\/06\\\/Agence-A26-beton-recycle.jpg\",\"contentUrl\":\"https:\\\/\\\/batijournal.com\\\/wp-content\\\/uploads\\\/2023\\\/06\\\/Agence-A26-beton-recycle.jpg\",\"width\":945,\"height\":675},{\"@type\":\"BreadcrumbList\",\"@id\":\"https:\\\/\\\/batijournal.com\\\/index.php\\\/une-residence-sociale-de-76-logements-realisee-a-partir-de-beton-recycle\\\/109036\\\/#breadcrumb\",\"itemListElement\":[{\"@type\":\"ListItem\",\"position\":1,\"name\":\"Accueil\",\"item\":\"https:\\\/\\\/batijournal.com\\\/\"},{\"@type\":\"ListItem\",\"position\":2,\"name\":\"Actualit\u00e9s\",\"item\":\"https:\\\/\\\/batijournal.com\\\/index.php\\\/category\\\/actualites\\\/\"},{\"@type\":\"ListItem\",\"position\":3,\"name\":\"Une r\u00e9sidence sociale de 76 logements r\u00e9alis\u00e9e \u00e0 partir de b\u00e9ton recycl\u00e9\"}]},{\"@type\":\"WebSite\",\"@id\":\"https:\\\/\\\/batijournal.com\\\/#website\",\"url\":\"https:\\\/\\\/batijournal.com\\\/\",\"name\":\"Batijournal\",\"description\":\"L&#039;actualit\u00e9 du b\u00e2timent\",\"potentialAction\":[{\"@type\":\"SearchAction\",\"target\":{\"@type\":\"EntryPoint\",\"urlTemplate\":\"https:\\\/\\\/batijournal.com\\\/?s={search_term_string}\"},\"query-input\":{\"@type\":\"PropertyValueSpecification\",\"valueRequired\":true,\"valueName\":\"search_term_string\"}}],\"inLanguage\":\"fr-FR\"},{\"@type\":\"Person\",\"@id\":\"https:\\\/\\\/batijournal.com\\\/#\\\/schema\\\/person\\\/1dc96ec6957aa1ccb25ebe78bb19f100\",\"name\":\"St\u00e9phane Miget\",\"image\":{\"@type\":\"ImageObject\",\"inLanguage\":\"fr-FR\",\"@id\":\"https:\\\/\\\/secure.gravatar.com\\\/avatar\\\/89915563d925342126b8ef0281b93d9d7fc337043e8df017f780908eb9644451?s=96&d=mm&r=g\",\"url\":\"https:\\\/\\\/secure.gravatar.com\\\/avatar\\\/89915563d925342126b8ef0281b93d9d7fc337043e8df017f780908eb9644451?s=96&d=mm&r=g\",\"contentUrl\":\"https:\\\/\\\/secure.gravatar.com\\\/avatar\\\/89915563d925342126b8ef0281b93d9d7fc337043e8df017f780908eb9644451?s=96&d=mm&r=g\",\"caption\":\"St\u00e9phane Miget\"},\"url\":\"https:\\\/\\\/batijournal.com\\\/index.php\\\/author\\\/stephane\\\/\"}]}<\/script>\n<!-- \/ Yoast SEO plugin. -->","yoast_head_json":{"title":"Une r\u00e9sidence sociale de 76 logements r\u00e9alis\u00e9e \u00e0 partir de b\u00e9ton recycl\u00e9","robots":{"index":"index","follow":"follow","max-snippet":"max-snippet:-1","max-image-preview":"max-image-preview:large","max-video-preview":"max-video-preview:-1"},"canonical":"https:\/\/batijournal.com\/index.php\/une-residence-sociale-de-76-logements-realisee-a-partir-de-beton-recycle\/109036\/","og_locale":"fr_FR","og_type":"article","og_title":"Une r\u00e9sidence sociale de 76 logements r\u00e9alis\u00e9e \u00e0 partir de b\u00e9ton recycl\u00e9","og_description":"\u00c0 Gennevilliers, une nouvelle r\u00e9sidence sociale de 76 logements va \u00eatre r\u00e9alis\u00e9e \u00e0 partir de b\u00e9ton recycl\u00e9. Une \u00ab premi\u00e8re mondiale \u00bb d\u2019apr\u00e8s l\u2019agence d\u2019architecture A26 qui a initi\u00e9 et pilot\u00e9 le projet. S\u2019il s\u2019agit \u00e0 premi\u00e8re vue d\u2019une op\u00e9ration de destruction \u2013 reconstruction classique pour le compte du bailleur social Seqens, il s\u2019av\u00e8re en [&hellip;]","og_url":"https:\/\/batijournal.com\/index.php\/une-residence-sociale-de-76-logements-realisee-a-partir-de-beton-recycle\/109036\/","og_site_name":"Batijournal","article_published_time":"2023-06-19T12:47:30+00:00","og_image":[{"width":945,"height":675,"url":"https:\/\/batijournal.com\/wp-content\/uploads\/2023\/06\/Agence-A26-beton-recycle.jpg","type":"image\/jpeg"}],"author":"St\u00e9phane Miget","twitter_card":"summary_large_image","twitter_creator":"@bati_journal","twitter_site":"@bati_journal","twitter_misc":{"\u00c9crit par":"St\u00e9phane Miget","Dur\u00e9e de lecture estim\u00e9e":"1 minute"},"schema":{"@context":"https:\/\/schema.org","@graph":[{"@type":"Article","@id":"https:\/\/batijournal.com\/index.php\/une-residence-sociale-de-76-logements-realisee-a-partir-de-beton-recycle\/109036\/#article","isPartOf":{"@id":"https:\/\/batijournal.com\/index.php\/une-residence-sociale-de-76-logements-realisee-a-partir-de-beton-recycle\/109036\/"},"author":{"name":"St\u00e9phane Miget","@id":"https:\/\/batijournal.com\/#\/schema\/person\/1dc96ec6957aa1ccb25ebe78bb19f100"},"headline":"Une r\u00e9sidence sociale de 76 logements r\u00e9alis\u00e9e \u00e0 partir de b\u00e9ton recycl\u00e9","datePublished":"2023-06-19T12:47:30+00:00","mainEntityOfPage":{"@id":"https:\/\/batijournal.com\/index.php\/une-residence-sociale-de-76-logements-realisee-a-partir-de-beton-recycle\/109036\/"},"wordCount":272,"image":{"@id":"https:\/\/batijournal.com\/index.php\/une-residence-sociale-de-76-logements-realisee-a-partir-de-beton-recycle\/109036\/#primaryimage"},"thumbnailUrl":"https:\/\/batijournal.com\/wp-content\/uploads\/2023\/06\/Agence-A26-beton-recycle.jpg","keywords":["b\u00e9ton recycl\u00e9","\u00e9conomie circulaire"],"articleSection":["Actualit\u00e9s","Architecture &amp; Conception","zz_Actualit\u00e9s - Plan\u00e8te","zz_Plan\u00e8te B\u00e2timent"],"inLanguage":"fr-FR"},{"@type":"WebPage","@id":"https:\/\/batijournal.com\/index.php\/une-residence-sociale-de-76-logements-realisee-a-partir-de-beton-recycle\/109036\/","url":"https:\/\/batijournal.com\/index.php\/une-residence-sociale-de-76-logements-realisee-a-partir-de-beton-recycle\/109036\/","name":"Une r\u00e9sidence sociale de 76 logements r\u00e9alis\u00e9e \u00e0 partir de b\u00e9ton recycl\u00e9","isPartOf":{"@id":"https:\/\/batijournal.com\/#website"},"primaryImageOfPage":{"@id":"https:\/\/batijournal.com\/index.php\/une-residence-sociale-de-76-logements-realisee-a-partir-de-beton-recycle\/109036\/#primaryimage"},"image":{"@id":"https:\/\/batijournal.com\/index.php\/une-residence-sociale-de-76-logements-realisee-a-partir-de-beton-recycle\/109036\/#primaryimage"},"thumbnailUrl":"https:\/\/batijournal.com\/wp-content\/uploads\/2023\/06\/Agence-A26-beton-recycle.jpg","datePublished":"2023-06-19T12:47:30+00:00","author":{"@id":"https:\/\/batijournal.com\/#\/schema\/person\/1dc96ec6957aa1ccb25ebe78bb19f100"},"breadcrumb":{"@id":"https:\/\/batijournal.com\/index.php\/une-residence-sociale-de-76-logements-realisee-a-partir-de-beton-recycle\/109036\/#breadcrumb"},"inLanguage":"fr-FR","potentialAction":[{"@type":"ReadAction","target":["https:\/\/batijournal.com\/index.php\/une-residence-sociale-de-76-logements-realisee-a-partir-de-beton-recycle\/109036\/"]}]},{"@type":"ImageObject","inLanguage":"fr-FR","@id":"https:\/\/batijournal.com\/index.php\/une-residence-sociale-de-76-logements-realisee-a-partir-de-beton-recycle\/109036\/#primaryimage","url":"https:\/\/batijournal.com\/wp-content\/uploads\/2023\/06\/Agence-A26-beton-recycle.jpg","contentUrl":"https:\/\/batijournal.com\/wp-content\/uploads\/2023\/06\/Agence-A26-beton-recycle.jpg","width":945,"height":675},{"@type":"BreadcrumbList","@id":"https:\/\/batijournal.com\/index.php\/une-residence-sociale-de-76-logements-realisee-a-partir-de-beton-recycle\/109036\/#breadcrumb","itemListElement":[{"@type":"ListItem","position":1,"name":"Accueil","item":"https:\/\/batijournal.com\/"},{"@type":"ListItem","position":2,"name":"Actualit\u00e9s","item":"https:\/\/batijournal.com\/index.php\/category\/actualites\/"},{"@type":"ListItem","position":3,"name":"Une r\u00e9sidence sociale de 76 logements r\u00e9alis\u00e9e \u00e0 partir de b\u00e9ton recycl\u00e9"}]},{"@type":"WebSite","@id":"https:\/\/batijournal.com\/#website","url":"https:\/\/batijournal.com\/","name":"Batijournal","description":"L&#039;actualit\u00e9 du b\u00e2timent","potentialAction":[{"@type":"SearchAction","target":{"@type":"EntryPoint","urlTemplate":"https:\/\/batijournal.com\/?s={search_term_string}"},"query-input":{"@type":"PropertyValueSpecification","valueRequired":true,"valueName":"search_term_string"}}],"inLanguage":"fr-FR"},{"@type":"Person","@id":"https:\/\/batijournal.com\/#\/schema\/person\/1dc96ec6957aa1ccb25ebe78bb19f100","name":"St\u00e9phane Miget","image":{"@type":"ImageObject","inLanguage":"fr-FR","@id":"https:\/\/secure.gravatar.com\/avatar\/89915563d925342126b8ef0281b93d9d7fc337043e8df017f780908eb9644451?s=96&d=mm&r=g","url":"https:\/\/secure.gravatar.com\/avatar\/89915563d925342126b8ef0281b93d9d7fc337043e8df017f780908eb9644451?s=96&d=mm&r=g","contentUrl":"https:\/\/secure.gravatar.com\/avatar\/89915563d925342126b8ef0281b93d9d7fc337043e8df017f780908eb9644451?s=96&d=mm&r=g","caption":"St\u00e9phane Miget"},"url":"https:\/\/batijournal.com\/index.php\/author\/stephane\/"}]}},"_links":{"self":[{"href":"https:\/\/batijournal.com\/index.php\/wp-json\/wp\/v2\/posts\/109036","targetHints":{"allow":["GET"]}}],"collection":[{"href":"https:\/\/batijournal.com\/index.php\/wp-json\/wp\/v2\/posts"}],"about":[{"href":"https:\/\/batijournal.com\/index.php\/wp-json\/wp\/v2\/types\/post"}],"author":[{"embeddable":true,"href":"https:\/\/batijournal.com\/index.php\/wp-json\/wp\/v2\/users\/17"}],"replies":[{"embeddable":true,"href":"https:\/\/batijournal.com\/index.php\/wp-json\/wp\/v2\/comments?post=109036"}],"version-history":[{"count":0,"href":"https:\/\/batijournal.com\/index.php\/wp-json\/wp\/v2\/posts\/109036\/revisions"}],"wp:featuredmedia":[{"embeddable":true,"href":"https:\/\/batijournal.com\/index.php\/wp-json\/wp\/v2\/media\/109037"}],"wp:attachment":[{"href":"https:\/\/batijournal.com\/index.php\/wp-json\/wp\/v2\/media?parent=109036"}],"wp:term":[{"taxonomy":"category","embeddable":true,"href":"https:\/\/batijournal.com\/index.php\/wp-json\/wp\/v2\/categories?post=109036"},{"taxonomy":"post_tag","embeddable":true,"href":"https:\/\/batijournal.com\/index.php\/wp-json\/wp\/v2\/tags?post=109036"}],"curies":[{"name":"wp","href":"https:\/\/api.w.org\/{rel}","templated":true}]}}